{"id":32956,"date":"2025-10-22T19:44:30","date_gmt":"2025-10-22T22:44:30","guid":{"rendered":"https:\/\/tribunademinas.com.br\/colunas\/maistendencias\/?p=32956"},"modified":"2025-10-22T19:44:35","modified_gmt":"2025-10-22T22:44:35","slug":"justica-pressiona-antonia-fontenelle-apos-condenacao-por-injuria","status":"publish","type":"post","link":"https:\/\/tribunademinas.com.br\/colunas\/maistendencias\/justica-pressiona-antonia-fontenelle-apos-condenacao-por-injuria\/","title":{"rendered":"Justi\u00e7a pressiona Ant\u00f4nia Fontenelle ap\u00f3s condena\u00e7\u00e3o por inj\u00faria"},"content":{"rendered":"\n<p>A Justi\u00e7a do Rio de Janeiro determinou que a influenciadora Ant\u00f4nia Fontenelle retorne ao pa\u00eds em at\u00e9 30 dias para cumprir pena de presta\u00e7\u00e3o de servi\u00e7os comunit\u00e1rios. Atualmente residindo nos Estados Unidos, Fontenelle ter\u00e1 que se apresentar para evitar a convers\u00e3o da pena em pris\u00e3o.<\/p>\n\n\n\n<p>Em 2022, Fontenelle foi condenada a 1 ano, 1 m\u00eas e 10 dias de pris\u00e3o por inj\u00faria contra o youtuber Felipe Neto. <\/p>\n\n\n\n<p>A decis\u00e3o judicial considerou que a influenciadora fez acusa\u00e7\u00f5es s\u00e9rias, incluindo a insinua\u00e7\u00e3o de uso de coca\u00edna e a classifica\u00e7\u00e3o do influenciador como \u201csociopata\u201d, al\u00e9m de afirmar que ele \u201cdestruir\u00e1 a vida das pessoas\u201d.<\/p>\n\n\n\n<h2 class=\"wp-block-heading\">Convers\u00e3o da pena e multa<\/h2>\n\n\n\n<p>A pena inicial de pris\u00e3o foi convertida em presta\u00e7\u00e3o de servi\u00e7os \u00e0 comunidade e o pagamento de multa de R$ 20 mil. A defesa de Fontenelle tentou negociar o parcelamento da multa, o cumprimento remoto das restri\u00e7\u00f5es e a suspens\u00e3o da presta\u00e7\u00e3o de servi\u00e7os, mas todos os pedidos foram negados pela Justi\u00e7a.<\/p>\n\n\n\n<p>O juiz Gustavo Gomes Kalil determinou que, caso Ant\u00f4nia n\u00e3o comprove o in\u00edcio do cumprimento dos servi\u00e7os comunit\u00e1rios dentro do prazo de 30 dias, a pena poder\u00e1 ser automaticamente convertida em privativa de liberdade. <\/p>\n\n\n\n<p>Al\u00e9m disso, ordenou o envio de um of\u00edcio \u00e0 Pol\u00edcia Federal para verificar os registros de entrada e sa\u00edda da influenciadora nos \u00faltimos cinco anos.<\/p>\n\n\n\n<h2 class=\"wp-block-heading\">Hist\u00f3rico de derrotas judiciais<\/h2>\n\n\n\n<p>A decis\u00e3o se soma a uma s\u00e9rie de derrotas anteriores de Fontenelle contra Felipe Neto. Em 2021, ela foi condenada por associar Neto e seu irm\u00e3o, Luccas Neto, \u00e0 pedofilia. Em maio de 2022, perdeu o recurso contra a condena\u00e7\u00e3o por difama\u00e7\u00e3o. <\/p>\n\n\n\n<p>Esses epis\u00f3dios refor\u00e7am um hist\u00f3rico de conflitos legais entre a influenciadora e o youtuber.<\/p>\n\n\n\n<h3 class=\"wp-block-heading\">Rea\u00e7\u00e3o da defesa<\/h3>\n\n\n\n<p>At\u00e9 a publica\u00e7\u00e3o da reportagem, a defesa de Ant\u00f4nia Fontenelle n\u00e3o havia se manifestado sobre a decis\u00e3o judicial ou os pr\u00f3ximos passos da influenciadora em rela\u00e7\u00e3o ao cumprimento da pena.<\/p>\n\n\n\n<p>O caso evidencia a atua\u00e7\u00e3o da Justi\u00e7a brasileira na responsabiliza\u00e7\u00e3o de figuras p\u00fablicas por declara\u00e7\u00f5es ofensivas nas redes sociais. A determina\u00e7\u00e3o do retorno e o prazo definido pelo juiz mostram que, mesmo fora do pa\u00eds, o cumprimento da lei \u00e9 rigorosamente exigido.<\/p>\n","protected":false},"excerpt":{"rendered":"<p>A Justi\u00e7a do Rio de Janeiro determinou que a influenciadora Ant\u00f4nia Fontenelle retorne ao pa\u00eds em at\u00e9 30 dias para cumprir pena de presta\u00e7\u00e3o de servi\u00e7os comunit\u00e1rios. Atualmente residindo nos Estados Unidos, Fontenelle ter\u00e1 que se apresentar para evitar a convers\u00e3o da pena em pris\u00e3o. Em 2022, Fontenelle foi condenada a 1 ano, 1 m\u00eas [&hellip;]<\/p>\n","protected":false},"author":5,"featured_media":32957,"comment_status":"closed","ping_status":"closed","sticky":false,"template":"","format":"standard","meta":{"jnews-multi-image_gallery":[],"jnews_single_post":{"format":"standard"},"jnews_primary_category":[],"jnews_social_meta":[],"jnews_override_counter":[],"jnews_post_split":[],"footnotes":""},"categories":[83],"tags":[],"class_list":["post-32956","post","type-post","status-publish","format-standard","has-post-thumbnail","hentry","category-colunas"],"_referencia":"","_links":{"self":[{"href":"https:\/\/tribunademinas.com.br\/colunas\/maistendencias\/wp-json\/wp\/v2\/posts\/32956","targetHints":{"allow":["GET"]}}],"collection":[{"href":"https:\/\/tribunademinas.com.br\/colunas\/maistendencias\/wp-json\/wp\/v2\/posts"}],"about":[{"href":"https:\/\/tribunademinas.com.br\/colunas\/maistendencias\/wp-json\/wp\/v2\/types\/post"}],"author":[{"embeddable":true,"href":"https:\/\/tribunademinas.com.br\/colunas\/maistendencias\/wp-json\/wp\/v2\/users\/5"}],"replies":[{"embeddable":true,"href":"https:\/\/tribunademinas.com.br\/colunas\/maistendencias\/wp-json\/wp\/v2\/comments?post=32956"}],"version-history":[{"count":1,"href":"https:\/\/tribunademinas.com.br\/colunas\/maistendencias\/wp-json\/wp\/v2\/posts\/32956\/revisions"}],"predecessor-version":[{"id":32958,"href":"https:\/\/tribunademinas.com.br\/colunas\/maistendencias\/wp-json\/wp\/v2\/posts\/32956\/revisions\/32958"}],"wp:featuredmedia":[{"embeddable":true,"href":"https:\/\/tribunademinas.com.br\/colunas\/maistendencias\/wp-json\/wp\/v2\/media\/32957"}],"wp:attachment":[{"href":"https:\/\/tribunademinas.com.br\/colunas\/maistendencias\/wp-json\/wp\/v2\/media?parent=32956"}],"wp:term":[{"taxonomy":"category","embeddable":true,"href":"https:\/\/tribunademinas.com.br\/colunas\/maistendencias\/wp-json\/wp\/v2\/categories?post=32956"},{"taxonomy":"post_tag","embeddable":true,"href":"https:\/\/tribunademinas.com.br\/colunas\/maistendencias\/wp-json\/wp\/v2\/tags?post=32956"}],"curies":[{"name":"wp","href":"https:\/\/api.w.org\/{rel}","templated":true}]}}