{"id":29194,"date":"2025-09-09T17:53:48","date_gmt":"2025-09-09T20:53:48","guid":{"rendered":"https:\/\/tribunademinas.com.br\/colunas\/maistendencias\/?p=29194"},"modified":"2025-09-09T17:53:52","modified_gmt":"2025-09-09T20:53:52","slug":"mandato-de-trump-ja-tem-data-para-acabar-nos-estados-unidos","status":"publish","type":"post","link":"https:\/\/tribunademinas.com.br\/colunas\/maistendencias\/mandato-de-trump-ja-tem-data-para-acabar-nos-estados-unidos\/","title":{"rendered":"Mandato de Trump j\u00e1 tem data para acabar nos Estados Unidos"},"content":{"rendered":"\n<p>Donald Trump iniciou seu segundo mandato como presidente dos Estados Unidos em 20 de janeiro de 2025, ap\u00f3s vencer Joe Biden nas elei\u00e7\u00f5es de 2024. Caso cumpra integralmente o per\u00edodo, seu governo terminar\u00e1 em 20 de janeiro de 2029. <\/p>\n\n\n\n<p>Com esta vit\u00f3ria, Trump se tornou o segundo presidente da hist\u00f3ria americana a exercer dois mandatos n\u00e3o consecutivos, um feito anteriormente registrado apenas por Grover Cleveland, no s\u00e9culo XIX.<\/p>\n\n\n\n<h2 class=\"wp-block-heading\">Limite de mandatos segundo a Constitui\u00e7\u00e3o<\/h2>\n\n\n\n<p>A 22\u00aa Emenda da Constitui\u00e7\u00e3o dos EUA, aprovada em 1951, determina que nenhum presidente pode ser eleito para mais de dois mandatos. A medida surgiu como rea\u00e7\u00e3o ao hist\u00f3rico de Franklin D. Roosevelt, eleito quatro vezes, que faleceu durante seu quarto mandato.<\/p>\n\n\n\n<p>Mesmo mandatos n\u00e3o consecutivos contam para o limite. Portanto, Trump estaria legalmente impedido de concorrer novamente em 2028, salvo uma altera\u00e7\u00e3o constitucional improv\u00e1vel.<\/p>\n\n\n\n<h2 class=\"wp-block-heading\">Tentativas de contornar a legisla\u00e7\u00e3o<\/h2>\n\n\n\n<p>Apesar do limite legal, Trump j\u00e1 mencionou publicamente a possibilidade de buscar formas alternativas para permanecer ou retornar ao poder. Em entrevista \u00e0 NBC, afirmou que \u201cn\u00e3o estava brincando\u201d ao falar sobre um poss\u00edvel terceiro mandato e mencionou que \u201cexistem m\u00e9todos para que isso aconte\u00e7a\u201d.<\/p>\n\n\n\n<p>Entre as hip\u00f3teses levantadas por apoiadores, assumir a vice-presid\u00eancia em 2028 seria uma estrat\u00e9gia. Nesse cen\u00e1rio, o presidente eleito renunciaria, e Trump assumiria o cargo por sucess\u00e3o. <\/p>\n\n\n\n<p>Entretanto, especialistas jur\u00eddicos apontam que a 12\u00aa Emenda tamb\u00e9m barra algu\u00e9m ineleg\u00edvel para a presid\u00eancia de ocupar a vice-presid\u00eancia, tornando essa alternativa controversa.<\/p>\n\n\n\n<h2 class=\"wp-block-heading\">Estrat\u00e9gias indiretas e brechas constitucionais<\/h2>\n\n\n\n<p>Alguns analistas citam modelos indiretos, inspirados em exemplos internacionais. Um deles \u00e9 a chamada \u201ctandemocracia\u201d, como ocorreu na R\u00fassia com Vladimir Putin e Dmitry Medvedev, onde um l\u00edder mant\u00e9m influ\u00eancia sobre o governo sem ocupar formalmente o cargo mais alto.<\/p>\n\n\n\n<p>Nos EUA, casos hist\u00f3ricos tamb\u00e9m s\u00e3o lembrados, como o de George Wallace, ex-governador do Alabama, que lan\u00e7ou sua esposa como candidata ap\u00f3s ser impedido de concorrer novamente, mantendo forte influ\u00eancia sobre a administra\u00e7\u00e3o.<\/p>\n\n\n\n<h2 class=\"wp-block-heading\">Propostas formais e resist\u00eancia pol\u00edtica<\/h2>\n\n\n\n<p>Propostas de emenda para permitir um terceiro mandato foram apresentadas no Congresso, como a do republicano Andy Ogles, do Tennessee. A iniciativa permitiria at\u00e9 tr\u00eas mandatos presidenciais, desde que n\u00e3o consecutivos. <\/p>\n\n\n\n<p>Contudo, alterar a Constitui\u00e7\u00e3o exige aprova\u00e7\u00e3o de maioria qualificada no Congresso e ratifica\u00e7\u00e3o em 38 estados, algo altamente improv\u00e1vel no atual cen\u00e1rio pol\u00edtico polarizado.<\/p>\n\n\n\n<p>Mesmo dentro do Partido Republicano, h\u00e1 diverg\u00eancias. Aliados pr\u00f3ximos de Trump, como Steve Bannon, defendem alternativas legais para sua perman\u00eancia, enquanto outros congressistas consideram a ideia fantasiosa e politicamente invi\u00e1vel.<\/p>\n","protected":false},"excerpt":{"rendered":"<p>Donald Trump iniciou seu segundo mandato como presidente dos Estados Unidos em 20 de janeiro de 2025, ap\u00f3s vencer Joe Biden nas elei\u00e7\u00f5es de 2024. Caso cumpra integralmente o per\u00edodo, seu governo terminar\u00e1 em 20 de janeiro de 2029. Com esta vit\u00f3ria, Trump se tornou o segundo presidente da hist\u00f3ria americana a exercer dois mandatos [&hellip;]<\/p>\n","protected":false},"author":5,"featured_media":4655,"comment_status":"closed","ping_status":"closed","sticky":false,"template":"","format":"standard","meta":{"jnews-multi-image_gallery":[],"jnews_single_post":{"format":"standard"},"jnews_primary_category":[],"jnews_social_meta":[],"jnews_override_counter":[],"jnews_post_split":[],"footnotes":""},"categories":[83,84],"tags":[],"class_list":["post-29194","post","type-post","status-publish","format-standard","has-post-thumbnail","hentry","category-colunas","category-mais-tendencias"],"_referencia":"","_links":{"self":[{"href":"https:\/\/tribunademinas.com.br\/colunas\/maistendencias\/wp-json\/wp\/v2\/posts\/29194","targetHints":{"allow":["GET"]}}],"collection":[{"href":"https:\/\/tribunademinas.com.br\/colunas\/maistendencias\/wp-json\/wp\/v2\/posts"}],"about":[{"href":"https:\/\/tribunademinas.com.br\/colunas\/maistendencias\/wp-json\/wp\/v2\/types\/post"}],"author":[{"embeddable":true,"href":"https:\/\/tribunademinas.com.br\/colunas\/maistendencias\/wp-json\/wp\/v2\/users\/5"}],"replies":[{"embeddable":true,"href":"https:\/\/tribunademinas.com.br\/colunas\/maistendencias\/wp-json\/wp\/v2\/comments?post=29194"}],"version-history":[{"count":1,"href":"https:\/\/tribunademinas.com.br\/colunas\/maistendencias\/wp-json\/wp\/v2\/posts\/29194\/revisions"}],"predecessor-version":[{"id":29196,"href":"https:\/\/tribunademinas.com.br\/colunas\/maistendencias\/wp-json\/wp\/v2\/posts\/29194\/revisions\/29196"}],"wp:featuredmedia":[{"embeddable":true,"href":"https:\/\/tribunademinas.com.br\/colunas\/maistendencias\/wp-json\/wp\/v2\/media\/4655"}],"wp:attachment":[{"href":"https:\/\/tribunademinas.com.br\/colunas\/maistendencias\/wp-json\/wp\/v2\/media?parent=29194"}],"wp:term":[{"taxonomy":"category","embeddable":true,"href":"https:\/\/tribunademinas.com.br\/colunas\/maistendencias\/wp-json\/wp\/v2\/categories?post=29194"},{"taxonomy":"post_tag","embeddable":true,"href":"https:\/\/tribunademinas.com.br\/colunas\/maistendencias\/wp-json\/wp\/v2\/tags?post=29194"}],"curies":[{"name":"wp","href":"https:\/\/api.w.org\/{rel}","templated":true}]}}