{"id":29094,"date":"2025-09-09T19:45:00","date_gmt":"2025-09-09T22:45:00","guid":{"rendered":"https:\/\/tribunademinas.com.br\/colunas\/maistendencias\/?p=29094"},"modified":"2025-09-08T20:29:02","modified_gmt":"2025-09-08T23:29:02","slug":"cha-anti-inflamatorio-chega-para-salvar-vidas-e-aliviar-dores","status":"publish","type":"post","link":"https:\/\/tribunademinas.com.br\/colunas\/maistendencias\/cha-anti-inflamatorio-chega-para-salvar-vidas-e-aliviar-dores\/","title":{"rendered":"Ch\u00e1 anti-inflamat\u00f3rio chega para salvar vidas e aliviar dores"},"content":{"rendered":"\n<p>A urtiga, planta conhecida por seu poder nutritivo e medicinal, vem ganhando aten\u00e7\u00e3o pelo seu potencial de reduzir inflama\u00e7\u00f5es e aliviar dores. <\/p>\n\n\n\n<p>Rica em vitaminas A, C, K, do complexo B, e minerais essenciais como ferro, c\u00e1lcio, magn\u00e9sio e pot\u00e1ssio, ela se transforma em um ch\u00e1 capaz de fortalecer o organismo de forma natural.<\/p>\n\n\n\n<h2 class=\"wp-block-heading\">Benef\u00edcios comprovados do ch\u00e1 de urtiga<\/h2>\n\n\n\n<ol class=\"wp-block-list\">\n<li><strong>A\u00e7\u00e3o anti-inflamat\u00f3ria<\/strong>: A urtiga possui compostos bioativos que auxiliam na redu\u00e7\u00e3o de citocinas inflamat\u00f3rias, contribuindo para aliviar dores cr\u00f4nicas, artrite e reumatismo. <\/li>\n\n\n\n<li><strong>Sa\u00fade urin\u00e1ria e desintoxica\u00e7\u00e3o<\/strong>: Gra\u00e7as ao seu efeito diur\u00e9tico, o ch\u00e1 aumenta o fluxo urin\u00e1rio, auxiliando na elimina\u00e7\u00e3o de toxinas. \u201c\u00c9 como uma lavagem natural para o sistema renal e urin\u00e1rio\u201d, explica a nutricionista Paula Alves.<\/li>\n\n\n\n<li><strong>Fortalecimento do organismo<\/strong>: Os nutrientes da urtiga oferecem suporte para ossos, imunidade e energia. O ferro combate o cansa\u00e7o, o c\u00e1lcio e a vitamina K fortalecem os ossos, e a vitamina C, junto aos antioxidantes, refor\u00e7a o sistema imunol\u00f3gico.<\/li>\n\n\n\n<li><strong>Controle de alergias e apoio respirat\u00f3rio<\/strong>: Estudos e relatos tradicionais indicam que o ch\u00e1 pode ajudar a reduzir sintomas de alergias sazonais, como espirros e coriza, al\u00e9m de favorecer o funcionamento das vias respirat\u00f3rias.<\/li>\n\n\n\n<li><strong>Suporte nutricional contra anemia leve<\/strong>: Por ser fonte de ferro, o ch\u00e1 de urtiga pode colaborar em quadros de tend\u00eancia \u00e0 anemia, embora o efeito dependa da dieta global do indiv\u00edduo.<\/li>\n<\/ol>\n\n\n\n<h2 class=\"wp-block-heading\">Como preparar o ch\u00e1 corretamente<\/h2>\n\n\n\n<p>Para garantir todos os benef\u00edcios, a prepara\u00e7\u00e3o deve ser cuidadosa:<\/p>\n\n\n\n<ul class=\"wp-block-list\">\n<li>Use apenas folhas secas da urtiga.<\/li>\n\n\n\n<li>Ferva 250 ml de \u00e1gua, desligue o fogo e adicione uma colher de sopa de folhas secas.<\/li>\n\n\n\n<li>Deixe em infus\u00e3o por 5 a 10 minutos, tampado, preservando os nutrientes.<\/li>\n<\/ul>\n\n\n\n<p>Evite usar folhas frescas, que podem irritar a pele, ou ferv\u00ea-las junto com a \u00e1gua, o que diminui a concentra\u00e7\u00e3o dos compostos ativos.<\/p>\n\n\n\n<h2 class=\"wp-block-heading\">Cuidados <\/h2>\n\n\n\n<p>Apesar de natural, o ch\u00e1 de urtiga exige aten\u00e7\u00e3o:<\/p>\n\n\n\n<ul class=\"wp-block-list\">\n<li>N\u00e3o indicado para pessoas com problemas renais graves sem supervis\u00e3o m\u00e9dica, devido ao efeito diur\u00e9tico.<\/li>\n\n\n\n<li>Gestantes, pessoas com trato gastrointestinal sens\u00edvel e usu\u00e1rios de anticoagulantes devem evitar ou consumir com orienta\u00e7\u00e3o.<\/li>\n\n\n\n<li>Pode afetar medicamentos para hipertens\u00e3o, diabetes e anticoagula\u00e7\u00e3o, alterando press\u00e3o, glicemia ou coagula\u00e7\u00e3o.<\/li>\n<\/ul>\n\n\n\n<p>Seu consumo consciente, aliado a uma dieta equilibrada e acompanhamento profissional quando necess\u00e1rio, transforma esta bebida em um verdadeiro aliado da sa\u00fade integral.<\/p>\n","protected":false},"excerpt":{"rendered":"<p>A urtiga, planta conhecida por seu poder nutritivo e medicinal, vem ganhando aten\u00e7\u00e3o pelo seu potencial de reduzir inflama\u00e7\u00f5es e aliviar dores. Rica em vitaminas A, C, K, do complexo B, e minerais essenciais como ferro, c\u00e1lcio, magn\u00e9sio e pot\u00e1ssio, ela se transforma em um ch\u00e1 capaz de fortalecer o organismo de forma natural. Benef\u00edcios [&hellip;]<\/p>\n","protected":false},"author":5,"featured_media":9259,"comment_status":"closed","ping_status":"closed","sticky":false,"template":"","format":"standard","meta":{"jnews-multi-image_gallery":[],"jnews_single_post":{"format":"standard"},"jnews_primary_category":[],"jnews_social_meta":[],"jnews_override_counter":[],"jnews_post_split":[],"footnotes":""},"categories":[83,84],"tags":[],"class_list":["post-29094","post","type-post","status-publish","format-standard","has-post-thumbnail","hentry","category-colunas","category-mais-tendencias"],"_referencia":"","_links":{"self":[{"href":"https:\/\/tribunademinas.com.br\/colunas\/maistendencias\/wp-json\/wp\/v2\/posts\/29094","targetHints":{"allow":["GET"]}}],"collection":[{"href":"https:\/\/tribunademinas.com.br\/colunas\/maistendencias\/wp-json\/wp\/v2\/posts"}],"about":[{"href":"https:\/\/tribunademinas.com.br\/colunas\/maistendencias\/wp-json\/wp\/v2\/types\/post"}],"author":[{"embeddable":true,"href":"https:\/\/tribunademinas.com.br\/colunas\/maistendencias\/wp-json\/wp\/v2\/users\/5"}],"replies":[{"embeddable":true,"href":"https:\/\/tribunademinas.com.br\/colunas\/maistendencias\/wp-json\/wp\/v2\/comments?post=29094"}],"version-history":[{"count":1,"href":"https:\/\/tribunademinas.com.br\/colunas\/maistendencias\/wp-json\/wp\/v2\/posts\/29094\/revisions"}],"predecessor-version":[{"id":29095,"href":"https:\/\/tribunademinas.com.br\/colunas\/maistendencias\/wp-json\/wp\/v2\/posts\/29094\/revisions\/29095"}],"wp:featuredmedia":[{"embeddable":true,"href":"https:\/\/tribunademinas.com.br\/colunas\/maistendencias\/wp-json\/wp\/v2\/media\/9259"}],"wp:attachment":[{"href":"https:\/\/tribunademinas.com.br\/colunas\/maistendencias\/wp-json\/wp\/v2\/media?parent=29094"}],"wp:term":[{"taxonomy":"category","embeddable":true,"href":"https:\/\/tribunademinas.com.br\/colunas\/maistendencias\/wp-json\/wp\/v2\/categories?post=29094"},{"taxonomy":"post_tag","embeddable":true,"href":"https:\/\/tribunademinas.com.br\/colunas\/maistendencias\/wp-json\/wp\/v2\/tags?post=29094"}],"curies":[{"name":"wp","href":"https:\/\/api.w.org\/{rel}","templated":true}]}}