{"id":27609,"date":"2025-08-20T19:45:00","date_gmt":"2025-08-20T22:45:00","guid":{"rendered":"https:\/\/tribunademinas.com.br\/colunas\/maistendencias\/?p=27609"},"modified":"2025-08-19T20:24:05","modified_gmt":"2025-08-19T23:24:05","slug":"reviravolta-brasileiros-vao-poder-se-aposentar-antes-do-tempo-minimo","status":"publish","type":"post","link":"https:\/\/tribunademinas.com.br\/colunas\/maistendencias\/reviravolta-brasileiros-vao-poder-se-aposentar-antes-do-tempo-minimo\/","title":{"rendered":"Reviravolta: Brasileiros v\u00e3o poder se aposentar antes do tempo m\u00ednimo"},"content":{"rendered":"\n<p>Milh\u00f5es de brasileiros aguardam ansiosamente o momento de finalmente se aposentar e desfrutar de anos de descanso ap\u00f3s d\u00e9cadas de trabalho. <\/p>\n\n\n\n<p>A boa not\u00edcia \u00e9 que, segundo informa\u00e7\u00f5es recentes, existe uma possibilidade de aposentadoria antecipada para aqueles que se enquadram em regras espec\u00edficas do INSS, mesmo ap\u00f3s a Reforma da Previd\u00eancia de 2019.<\/p>\n\n\n\n<p>A aposentadoria antecipada \u00e9 um benef\u00edcio previdenci\u00e1rio que permite ao trabalhador se aposentar antes de atingir a idade m\u00ednima estabelecida pelo INSS. Trata-se de uma alternativa para quem deseja encerrar suas atividades sem precisar aguardar os crit\u00e9rios completos de idade ou tempo de contribui\u00e7\u00e3o.<\/p>\n\n\n\n<h2 class=\"wp-block-heading\">Quem pode se beneficiar?<\/h2>\n\n\n\n<p>Segundo o portal VLV Advogados, apenas segurados que j\u00e1 contribu\u00edam ao INSS antes da Reforma da Previd\u00eancia (EC 103\/2019) podem usufruir desse direito. <\/p>\n\n\n\n<p>O benef\u00edcio \u00e9 acess\u00edvel por meio de regras de transi\u00e7\u00e3o, que s\u00e3o alternativas criadas para proteger aqueles que estavam pr\u00f3ximos de se aposentar quando as novas normas foram implementadas.<\/p>\n\n\n\n<h2 class=\"wp-block-heading\">Regras de transi\u00e7\u00e3o mais comuns<\/h2>\n\n\n\n<p><strong>Ped\u00e1gio de 50%<\/strong><\/p>\n\n\n\n<ul class=\"wp-block-list\">\n<li>Destinado a trabalhadores que estavam a menos de dois anos de completar o tempo m\u00ednimo de contribui\u00e7\u00e3o (35 anos para homens e 30 anos para mulheres).<\/li>\n\n\n\n<li>O segurado paga um ped\u00e1gio de 50% sobre o tempo que faltava antes da reforma.<\/li>\n\n\n\n<li>O benef\u00edcio ser\u00e1 calculado com base no fator previdenci\u00e1rio, podendo reduzir o valor final da aposentadoria.<\/li>\n<\/ul>\n\n\n\n<p><strong>Ped\u00e1gio de 100%<\/strong><\/p>\n\n\n\n<ul class=\"wp-block-list\">\n<li>Para quem deseja evitar a aplica\u00e7\u00e3o do fator previdenci\u00e1rio.<\/li>\n\n\n\n<li>\u00c9 necess\u00e1rio cumprir o dobro do tempo que faltava para atingir o tempo m\u00ednimo de contribui\u00e7\u00e3o antes da reforma.<\/li>\n\n\n\n<li>Requisitos de idade m\u00ednima: 60 anos para homens e 57 anos para mulheres, al\u00e9m do tempo de contribui\u00e7\u00e3o exigido.<\/li>\n<\/ul>\n\n\n\n<h2 class=\"wp-block-heading\">Pontos importantes a considerar<\/h2>\n\n\n\n<ul class=\"wp-block-list\">\n<li>A aposentadoria antecipada n\u00e3o \u00e9 autom\u00e1tica; o segurado precisa solicitar o benef\u00edcio ao INSS e comprovar que se enquadra nas regras de transi\u00e7\u00e3o.<\/li>\n\n\n\n<li>Apenas quem contribuiu antes da Reforma da Previd\u00eancia de 2019 pode solicitar.<\/li>\n\n\n\n<li>O c\u00e1lculo do valor pode variar bastante dependendo do ped\u00e1gio escolhido e da aplica\u00e7\u00e3o do fator previdenci\u00e1rio.<\/li>\n\n\n\n<li>\u00c9 essencial consultar um advogado especializado em previd\u00eancia ou um contador de confian\u00e7a para garantir que todos os requisitos sejam atendidos e evitar surpresas no c\u00e1lculo do benef\u00edcio.<\/li>\n<\/ul>\n\n\n\n<p>Para muitos trabalhadores brasileiros, essa possibilidade de aposentadoria antecipada representa uma verdadeira <strong>reviravolta<\/strong>, permitindo o descanso merecido antes do tempo considerado padr\u00e3o. <\/p>\n\n\n\n<p>No entanto, \u00e9 fundamental entender bem as regras de transi\u00e7\u00e3o, analisar os pr\u00f3s e contras de cada ped\u00e1gio e se organizar financeiramente para aproveitar o benef\u00edcio da melhor forma poss\u00edvel.<\/p>\n","protected":false},"excerpt":{"rendered":"<p>Milh\u00f5es de brasileiros aguardam ansiosamente o momento de finalmente se aposentar e desfrutar de anos de descanso ap\u00f3s d\u00e9cadas de trabalho. A boa not\u00edcia \u00e9 que, segundo informa\u00e7\u00f5es recentes, existe uma possibilidade de aposentadoria antecipada para aqueles que se enquadram em regras espec\u00edficas do INSS, mesmo ap\u00f3s a Reforma da Previd\u00eancia de 2019. A aposentadoria [&hellip;]<\/p>\n","protected":false},"author":5,"featured_media":1727,"comment_status":"closed","ping_status":"closed","sticky":false,"template":"","format":"standard","meta":{"jnews-multi-image_gallery":[],"jnews_single_post":{"format":"standard"},"jnews_primary_category":[],"jnews_social_meta":[],"jnews_override_counter":[],"jnews_post_split":[],"footnotes":""},"categories":[83,84],"tags":[],"class_list":["post-27609","post","type-post","status-publish","format-standard","has-post-thumbnail","hentry","category-colunas","category-mais-tendencias"],"_referencia":"","_links":{"self":[{"href":"https:\/\/tribunademinas.com.br\/colunas\/maistendencias\/wp-json\/wp\/v2\/posts\/27609","targetHints":{"allow":["GET"]}}],"collection":[{"href":"https:\/\/tribunademinas.com.br\/colunas\/maistendencias\/wp-json\/wp\/v2\/posts"}],"about":[{"href":"https:\/\/tribunademinas.com.br\/colunas\/maistendencias\/wp-json\/wp\/v2\/types\/post"}],"author":[{"embeddable":true,"href":"https:\/\/tribunademinas.com.br\/colunas\/maistendencias\/wp-json\/wp\/v2\/users\/5"}],"replies":[{"embeddable":true,"href":"https:\/\/tribunademinas.com.br\/colunas\/maistendencias\/wp-json\/wp\/v2\/comments?post=27609"}],"version-history":[{"count":1,"href":"https:\/\/tribunademinas.com.br\/colunas\/maistendencias\/wp-json\/wp\/v2\/posts\/27609\/revisions"}],"predecessor-version":[{"id":27610,"href":"https:\/\/tribunademinas.com.br\/colunas\/maistendencias\/wp-json\/wp\/v2\/posts\/27609\/revisions\/27610"}],"wp:featuredmedia":[{"embeddable":true,"href":"https:\/\/tribunademinas.com.br\/colunas\/maistendencias\/wp-json\/wp\/v2\/media\/1727"}],"wp:attachment":[{"href":"https:\/\/tribunademinas.com.br\/colunas\/maistendencias\/wp-json\/wp\/v2\/media?parent=27609"}],"wp:term":[{"taxonomy":"category","embeddable":true,"href":"https:\/\/tribunademinas.com.br\/colunas\/maistendencias\/wp-json\/wp\/v2\/categories?post=27609"},{"taxonomy":"post_tag","embeddable":true,"href":"https:\/\/tribunademinas.com.br\/colunas\/maistendencias\/wp-json\/wp\/v2\/tags?post=27609"}],"curies":[{"name":"wp","href":"https:\/\/api.w.org\/{rel}","templated":true}]}}