{"id":19558,"date":"2025-06-06T08:00:00","date_gmt":"2025-06-06T11:00:00","guid":{"rendered":"https:\/\/tribunademinas.com.br\/colunas\/maistendencias\/?p=19558"},"modified":"2025-06-05T18:32:17","modified_gmt":"2025-06-05T21:32:17","slug":"cientistas-nunca-desvendaram-esse-enigma-luminoso-em-vale","status":"publish","type":"post","link":"https:\/\/tribunademinas.com.br\/colunas\/maistendencias\/cientistas-nunca-desvendaram-esse-enigma-luminoso-em-vale\/","title":{"rendered":"Cientistas nunca desvendaram esse enigma luminoso em vale"},"content":{"rendered":"\n<p>H\u00e1 mais de 40 anos, um pequeno vale no interior da Noruega chama a aten\u00e7\u00e3o de curiosos, cientistas e apaixonados por mist\u00e9rios. Localizado a cerca de 361 quil\u00f4metros de Oslo, o Vale de Hessdalen \u00e9 conhecido mundialmente pelas misteriosas luzes que aparecem no c\u00e9u, sem uma explica\u00e7\u00e3o clara at\u00e9 hoje.<\/p>\n\n\n\n<p>Registros hist\u00f3ricos indicam que esses fen\u00f4menos j\u00e1 eram observados desde 1811, segundo artigo publicado no <em><a href=\"https:\/\/www.sciencedirect.com\/science\/article\/abs\/pii\/S0926985124001149?via%3Dihub\" target=\"_blank\" rel=\"noopener\">Journal of Applied Geophysics<\/a><\/em> em julho de 2024, mas somente a partir de 1984 come\u00e7aram os estudos cient\u00edficos formais. Luzes semelhantes tamb\u00e9m foram registradas em regi\u00f5es como Texas, Finl\u00e2ndia e Austr\u00e1lia.<\/p>\n\n\n\n<h2 class=\"wp-block-heading\"><strong>Enigma luminoso<\/strong><\/h2>\n\n\n\n<p>Desde 1983, o Projeto Hessdalen tem realizado estudos multidisciplinares para acompanhar e compreender o fen\u00f4meno das luzes, inicialmente com o suporte de institui\u00e7\u00f5es como o Ex\u00e9rcito noruegu\u00eas, e atualmente organizado como uma entidade sem fins lucrativos.<\/p>\n\n\n\n<p>Apesar de d\u00e9cadas de investiga\u00e7\u00e3o, o enigma das luzes de Hessdalen continua a fascinar pesquisadores, especialistas e visitantes que buscam desvendar um dos mist\u00e9rios mais marcantes da Noruega. A primeira investiga\u00e7\u00e3o cient\u00edfica detalhada foi conduzida em 2004 pelo f\u00edsico Massimo Teodorani.<\/p>\n\n\n\n<p>Nos \u00faltimos dez anos, a \u00d8stfold University College capturou cerca de 600 mil fotografias das luzes, contribuindo para a an\u00e1lise das suas cores, formatos e tempo de dura\u00e7\u00e3o. Normalmente, as luzes aparecem em tom branco, embora sejam ocasionalmente vistas em vermelho, podendo durar desde alguns segundos at\u00e9 uma hora, e surgem tanto pr\u00f3ximas ao solo quanto no horizonte.<\/p>\n\n\n<div class=\"wp-block-image\">\n<figure class=\"aligncenter size-large\"><img loading=\"lazy\" decoding=\"async\" width=\"1200\" height=\"675\" src=\"https:\/\/tribunademinas.com.br\/colunas\/maistendencias\/wp-content\/uploads\/2025\/06\/Sem-titulo-23-1200x675.jpg\" alt=\"Cientistas nunca desvendaram esse enigma luminoso em vale\" class=\"wp-image-19566\" srcset=\"https:\/\/tribunademinas.com.br\/colunas\/maistendencias\/wp-content\/uploads\/2025\/06\/Sem-titulo-23-1200x675.jpg 1200w, https:\/\/tribunademinas.com.br\/colunas\/maistendencias\/wp-content\/uploads\/2025\/06\/Sem-titulo-23-300x169.jpg 300w, https:\/\/tribunademinas.com.br\/colunas\/maistendencias\/wp-content\/uploads\/2025\/06\/Sem-titulo-23-768x432.jpg 768w, https:\/\/tribunademinas.com.br\/colunas\/maistendencias\/wp-content\/uploads\/2025\/06\/Sem-titulo-23-1536x864.jpg 1536w, https:\/\/tribunademinas.com.br\/colunas\/maistendencias\/wp-content\/uploads\/2025\/06\/Sem-titulo-23-150x84.jpg 150w, https:\/\/tribunademinas.com.br\/colunas\/maistendencias\/wp-content\/uploads\/2025\/06\/Sem-titulo-23-750x422.jpg 750w, https:\/\/tribunademinas.com.br\/colunas\/maistendencias\/wp-content\/uploads\/2025\/06\/Sem-titulo-23-1140x641.jpg 1140w, https:\/\/tribunademinas.com.br\/colunas\/maistendencias\/wp-content\/uploads\/2025\/06\/Sem-titulo-23.jpg 1920w\" sizes=\"auto, (max-width: 1200px) 100vw, 1200px\" \/><figcaption class=\"wp-element-caption\">Vale de Hessdalen (Foto: reprodu\u00e7\u00e3o\/Projeto Hessdalen)<\/figcaption><\/figure><\/div>\n\n\n<h3 class=\"wp-block-heading\"><strong>Teorias<\/strong><\/h3>\n\n\n\n<p>Investigar a origem dessas manifesta\u00e7\u00f5es enfrenta desafios tanto log\u00edsticos quanto ambientais. A \u00e1rea \u00e9 isolada, com baixa densidade populacional, e sujeita a condi\u00e7\u00f5es clim\u00e1ticas severas, incluindo temperaturas que podem cair abaixo de -30 \u00b0C e ventos de at\u00e9 190 km\/h, dificultando a instala\u00e7\u00e3o e o funcionamento dos aparelhos cient\u00edficos.<\/p>\n\n\n\n<p>A geologia local \u00e9 complexa, composta por rochas como gabro, anfibolito e xistos mic\u00e1ceos que cont\u00eam grafite e sulfetos \u2014 minerais capazes de conduzir eletricidade. Isso sugere que descargas el\u00e9tricas transit\u00f3rias possam emergir da crosta terrestre, produzindo as luzes observadas.<\/p>\n\n\n\n<p>Outra hip\u00f3tese relacionava o fen\u00f4meno a atividade s\u00edsmica e \u00e0 libera\u00e7\u00e3o de cargas el\u00e9tricas, por\u00e9m, a escassa movimenta\u00e7\u00e3o tect\u00f4nica na regi\u00e3o torna essa explica\u00e7\u00e3o menos prov\u00e1vel.<\/p>\n\n\n\n<style>@media (min-width: 992px) {\n    .recomendadorV2Area1 {\n        width: 280px;\n    }\n    .recomendadorV2Area2 {\n        padding: 0px 20px;\n        width: calc(100% - 280px);\n    }\n}\n\n@media (max-width: 992px) {\n    .recomendadorV2Button {\n        margin: 0 auto;\n    }\n    .recomendadorV2Area {\n        flex-direction: column;\n        text-align: center;\n    }\n    .recomendadorV2Area2 {\n        padding: 0px 20px;\n    }\n}\n\n.recomendadorV2Area {\n    background: #eeeeee3d;\n    border-radius: 10px;\n    padding: 15px;\n    display: flex;\n    margin: 15px auto;\n    border: 1px solid #00000014;\n    max-width: 800px;\n}\n\n.recomendadorV2Area1 img {\n    width: 280px;\n    height: auto;\n    border-radius: 8px;\n}\n\n.linkrecomendadorv2 {\n    text-decoration: none !important;\n}\n\n.recomendadorV2Area2 .recomendadorV2Type {\n    text-transform: uppercase;\n    font-weight: 500;\n    font-size: 11px;\n    letter-spacing: 2px;\n    color: #666;\n    margin: 12px 0;\n    display: block;\n}\n\n.recomendadorV2Title h2 {\n    padding-top: 0px !important;\n    margin: 0px !important;\n    border-left: none !important;\n    padding-left: 0px !important;\n    line-height: 1.3;\n    color: #000 !important;\n    font-size: 24px;\n    margin-bottom: 12px !important;\n}\n\n.recomendadorV2Desc {\n    color: #333;\n    margin: 12px 0px !important;\n    font-size: 15px;\n    line-height: 1.5;\n}\n\n.recomendadorV2Button {\n    width: auto;\n    max-width: 200px;\n    margin: 0;\n    display: inline-flex;\n    align-items: center;\n    background: #1D3557;\n    border-radius: 8px;\n    color: #fff;\n    height: 36px;\n    justify-content: center;\n    text-align: center;\n    font-size: 14px;\n    padding: 0 20px;\n    transition: background-color 0.2s ease;\n}\n\n.recomendadorV2Button:hover {\n    background: #2a4d7a;\n}\n\n.recomendadorV2Button:after {\n    margin-top: -2px;\n    content: \"\u2192\";\n    padding: 0px 0px 0px 8px;\n}\n\n.recomendadorV2Alert {\n    text-align: left;\n    font-size: 11px;\n    margin-top: 8px;\n    color: #666;\n}\n\n.recomendadorFixedArea {\n    width: 100%;\n    display: flex;\n    justify-content: center;\n    align-items: center;\n}\n\n@media (min-width: 992px) {\n    #recomendadorFixed {\n        width: 32% !important;\n        left: 5%;\n    }\n    .recomendadorCloseFixed{\n        right: inherit !important;\n        left: 378px !important;\n    }\n}\n\n#recomendadorFixed {\n    width: 90%;\n    box-shadow: 0 10px 20px 0px #00000057;\n    display: none;\n    height: 90px;\n    background: #F6F6F6;\n    position: fixed;\n    flex-direction: row;\n    bottom: 10px;\n    z-index: 9999;\n    border-radius: 16px;\n    padding: 7px 10px;\n}\n\n.recomendadorLeftArea {\n    width: 160px;\n}\n\n.recomendadorRightArea h2 {\n    padding-top: 0px;\n    margin: 2px 0px 4px 0px !important;\n    font-weight: 400;\n    text-align: center;\n    padding-left: 0px !important;\n    color: #000 !important;\n    border-left: none !important;\n    line-height: 20px;\n    font-size: 12px !important;\n}\n\n.recomendadorImgFixed {\n    overflow: hidden;\n    padding: 8px 6px;\n    height: 100%;\n}\n\n.recomendadorImgFixed img {\n    height: 100% !important;\n    border-radius: 16px;\n}\n\n.recomendadorRightArea {\n    padding-top: 6px;\n    display: flex;\n    width: calc(100% - 130px);\n    justify-content: space-between;\n    align-items: center;\n    flex-direction: column;\n}\n\n.recomendadorButtonFixed {\n    margin: 0 auto;\n    background: #1D3557;\n    width: 80%;\n    text-align: center;\n    font-size: 10px;\n    color: #FFF;\n    padding: 2px 10px;\n    border-radius: 3px;\n}\n\n.recomendadorButtonFixed:after {\n    margin-top: -3px;\n    content: \"\u2192\";\n    padding: 0px 0px 0px 10px;\n}\n\n.recomendadorAlertFixed {\n    font-weight: 400;\n    text-align: center;\n    color: #484848;\n    font-size: 8px;\n}\n\n.recomendadorCloseFixed {\n    z-index: 99999;\n    display: none;\n    right: 0px;\n    left: inherit;\n    bottom: 99px;\n    position: fixed;\n    justify-content: center;\n    background: #F6F6F6;\n    width: 25px;\n    align-items: center;\n    height: 25px;\n    font-weight: 800;\n    border-radius: 50%;\n    border: 1px solid #EBEBEB;\n}\n\n.recomendadorV2Desc{\n    color: #000000;\n    margin: 20px 0px;\n}\n\n@media (max-width: 576px) {\n    .recomendadorV2Area {\n      padding: 10px;\n      max-width: 100%;\n    }\n  \n    .recomendadorV2Area1 img {\n      width: 100%;\n      border-radius: 6px;\n    }\n  \n    .recomendadorV2Area2 .recomendadorV2Type {\n      font-size: 9px;\n      letter-spacing: 1px;\n      margin: 8px 0;\n    }\n  \n    .recomendadorV2Title h2 {\n      font-size: 18px !important;\n      margin-bottom: 8px !important;\n      line-height: 1.2;\n    }\n  \n    .recomendadorV2Desc {\n      font-size: 14px;\n      margin: 8px 0 !important;\n      line-height: 1.4;\n    }\n  \n    .recomendadorV2Button {\n      font-size: 14px;\n      height: 40px;\n      padding: 0 12px;\n      max-width: 100%;\n      width: 100%;\n    }\n  \n    .recomendadorV2Button:after {\n      padding-left: 6px;\n    }\n  }\n  <\/style>\n        <div class=\"lazyblock-recomendador-v2-2jDGz wp-block-lazyblock-recomendador-v2\">\n        <a class=\"linkrecomendadorv2\" href=\"https:\/\/tribunademinas.com.br\/colunas\/maistendencias\/cientistas-desvendam-misterio-sobre-pedras-movendo-sozinhas\/\">\n            <div class=\"recomendadorV2Area\">\n            <div class=\"recomendadorV2Area1\">\n                <div class=\"recomendadorV2Img\">\n                <img class=\"lazyloaded\" decoding=\"async\" src=\"https:\/\/tribunademinas.com.br\/colunas\/maistendencias\/wp-content\/uploads\/2025\/03\/000000-61.jpg\" data-src=\"https:\/\/tribunademinas.com.br\/colunas\/maistendencias\/wp-content\/uploads\/2025\/03\/000000-61.jpg\" alt=\"\">\n                <\/div>\n            <\/div>\n            <div class=\"recomendadorV2Area2\">\n                <div class=\"recomendadorV2Type\">\n                    <span> Descoberta<\/span>\n                <\/div>\n                <div class=\"recomendadorV2Title\">\n                <h2><span> Cientistas desvendam mist\u00e9rio sobre pedras movendo sozinhas<\/span><\/h2>\n                <\/div>\n                <div class=\"recomendadorV2Desc\">\n                <span> Durante mais de 50 anos, pedras deixaram rastros como se estivessem andando e ningu\u00e9m conseguia entender como; veja a solu\u00e7\u00e3o do mist\u00e9rio<\/span>\n                <\/div>\n                <div class=\"recomendadorV2Button\"> saiba agora<\/div>\n                <div class=\"recomendadorV2Alert\"><\/div>\n            <\/div>\n            <\/div>\n        <\/a>\n        <div>\n            <div style=\"z-index:99999;\" id=\"buttonClose\" onclick=\"closeRecomendadorFixed()\">\n            <div class=\"recomendadorCloseFixed\">X<\/div>\n            <\/div>\n            <a href=\"https:\/\/tribunademinas.com.br\/colunas\/maistendencias\/cientistas-desvendam-misterio-sobre-pedras-movendo-sozinhas\/\">\n            <div class=\"recomendadorFixedArea\">\n                <div id=\"recomendadorFixed\">\n                <div class=\"recomendadorLeftArea\">\n                    <div class=\"recomendadorImgFixed\">\n                    <img class=\"lazyload\" decoding=\"async\" src=\"https:\/\/tribunademinas.com.br\/colunas\/maistendencias\/wp-content\/uploads\/2025\/03\/000000-61.jpg\" alt=\"\">\n                    <\/div>\n                <\/div>\n                <div class=\"recomendadorRightArea\">\n                    <div class=\"recomendadorTitleFixed\">\n                    <h2><span> Cientistas desvendam mist\u00e9rio sobre pedras movendo sozinhas<\/span><\/h2>\n                    <\/div>\n                    <div class=\"recomendadorButtonFixed\"> saiba agora<\/div>\n                    <div class=\"recomendadorAlertFixed\"><\/div>\n                <\/div>\n                <\/div>\n            <\/div>\n            <\/a>\n        <\/div>\n        <\/div>\n","protected":false},"excerpt":{"rendered":"<p>Um vale no extremo norte da Europa exibe luzes misteriosas h\u00e1 s\u00e9culos; pesquisas seguem, mas o enigma permanece sem explica\u00e7\u00e3o; saiba mais<\/p>\n","protected":false},"author":3,"featured_media":19569,"comment_status":"closed","ping_status":"closed","sticky":false,"template":"","format":"standard","meta":{"jnews-multi-image_gallery":[],"jnews_single_post":{"format":"standard"},"jnews_primary_category":[],"jnews_social_meta":[],"jnews_override_counter":[],"jnews_post_split":[],"footnotes":""},"categories":[84,83],"tags":[],"class_list":["post-19558","post","type-post","status-publish","format-standard","has-post-thumbnail","hentry","category-mais-tendencias","category-colunas"],"_referencia":"","_links":{"self":[{"href":"https:\/\/tribunademinas.com.br\/colunas\/maistendencias\/wp-json\/wp\/v2\/posts\/19558","targetHints":{"allow":["GET"]}}],"collection":[{"href":"https:\/\/tribunademinas.com.br\/colunas\/maistendencias\/wp-json\/wp\/v2\/posts"}],"about":[{"href":"https:\/\/tribunademinas.com.br\/colunas\/maistendencias\/wp-json\/wp\/v2\/types\/post"}],"author":[{"embeddable":true,"href":"https:\/\/tribunademinas.com.br\/colunas\/maistendencias\/wp-json\/wp\/v2\/users\/3"}],"replies":[{"embeddable":true,"href":"https:\/\/tribunademinas.com.br\/colunas\/maistendencias\/wp-json\/wp\/v2\/comments?post=19558"}],"version-history":[{"count":1,"href":"https:\/\/tribunademinas.com.br\/colunas\/maistendencias\/wp-json\/wp\/v2\/posts\/19558\/revisions"}],"predecessor-version":[{"id":19570,"href":"https:\/\/tribunademinas.com.br\/colunas\/maistendencias\/wp-json\/wp\/v2\/posts\/19558\/revisions\/19570"}],"wp:featuredmedia":[{"embeddable":true,"href":"https:\/\/tribunademinas.com.br\/colunas\/maistendencias\/wp-json\/wp\/v2\/media\/19569"}],"wp:attachment":[{"href":"https:\/\/tribunademinas.com.br\/colunas\/maistendencias\/wp-json\/wp\/v2\/media?parent=19558"}],"wp:term":[{"taxonomy":"category","embeddable":true,"href":"https:\/\/tribunademinas.com.br\/colunas\/maistendencias\/wp-json\/wp\/v2\/categories?post=19558"},{"taxonomy":"post_tag","embeddable":true,"href":"https:\/\/tribunademinas.com.br\/colunas\/maistendencias\/wp-json\/wp\/v2\/tags?post=19558"}],"curies":[{"name":"wp","href":"https:\/\/api.w.org\/{rel}","templated":true}]}}