{"id":17663,"date":"2025-05-25T15:30:00","date_gmt":"2025-05-25T18:30:00","guid":{"rendered":"https:\/\/tribunademinas.com.br\/colunas\/maistendencias\/?p=17663"},"modified":"2025-05-21T17:41:12","modified_gmt":"2025-05-21T20:41:12","slug":"voce-sabe-para-que-servem-os-botoes-de-metal-no-seu-jeans","status":"publish","type":"post","link":"https:\/\/tribunademinas.com.br\/colunas\/maistendencias\/voce-sabe-para-que-servem-os-botoes-de-metal-no-seu-jeans\/","title":{"rendered":"Voc\u00ea sabe para que servem os bot\u00f5es de metal no seu jeans?"},"content":{"rendered":"\n<p>Ao observar um par de jeans, \u00e9 comum notar pequenos bot\u00f5es met\u00e1licos posicionados nas extremidades dos bolsos. Embora pare\u00e7am meros enfeites, esses rebites t\u00eam uma fun\u00e7\u00e3o essencial na hist\u00f3ria e na durabilidade da pe\u00e7a, algo que muitos desconhecem. <\/p>\n\n\n\n<p>O que hoje \u00e9 um elemento de design consolidado no imagin\u00e1rio da moda nasceu, na verdade, de uma necessidade pr\u00e1tica.<\/p>\n\n\n\n<h2 class=\"wp-block-heading\">Voc\u00ea sabe para que servem os bot\u00f5es de metal no seu jeans?<\/h2>\n\n\n\n<p>No final do s\u00e9culo XIX, quando o jeans ainda era exclusivamente associado ao vestu\u00e1rio de trabalho, como o de mineradores e oper\u00e1rios, surgiu uma demanda urgente: roupas que resistissem ao desgaste do esfor\u00e7o f\u00edsico di\u00e1rio. <\/p>\n\n\n\n<p>As cal\u00e7as da \u00e9poca frequentemente rasgavam nas costuras dos bolsos, pontos cr\u00edticos sujeitos a constante tra\u00e7\u00e3o e peso. <\/p>\n\n\n\n<p>Foi nesse contexto que um alfaiate chamado Jacob Davis, ao trabalhar com trabalhadores que lidavam com essas dificuldades, desenvolveu uma solu\u00e7\u00e3o duradoura: a aplica\u00e7\u00e3o de pequenos rebites de cobre nos cantos dos bolsos, refor\u00e7ando o tecido contra os rasgos frequentes.<\/p>\n\n\n\n<p>A ideia foi posteriormente registrada em parceria com <a href=\"http:\/\/www.levistrauss.com\/\" target=\"_blank\" rel=\"noopener\"><strong>Levi Strauss<\/strong><\/a>, figura j\u00e1 envolvida no fornecimento de roupas resistentes. O registro da patente, em 1873, marcou o nascimento do jeans como o conhecemos hoje. <\/p>\n\n\n\n<p>Os rebites n\u00e3o apenas aumentaram a vida \u00fatil das pe\u00e7as, mas tamb\u00e9m impulsionaram a populariza\u00e7\u00e3o dos jeans entre trabalhadores que precisavam de roupas confi\u00e1veis para longas jornadas.<\/p>\n\n\n\n<h3 class=\"wp-block-heading\">Fun\u00e7\u00e3o original dos bot\u00f5es de metal no jeans foi abandonada<\/h3>\n\n\n\n<p>Com o tempo, a fun\u00e7\u00e3o original desses bot\u00f5es met\u00e1licos foi sendo superada por avan\u00e7os na costura e na tecnologia t\u00eaxtil. A <a href=\"https:\/\/tribunademinas.com.br\/colunas\/maistendencias\/modelos-de-calca-jeans-que-todos-vao-amar-em-2025\/\"><strong>confec\u00e7\u00e3o moderna<\/strong><\/a> tornou as cal\u00e7as mais resistentes por si s\u00f3, diminuindo a depend\u00eancia dos rebites como suporte estrutural. <\/p>\n\n\n\n<p>Ainda assim, esses elementos n\u00e3o desapareceram. Permaneceram como uma esp\u00e9cie de assinatura est\u00e9tica dos jeans, remetendo \u00e0 origem robusta da pe\u00e7a e preservando um elo com seu passado funcional.<\/p>\n\n\n\n<p>Hoje, mesmo nas vers\u00f5es mais sofisticadas da cal\u00e7a jeans, os bot\u00f5es met\u00e1licos continuam presentes. Mais do que uma heran\u00e7a visual, eles representam uma hist\u00f3ria de adapta\u00e7\u00e3o, inova\u00e7\u00e3o e perman\u00eancia. Aquilo que nasceu da necessidade se transformou em s\u00edmbolo. <\/p>\n\n\n\n<p>E esse detalhe que muitos nem percebem ainda carrega o esp\u00edrito de resist\u00eancia que fez do jeans uma das pe\u00e7as mais ic\u00f4nicas da moda mundial.<\/p>\n\n\n\n<p><\/p>\n","protected":false},"excerpt":{"rendered":"<p>Ao observar um par de jeans, \u00e9 comum notar pequenos bot\u00f5es met\u00e1licos posicionados nas extremidades dos bolsos. Embora pare\u00e7am meros enfeites, esses rebites t\u00eam uma fun\u00e7\u00e3o essencial na hist\u00f3ria e na durabilidade da pe\u00e7a, algo que muitos desconhecem. O que hoje \u00e9 um elemento de design consolidado no imagin\u00e1rio da moda nasceu, na verdade, de [&hellip;]<\/p>\n","protected":false},"author":9,"featured_media":17666,"comment_status":"closed","ping_status":"closed","sticky":false,"template":"","format":"standard","meta":{"jnews-multi-image_gallery":[],"jnews_single_post":{"format":"standard"},"jnews_primary_category":[],"jnews_social_meta":[],"jnews_override_counter":[],"jnews_post_split":[],"footnotes":""},"categories":[84,83],"tags":[],"class_list":["post-17663","post","type-post","status-publish","format-standard","has-post-thumbnail","hentry","category-mais-tendencias","category-colunas"],"_referencia":"","_links":{"self":[{"href":"https:\/\/tribunademinas.com.br\/colunas\/maistendencias\/wp-json\/wp\/v2\/posts\/17663","targetHints":{"allow":["GET"]}}],"collection":[{"href":"https:\/\/tribunademinas.com.br\/colunas\/maistendencias\/wp-json\/wp\/v2\/posts"}],"about":[{"href":"https:\/\/tribunademinas.com.br\/colunas\/maistendencias\/wp-json\/wp\/v2\/types\/post"}],"author":[{"embeddable":true,"href":"https:\/\/tribunademinas.com.br\/colunas\/maistendencias\/wp-json\/wp\/v2\/users\/9"}],"replies":[{"embeddable":true,"href":"https:\/\/tribunademinas.com.br\/colunas\/maistendencias\/wp-json\/wp\/v2\/comments?post=17663"}],"version-history":[{"count":1,"href":"https:\/\/tribunademinas.com.br\/colunas\/maistendencias\/wp-json\/wp\/v2\/posts\/17663\/revisions"}],"predecessor-version":[{"id":17668,"href":"https:\/\/tribunademinas.com.br\/colunas\/maistendencias\/wp-json\/wp\/v2\/posts\/17663\/revisions\/17668"}],"wp:featuredmedia":[{"embeddable":true,"href":"https:\/\/tribunademinas.com.br\/colunas\/maistendencias\/wp-json\/wp\/v2\/media\/17666"}],"wp:attachment":[{"href":"https:\/\/tribunademinas.com.br\/colunas\/maistendencias\/wp-json\/wp\/v2\/media?parent=17663"}],"wp:term":[{"taxonomy":"category","embeddable":true,"href":"https:\/\/tribunademinas.com.br\/colunas\/maistendencias\/wp-json\/wp\/v2\/categories?post=17663"},{"taxonomy":"post_tag","embeddable":true,"href":"https:\/\/tribunademinas.com.br\/colunas\/maistendencias\/wp-json\/wp\/v2\/tags?post=17663"}],"curies":[{"name":"wp","href":"https:\/\/api.w.org\/{rel}","templated":true}]}}