{"id":17259,"date":"2025-05-20T12:00:00","date_gmt":"2025-05-20T15:00:00","guid":{"rendered":"https:\/\/tribunademinas.com.br\/colunas\/maistendencias\/?p=17259"},"modified":"2025-05-19T17:36:40","modified_gmt":"2025-05-19T20:36:40","slug":"essa-fruta-vai-te-dar-energia-e-disposicao-o-dia-inteiro","status":"publish","type":"post","link":"https:\/\/tribunademinas.com.br\/colunas\/maistendencias\/essa-fruta-vai-te-dar-energia-e-disposicao-o-dia-inteiro\/","title":{"rendered":"Essa fruta vai te dar energia e disposi\u00e7\u00e3o o dia inteiro"},"content":{"rendered":"\n<p>Quando falamos em energia natural e disposi\u00e7\u00e3o para enfrentar o dia, poucas frutas conseguem superar o abacate. Al\u00e9m de seu sabor \u00fanico e versatilidade culin\u00e1ria, o abacate \u00e9 uma fonte poderosa de nutrientes essenciais que atuam diretamente no bem-estar f\u00edsico e mental. <\/p>\n\n\n\n<p>O abacate \u00e9 rico em gorduras saud\u00e1veis, especialmente as monoinsaturadas e poli-insaturadas, que fornecem energia de forma gradual e constante ao corpo. Diferente de carboidratos simples, que causam picos e quedas r\u00e1pidas de glicose no sangue, as gorduras boas do abacate mant\u00eam seu n\u00edvel de energia est\u00e1vel por horas, prevenindo aquela sensa\u00e7\u00e3o de cansa\u00e7o e sonol\u00eancia ao longo do dia.<\/p>\n\n\n\n<p>Vitaminas do complexo B e vitamina E presentes no abacate promovem hidrata\u00e7\u00e3o profunda da pele e dos cabelos. Essas vitaminas atuam na regenera\u00e7\u00e3o celular, auxiliando na manuten\u00e7\u00e3o da elasticidade da pele e no brilho natural dos fios capilares. Incorporar abacate na dieta \u00e9 uma forma deliciosa de manter uma apar\u00eancia saud\u00e1vel e jovem.<\/p>\n\n\n\n<h2 class=\"wp-block-heading\">Apoio \u00e0 sa\u00fade cardiovascular<\/h2>\n\n\n\n<p>O cora\u00e7\u00e3o agradece quando voc\u00ea consome abacate regularmente. Suas gorduras monoinsaturadas ajudam a diminuir o colesterol ruim (LDL) e a press\u00e3o arterial, enquanto estimulam o aumento do colesterol bom (HDL). Al\u00e9m disso, a presen\u00e7a de pot\u00e1ssio e magn\u00e9sio contribui para a sa\u00fade dos vasos sangu\u00edneos, prevenindo doen\u00e7as card\u00edacas.<\/p>\n\n\n\n<h2 class=\"wp-block-heading\">Controle do peso e saciedade prolongada<\/h2>\n\n\n\n<p>Por ser uma excelente fonte de fibras, o abacate ajuda a controlar o apetite, promovendo maior sensa\u00e7\u00e3o de saciedade. Isso facilita o controle do peso corporal, pois reduz o consumo excessivo de alimentos ao longo do dia. <\/p>\n\n\n\n<p>Por isso, o abacate pode ser um aliado tanto em dietas para emagrecimento quanto para pessoas com diabetes, ao auxiliar na regula\u00e7\u00e3o da absor\u00e7\u00e3o de a\u00e7\u00facares.<\/p>\n\n\n\n<h2 class=\"wp-block-heading\">Melhora da performance f\u00edsica e recupera\u00e7\u00e3o muscular<\/h2>\n\n\n\n<p>Consumir abacate antes do exerc\u00edcio f\u00edsico pode potencializar o rendimento. As gorduras boas fornecem energia constante, enquanto o magn\u00e9sio e o pot\u00e1ssio presentes na fruta ajudam a prevenir c\u00e3ibras e fadiga muscular. Al\u00e9m disso, o abacate cont\u00e9m prote\u00ednas que contribuem para a recupera\u00e7\u00e3o e o ganho de massa muscular.<\/p>\n\n\n\n<h2 class=\"wp-block-heading\">Fortalecimento do sistema imunol\u00f3gico e preven\u00e7\u00e3o de anemia<\/h2>\n\n\n\n<p>O abacate \u00e9 uma excelente fonte de \u00e1cido f\u00f3lico, nutriente fundamental para a forma\u00e7\u00e3o de c\u00e9lulas sangu\u00edneas, como gl\u00f3bulos vermelhos, que transportam oxig\u00eanio pelo corpo. <\/p>\n\n\n\n<p>Seu consumo regular pode ajudar a prevenir e combater anemia, al\u00e9m de ser indicado para gestantes, pois o \u00e1cido f\u00f3lico \u00e9 essencial para o desenvolvimento saud\u00e1vel do beb\u00ea.<\/p>\n\n\n\n<h2 class=\"wp-block-heading\">Sa\u00fade intestinal e combate \u00e0 pris\u00e3o de ventre<\/h2>\n\n\n\n<p>A alta concentra\u00e7\u00e3o de fibras do abacate auxilia no aumento do volume das fezes e melhora o tr\u00e2nsito intestinal, prevenindo a constipa\u00e7\u00e3o. Para potencializar esse benef\u00edcio, \u00e9 importante manter uma boa ingest\u00e3o de \u00e1gua ao longo do dia, garantindo que as fibras atuem corretamente, mantendo o funcionamento do intestino equilibrado.<\/p>\n\n\n\n<h2 class=\"wp-block-heading\">Potencial antioxidante e preven\u00e7\u00e3o do envelhecimento precoce<\/h2>\n\n\n\n<p>Rico em antioxidantes como vitaminas C e E, al\u00e9m do \u00e1cido oleico, o abacate ajuda a neutralizar os radicais livres respons\u00e1veis pelo envelhecimento das c\u00e9lulas. Esse efeito protege a pele contra rugas, manchas e perda de elasticidade, proporcionando um aspecto mais jovem e saud\u00e1vel.<\/p>\n\n\n\n<h2 class=\"wp-block-heading\">Apoio \u00e0 sa\u00fade mental e ao funcionamento cerebral<\/h2>\n\n\n\n<p>O \u00f4mega-3 e o magn\u00e9sio do abacate estimulam a circula\u00e7\u00e3o sangu\u00ednea cerebral, melhorando a mem\u00f3ria, a concentra\u00e7\u00e3o e a disposi\u00e7\u00e3o mental. Al\u00e9m disso, esses nutrientes contribuem para a preven\u00e7\u00e3o de doen\u00e7as neurodegenerativas como Alzheimer e dem\u00eancia, bem como auxiliam no combate \u00e0 depress\u00e3o.<\/p>\n\n\n\n<h2 class=\"wp-block-heading\">Versatilidade na cozinha e utiliza\u00e7\u00e3o integral da fruta<\/h2>\n\n\n\n<p>Al\u00e9m do consumo da polpa, o caro\u00e7o do abacate pode ser aproveitado para a produ\u00e7\u00e3o de ch\u00e1s e tinturas medicinais, ricos em antioxidantes e compostos anti-inflamat\u00f3rios. <\/p>\n\n\n\n<p>Na alimenta\u00e7\u00e3o di\u00e1ria, o abacate pode ser consumido puro, em vitaminas, saladas, cremes e at\u00e9 em prepara\u00e7\u00f5es doces e salgadas, tornando-se um ingrediente funcional indispens\u00e1vel para uma dieta equilibrada.<\/p>\n\n\n\n<p>Incorporar o abacate na sua alimenta\u00e7\u00e3o di\u00e1ria \u00e9 uma maneira natural e eficaz de garantir energia e disposi\u00e7\u00e3o durante todo o dia, al\u00e9m de cuidar da sa\u00fade da pele, do cora\u00e7\u00e3o, do c\u00e9rebro e muito mais. <\/p>\n\n\n\n<p>Por ser uma fruta cal\u00f3rica, \u00e9 importante consumi-lo em quantidades moderadas, mas seu valor nutricional faz do abacate um superalimento indispens\u00e1vel para quem busca qualidade de vida e vitalidade.<\/p>\n","protected":false},"excerpt":{"rendered":"<p>Quando falamos em energia natural e disposi\u00e7\u00e3o para enfrentar o dia, poucas frutas conseguem superar o abacate. Al\u00e9m de seu sabor \u00fanico e versatilidade culin\u00e1ria, o abacate \u00e9 uma fonte poderosa de nutrientes essenciais que atuam diretamente no bem-estar f\u00edsico e mental. O abacate \u00e9 rico em gorduras saud\u00e1veis, especialmente as monoinsaturadas e poli-insaturadas, que [&hellip;]<\/p>\n","protected":false},"author":5,"featured_media":17260,"comment_status":"closed","ping_status":"closed","sticky":false,"template":"","format":"standard","meta":{"jnews-multi-image_gallery":[],"jnews_single_post":{"format":"standard"},"jnews_primary_category":[],"jnews_social_meta":[],"jnews_override_counter":[],"jnews_post_split":[],"footnotes":""},"categories":[83,84],"tags":[],"class_list":["post-17259","post","type-post","status-publish","format-standard","has-post-thumbnail","hentry","category-colunas","category-mais-tendencias"],"_referencia":"","_links":{"self":[{"href":"https:\/\/tribunademinas.com.br\/colunas\/maistendencias\/wp-json\/wp\/v2\/posts\/17259","targetHints":{"allow":["GET"]}}],"collection":[{"href":"https:\/\/tribunademinas.com.br\/colunas\/maistendencias\/wp-json\/wp\/v2\/posts"}],"about":[{"href":"https:\/\/tribunademinas.com.br\/colunas\/maistendencias\/wp-json\/wp\/v2\/types\/post"}],"author":[{"embeddable":true,"href":"https:\/\/tribunademinas.com.br\/colunas\/maistendencias\/wp-json\/wp\/v2\/users\/5"}],"replies":[{"embeddable":true,"href":"https:\/\/tribunademinas.com.br\/colunas\/maistendencias\/wp-json\/wp\/v2\/comments?post=17259"}],"version-history":[{"count":1,"href":"https:\/\/tribunademinas.com.br\/colunas\/maistendencias\/wp-json\/wp\/v2\/posts\/17259\/revisions"}],"predecessor-version":[{"id":17261,"href":"https:\/\/tribunademinas.com.br\/colunas\/maistendencias\/wp-json\/wp\/v2\/posts\/17259\/revisions\/17261"}],"wp:featuredmedia":[{"embeddable":true,"href":"https:\/\/tribunademinas.com.br\/colunas\/maistendencias\/wp-json\/wp\/v2\/media\/17260"}],"wp:attachment":[{"href":"https:\/\/tribunademinas.com.br\/colunas\/maistendencias\/wp-json\/wp\/v2\/media?parent=17259"}],"wp:term":[{"taxonomy":"category","embeddable":true,"href":"https:\/\/tribunademinas.com.br\/colunas\/maistendencias\/wp-json\/wp\/v2\/categories?post=17259"},{"taxonomy":"post_tag","embeddable":true,"href":"https:\/\/tribunademinas.com.br\/colunas\/maistendencias\/wp-json\/wp\/v2\/tags?post=17259"}],"curies":[{"name":"wp","href":"https:\/\/api.w.org\/{rel}","templated":true}]}}