{"id":17000,"date":"2025-05-16T15:56:19","date_gmt":"2025-05-16T18:56:19","guid":{"rendered":"https:\/\/tribunademinas.com.br\/colunas\/maistendencias\/?p=17000"},"modified":"2025-05-16T15:57:28","modified_gmt":"2025-05-16T18:57:28","slug":"margens-do-rio-sao-francisco-escondem-um-tesouro","status":"publish","type":"post","link":"https:\/\/tribunademinas.com.br\/colunas\/maistendencias\/margens-do-rio-sao-francisco-escondem-um-tesouro\/","title":{"rendered":"Margens do Rio S\u00e3o Francisco escondem um tesouro"},"content":{"rendered":"\n<p>Ao longo do curso majestoso do Rio S\u00e3o Francisco, entre as \u00e1guas barrentas que moldam paisagens e hist\u00f3rias, repousa uma cidade que parece ter parado no tempo. <\/p>\n\n\n\n<p>Penedo, localizada no extremo sul de Alagoas, \u00e9 um daqueles destinos que n\u00e3o se encontram por acaso \u2014 \u00e9 preciso procur\u00e1-los com os olhos atentos e o cora\u00e7\u00e3o curioso. <\/p>\n\n\n\n<p>Aninhada \u00e0s margens do chamado Velho Chico, a cidade guarda um patrim\u00f4nio arquitet\u00f4nico e cultural que a transforma em uma joia do Brasil colonial ainda viva, pulsante e surpreendente.<\/p>\n\n\n\n<h2 class=\"wp-block-heading\">Margens do Rio S\u00e3o Francisco escondem um tesouro<\/h2>\n\n\n\n<p>O v\u00ednculo entre <a href=\"https:\/\/penedo.al.gov.br\/\" target=\"_blank\" rel=\"noopener\"><strong>Penedo <\/strong><\/a>e o Rio S\u00e3o Francisco transcende a geografia. Foi a presen\u00e7a do rio que atraiu os primeiros habitantes, moldou o tra\u00e7ado urbano e sustentou a economia local por s\u00e9culos. <\/p>\n\n\n\n<p>Hoje, ele continua sendo o cen\u00e1rio central da vida penedense, tanto na rotina dos moradores quanto nas experi\u00eancias dos visitantes. Embarca\u00e7\u00f5es pequenas deslizam pelas \u00e1guas, transportando n\u00e3o apenas pessoas, mas tamb\u00e9m hist\u00f3rias, produtos e tradi\u00e7\u00f5es. <\/p>\n\n\n\n<p>As travessias de balsa para cidades vizinhas, como Ne\u00f3polis, e os passeios tur\u00edsticos rumo \u00e0 foz do Rio S\u00e3o Francisco revelam a \u00edntima depend\u00eancia da cidade com esse curso d\u2019\u00e1gua emblem\u00e1tico.<\/p>\n\n\n\n<p>Visualmente, Penedo encanta com suas constru\u00e7\u00f5es centen\u00e1rias que despontam em ruas de pedra, ladeadas por casar\u00f5es de janelas coloridas e igrejas que testemunharam revolu\u00e7\u00f5es, festas e sil\u00eancios. <\/p>\n\n\n\n<p>\u00c9 no alto das ladeiras que se tem uma das vistas mais arrebatadoras do Rio S\u00e3o Francisco, um contraste harmonioso entre o barroco das fachadas e a vastid\u00e3o do rio ao fundo. Esse panorama, muitas vezes acompanhado por um p\u00f4r do sol avermelhado, resume a poesia do lugar.<\/p>\n\n\n\n<h3 class=\"wp-block-heading\">Cidade as margens do Rio S\u00e3o Francisco tem identidade efervescente<\/h3>\n\n\n\n<p>Mas Penedo n\u00e3o \u00e9 apenas cen\u00e1rio: \u00e9 uma <a href=\"https:\/\/tribunademinas.com.br\/colunas\/maistendencias\/qualidade-de-vida-nessa-cidade-do-interior-deixa-todos-encantados\/\"><strong>cidade<\/strong><\/a> viva, com cultura efervescente e identidade enraizada. <\/p>\n\n\n\n<p>Os eventos culturais que ali acontecem, como festivais de cinema e manifesta\u00e7\u00f5es religiosas ribeirinhas, mant\u00eam acesa a chama da tradi\u00e7\u00e3o, renovando-a a cada gera\u00e7\u00e3o. <\/p>\n\n\n\n<p>A gastronomia, fortemente influenciada pelo rio, traz pratos t\u00edpicos \u00e0 base de peixe, que narram, \u00e0 sua maneira, a rela\u00e7\u00e3o entre o povo e as \u00e1guas.<\/p>\n\n\n\n<p>Entre o curso lento do S\u00e3o Francisco e a arquitetura que preserva s\u00e9culos de hist\u00f3ria, Penedo resiste ao tempo sem perder sua alma. <\/p>\n\n\n\n<p>\u00c0 sombra de igrejas coloniais e \u00e0s margens de um dos rios mais importantes do pa\u00eds, ela permanece discreta \u2014 um tesouro para quem sabe onde procurar.<\/p>\n\n\n\n<p><\/p>\n","protected":false},"excerpt":{"rendered":"<p>Ao longo do curso majestoso do Rio S\u00e3o Francisco, entre as \u00e1guas barrentas que moldam paisagens e hist\u00f3rias, repousa uma cidade que parece ter parado no tempo. Penedo, localizada no extremo sul de Alagoas, \u00e9 um daqueles destinos que n\u00e3o se encontram por acaso \u2014 \u00e9 preciso procur\u00e1-los com os olhos atentos e o cora\u00e7\u00e3o [&hellip;]<\/p>\n","protected":false},"author":9,"featured_media":17001,"comment_status":"closed","ping_status":"closed","sticky":false,"template":"","format":"standard","meta":{"jnews-multi-image_gallery":[],"jnews_single_post":{"format":"standard"},"jnews_primary_category":[],"jnews_social_meta":[],"jnews_override_counter":[],"jnews_post_split":[],"footnotes":""},"categories":[84,83],"tags":[],"class_list":["post-17000","post","type-post","status-publish","format-standard","has-post-thumbnail","hentry","category-mais-tendencias","category-colunas"],"_referencia":"","_links":{"self":[{"href":"https:\/\/tribunademinas.com.br\/colunas\/maistendencias\/wp-json\/wp\/v2\/posts\/17000","targetHints":{"allow":["GET"]}}],"collection":[{"href":"https:\/\/tribunademinas.com.br\/colunas\/maistendencias\/wp-json\/wp\/v2\/posts"}],"about":[{"href":"https:\/\/tribunademinas.com.br\/colunas\/maistendencias\/wp-json\/wp\/v2\/types\/post"}],"author":[{"embeddable":true,"href":"https:\/\/tribunademinas.com.br\/colunas\/maistendencias\/wp-json\/wp\/v2\/users\/9"}],"replies":[{"embeddable":true,"href":"https:\/\/tribunademinas.com.br\/colunas\/maistendencias\/wp-json\/wp\/v2\/comments?post=17000"}],"version-history":[{"count":1,"href":"https:\/\/tribunademinas.com.br\/colunas\/maistendencias\/wp-json\/wp\/v2\/posts\/17000\/revisions"}],"predecessor-version":[{"id":17006,"href":"https:\/\/tribunademinas.com.br\/colunas\/maistendencias\/wp-json\/wp\/v2\/posts\/17000\/revisions\/17006"}],"wp:featuredmedia":[{"embeddable":true,"href":"https:\/\/tribunademinas.com.br\/colunas\/maistendencias\/wp-json\/wp\/v2\/media\/17001"}],"wp:attachment":[{"href":"https:\/\/tribunademinas.com.br\/colunas\/maistendencias\/wp-json\/wp\/v2\/media?parent=17000"}],"wp:term":[{"taxonomy":"category","embeddable":true,"href":"https:\/\/tribunademinas.com.br\/colunas\/maistendencias\/wp-json\/wp\/v2\/categories?post=17000"},{"taxonomy":"post_tag","embeddable":true,"href":"https:\/\/tribunademinas.com.br\/colunas\/maistendencias\/wp-json\/wp\/v2\/tags?post=17000"}],"curies":[{"name":"wp","href":"https:\/\/api.w.org\/{rel}","templated":true}]}}