{"id":15801,"date":"2025-05-10T08:30:00","date_gmt":"2025-05-10T11:30:00","guid":{"rendered":"https:\/\/tribunademinas.com.br\/colunas\/maistendencias\/?p=15801"},"modified":"2025-05-09T19:11:02","modified_gmt":"2025-05-09T22:11:02","slug":"papa-leao-xiv-e-o-terceiro-a-ser-escolhido-no-segundo-dia-de-conclave","status":"publish","type":"post","link":"https:\/\/tribunademinas.com.br\/colunas\/maistendencias\/papa-leao-xiv-e-o-terceiro-a-ser-escolhido-no-segundo-dia-de-conclave\/","title":{"rendered":"Papa Le\u00e3o XIV \u00e9 o terceiro a ser escolhido no segundo dia de conclave"},"content":{"rendered":"\n<p>A fuma\u00e7a branca que se ergueu da chamin\u00e9 da Capela Sistina nesta quinta-feira, 8 de maio de 2025, trouxe consigo um marco importante na hist\u00f3ria da Igreja Cat\u00f3lica. <\/p>\n\n\n\n<p>O novo Papa Le\u00e3o XIV foi eleito no segundo dia do conclave, tornando-se o terceiro pont\u00edfice na hist\u00f3ria recente a ser escolhido t\u00e3o rapidamente. Este evento marca um ponto de reflex\u00e3o sobre a din\u00e2mica do conclave, o processo de escolha do Papa e a import\u00e2ncia de uma elei\u00e7\u00e3o papal r\u00e1pida e eficiente. <\/p>\n\n\n\n<h2 class=\"wp-block-heading\">O significado da fuma\u00e7a branca e a urg\u00eancia do Conclave<\/h2>\n\n\n\n<p>A fuma\u00e7a branca, s\u00edmbolo da elei\u00e7\u00e3o de um novo Papa, emergiu da chamin\u00e9 da Capela Sistina, acompanhada pela expectativa global. Este momento de celebra\u00e7\u00e3o e reflex\u00e3o reflete a escolha de um l\u00edder espiritual para milh\u00f5es de cat\u00f3licos ao redor do mundo. <\/p>\n\n\n\n<p>A rapidez com que o Papa Le\u00e3o XIV foi escolhido em apenas um dia \u00e9 not\u00e1vel, especialmente quando comparado com outras elei\u00e7\u00f5es papais mais demoradas. Isso demonstra a urg\u00eancia do conclave em encontrar uma lideran\u00e7a forte e decisiva para a Igreja, que enfrenta desafios em n\u00edvel global.<\/p>\n\n\n\n<h2 class=\"wp-block-heading\">Comparando com elei\u00e7\u00f5es Papais anteriores<\/h2>\n\n\n\n<p>O processo de elei\u00e7\u00e3o papal no Vaticano tem se modernizado ao longo dos s\u00e9culos, mas ainda mant\u00e9m sua tradi\u00e7\u00e3o e rito. O Papa Bento XVI foi eleito ap\u00f3s quatro rodadas de vota\u00e7\u00e3o em 2005, enquanto o Papa Francisco foi escolhido ap\u00f3s cinco vota\u00e7\u00f5es em 2013. A rapidez da elei\u00e7\u00e3o atual, com o Papa Le\u00e3o XIV sendo escolhido no segundo dia, marca uma mudan\u00e7a no clima e nas expectativas em torno da escolha papal.<\/p>\n\n\n\n<p>A rapidez da elei\u00e7\u00e3o sugere uma forte uni\u00e3o entre os cardeais, possivelmente motivada pela necessidade de uma lideran\u00e7a clara em tempos de grande incerteza para a Igreja. Ao contr\u00e1rio de outros conclaves mais demorados, onde as disputas internas e as negocia\u00e7\u00f5es podem se arrastar por dias, o conclave de 2025 parece ter sido marcado por uma decis\u00e3o relativamente consensual.<\/p>\n\n\n\n<h2 class=\"wp-block-heading\">Perfil do Papa Le\u00e3o XIV<\/h2>\n\n\n\n<p>A escolha do Papa Le\u00e3o XIV, um nome que evoca um profundo respeito pela tradi\u00e7\u00e3o papal e uma conex\u00e3o com a hist\u00f3ria da Igreja, levanta quest\u00f5es sobre o perfil do novo pont\u00edfice. <\/p>\n\n\n\n<p>Qual ser\u00e1 a vis\u00e3o dele para o futuro da Igreja? Ele ser\u00e1 um reformador como o Papa Francisco, ou buscar\u00e1 um caminho mais conservador? Esse aspecto \u00e9 crucial, uma vez que a Igreja Cat\u00f3lica est\u00e1 em um ponto de transi\u00e7\u00e3o, enfrentando tanto desafios internos quanto externos.<\/p>\n\n\n\n<p>O novo Papa Le\u00e3o XIV chega ao Vaticano com o desafio de reconciliar diferentes fac\u00e7\u00f5es dentro da Igreja, mantendo sua relev\u00e2ncia no cen\u00e1rio global, enquanto tamb\u00e9m busca responder \u00e0s quest\u00f5es espirituais e morais que preocupam os cat\u00f3licos em todo o mundo. <\/p>\n\n\n\n<p>A sua elei\u00e7\u00e3o no segundo dia do conclave pode ser vista como um reflexo do desejo de rapidez e resolu\u00e7\u00e3o no enfrentamento desses desafios.<\/p>\n\n\n\n<h2 class=\"wp-block-heading\">Tradi\u00e7\u00e3o do Conclave e a elei\u00e7\u00e3o r\u00e1pida<\/h2>\n\n\n\n<p>Tradicionalmente, o conclave pode durar de dias a semanas. Em muitos casos, a demora na elei\u00e7\u00e3o \u00e9 vista como parte do processo natural, onde os cardeais discutem e ponderam cuidadosamente as qualidades do futuro Papa. <\/p>\n\n\n\n<p>A elei\u00e7\u00e3o r\u00e1pida de Le\u00e3o XIV pode ser interpretada de diversas maneiras. Para alguns, pode ser um sinal de uma Igreja mais coesa e unida, com um claro consenso sobre a necessidade de a\u00e7\u00e3o r\u00e1pida. <\/p>\n\n\n\n<p>Para outros, a rapidez pode levantar quest\u00f5es sobre a falta de debate interno profundo, um processo mais apressado que pode n\u00e3o considerar todas as implica\u00e7\u00f5es das decis\u00f5es que o novo Papa precisar\u00e1 tomar.<\/p>\n\n\n\n<p>Contudo, o conclave de 2025 reflete uma mudan\u00e7a nas din\u00e2micas da Igreja, com cardeais decidindo rapidamente qual ser\u00e1 o l\u00edder espiritual para os pr\u00f3ximos anos, talvez antecipando as complexas quest\u00f5es pol\u00edticas e sociais que a Igreja precisa enfrentar.<\/p>\n\n\n\n<p>O futuro da Igreja Cat\u00f3lica sob sua lideran\u00e7a depende das escolhas que ele far\u00e1 nos pr\u00f3ximos anos, mas, sem d\u00favida, a elei\u00e7\u00e3o desse novo Papa, no segundo dia do conclave, ser\u00e1 lembrada como um momento decisivo na hist\u00f3ria contempor\u00e2nea da Igreja.<\/p>\n","protected":false},"excerpt":{"rendered":"<p>A fuma\u00e7a branca que se ergueu da chamin\u00e9 da Capela Sistina nesta quinta-feira, 8 de maio de 2025, trouxe consigo um marco importante na hist\u00f3ria da Igreja Cat\u00f3lica. O novo Papa Le\u00e3o XIV foi eleito no segundo dia do conclave, tornando-se o terceiro pont\u00edfice na hist\u00f3ria recente a ser escolhido t\u00e3o rapidamente. Este evento marca [&hellip;]<\/p>\n","protected":false},"author":5,"featured_media":15804,"comment_status":"closed","ping_status":"closed","sticky":false,"template":"","format":"standard","meta":{"jnews-multi-image_gallery":[],"jnews_single_post":{"format":"standard"},"jnews_primary_category":[],"jnews_social_meta":[],"jnews_override_counter":[],"jnews_post_split":[],"footnotes":""},"categories":[83,84],"tags":[],"class_list":["post-15801","post","type-post","status-publish","format-standard","has-post-thumbnail","hentry","category-colunas","category-mais-tendencias"],"_referencia":"","_links":{"self":[{"href":"https:\/\/tribunademinas.com.br\/colunas\/maistendencias\/wp-json\/wp\/v2\/posts\/15801","targetHints":{"allow":["GET"]}}],"collection":[{"href":"https:\/\/tribunademinas.com.br\/colunas\/maistendencias\/wp-json\/wp\/v2\/posts"}],"about":[{"href":"https:\/\/tribunademinas.com.br\/colunas\/maistendencias\/wp-json\/wp\/v2\/types\/post"}],"author":[{"embeddable":true,"href":"https:\/\/tribunademinas.com.br\/colunas\/maistendencias\/wp-json\/wp\/v2\/users\/5"}],"replies":[{"embeddable":true,"href":"https:\/\/tribunademinas.com.br\/colunas\/maistendencias\/wp-json\/wp\/v2\/comments?post=15801"}],"version-history":[{"count":1,"href":"https:\/\/tribunademinas.com.br\/colunas\/maistendencias\/wp-json\/wp\/v2\/posts\/15801\/revisions"}],"predecessor-version":[{"id":15805,"href":"https:\/\/tribunademinas.com.br\/colunas\/maistendencias\/wp-json\/wp\/v2\/posts\/15801\/revisions\/15805"}],"wp:featuredmedia":[{"embeddable":true,"href":"https:\/\/tribunademinas.com.br\/colunas\/maistendencias\/wp-json\/wp\/v2\/media\/15804"}],"wp:attachment":[{"href":"https:\/\/tribunademinas.com.br\/colunas\/maistendencias\/wp-json\/wp\/v2\/media?parent=15801"}],"wp:term":[{"taxonomy":"category","embeddable":true,"href":"https:\/\/tribunademinas.com.br\/colunas\/maistendencias\/wp-json\/wp\/v2\/categories?post=15801"},{"taxonomy":"post_tag","embeddable":true,"href":"https:\/\/tribunademinas.com.br\/colunas\/maistendencias\/wp-json\/wp\/v2\/tags?post=15801"}],"curies":[{"name":"wp","href":"https:\/\/api.w.org\/{rel}","templated":true}]}}