{"id":15124,"date":"2025-05-07T08:00:00","date_gmt":"2025-05-07T11:00:00","guid":{"rendered":"https:\/\/tribunademinas.com.br\/colunas\/maistendencias\/?p=15124"},"modified":"2025-05-06T19:58:22","modified_gmt":"2025-05-06T22:58:22","slug":"curiosidades-sobre-o-dia-das-maes-que-poucos-conhecem","status":"publish","type":"post","link":"https:\/\/tribunademinas.com.br\/colunas\/maistendencias\/curiosidades-sobre-o-dia-das-maes-que-poucos-conhecem\/","title":{"rendered":"Curiosidades sobre o Dia das M\u00e3es que poucos conhecem"},"content":{"rendered":"\n<p>O Dia das M\u00e3es, celebrado neste ano em 11 de maio, \u00e9 uma das datas mais emocionantes do calend\u00e1rio em diversos pa\u00edses, inclusive no Brasil. Todos os anos, milh\u00f5es de pessoas prestam homenagens \u00e0s suas m\u00e3es com flores, cart\u00f5es, presentes e longas conversas por telefone.<\/p>\n\n\n\n<p>S\u00f3 no ano passado, segundo a empresa de telecomunica\u00e7\u00f5es Verizon, os consumidores norte-americanos usaram suas redes para fazer 5,6% mais liga\u00e7\u00f5es no Dia das M\u00e3es do que no Dia dos Pais, somando cerca de 137,5 milh\u00f5es de minutos a mais \u2014 o equivalente a 2,3 milh\u00f5es de horas em chamadas.<\/p>\n\n\n\n<h2 class=\"wp-block-heading\"><strong>Curiosidades sobre a cria\u00e7\u00e3o da data<\/strong><\/h2>\n\n\n\n<p>Embora o Dia das M\u00e3es tenha se consolidado como uma data popular e emocionalmente marcante, sua origem \u00e9 bastante pessoal. A idealizadora foi <a href=\"https:\/\/super.abril.com.br\/historia\/quem-foi-anna-jarvis-a-mulher-por-tras-do-dia-das-maes\/\" target=\"_blank\" rel=\"noopener\">Anna Jarvis<\/a>, da Virg\u00ednia Ocidental (EUA), que se inspirou na m\u00e3e, Ann Jarvis \u2014 organizadora de Clubes de Trabalho Materno durante a Guerra Civil, dedicados ao cuidado de soldados de ambos os lados e \u00e0 promo\u00e7\u00e3o da reconcilia\u00e7\u00e3o entre fam\u00edlias do Norte e do Sul.<\/p>\n\n\n\n<p>Ap\u00f3s a morte de Ann, em 1907, Anna promoveu uma reuni\u00e3o em sua homenagem e, no ano seguinte, realizou as primeiras celebra\u00e7\u00f5es formais em Grafton e na Filad\u00e9lfia. O segundo domingo de maio foi escolhido por marcar o falecimento da m\u00e3e, e Anna distribuiu 500 cravos brancos na igreja local \u2014 flor que se tornaria s\u00edmbolo da data, com cravos vermelhos representando m\u00e3es vivas e brancos, falecidas.<\/p>\n\n\n\n<p>Com o tempo, no entanto, Anna se voltou contra a pr\u00f3pria cria\u00e7\u00e3o. Indignada com a crescente comercializa\u00e7\u00e3o do feriado, denunciou publicamente o desvirtuamento da data e criticou at\u00e9 mesmo a primeira-dama Eleanor Roosevelt, por us\u00e1-la como campanha de arrecada\u00e7\u00e3o. Sua milit\u00e2ncia chegou ao ponto de ser presa ao protestar contra uma conven\u00e7\u00e3o de m\u00e3es veteranas de guerra.<\/p>\n\n\n\n<h3 class=\"wp-block-heading\"><strong>Dia das M\u00e3es no Brasil<\/strong><\/h3>\n\n\n\n<p>Com o passar dos anos, a celebra\u00e7\u00e3o do Dia das M\u00e3es ultrapassou as fronteiras dos Estados Unidos e chegou ao Brasil por iniciativa da Associa\u00e7\u00e3o Crist\u00e3 de Mo\u00e7os do Rio Grande do Sul. A primeira comemora\u00e7\u00e3o no pa\u00eds ocorreu em 12 de maio de 1918, em Porto Alegre, organizada por Frank Long, secret\u00e1rio-geral da entidade na \u00e9poca.<\/p>\n\n\n\n<p>Somente em 1932 a data foi oficializada em \u00e2mbito nacional, ap\u00f3s um pedido da Federa\u00e7\u00e3o Brasileira pelo Progresso Feminino ao ent\u00e3o presidente Get\u00falio Vargas \u2014 um reflexo do engajamento de mulheres que lutavam por mais reconhecimento social e pol\u00edtico.<\/p>\n\n\n\n<style>@media (min-width: 992px) {\n    .recomendadorV2Area1 {\n        width: 280px;\n    }\n    .recomendadorV2Area2 {\n        padding: 0px 20px;\n        width: calc(100% - 280px);\n    }\n}\n\n@media (max-width: 992px) {\n    .recomendadorV2Button {\n        margin: 0 auto;\n    }\n    .recomendadorV2Area {\n        flex-direction: column;\n        text-align: center;\n    }\n    .recomendadorV2Area2 {\n        padding: 0px 20px;\n    }\n}\n\n.recomendadorV2Area {\n    background: #eeeeee3d;\n    border-radius: 10px;\n    padding: 15px;\n    display: flex;\n    margin: 15px auto;\n    border: 1px solid #00000014;\n    max-width: 800px;\n}\n\n.recomendadorV2Area1 img {\n    width: 280px;\n    height: auto;\n    border-radius: 8px;\n}\n\n.linkrecomendadorv2 {\n    text-decoration: none !important;\n}\n\n.recomendadorV2Area2 .recomendadorV2Type {\n    text-transform: uppercase;\n    font-weight: 500;\n    font-size: 11px;\n    letter-spacing: 2px;\n    color: #666;\n    margin: 12px 0;\n    display: block;\n}\n\n.recomendadorV2Title h2 {\n    padding-top: 0px !important;\n    margin: 0px !important;\n    border-left: none !important;\n    padding-left: 0px !important;\n    line-height: 1.3;\n    color: #000 !important;\n    font-size: 24px;\n    margin-bottom: 12px !important;\n}\n\n.recomendadorV2Desc {\n    color: #333;\n    margin: 12px 0px !important;\n    font-size: 15px;\n    line-height: 1.5;\n}\n\n.recomendadorV2Button {\n    width: auto;\n    max-width: 200px;\n    margin: 0;\n    display: inline-flex;\n    align-items: center;\n    background: #1D3557;\n    border-radius: 8px;\n    color: #fff;\n    height: 36px;\n    justify-content: center;\n    text-align: center;\n    font-size: 14px;\n    padding: 0 20px;\n    transition: background-color 0.2s ease;\n}\n\n.recomendadorV2Button:hover {\n    background: #2a4d7a;\n}\n\n.recomendadorV2Button:after {\n    margin-top: -2px;\n    content: \"\u2192\";\n    padding: 0px 0px 0px 8px;\n}\n\n.recomendadorV2Alert {\n    text-align: left;\n    font-size: 11px;\n    margin-top: 8px;\n    color: #666;\n}\n\n.recomendadorFixedArea {\n    width: 100%;\n    display: flex;\n    justify-content: center;\n    align-items: center;\n}\n\n@media (min-width: 992px) {\n    #recomendadorFixed {\n        width: 32% !important;\n        left: 5%;\n    }\n    .recomendadorCloseFixed{\n        right: inherit !important;\n        left: 378px !important;\n    }\n}\n\n#recomendadorFixed {\n    width: 90%;\n    box-shadow: 0 10px 20px 0px #00000057;\n    display: none;\n    height: 90px;\n    background: #F6F6F6;\n    position: fixed;\n    flex-direction: row;\n    bottom: 10px;\n    z-index: 9999;\n    border-radius: 16px;\n    padding: 7px 10px;\n}\n\n.recomendadorLeftArea {\n    width: 160px;\n}\n\n.recomendadorRightArea h2 {\n    padding-top: 0px;\n    margin: 2px 0px 4px 0px !important;\n    font-weight: 400;\n    text-align: center;\n    padding-left: 0px !important;\n    color: #000 !important;\n    border-left: none !important;\n    line-height: 20px;\n    font-size: 12px !important;\n}\n\n.recomendadorImgFixed {\n    overflow: hidden;\n    padding: 8px 6px;\n    height: 100%;\n}\n\n.recomendadorImgFixed img {\n    height: 100% !important;\n    border-radius: 16px;\n}\n\n.recomendadorRightArea {\n    padding-top: 6px;\n    display: flex;\n    width: calc(100% - 130px);\n    justify-content: space-between;\n    align-items: center;\n    flex-direction: column;\n}\n\n.recomendadorButtonFixed {\n    margin: 0 auto;\n    background: #1D3557;\n    width: 80%;\n    text-align: center;\n    font-size: 10px;\n    color: #FFF;\n    padding: 2px 10px;\n    border-radius: 3px;\n}\n\n.recomendadorButtonFixed:after {\n    margin-top: -3px;\n    content: \"\u2192\";\n    padding: 0px 0px 0px 10px;\n}\n\n.recomendadorAlertFixed {\n    font-weight: 400;\n    text-align: center;\n    color: #484848;\n    font-size: 8px;\n}\n\n.recomendadorCloseFixed {\n    z-index: 99999;\n    display: none;\n    right: 0px;\n    left: inherit;\n    bottom: 99px;\n    position: fixed;\n    justify-content: center;\n    background: #F6F6F6;\n    width: 25px;\n    align-items: center;\n    height: 25px;\n    font-weight: 800;\n    border-radius: 50%;\n    border: 1px solid #EBEBEB;\n}\n\n.recomendadorV2Desc{\n    color: #000000;\n    margin: 20px 0px;\n}\n\n@media (max-width: 576px) {\n    .recomendadorV2Area {\n      padding: 10px;\n      max-width: 100%;\n    }\n  \n    .recomendadorV2Area1 img {\n      width: 100%;\n      border-radius: 6px;\n    }\n  \n    .recomendadorV2Area2 .recomendadorV2Type {\n      font-size: 9px;\n      letter-spacing: 1px;\n      margin: 8px 0;\n    }\n  \n    .recomendadorV2Title h2 {\n      font-size: 18px !important;\n      margin-bottom: 8px !important;\n      line-height: 1.2;\n    }\n  \n    .recomendadorV2Desc {\n      font-size: 14px;\n      margin: 8px 0 !important;\n      line-height: 1.4;\n    }\n  \n    .recomendadorV2Button {\n      font-size: 14px;\n      height: 40px;\n      padding: 0 12px;\n      max-width: 100%;\n      width: 100%;\n    }\n  \n    .recomendadorV2Button:after {\n      padding-left: 6px;\n    }\n  }\n  <\/style>\n        <div class=\"lazyblock-recomendador-v2-2jDGz wp-block-lazyblock-recomendador-v2\">\n        <a class=\"linkrecomendadorv2\" href=\"https:\/\/tribunademinas.com.br\/colunas\/maistendencias\/amamentacao-pode-reduzir-risco-de-hipertensao-no-futuro\/\">\n            <div class=\"recomendadorV2Area\">\n            <div class=\"recomendadorV2Area1\">\n                <div class=\"recomendadorV2Img\">\n                <img class=\"lazyloaded\" decoding=\"async\" src=\"https:\/\/tribunademinas.com.br\/colunas\/maistendencias\/wp-content\/uploads\/2025\/04\/000000-88.jpg\" data-src=\"https:\/\/tribunademinas.com.br\/colunas\/maistendencias\/wp-content\/uploads\/2025\/04\/000000-88.jpg\" alt=\"\">\n                <\/div>\n            <\/div>\n            <div class=\"recomendadorV2Area2\">\n                <div class=\"recomendadorV2Type\">\n                    <span> Bom para a m\u00e3e e o beb\u00ea<\/span>\n                <\/div>\n                <div class=\"recomendadorV2Title\">\n                <h2><span> Amamenta\u00e7\u00e3o pode reduzir risco de hipertens\u00e3o no futuro<\/span><\/h2>\n                <\/div>\n                <div class=\"recomendadorV2Desc\">\n                <span> Estudo da USP mostra que amamenta\u00e7\u00e3o influencia microbiota e pode reduzir risco de hipertens\u00e3o desde as primeiras semanas de vida<\/span>\n                <\/div>\n                <div class=\"recomendadorV2Button\"> entenda<\/div>\n                <div class=\"recomendadorV2Alert\"><\/div>\n            <\/div>\n            <\/div>\n        <\/a>\n        <div>\n            <div style=\"z-index:99999;\" id=\"buttonClose\" onclick=\"closeRecomendadorFixed()\">\n            <div class=\"recomendadorCloseFixed\">X<\/div>\n            <\/div>\n            <a href=\"https:\/\/tribunademinas.com.br\/colunas\/maistendencias\/amamentacao-pode-reduzir-risco-de-hipertensao-no-futuro\/\">\n            <div class=\"recomendadorFixedArea\">\n                <div id=\"recomendadorFixed\">\n                <div class=\"recomendadorLeftArea\">\n                    <div class=\"recomendadorImgFixed\">\n                    <img class=\"lazyload\" decoding=\"async\" src=\"https:\/\/tribunademinas.com.br\/colunas\/maistendencias\/wp-content\/uploads\/2025\/04\/000000-88.jpg\" alt=\"\">\n                    <\/div>\n                <\/div>\n                <div class=\"recomendadorRightArea\">\n                    <div class=\"recomendadorTitleFixed\">\n                    <h2><span> Amamenta\u00e7\u00e3o pode reduzir risco de hipertens\u00e3o no futuro<\/span><\/h2>\n                    <\/div>\n                    <div class=\"recomendadorButtonFixed\"> entenda<\/div>\n                    <div class=\"recomendadorAlertFixed\"><\/div>\n                <\/div>\n                <\/div>\n            <\/div>\n            <\/a>\n        <\/div>\n        <\/div>\n","protected":false},"excerpt":{"rendered":"<p>Por tr\u00e1s das flores e celebra\u00e7\u00f5es do Dia das M\u00e3es, esconde-se uma hist\u00f3ria pouco conhecida, marcada por amor, luta e contradi\u00e7\u00f5es; saiba mais<\/p>\n","protected":false},"author":3,"featured_media":15125,"comment_status":"closed","ping_status":"closed","sticky":false,"template":"","format":"standard","meta":{"jnews-multi-image_gallery":[],"jnews_single_post":{"format":"standard"},"jnews_primary_category":[],"jnews_social_meta":[],"jnews_override_counter":[],"jnews_post_split":[],"footnotes":""},"categories":[84,83],"tags":[],"class_list":["post-15124","post","type-post","status-publish","format-standard","has-post-thumbnail","hentry","category-mais-tendencias","category-colunas"],"_referencia":"","_links":{"self":[{"href":"https:\/\/tribunademinas.com.br\/colunas\/maistendencias\/wp-json\/wp\/v2\/posts\/15124","targetHints":{"allow":["GET"]}}],"collection":[{"href":"https:\/\/tribunademinas.com.br\/colunas\/maistendencias\/wp-json\/wp\/v2\/posts"}],"about":[{"href":"https:\/\/tribunademinas.com.br\/colunas\/maistendencias\/wp-json\/wp\/v2\/types\/post"}],"author":[{"embeddable":true,"href":"https:\/\/tribunademinas.com.br\/colunas\/maistendencias\/wp-json\/wp\/v2\/users\/3"}],"replies":[{"embeddable":true,"href":"https:\/\/tribunademinas.com.br\/colunas\/maistendencias\/wp-json\/wp\/v2\/comments?post=15124"}],"version-history":[{"count":1,"href":"https:\/\/tribunademinas.com.br\/colunas\/maistendencias\/wp-json\/wp\/v2\/posts\/15124\/revisions"}],"predecessor-version":[{"id":15126,"href":"https:\/\/tribunademinas.com.br\/colunas\/maistendencias\/wp-json\/wp\/v2\/posts\/15124\/revisions\/15126"}],"wp:featuredmedia":[{"embeddable":true,"href":"https:\/\/tribunademinas.com.br\/colunas\/maistendencias\/wp-json\/wp\/v2\/media\/15125"}],"wp:attachment":[{"href":"https:\/\/tribunademinas.com.br\/colunas\/maistendencias\/wp-json\/wp\/v2\/media?parent=15124"}],"wp:term":[{"taxonomy":"category","embeddable":true,"href":"https:\/\/tribunademinas.com.br\/colunas\/maistendencias\/wp-json\/wp\/v2\/categories?post=15124"},{"taxonomy":"post_tag","embeddable":true,"href":"https:\/\/tribunademinas.com.br\/colunas\/maistendencias\/wp-json\/wp\/v2\/tags?post=15124"}],"curies":[{"name":"wp","href":"https:\/\/api.w.org\/{rel}","templated":true}]}}