{"id":975,"date":"2025-09-04T08:45:00","date_gmt":"2025-09-04T11:45:00","guid":{"rendered":"https:\/\/tribunademinas.audiencelabs.com.br\/?p=975"},"modified":"2025-09-03T19:41:01","modified_gmt":"2025-09-03T22:41:01","slug":"fim-do-ciclo-de-atividades-no-itau-varios-fechamentos-confirmados","status":"publish","type":"post","link":"https:\/\/tribunademinas.audiencelabs.com.br\/fim-do-ciclo-de-atividades-no-itau-varios-fechamentos-confirmados\/","title":{"rendered":"Fim do ciclo de atividades no Ita\u00fa; v\u00e1rios fechamentos confirmados"},"content":{"rendered":"\n<p>O<strong><a href=\"https:\/\/www.itau.com.br\/\"> Ita\u00fa Unibanco, <\/a><\/strong>uma das maiores institui\u00e7\u00f5es financeiras do Brasil, confirmou o encerramento das atividades de diversas ag\u00eancias f\u00edsicas em v\u00e1rias regi\u00f5es do pa\u00eds. <\/p>\n\n\n\n<p>A medida, segundo o banco, n\u00e3o est\u00e1 relacionada a dificuldades financeiras, mas sim a uma estrat\u00e9gia para manter sua alta rentabilidade. <\/p>\n\n\n\n<p>Em busca de efici\u00eancia e controle de despesas, o banco vem fechando ag\u00eancias com baixo movimento, priorizando opera\u00e7\u00f5es digitais e otimizando custos operacionais.<\/p>\n\n\n\n<h2 class=\"wp-block-heading\">Fim do ciclo de atividades no Ita\u00fa; v\u00e1rios fechamentos confirmados<\/h2>\n\n\n\n<p>Apesar da redu\u00e7\u00e3o f\u00edsica na rede de atendimento, o Ita\u00fa continua apresentando resultados positivos. No segundo trimestre de 2025, o banco reportou um crescimento expressivo de 14,3% em seu lucro l\u00edquido, alcan\u00e7ando a marca de R$ 11,5 bilh\u00f5es. <\/p>\n\n\n\n<p>Os n\u00fameros refor\u00e7am que a institui\u00e7\u00e3o segue s\u00f3lida e em expans\u00e3o, mesmo em meio \u00e0s mudan\u00e7as em sua estrutura de atendimento ao p\u00fablico.<\/p>\n\n\n\n<p>Nos \u00faltimos anos, o banco j\u00e1 havia promovido uma s\u00e9rie de encerramentos de ag\u00eancias, processo que se intensificou com a consolida\u00e7\u00e3o dos canais digitais. O banco passou de 3.021 ag\u00eancias nos \u00faltimos anos para\u00a02.738 em 2025.<\/p>\n\n\n\n<p>Uma das unidades mais recentes a ter suas portas fechadas foi a l<a href=\"https:\/\/tribunademinas.com.br\/colunas\/maistendencias\/banco-itau-anuncia-fim-do-ciclo-e-das-atividades\/\"><strong>ocalizada na rua Presidente Jo\u00e3o Pessoa, no centro de Campina Grande, Para\u00edba<\/strong><\/a>. Por muito tempo, a ag\u00eancia serviu como ponto de refer\u00eancia no atendimento local, mas agora teve suas atividades descontinuadas como parte da reestrutura\u00e7\u00e3o nacional. <\/p>\n\n\n\n<p>Segundo o Ita\u00fa, os clientes da regi\u00e3o podem contar com outra ag\u00eancia na rua Sete de Setembro, al\u00e9m de manterem acesso a todos os servi\u00e7os por meio digital.<\/p>\n\n\n\n<p>O banco argumenta que a mudan\u00e7a no comportamento dos consumidores tem sido determinante. Com o avan\u00e7o da tecnologia e a prefer\u00eancia crescente por aplicativos e servi\u00e7os online, o fluxo presencial nas ag\u00eancias caiu significativamente. <\/p>\n\n\n\n<p>A partir disso, o Ita\u00fa viu a oportunidade de enxugar gastos sem comprometer a qualidade do atendimento.<\/p>\n\n\n\n<h3 class=\"wp-block-heading\">Ita\u00fa investe em novidades<\/h3>\n\n\n\n<p>Al\u00e9m do redesenho da rede f\u00edsica, o Ita\u00fa tem investido em inova\u00e7\u00e3o e recursos digitais. Uma das iniciativas recentes foi a libera\u00e7\u00e3o de transfer\u00eancias via Pix diretamente pelo WhatsApp, funcionalidade que reconhece comandos de texto e voz e oferece praticidade no dia a dia dos usu\u00e1rios. <\/p>\n\n\n\n<p>A medida refor\u00e7a o compromisso do banco com a moderniza\u00e7\u00e3o dos seus servi\u00e7os e mostra que o corte de ag\u00eancias \u00e9 parte de uma transi\u00e7\u00e3o planejada, e n\u00e3o de uma crise.<\/p>\n\n\n\n<p>Com essas mudan\u00e7as, o Ita\u00fa sinaliza que est\u00e1 reposicionando seu modelo de opera\u00e7\u00e3o para acompanhar o cen\u00e1rio digital, mantendo o foco na lucratividade e na experi\u00eancia do cliente.<\/p>\n","protected":false},"excerpt":{"rendered":"<p>O Ita\u00fa Unibanco, uma das maiores institui\u00e7\u00f5es financeiras do Brasil, confirmou o encerramento das atividades de diversas ag\u00eancias f\u00edsicas em v\u00e1rias regi\u00f5es do pa\u00eds. A medida, segundo o banco, n\u00e3o est\u00e1 relacionada a dificuldades financeiras, mas sim a uma estrat\u00e9gia para manter sua alta rentabilidade. Em busca de efici\u00eancia e controle de despesas, o banco [&hellip;]<\/p>\n","protected":false},"author":5,"featured_media":976,"comment_status":"open","ping_status":"open","sticky":false,"template":"","format":"standard","meta":{"jnews-multi-image_gallery":[],"jnews_single_post":{"format":"standard"},"jnews_primary_category":[],"jnews_social_meta":[],"jnews_post_split":[],"footnotes":""},"categories":[1],"tags":[],"class_list":["post-975","post","type-post","status-publish","format-standard","has-post-thumbnail","hentry","category-dinheiro"],"yoast_head":"<!-- This site is optimized with the Yoast SEO plugin v25.6 - https:\/\/yoast.com\/wordpress\/plugins\/seo\/ -->\n<title>Fim do ciclo de atividades no Ita\u00fa; v\u00e1rios fechamentos confirmados<\/title>\n<meta name=\"description\" content=\"O Ita\u00fa Unibanco, uma das maiores institui\u00e7\u00f5es financeiras do Brasil, confirmou o encerramento das atividades de diversas ag\u00eancias f\u00edsicas.\" \/>\n<meta name=\"robots\" content=\"index, follow, max-snippet:-1, max-image-preview:large, max-video-preview:-1\" \/>\n<link rel=\"canonical\" href=\"https:\/\/tribunademinas.audiencelabs.com.br\/fim-do-ciclo-de-atividades-no-itau-varios-fechamentos-confirmados\/\" \/>\n<meta property=\"og:locale\" content=\"pt_BR\" \/>\n<meta property=\"og:type\" content=\"article\" \/>\n<meta property=\"og:title\" content=\"Fim do ciclo de atividades no Ita\u00fa; v\u00e1rios fechamentos confirmados\" \/>\n<meta property=\"og:description\" content=\"O Ita\u00fa Unibanco, uma das maiores institui\u00e7\u00f5es financeiras do Brasil, confirmou o encerramento das atividades de diversas ag\u00eancias f\u00edsicas.\" \/>\n<meta property=\"og:url\" content=\"https:\/\/tribunademinas.audiencelabs.com.br\/fim-do-ciclo-de-atividades-no-itau-varios-fechamentos-confirmados\/\" \/>\n<meta property=\"og:site_name\" content=\"Tribuna de Minas - Dinheiro e Cidadania\" \/>\n<meta property=\"article:publisher\" content=\"https:\/\/www.facebook.com\/tribunademinas\/\" \/>\n<meta property=\"article:published_time\" content=\"2025-09-04T11:45:00+00:00\" \/>\n<meta property=\"og:image\" content=\"https:\/\/tribunademinas.audiencelabs.com.br\/wp-content\/uploads\/2025\/09\/Itau.jpg\" \/>\n\t<meta property=\"og:image:width\" content=\"1200\" \/>\n\t<meta property=\"og:image:height\" content=\"800\" \/>\n\t<meta property=\"og:image:type\" content=\"image\/jpeg\" \/>\n<meta name=\"author\" content=\"Jeferson Carvalho\" \/>\n<meta name=\"twitter:card\" content=\"summary_large_image\" \/>\n<meta name=\"twitter:creator\" content=\"@tribunademinas\" \/>\n<meta name=\"twitter:site\" content=\"@tribunademinas\" \/>\n<meta name=\"twitter:label1\" content=\"Escrito por\" \/>\n\t<meta name=\"twitter:data1\" content=\"Jeferson Carvalho\" \/>\n\t<meta name=\"twitter:label2\" content=\"Est. tempo de leitura\" \/>\n\t<meta name=\"twitter:data2\" content=\"3 minutos\" \/>\n<!-- \/ Yoast SEO plugin. -->","yoast_head_json":{"title":"Fim do ciclo de atividades no Ita\u00fa; v\u00e1rios fechamentos confirmados","description":"O Ita\u00fa Unibanco, uma das maiores institui\u00e7\u00f5es financeiras do Brasil, confirmou o encerramento das atividades de diversas ag\u00eancias f\u00edsicas.","robots":{"index":"index","follow":"follow","max-snippet":"max-snippet:-1","max-image-preview":"max-image-preview:large","max-video-preview":"max-video-preview:-1"},"canonical":"https:\/\/tribunademinas.audiencelabs.com.br\/fim-do-ciclo-de-atividades-no-itau-varios-fechamentos-confirmados\/","og_locale":"pt_BR","og_type":"article","og_title":"Fim do ciclo de atividades no Ita\u00fa; v\u00e1rios fechamentos confirmados","og_description":"O Ita\u00fa Unibanco, uma das maiores institui\u00e7\u00f5es financeiras do Brasil, confirmou o encerramento das atividades de diversas ag\u00eancias f\u00edsicas.","og_url":"https:\/\/tribunademinas.audiencelabs.com.br\/fim-do-ciclo-de-atividades-no-itau-varios-fechamentos-confirmados\/","og_site_name":"Tribuna de Minas - Dinheiro e Cidadania","article_publisher":"https:\/\/www.facebook.com\/tribunademinas\/","article_published_time":"2025-09-04T11:45:00+00:00","og_image":[{"width":1200,"height":800,"url":"https:\/\/tribunademinas.audiencelabs.com.br\/wp-content\/uploads\/2025\/09\/Itau.jpg","type":"image\/jpeg"}],"author":"Jeferson Carvalho","twitter_card":"summary_large_image","twitter_creator":"@tribunademinas","twitter_site":"@tribunademinas","twitter_misc":{"Escrito por":"Jeferson Carvalho","Est. tempo de leitura":"3 minutos"},"schema":{"@context":"https:\/\/schema.org","@graph":[{"@type":"Article","@id":"https:\/\/tribunademinas.audiencelabs.com.br\/fim-do-ciclo-de-atividades-no-itau-varios-fechamentos-confirmados\/#article","isPartOf":{"@id":"https:\/\/tribunademinas.audiencelabs.com.br\/fim-do-ciclo-de-atividades-no-itau-varios-fechamentos-confirmados\/"},"author":{"name":"Jeferson Carvalho","@id":"https:\/\/tribunademinas.audiencelabs.com.br\/#\/schema\/person\/db18fc40307804bacef94213aa68fd9d"},"headline":"Fim do ciclo de atividades no Ita\u00fa; v\u00e1rios fechamentos confirmados","datePublished":"2025-09-04T11:45:00+00:00","mainEntityOfPage":{"@id":"https:\/\/tribunademinas.audiencelabs.com.br\/fim-do-ciclo-de-atividades-no-itau-varios-fechamentos-confirmados\/"},"wordCount":475,"commentCount":0,"publisher":{"@id":"https:\/\/tribunademinas.audiencelabs.com.br\/#organization"},"image":{"@id":"https:\/\/tribunademinas.audiencelabs.com.br\/fim-do-ciclo-de-atividades-no-itau-varios-fechamentos-confirmados\/#primaryimage"},"thumbnailUrl":"https:\/\/tribunademinas.audiencelabs.com.br\/wp-content\/uploads\/2025\/09\/Itau.jpg","articleSection":["Dinheiro"],"inLanguage":"pt-BR","potentialAction":[{"@type":"CommentAction","name":"Comment","target":["https:\/\/tribunademinas.audiencelabs.com.br\/fim-do-ciclo-de-atividades-no-itau-varios-fechamentos-confirmados\/#respond"]}]},{"@type":"WebPage","@id":"https:\/\/tribunademinas.audiencelabs.com.br\/fim-do-ciclo-de-atividades-no-itau-varios-fechamentos-confirmados\/","url":"https:\/\/tribunademinas.audiencelabs.com.br\/fim-do-ciclo-de-atividades-no-itau-varios-fechamentos-confirmados\/","name":"Fim do ciclo de atividades no Ita\u00fa; v\u00e1rios fechamentos confirmados","isPartOf":{"@id":"https:\/\/tribunademinas.audiencelabs.com.br\/#website"},"primaryImageOfPage":{"@id":"https:\/\/tribunademinas.audiencelabs.com.br\/fim-do-ciclo-de-atividades-no-itau-varios-fechamentos-confirmados\/#primaryimage"},"image":{"@id":"https:\/\/tribunademinas.audiencelabs.com.br\/fim-do-ciclo-de-atividades-no-itau-varios-fechamentos-confirmados\/#primaryimage"},"thumbnailUrl":"https:\/\/tribunademinas.audiencelabs.com.br\/wp-content\/uploads\/2025\/09\/Itau.jpg","datePublished":"2025-09-04T11:45:00+00:00","description":"O Ita\u00fa Unibanco, uma das maiores institui\u00e7\u00f5es financeiras do Brasil, confirmou o encerramento das atividades de diversas ag\u00eancias f\u00edsicas.","breadcrumb":{"@id":"https:\/\/tribunademinas.audiencelabs.com.br\/fim-do-ciclo-de-atividades-no-itau-varios-fechamentos-confirmados\/#breadcrumb"},"inLanguage":"pt-BR","potentialAction":[{"@type":"ReadAction","target":["https:\/\/tribunademinas.audiencelabs.com.br\/fim-do-ciclo-de-atividades-no-itau-varios-fechamentos-confirmados\/"]}]},{"@type":"ImageObject","inLanguage":"pt-BR","@id":"https:\/\/tribunademinas.audiencelabs.com.br\/fim-do-ciclo-de-atividades-no-itau-varios-fechamentos-confirmados\/#primaryimage","url":"https:\/\/tribunademinas.audiencelabs.com.br\/wp-content\/uploads\/2025\/09\/Itau.jpg","contentUrl":"https:\/\/tribunademinas.audiencelabs.com.br\/wp-content\/uploads\/2025\/09\/Itau.jpg","width":1200,"height":800,"caption":"Fim do ciclo de atividades no Ita\u00fa; v\u00e1rios fechamentos confirmados - Imagem: Divulga\u00e7\u00e3o\/Ita\u00fa"},{"@type":"BreadcrumbList","@id":"https:\/\/tribunademinas.audiencelabs.com.br\/fim-do-ciclo-de-atividades-no-itau-varios-fechamentos-confirmados\/#breadcrumb","itemListElement":[{"@type":"ListItem","position":1,"name":"In\u00edcio","item":"https:\/\/tribunademinas.audiencelabs.com.br\/"},{"@type":"ListItem","position":2,"name":"Fim do ciclo de atividades no Ita\u00fa; v\u00e1rios fechamentos confirmados"}]},{"@type":"WebSite","@id":"https:\/\/tribunademinas.audiencelabs.com.br\/#website","url":"https:\/\/tribunademinas.audiencelabs.com.br\/","name":"Tribuna de Minas - Dinheiro e Cidadania","description":"","publisher":{"@id":"https:\/\/tribunademinas.audiencelabs.com.br\/#organization"},"potentialAction":[{"@type":"SearchAction","target":{"@type":"EntryPoint","urlTemplate":"https:\/\/tribunademinas.audiencelabs.com.br\/?s={search_term_string}"},"query-input":{"@type":"PropertyValueSpecification","valueRequired":true,"valueName":"search_term_string"}}],"inLanguage":"pt-BR"},{"@type":"Organization","@id":"https:\/\/tribunademinas.audiencelabs.com.br\/#organization","name":"Tribuna de Minas - Dinheiro e Cidadania","url":"https:\/\/tribunademinas.audiencelabs.com.br\/","logo":{"@type":"ImageObject","inLanguage":"pt-BR","@id":"https:\/\/tribunademinas.audiencelabs.com.br\/#\/schema\/logo\/image\/","url":"https:\/\/tribunademinas.audiencelabs.com.br\/wp-content\/uploads\/2025\/08\/cropped-Tribuna_512x512-96x96-1.png","contentUrl":"https:\/\/tribunademinas.audiencelabs.com.br\/wp-content\/uploads\/2025\/08\/cropped-Tribuna_512x512-96x96-1.png","width":96,"height":96,"caption":"Tribuna de Minas - Dinheiro e Cidadania"},"image":{"@id":"https:\/\/tribunademinas.audiencelabs.com.br\/#\/schema\/logo\/image\/"},"sameAs":["https:\/\/www.facebook.com\/tribunademinas\/","https:\/\/x.com\/tribunademinas","https:\/\/www.instagram.com\/tribunademinas\/","https:\/\/www.youtube.com\/user\/TribunadeMinasJF"]},{"@type":"Person","@id":"https:\/\/tribunademinas.audiencelabs.com.br\/#\/schema\/person\/db18fc40307804bacef94213aa68fd9d","name":"Jeferson Carvalho","image":{"@type":"ImageObject","inLanguage":"pt-BR","@id":"https:\/\/tribunademinas.audiencelabs.com.br\/#\/schema\/person\/image\/","url":"https:\/\/secure.gravatar.com\/avatar\/cd7646e328d9670dad7dea8698522e522745eeffcff5b9d08be858e377ce326b?s=96&d=mm&r=g","contentUrl":"https:\/\/secure.gravatar.com\/avatar\/cd7646e328d9670dad7dea8698522e522745eeffcff5b9d08be858e377ce326b?s=96&d=mm&r=g","caption":"Jeferson Carvalho"},"description":"Jornalista apaixonado pela profiss\u00e3o!","url":"https:\/\/tribunademinas.audiencelabs.com.br\/author\/jeferson\/"}]}},"amp_enabled":true,"_links":{"self":[{"href":"https:\/\/tribunademinas.audiencelabs.com.br\/wp-json\/wp\/v2\/posts\/975","targetHints":{"allow":["GET"]}}],"collection":[{"href":"https:\/\/tribunademinas.audiencelabs.com.br\/wp-json\/wp\/v2\/posts"}],"about":[{"href":"https:\/\/tribunademinas.audiencelabs.com.br\/wp-json\/wp\/v2\/types\/post"}],"author":[{"embeddable":true,"href":"https:\/\/tribunademinas.audiencelabs.com.br\/wp-json\/wp\/v2\/users\/5"}],"replies":[{"embeddable":true,"href":"https:\/\/tribunademinas.audiencelabs.com.br\/wp-json\/wp\/v2\/comments?post=975"}],"version-history":[{"count":1,"href":"https:\/\/tribunademinas.audiencelabs.com.br\/wp-json\/wp\/v2\/posts\/975\/revisions"}],"predecessor-version":[{"id":977,"href":"https:\/\/tribunademinas.audiencelabs.com.br\/wp-json\/wp\/v2\/posts\/975\/revisions\/977"}],"wp:featuredmedia":[{"embeddable":true,"href":"https:\/\/tribunademinas.audiencelabs.com.br\/wp-json\/wp\/v2\/media\/976"}],"wp:attachment":[{"href":"https:\/\/tribunademinas.audiencelabs.com.br\/wp-json\/wp\/v2\/media?parent=975"}],"wp:term":[{"taxonomy":"category","embeddable":true,"href":"https:\/\/tribunademinas.audiencelabs.com.br\/wp-json\/wp\/v2\/categories?post=975"},{"taxonomy":"post_tag","embeddable":true,"href":"https:\/\/tribunademinas.audiencelabs.com.br\/wp-json\/wp\/v2\/tags?post=975"}],"curies":[{"name":"wp","href":"https:\/\/api.w.org\/{rel}","templated":true}]}}