{"id":953,"date":"2025-09-04T18:00:00","date_gmt":"2025-09-04T21:00:00","guid":{"rendered":"https:\/\/tribunademinas.audiencelabs.com.br\/?p=953"},"modified":"2025-09-03T16:50:38","modified_gmt":"2025-09-03T19:50:38","slug":"inss-libera-aposentadoria-com-15-anos-de-contribuicao","status":"publish","type":"post","link":"https:\/\/tribunademinas.audiencelabs.com.br\/inss-libera-aposentadoria-com-15-anos-de-contribuicao\/","title":{"rendered":"INSS libera aposentadoria com 15 anos de contribui\u00e7\u00e3o"},"content":{"rendered":"\n<p>Devido ao risco a que exp\u00f5em seus profissionais durante a execu\u00e7\u00e3o, existem algumas fun\u00e7\u00f5es que permitem afastamento com um curto tempo de contribui\u00e7\u00e3o, contrariando inclusive as condi\u00e7\u00f5es definidas pela Reforma da Previd\u00eancia de 2019.<\/p>\n\n\n\n<p>Isso porque estas vagas se enquadram no regime de <strong>aposentadoria especial<\/strong>, estabelecido pela <strong>Lei n\u00ba 8.213\/1991<\/strong>. Apesar de tamb\u00e9m ter passado por algumas mudan\u00e7as depois de 2019, a modalidade continua sendo vantajosa.<\/p>\n\n\n\n<p>Ainda mais considerando que, em certos casos, os trabalhadores podem se aposentar ao comprovar <strong>apenas 15 anos de contribui\u00e7\u00e3o<\/strong>. No entanto, \u00e9 importante destacar que esse representa o per\u00edodo m\u00ednimo mais restrito para a aposentadoria especial.<\/p>\n\n\n\n<p>Afinal, apenas os <strong>trabalhadores de minera\u00e7\u00e3o subterr\u00e2nea<\/strong>, que est\u00e3o constantemente expostos a agentes nocivos e outros riscos podem se enquadrar nesta regra, desde que j\u00e1 tenham completado 55 anos de idade.<\/p>\n\n\n\n<p>J\u00e1 para outras profiss\u00f5es, as desvantagens tamb\u00e9m s\u00e3o poucas, j\u00e1 que podem se enquadrar nas <strong>regras de 20 ou 25 anos de contribui\u00e7\u00e3o<\/strong>, desde que tenham atingido, respectivamente, 58 e 60 anos de idade.<\/p>\n\n\n\n<h2 class=\"wp-block-heading\">Aposentadoria especial: profiss\u00f5es v\u00e1lidas<\/h2>\n\n\n\n<p>O regime de aposentadoria especial \u00e9 voltado exclusivamente para funcion\u00e1rios que exercem atividades com exposi\u00e7\u00e3o constante a agentes nocivos \u00e0 sa\u00fade, sendo eles elementos qu\u00edmicos, f\u00edsicos ou biol\u00f3gicos, ou correm risco de vida com frequ\u00eancia. E alguns exemplos de profiss\u00f5es que se enquadram nestes requisitos s\u00e3o:<\/p>\n\n\n\n<ul class=\"wp-block-list\">\n<li><strong>T\u00e9cnicos em radiologia: (20 anos)<\/strong><\/li>\n\n\n\n<li><strong>Eletricistas de alta tens\u00e3o (20 anos)<\/strong><\/li>\n\n\n\n<li><strong>Enfermeiros, t\u00e9cnicos e auxiliares de enfermagem (25 anos)<\/strong><\/li>\n\n\n\n<li><strong>M\u00e9dicos e dentistas (25 anos)<\/strong><\/li>\n\n\n\n<li><strong>Vigilantes armados (25 anos)<\/strong><\/li>\n\n\n\n<li><strong>Motoristas e cobradores de \u00f4nibus urbanos (25 anos)<\/strong><\/li>\n<\/ul>\n\n\n\n<h2 class=\"wp-block-heading\">Como solicitar a aposentadoria especial?<\/h2>\n\n\n\n<p>Apenas a descri\u00e7\u00e3o das fun\u00e7\u00f5es geralmente n\u00e3o \u00e9 suficiente para garantir o direito \u00e0 aposentadoria especial. Por isso, o trabalhador deve apresentar documentos t\u00e9cnicos que comprovem que o cargo exercido envolvia risco constante. S\u00e3o eles:<\/p>\n\n\n\n<ul class=\"wp-block-list\">\n<li><strong>PPP (Perfil Profissiogr\u00e1fico Previdenci\u00e1rio):<\/strong>\u00a0documento fornecido pela empresa que detalha o hist\u00f3rico funcional, descri\u00e7\u00e3o dos riscos ocupacionais e agentes nocivos presentes no ambiente de trabalho;<\/li>\n\n\n\n<li><strong>LTCAT (Laudo T\u00e9cnico de Condi\u00e7\u00f5es Ambientais de Trabalho):<\/strong>\u00a0relat\u00f3rio emitido por um engenheiro ou m\u00e9dico do trabalho que descreve os riscos envolvidos nas fun\u00e7\u00f5es exercidas.<\/li>\n<\/ul>\n\n\n\n<p>Ap\u00f3s reunir os documentos, basta acessar o portal ou aplicativo Meu INSS, selecionar a op\u00e7\u00e3o &#8216;Aposentadorias e Reformas&#8217; e preencher os dados solicitados. Com isso, resta apenas aguardar a an\u00e1lise do processo.<\/p>\n","protected":false},"excerpt":{"rendered":"<p>Devido ao risco a que exp\u00f5em seus profissionais durante a execu\u00e7\u00e3o, existem algumas fun\u00e7\u00f5es que permitem afastamento com um curto tempo de contribui\u00e7\u00e3o, contrariando inclusive as condi\u00e7\u00f5es definidas pela Reforma da Previd\u00eancia de 2019. Isso porque estas vagas se enquadram no regime de aposentadoria especial, estabelecido pela Lei n\u00ba 8.213\/1991. Apesar de tamb\u00e9m ter passado [&hellip;]<\/p>\n","protected":false},"author":3,"featured_media":954,"comment_status":"open","ping_status":"open","sticky":false,"template":"","format":"standard","meta":{"jnews-multi-image_gallery":[],"jnews_single_post":{"format":"standard"},"jnews_primary_category":[],"jnews_social_meta":[],"jnews_post_split":[],"footnotes":""},"categories":[159],"tags":[],"class_list":["post-953","post","type-post","status-publish","format-standard","has-post-thumbnail","hentry","category-cidadania"],"yoast_head":"<!-- This site is optimized with the Yoast SEO plugin v25.6 - https:\/\/yoast.com\/wordpress\/plugins\/seo\/ -->\n<title>INSS libera aposentadoria com 15 anos de contribui\u00e7\u00e3o<\/title>\n<meta name=\"robots\" content=\"index, follow, max-snippet:-1, max-image-preview:large, max-video-preview:-1\" \/>\n<link rel=\"canonical\" href=\"https:\/\/tribunademinas.audiencelabs.com.br\/inss-libera-aposentadoria-com-15-anos-de-contribuicao\/\" \/>\n<meta property=\"og:locale\" content=\"pt_BR\" \/>\n<meta property=\"og:type\" content=\"article\" \/>\n<meta property=\"og:title\" content=\"INSS libera aposentadoria com 15 anos de contribui\u00e7\u00e3o\" \/>\n<meta property=\"og:description\" content=\"Devido ao risco a que exp\u00f5em seus profissionais durante a execu\u00e7\u00e3o, existem algumas fun\u00e7\u00f5es que permitem afastamento com um curto tempo de contribui\u00e7\u00e3o, contrariando inclusive as condi\u00e7\u00f5es definidas pela Reforma da Previd\u00eancia de 2019. Isso porque estas vagas se enquadram no regime de aposentadoria especial, estabelecido pela Lei n\u00ba 8.213\/1991. Apesar de tamb\u00e9m ter passado [&hellip;]\" \/>\n<meta property=\"og:url\" content=\"https:\/\/tribunademinas.audiencelabs.com.br\/inss-libera-aposentadoria-com-15-anos-de-contribuicao\/\" \/>\n<meta property=\"og:site_name\" content=\"Tribuna de Minas - Dinheiro e Cidadania\" \/>\n<meta property=\"article:publisher\" content=\"https:\/\/www.facebook.com\/tribunademinas\/\" \/>\n<meta property=\"article:published_time\" content=\"2025-09-04T21:00:00+00:00\" \/>\n<meta property=\"og:image\" content=\"https:\/\/tribunademinas.audiencelabs.com.br\/wp-content\/uploads\/2025\/09\/inss-libera-aposentadoria-15-anos-contribuicao.jpg\" \/>\n\t<meta property=\"og:image:width\" content=\"1500\" \/>\n\t<meta property=\"og:image:height\" content=\"844\" \/>\n\t<meta property=\"og:image:type\" content=\"image\/jpeg\" \/>\n<meta name=\"author\" content=\"Jo\u00e3o Carlos Gomes\" \/>\n<meta name=\"twitter:card\" content=\"summary_large_image\" \/>\n<meta name=\"twitter:creator\" content=\"@tribunademinas\" \/>\n<meta name=\"twitter:site\" content=\"@tribunademinas\" \/>\n<meta name=\"twitter:label1\" content=\"Escrito por\" \/>\n\t<meta name=\"twitter:data1\" content=\"Jo\u00e3o Carlos Gomes\" \/>\n\t<meta name=\"twitter:label2\" content=\"Est. tempo de leitura\" \/>\n\t<meta name=\"twitter:data2\" content=\"3 minutos\" \/>\n<!-- \/ Yoast SEO plugin. -->","yoast_head_json":{"title":"INSS libera aposentadoria com 15 anos de contribui\u00e7\u00e3o","robots":{"index":"index","follow":"follow","max-snippet":"max-snippet:-1","max-image-preview":"max-image-preview:large","max-video-preview":"max-video-preview:-1"},"canonical":"https:\/\/tribunademinas.audiencelabs.com.br\/inss-libera-aposentadoria-com-15-anos-de-contribuicao\/","og_locale":"pt_BR","og_type":"article","og_title":"INSS libera aposentadoria com 15 anos de contribui\u00e7\u00e3o","og_description":"Devido ao risco a que exp\u00f5em seus profissionais durante a execu\u00e7\u00e3o, existem algumas fun\u00e7\u00f5es que permitem afastamento com um curto tempo de contribui\u00e7\u00e3o, contrariando inclusive as condi\u00e7\u00f5es definidas pela Reforma da Previd\u00eancia de 2019. Isso porque estas vagas se enquadram no regime de aposentadoria especial, estabelecido pela Lei n\u00ba 8.213\/1991. Apesar de tamb\u00e9m ter passado [&hellip;]","og_url":"https:\/\/tribunademinas.audiencelabs.com.br\/inss-libera-aposentadoria-com-15-anos-de-contribuicao\/","og_site_name":"Tribuna de Minas - Dinheiro e Cidadania","article_publisher":"https:\/\/www.facebook.com\/tribunademinas\/","article_published_time":"2025-09-04T21:00:00+00:00","og_image":[{"width":1500,"height":844,"url":"https:\/\/tribunademinas.audiencelabs.com.br\/wp-content\/uploads\/2025\/09\/inss-libera-aposentadoria-15-anos-contribuicao.jpg","type":"image\/jpeg"}],"author":"Jo\u00e3o Carlos Gomes","twitter_card":"summary_large_image","twitter_creator":"@tribunademinas","twitter_site":"@tribunademinas","twitter_misc":{"Escrito por":"Jo\u00e3o Carlos Gomes","Est. tempo de leitura":"3 minutos"},"schema":{"@context":"https:\/\/schema.org","@graph":[{"@type":"Article","@id":"https:\/\/tribunademinas.audiencelabs.com.br\/inss-libera-aposentadoria-com-15-anos-de-contribuicao\/#article","isPartOf":{"@id":"https:\/\/tribunademinas.audiencelabs.com.br\/inss-libera-aposentadoria-com-15-anos-de-contribuicao\/"},"author":{"name":"Jo\u00e3o Carlos Gomes","@id":"https:\/\/tribunademinas.audiencelabs.com.br\/#\/schema\/person\/37af466a64a722fadb8ef6841c52114f"},"headline":"INSS libera aposentadoria com 15 anos de contribui\u00e7\u00e3o","datePublished":"2025-09-04T21:00:00+00:00","mainEntityOfPage":{"@id":"https:\/\/tribunademinas.audiencelabs.com.br\/inss-libera-aposentadoria-com-15-anos-de-contribuicao\/"},"wordCount":413,"commentCount":0,"publisher":{"@id":"https:\/\/tribunademinas.audiencelabs.com.br\/#organization"},"image":{"@id":"https:\/\/tribunademinas.audiencelabs.com.br\/inss-libera-aposentadoria-com-15-anos-de-contribuicao\/#primaryimage"},"thumbnailUrl":"https:\/\/tribunademinas.audiencelabs.com.br\/wp-content\/uploads\/2025\/09\/inss-libera-aposentadoria-15-anos-contribuicao.jpg","articleSection":["Cidadania"],"inLanguage":"pt-BR","potentialAction":[{"@type":"CommentAction","name":"Comment","target":["https:\/\/tribunademinas.audiencelabs.com.br\/inss-libera-aposentadoria-com-15-anos-de-contribuicao\/#respond"]}]},{"@type":"WebPage","@id":"https:\/\/tribunademinas.audiencelabs.com.br\/inss-libera-aposentadoria-com-15-anos-de-contribuicao\/","url":"https:\/\/tribunademinas.audiencelabs.com.br\/inss-libera-aposentadoria-com-15-anos-de-contribuicao\/","name":"INSS libera aposentadoria com 15 anos de contribui\u00e7\u00e3o","isPartOf":{"@id":"https:\/\/tribunademinas.audiencelabs.com.br\/#website"},"primaryImageOfPage":{"@id":"https:\/\/tribunademinas.audiencelabs.com.br\/inss-libera-aposentadoria-com-15-anos-de-contribuicao\/#primaryimage"},"image":{"@id":"https:\/\/tribunademinas.audiencelabs.com.br\/inss-libera-aposentadoria-com-15-anos-de-contribuicao\/#primaryimage"},"thumbnailUrl":"https:\/\/tribunademinas.audiencelabs.com.br\/wp-content\/uploads\/2025\/09\/inss-libera-aposentadoria-15-anos-contribuicao.jpg","datePublished":"2025-09-04T21:00:00+00:00","breadcrumb":{"@id":"https:\/\/tribunademinas.audiencelabs.com.br\/inss-libera-aposentadoria-com-15-anos-de-contribuicao\/#breadcrumb"},"inLanguage":"pt-BR","potentialAction":[{"@type":"ReadAction","target":["https:\/\/tribunademinas.audiencelabs.com.br\/inss-libera-aposentadoria-com-15-anos-de-contribuicao\/"]}]},{"@type":"ImageObject","inLanguage":"pt-BR","@id":"https:\/\/tribunademinas.audiencelabs.com.br\/inss-libera-aposentadoria-com-15-anos-de-contribuicao\/#primaryimage","url":"https:\/\/tribunademinas.audiencelabs.com.br\/wp-content\/uploads\/2025\/09\/inss-libera-aposentadoria-15-anos-contribuicao.jpg","contentUrl":"https:\/\/tribunademinas.audiencelabs.com.br\/wp-content\/uploads\/2025\/09\/inss-libera-aposentadoria-15-anos-contribuicao.jpg","width":1500,"height":844,"caption":"Foto: wayhomestudio\/Freepik"},{"@type":"BreadcrumbList","@id":"https:\/\/tribunademinas.audiencelabs.com.br\/inss-libera-aposentadoria-com-15-anos-de-contribuicao\/#breadcrumb","itemListElement":[{"@type":"ListItem","position":1,"name":"In\u00edcio","item":"https:\/\/tribunademinas.audiencelabs.com.br\/"},{"@type":"ListItem","position":2,"name":"INSS libera aposentadoria com 15 anos de contribui\u00e7\u00e3o"}]},{"@type":"WebSite","@id":"https:\/\/tribunademinas.audiencelabs.com.br\/#website","url":"https:\/\/tribunademinas.audiencelabs.com.br\/","name":"Tribuna de Minas - Dinheiro e Cidadania","description":"","publisher":{"@id":"https:\/\/tribunademinas.audiencelabs.com.br\/#organization"},"potentialAction":[{"@type":"SearchAction","target":{"@type":"EntryPoint","urlTemplate":"https:\/\/tribunademinas.audiencelabs.com.br\/?s={search_term_string}"},"query-input":{"@type":"PropertyValueSpecification","valueRequired":true,"valueName":"search_term_string"}}],"inLanguage":"pt-BR"},{"@type":"Organization","@id":"https:\/\/tribunademinas.audiencelabs.com.br\/#organization","name":"Tribuna de Minas - Dinheiro e Cidadania","url":"https:\/\/tribunademinas.audiencelabs.com.br\/","logo":{"@type":"ImageObject","inLanguage":"pt-BR","@id":"https:\/\/tribunademinas.audiencelabs.com.br\/#\/schema\/logo\/image\/","url":"https:\/\/tribunademinas.audiencelabs.com.br\/wp-content\/uploads\/2025\/08\/cropped-Tribuna_512x512-96x96-1.png","contentUrl":"https:\/\/tribunademinas.audiencelabs.com.br\/wp-content\/uploads\/2025\/08\/cropped-Tribuna_512x512-96x96-1.png","width":96,"height":96,"caption":"Tribuna de Minas - Dinheiro e Cidadania"},"image":{"@id":"https:\/\/tribunademinas.audiencelabs.com.br\/#\/schema\/logo\/image\/"},"sameAs":["https:\/\/www.facebook.com\/tribunademinas\/","https:\/\/x.com\/tribunademinas","https:\/\/www.instagram.com\/tribunademinas\/","https:\/\/www.youtube.com\/user\/TribunadeMinasJF"]},{"@type":"Person","@id":"https:\/\/tribunademinas.audiencelabs.com.br\/#\/schema\/person\/37af466a64a722fadb8ef6841c52114f","name":"Jo\u00e3o Carlos Gomes","image":{"@type":"ImageObject","inLanguage":"pt-BR","@id":"https:\/\/tribunademinas.audiencelabs.com.br\/#\/schema\/person\/image\/","url":"https:\/\/secure.gravatar.com\/avatar\/4ce4672dbdd694b329cd6fdb51bee7d1409be1f0ff76a537e4c4a737b2c7d1a9?s=96&d=mm&r=g","contentUrl":"https:\/\/secure.gravatar.com\/avatar\/4ce4672dbdd694b329cd6fdb51bee7d1409be1f0ff76a537e4c4a737b2c7d1a9?s=96&d=mm&r=g","caption":"Jo\u00e3o Carlos Gomes"},"description":"Jornalista formado pelo Centro Universit\u00e1rio Carioca, apreciador da Bossa Nova ao Metal Extremo, criador de conte\u00fado e m\u00fasico independente nas horas vagas.","url":"https:\/\/tribunademinas.audiencelabs.com.br\/author\/joaoc-junior\/"}]}},"amp_enabled":true,"_links":{"self":[{"href":"https:\/\/tribunademinas.audiencelabs.com.br\/wp-json\/wp\/v2\/posts\/953","targetHints":{"allow":["GET"]}}],"collection":[{"href":"https:\/\/tribunademinas.audiencelabs.com.br\/wp-json\/wp\/v2\/posts"}],"about":[{"href":"https:\/\/tribunademinas.audiencelabs.com.br\/wp-json\/wp\/v2\/types\/post"}],"author":[{"embeddable":true,"href":"https:\/\/tribunademinas.audiencelabs.com.br\/wp-json\/wp\/v2\/users\/3"}],"replies":[{"embeddable":true,"href":"https:\/\/tribunademinas.audiencelabs.com.br\/wp-json\/wp\/v2\/comments?post=953"}],"version-history":[{"count":1,"href":"https:\/\/tribunademinas.audiencelabs.com.br\/wp-json\/wp\/v2\/posts\/953\/revisions"}],"predecessor-version":[{"id":958,"href":"https:\/\/tribunademinas.audiencelabs.com.br\/wp-json\/wp\/v2\/posts\/953\/revisions\/958"}],"wp:featuredmedia":[{"embeddable":true,"href":"https:\/\/tribunademinas.audiencelabs.com.br\/wp-json\/wp\/v2\/media\/954"}],"wp:attachment":[{"href":"https:\/\/tribunademinas.audiencelabs.com.br\/wp-json\/wp\/v2\/media?parent=953"}],"wp:term":[{"taxonomy":"category","embeddable":true,"href":"https:\/\/tribunademinas.audiencelabs.com.br\/wp-json\/wp\/v2\/categories?post=953"},{"taxonomy":"post_tag","embeddable":true,"href":"https:\/\/tribunademinas.audiencelabs.com.br\/wp-json\/wp\/v2\/tags?post=953"}],"curies":[{"name":"wp","href":"https:\/\/api.w.org\/{rel}","templated":true}]}}