{"id":933,"date":"2025-09-06T20:28:00","date_gmt":"2025-09-06T23:28:00","guid":{"rendered":"https:\/\/tribunademinas.audiencelabs.com.br\/?p=933"},"modified":"2025-09-02T20:42:11","modified_gmt":"2025-09-02T23:42:11","slug":"milionario-brasileiro-desiste-de-pegar-uber-na-suica-por-conta-do-valor","status":"publish","type":"post","link":"https:\/\/tribunademinas.audiencelabs.com.br\/milionario-brasileiro-desiste-de-pegar-uber-na-suica-por-conta-do-valor\/","title":{"rendered":"Milion\u00e1rio brasileiro desiste de pegar Uber na Su\u00ed\u00e7a por conta do valor"},"content":{"rendered":"\n<p>Um empres\u00e1rio brasileiro conhecido por falar sobre finan\u00e7as nas redes sociais surpreendeu seus seguidores ao revelar um epis\u00f3dio inusitado envolvendo um Uber durante uma viagem \u00e0 Su\u00ed\u00e7a. <\/p>\n\n\n\n<p>Casado com uma influenciadora de grande popularidade no Brasil, ele contou que desistiu de solicitar um carro por aplicativo ao se deparar com o pre\u00e7o cobrado para um trajeto curto. <\/p>\n\n\n\n<p>O epis\u00f3dio viralizou e mostrou que, mesmo entre os ricos e famosos, imprevistos e gastos inesperados podem fazer parte do roteiro, mesmo quando a hospedagem inclui hot\u00e9is de luxo com di\u00e1rias que superam a casa dos seis d\u00edgitos.<\/p>\n\n\n\n<h2 class=\"wp-block-heading\">Milion\u00e1rio brasileiro desiste de pegar Uber na Su\u00ed\u00e7a por conta do valor<\/h2>\n\n\n\n<p>O protagonista da hist\u00f3ria \u00e9 Thiago Nigro, conhecido como \u201cPrimo Rico\u201d. Ele e sua esposa, a ex-BBB Ma\u00edra Cardi, est\u00e3o curtindo uma temporada na Europa e se hospedaram no B\u00fcrgenstock Resort Lake Lucerne, um resort exclusivo na regi\u00e3o de Lucerna, na Su\u00ed\u00e7a. <\/p>\n\n\n\n<p>Apesar do cen\u00e1rio sofisticado, Nigro compartilhou nos stories do Instagram que abriu o<a href=\"https:\/\/www.uber.com\/br\/pt-br\/\"><strong> aplicativo <\/strong><\/a>da Uber para solicitar um carro para um deslocamento de apenas dois quil\u00f4metros e foi surpreendido: o valor da corrida, convertido para reais, ultrapassava R$ 380.<\/p>\n\n\n\n<p>\u201c<em>55 francos por dois quil\u00f4metros? T\u00e1 maluco<\/em>\u201d, comentou ele ao mostrar a tela do aplicativo. <\/p>\n\n\n\n<p>A rea\u00e7\u00e3o, que mistura surpresa e indigna\u00e7\u00e3o, chamou a aten\u00e7\u00e3o de internautas e gerou discuss\u00f5es sobre os custos de mobilidade em pa\u00edses com moeda forte e custo de vida elevado.<\/p>\n\n\n\n<h3 class=\"wp-block-heading\">No Brasil, Uber pode cobrar mais de R$ 300 por descumprimento de regra<\/h3>\n\n\n\n<p>Enquanto os famosos se espantam com os pre\u00e7os na Europa, por aqui, no Brasil, usu\u00e1rios do Uber tamb\u00e9m enfrentam situa\u00e7\u00f5es inesperadas, e uma delas envolve taxas extras que nem sempre s\u00e3o conhecidas por todos. <\/p>\n\n\n\n<p>A plataforma prev\u00ea a cobran\u00e7a de uma \u201ctaxa de limpeza\u201d que <a href=\"https:\/\/tribunademinas.com.br\/colunas\/maistendencias\/voce-vai-pagar-multa-de-r-350-ao-uber-sem-saber-o-motivo\/\"><strong>pode chegar a R$ 350<\/strong><\/a> em casos mais graves, como v\u00f4mito ou urina no ve\u00edculo. <\/p>\n\n\n\n<p>Mesmo pequenos incidentes, como sujeira com alimentos ou l\u00edquidos derramados, podem gerar cobran\u00e7as que variam entre R$ 50 e R$ 200.<\/p>\n\n\n\n<p>Esses valores s\u00e3o cobrados diretamente do passageiro, com base em fotos e relat\u00f3rios enviados pelo motorista. A pr\u00e1tica \u00e9 permitida pelas regras da empresa e costuma causar espanto entre os passageiros que n\u00e3o estavam cientes da pol\u00edtica.<\/p>\n\n\n\n<p>Ou seja, seja em resorts su\u00ed\u00e7os ou em ruas brasileiras, os imprevistos, e os gastos, seguem presentes na vida de quem depende de transporte por aplicativo.<\/p>\n\n\n\n<p><\/p>\n","protected":false},"excerpt":{"rendered":"<p>Um empres\u00e1rio brasileiro conhecido por falar sobre finan\u00e7as nas redes sociais surpreendeu seus seguidores ao revelar um epis\u00f3dio inusitado envolvendo um Uber durante uma viagem \u00e0 Su\u00ed\u00e7a. Casado com uma influenciadora de grande popularidade no Brasil, ele contou que desistiu de solicitar um carro por aplicativo ao se deparar com o pre\u00e7o cobrado para um [&hellip;]<\/p>\n","protected":false},"author":5,"featured_media":934,"comment_status":"open","ping_status":"open","sticky":false,"template":"","format":"standard","meta":{"jnews-multi-image_gallery":[],"jnews_single_post":{"format":"standard"},"jnews_primary_category":[],"jnews_social_meta":[],"jnews_post_split":[],"footnotes":""},"categories":[1],"tags":[],"class_list":["post-933","post","type-post","status-publish","format-standard","has-post-thumbnail","hentry","category-dinheiro"],"yoast_head":"<!-- This site is optimized with the Yoast SEO plugin v25.6 - https:\/\/yoast.com\/wordpress\/plugins\/seo\/ -->\n<title>Milion\u00e1rio brasileiro desiste de pegar Uber na Su\u00ed\u00e7a por conta do valor<\/title>\n<meta name=\"description\" content=\"Um empres\u00e1rio brasileiro conhecido por falar sobre finan\u00e7as nas redes sociais surpreendeu seus seguidores ao revelar valor cobrado por Uber.\" \/>\n<meta name=\"robots\" content=\"index, follow, max-snippet:-1, max-image-preview:large, max-video-preview:-1\" \/>\n<link rel=\"canonical\" href=\"https:\/\/tribunademinas.audiencelabs.com.br\/milionario-brasileiro-desiste-de-pegar-uber-na-suica-por-conta-do-valor\/\" \/>\n<meta property=\"og:locale\" content=\"pt_BR\" \/>\n<meta property=\"og:type\" content=\"article\" \/>\n<meta property=\"og:title\" content=\"Milion\u00e1rio brasileiro desiste de pegar Uber na Su\u00ed\u00e7a por conta do valor\" \/>\n<meta property=\"og:description\" content=\"Um empres\u00e1rio brasileiro conhecido por falar sobre finan\u00e7as nas redes sociais surpreendeu seus seguidores ao revelar valor cobrado por Uber.\" \/>\n<meta property=\"og:url\" content=\"https:\/\/tribunademinas.audiencelabs.com.br\/milionario-brasileiro-desiste-de-pegar-uber-na-suica-por-conta-do-valor\/\" \/>\n<meta property=\"og:site_name\" content=\"Tribuna de Minas - Dinheiro e Cidadania\" \/>\n<meta property=\"article:publisher\" content=\"https:\/\/www.facebook.com\/tribunademinas\/\" \/>\n<meta property=\"article:published_time\" content=\"2025-09-06T23:28:00+00:00\" \/>\n<meta property=\"og:image\" content=\"https:\/\/tribunademinas.audiencelabs.com.br\/wp-content\/uploads\/2025\/09\/Uber.jpeg\" \/>\n\t<meta property=\"og:image:width\" content=\"1200\" \/>\n\t<meta property=\"og:image:height\" content=\"640\" \/>\n\t<meta property=\"og:image:type\" content=\"image\/jpeg\" \/>\n<meta name=\"author\" content=\"Jeferson Carvalho\" \/>\n<meta name=\"twitter:card\" content=\"summary_large_image\" \/>\n<meta name=\"twitter:creator\" content=\"@tribunademinas\" \/>\n<meta name=\"twitter:site\" content=\"@tribunademinas\" \/>\n<meta name=\"twitter:label1\" content=\"Escrito por\" \/>\n\t<meta name=\"twitter:data1\" content=\"Jeferson Carvalho\" \/>\n\t<meta name=\"twitter:label2\" content=\"Est. tempo de leitura\" \/>\n\t<meta name=\"twitter:data2\" content=\"3 minutos\" \/>\n<!-- \/ Yoast SEO plugin. -->","yoast_head_json":{"title":"Milion\u00e1rio brasileiro desiste de pegar Uber na Su\u00ed\u00e7a por conta do valor","description":"Um empres\u00e1rio brasileiro conhecido por falar sobre finan\u00e7as nas redes sociais surpreendeu seus seguidores ao revelar valor cobrado por Uber.","robots":{"index":"index","follow":"follow","max-snippet":"max-snippet:-1","max-image-preview":"max-image-preview:large","max-video-preview":"max-video-preview:-1"},"canonical":"https:\/\/tribunademinas.audiencelabs.com.br\/milionario-brasileiro-desiste-de-pegar-uber-na-suica-por-conta-do-valor\/","og_locale":"pt_BR","og_type":"article","og_title":"Milion\u00e1rio brasileiro desiste de pegar Uber na Su\u00ed\u00e7a por conta do valor","og_description":"Um empres\u00e1rio brasileiro conhecido por falar sobre finan\u00e7as nas redes sociais surpreendeu seus seguidores ao revelar valor cobrado por Uber.","og_url":"https:\/\/tribunademinas.audiencelabs.com.br\/milionario-brasileiro-desiste-de-pegar-uber-na-suica-por-conta-do-valor\/","og_site_name":"Tribuna de Minas - Dinheiro e Cidadania","article_publisher":"https:\/\/www.facebook.com\/tribunademinas\/","article_published_time":"2025-09-06T23:28:00+00:00","og_image":[{"width":1200,"height":640,"url":"https:\/\/tribunademinas.audiencelabs.com.br\/wp-content\/uploads\/2025\/09\/Uber.jpeg","type":"image\/jpeg"}],"author":"Jeferson Carvalho","twitter_card":"summary_large_image","twitter_creator":"@tribunademinas","twitter_site":"@tribunademinas","twitter_misc":{"Escrito por":"Jeferson Carvalho","Est. tempo de leitura":"3 minutos"},"schema":{"@context":"https:\/\/schema.org","@graph":[{"@type":"Article","@id":"https:\/\/tribunademinas.audiencelabs.com.br\/milionario-brasileiro-desiste-de-pegar-uber-na-suica-por-conta-do-valor\/#article","isPartOf":{"@id":"https:\/\/tribunademinas.audiencelabs.com.br\/milionario-brasileiro-desiste-de-pegar-uber-na-suica-por-conta-do-valor\/"},"author":{"name":"Jeferson Carvalho","@id":"https:\/\/tribunademinas.audiencelabs.com.br\/#\/schema\/person\/db18fc40307804bacef94213aa68fd9d"},"headline":"Milion\u00e1rio brasileiro desiste de pegar Uber na Su\u00ed\u00e7a por conta do valor","datePublished":"2025-09-06T23:28:00+00:00","mainEntityOfPage":{"@id":"https:\/\/tribunademinas.audiencelabs.com.br\/milionario-brasileiro-desiste-de-pegar-uber-na-suica-por-conta-do-valor\/"},"wordCount":437,"commentCount":0,"publisher":{"@id":"https:\/\/tribunademinas.audiencelabs.com.br\/#organization"},"image":{"@id":"https:\/\/tribunademinas.audiencelabs.com.br\/milionario-brasileiro-desiste-de-pegar-uber-na-suica-por-conta-do-valor\/#primaryimage"},"thumbnailUrl":"https:\/\/tribunademinas.audiencelabs.com.br\/wp-content\/uploads\/2025\/09\/Uber.jpeg","articleSection":["Dinheiro"],"inLanguage":"pt-BR","potentialAction":[{"@type":"CommentAction","name":"Comment","target":["https:\/\/tribunademinas.audiencelabs.com.br\/milionario-brasileiro-desiste-de-pegar-uber-na-suica-por-conta-do-valor\/#respond"]}]},{"@type":"WebPage","@id":"https:\/\/tribunademinas.audiencelabs.com.br\/milionario-brasileiro-desiste-de-pegar-uber-na-suica-por-conta-do-valor\/","url":"https:\/\/tribunademinas.audiencelabs.com.br\/milionario-brasileiro-desiste-de-pegar-uber-na-suica-por-conta-do-valor\/","name":"Milion\u00e1rio brasileiro desiste de pegar Uber na Su\u00ed\u00e7a por conta do valor","isPartOf":{"@id":"https:\/\/tribunademinas.audiencelabs.com.br\/#website"},"primaryImageOfPage":{"@id":"https:\/\/tribunademinas.audiencelabs.com.br\/milionario-brasileiro-desiste-de-pegar-uber-na-suica-por-conta-do-valor\/#primaryimage"},"image":{"@id":"https:\/\/tribunademinas.audiencelabs.com.br\/milionario-brasileiro-desiste-de-pegar-uber-na-suica-por-conta-do-valor\/#primaryimage"},"thumbnailUrl":"https:\/\/tribunademinas.audiencelabs.com.br\/wp-content\/uploads\/2025\/09\/Uber.jpeg","datePublished":"2025-09-06T23:28:00+00:00","description":"Um empres\u00e1rio brasileiro conhecido por falar sobre finan\u00e7as nas redes sociais surpreendeu seus seguidores ao revelar valor cobrado por Uber.","breadcrumb":{"@id":"https:\/\/tribunademinas.audiencelabs.com.br\/milionario-brasileiro-desiste-de-pegar-uber-na-suica-por-conta-do-valor\/#breadcrumb"},"inLanguage":"pt-BR","potentialAction":[{"@type":"ReadAction","target":["https:\/\/tribunademinas.audiencelabs.com.br\/milionario-brasileiro-desiste-de-pegar-uber-na-suica-por-conta-do-valor\/"]}]},{"@type":"ImageObject","inLanguage":"pt-BR","@id":"https:\/\/tribunademinas.audiencelabs.com.br\/milionario-brasileiro-desiste-de-pegar-uber-na-suica-por-conta-do-valor\/#primaryimage","url":"https:\/\/tribunademinas.audiencelabs.com.br\/wp-content\/uploads\/2025\/09\/Uber.jpeg","contentUrl":"https:\/\/tribunademinas.audiencelabs.com.br\/wp-content\/uploads\/2025\/09\/Uber.jpeg","width":1200,"height":640,"caption":"Milion\u00e1rio brasileiro desiste de pegar Uber na Su\u00ed\u00e7a por conta do valor - Imagem: Divulga\u00e7\u00e3o\/Uber"},{"@type":"BreadcrumbList","@id":"https:\/\/tribunademinas.audiencelabs.com.br\/milionario-brasileiro-desiste-de-pegar-uber-na-suica-por-conta-do-valor\/#breadcrumb","itemListElement":[{"@type":"ListItem","position":1,"name":"In\u00edcio","item":"https:\/\/tribunademinas.audiencelabs.com.br\/"},{"@type":"ListItem","position":2,"name":"Milion\u00e1rio brasileiro desiste de pegar Uber na Su\u00ed\u00e7a por conta do valor"}]},{"@type":"WebSite","@id":"https:\/\/tribunademinas.audiencelabs.com.br\/#website","url":"https:\/\/tribunademinas.audiencelabs.com.br\/","name":"Tribuna de Minas - Dinheiro e Cidadania","description":"","publisher":{"@id":"https:\/\/tribunademinas.audiencelabs.com.br\/#organization"},"potentialAction":[{"@type":"SearchAction","target":{"@type":"EntryPoint","urlTemplate":"https:\/\/tribunademinas.audiencelabs.com.br\/?s={search_term_string}"},"query-input":{"@type":"PropertyValueSpecification","valueRequired":true,"valueName":"search_term_string"}}],"inLanguage":"pt-BR"},{"@type":"Organization","@id":"https:\/\/tribunademinas.audiencelabs.com.br\/#organization","name":"Tribuna de Minas - Dinheiro e Cidadania","url":"https:\/\/tribunademinas.audiencelabs.com.br\/","logo":{"@type":"ImageObject","inLanguage":"pt-BR","@id":"https:\/\/tribunademinas.audiencelabs.com.br\/#\/schema\/logo\/image\/","url":"https:\/\/tribunademinas.audiencelabs.com.br\/wp-content\/uploads\/2025\/08\/cropped-Tribuna_512x512-96x96-1.png","contentUrl":"https:\/\/tribunademinas.audiencelabs.com.br\/wp-content\/uploads\/2025\/08\/cropped-Tribuna_512x512-96x96-1.png","width":96,"height":96,"caption":"Tribuna de Minas - Dinheiro e Cidadania"},"image":{"@id":"https:\/\/tribunademinas.audiencelabs.com.br\/#\/schema\/logo\/image\/"},"sameAs":["https:\/\/www.facebook.com\/tribunademinas\/","https:\/\/x.com\/tribunademinas","https:\/\/www.instagram.com\/tribunademinas\/","https:\/\/www.youtube.com\/user\/TribunadeMinasJF"]},{"@type":"Person","@id":"https:\/\/tribunademinas.audiencelabs.com.br\/#\/schema\/person\/db18fc40307804bacef94213aa68fd9d","name":"Jeferson Carvalho","image":{"@type":"ImageObject","inLanguage":"pt-BR","@id":"https:\/\/tribunademinas.audiencelabs.com.br\/#\/schema\/person\/image\/","url":"https:\/\/secure.gravatar.com\/avatar\/cd7646e328d9670dad7dea8698522e522745eeffcff5b9d08be858e377ce326b?s=96&d=mm&r=g","contentUrl":"https:\/\/secure.gravatar.com\/avatar\/cd7646e328d9670dad7dea8698522e522745eeffcff5b9d08be858e377ce326b?s=96&d=mm&r=g","caption":"Jeferson Carvalho"},"description":"Jornalista apaixonado pela profiss\u00e3o!","url":"https:\/\/tribunademinas.audiencelabs.com.br\/author\/jeferson\/"}]}},"amp_enabled":true,"_links":{"self":[{"href":"https:\/\/tribunademinas.audiencelabs.com.br\/wp-json\/wp\/v2\/posts\/933","targetHints":{"allow":["GET"]}}],"collection":[{"href":"https:\/\/tribunademinas.audiencelabs.com.br\/wp-json\/wp\/v2\/posts"}],"about":[{"href":"https:\/\/tribunademinas.audiencelabs.com.br\/wp-json\/wp\/v2\/types\/post"}],"author":[{"embeddable":true,"href":"https:\/\/tribunademinas.audiencelabs.com.br\/wp-json\/wp\/v2\/users\/5"}],"replies":[{"embeddable":true,"href":"https:\/\/tribunademinas.audiencelabs.com.br\/wp-json\/wp\/v2\/comments?post=933"}],"version-history":[{"count":1,"href":"https:\/\/tribunademinas.audiencelabs.com.br\/wp-json\/wp\/v2\/posts\/933\/revisions"}],"predecessor-version":[{"id":935,"href":"https:\/\/tribunademinas.audiencelabs.com.br\/wp-json\/wp\/v2\/posts\/933\/revisions\/935"}],"wp:featuredmedia":[{"embeddable":true,"href":"https:\/\/tribunademinas.audiencelabs.com.br\/wp-json\/wp\/v2\/media\/934"}],"wp:attachment":[{"href":"https:\/\/tribunademinas.audiencelabs.com.br\/wp-json\/wp\/v2\/media?parent=933"}],"wp:term":[{"taxonomy":"category","embeddable":true,"href":"https:\/\/tribunademinas.audiencelabs.com.br\/wp-json\/wp\/v2\/categories?post=933"},{"taxonomy":"post_tag","embeddable":true,"href":"https:\/\/tribunademinas.audiencelabs.com.br\/wp-json\/wp\/v2\/tags?post=933"}],"curies":[{"name":"wp","href":"https:\/\/api.w.org\/{rel}","templated":true}]}}