{"id":899,"date":"2025-09-02T16:51:40","date_gmt":"2025-09-02T19:51:40","guid":{"rendered":"https:\/\/tribunademinas.audiencelabs.com.br\/?p=899"},"modified":"2025-09-02T16:51:46","modified_gmt":"2025-09-02T19:51:46","slug":"cuidado-saiba-quais-as-padarias-que-foram-citadas-em-lavagem-de-dinheiro-do-pcc","status":"publish","type":"post","link":"https:\/\/tribunademinas.audiencelabs.com.br\/cuidado-saiba-quais-as-padarias-que-foram-citadas-em-lavagem-de-dinheiro-do-pcc\/","title":{"rendered":"Cuidado! Saiba quais as padarias que foram citadas em lavagem de dinheiro do PCC"},"content":{"rendered":"\n<p>A <a href=\"https:\/\/www.gov.br\/pf\/pt-br\"><strong>Pol\u00edcia Federal<\/strong><\/a> deflagrou no \u00faltimo dia 28 de agosto contra o PCC a Opera\u00e7\u00e3o Carbono Oculto, uma a\u00e7\u00e3o de grande escala que cumpriu mandados de pris\u00e3o e busca contra empresas dos setores de combust\u00edveis, mercado financeiro, e at\u00e9 neg\u00f3cios do cotidiano, como padarias e lojas de conveni\u00eancia. <\/p>\n\n\n\n<p>Todas essas empresas s\u00e3o suspeitas de integrar uma estrutura complexa de lavagem de dinheiro atribu\u00edda \u00e0 fac\u00e7\u00e3o criminosa <a href=\"https:\/\/tribunademinas.com.br\/colunas\/maistendencias\/pcc-e-cv-nao-devem-ser-classificados-como-terroristas-pelos-eua\/\"><strong>Primeiro Comando da Capital<\/strong><\/a>. <\/p>\n\n\n\n<p>Agora que a lista de estabelecimentos investigados veio a p\u00fablico, moradores da capital paulista se surpreendem ao descobrir que padarias famosas da cidade aparecem entre as citadas.<\/p>\n\n\n\n<h2 class=\"wp-block-heading\">Cuidado! Saiba quais as padarias que foram citadas em lavagem de dinheiro do PCC<\/h2>\n\n\n\n<p>A investiga\u00e7\u00e3o aponta que o grupo criminoso utilizava empresas formalmente registradas e com apar\u00eancia leg\u00edtima para movimentar grandes volumes de dinheiro il\u00edcito. O esquema envolvia, principalmente, postos de combust\u00edveis e fintechs, que recebiam dinheiro em esp\u00e9cie oriundo de atividades ilegais. <\/p>\n\n\n\n<p>Esses valores eram registrados como se fossem parte do faturamento leg\u00edtimo dos estabelecimentos, criando uma falsa legalidade. <\/p>\n\n\n\n<p>Uma parte significativa desses recursos era ent\u00e3o transferida para contas controladas por empresas do setor financeiro, onde seguiam para fundos de investimento usados como fachada, dificultando o rastreamento pelas autoridades.<\/p>\n\n\n\n<p>Entre os neg\u00f3cios que chamaram aten\u00e7\u00e3o por seu perfil mais discreto estavam duas padarias tradicionais da cidade de S\u00e3o Paulo: a <strong>Padaria Salamanca<\/strong>, localizada na zona sul, e a <strong>Iracema P\u00e3es e Doces<\/strong>, no centro da capital. <\/p>\n\n\n\n<p>Apesar de manterem apar\u00eancia de padarias comuns, frequentadas por moradores da vizinhan\u00e7a e com funcionamento normal mesmo ap\u00f3s a opera\u00e7\u00e3o, ambas foram citadas em documentos oficiais como parte da rede de empresas que ajudava o PCC a ocultar patrim\u00f4nio.<\/p>\n\n\n\n<h3 class=\"wp-block-heading\">PCC diversificava os neg\u00f3cios, diz investiga\u00e7\u00e3o<\/h3>\n\n\n\n<p>Segundo os investigadores, o uso de padarias como essas fazia parte de uma estrat\u00e9gia de diversifica\u00e7\u00e3o: neg\u00f3cios populares e com fluxo constante de caixa, como confeitarias, bares e lojas de conveni\u00eancia, facilitam a inser\u00e7\u00e3o de dinheiro il\u00edcito entre receitas reais. <\/p>\n\n\n\n<p>Ao n\u00e3o levantar suspeitas, esse tipo de com\u00e9rcio era ideal para &#8220;esquentar&#8221; o dinheiro vindo do crime organizado, diluindo os valores dentro de atividades cotidianas e socialmente aceitas.<\/p>\n\n\n\n<p>At\u00e9 o momento, nenhuma medida cautelar direta foi tomada contra as padarias, que seguem abertas. No entanto, o caso levanta um alerta: mesmo os neg\u00f3cios mais comuns do nosso dia a dia podem estar ligados a esquemas milion\u00e1rios de criminalidade organizada.<\/p>\n\n\n\n<p><\/p>\n","protected":false},"excerpt":{"rendered":"<p>A Pol\u00edcia Federal deflagrou no \u00faltimo dia 28 de agosto contra o PCC a Opera\u00e7\u00e3o Carbono Oculto, uma a\u00e7\u00e3o de grande escala que cumpriu mandados de pris\u00e3o e busca contra empresas dos setores de combust\u00edveis, mercado financeiro, e at\u00e9 neg\u00f3cios do cotidiano, como padarias e lojas de conveni\u00eancia. Todas essas empresas s\u00e3o suspeitas de integrar [&hellip;]<\/p>\n","protected":false},"author":5,"featured_media":900,"comment_status":"open","ping_status":"open","sticky":false,"template":"","format":"standard","meta":{"jnews-multi-image_gallery":[],"jnews_single_post":{"format":"standard"},"jnews_primary_category":[],"jnews_social_meta":[],"jnews_post_split":[],"footnotes":""},"categories":[159],"tags":[],"class_list":["post-899","post","type-post","status-publish","format-standard","has-post-thumbnail","hentry","category-cidadania"],"yoast_head":"<!-- This site is optimized with the Yoast SEO plugin v25.6 - https:\/\/yoast.com\/wordpress\/plugins\/seo\/ -->\n<title>Cuidado! Saiba quais as padarias que foram citadas em lavagem de dinheiro do PCC<\/title>\n<meta name=\"description\" content=\"A Pol\u00edcia Federal deflagrou no \u00faltimo dia 28 de agosto contra o PCC a Opera\u00e7\u00e3o Carbono Oculto, uma a\u00e7\u00e3o de grande escala.\" \/>\n<meta name=\"robots\" content=\"index, follow, max-snippet:-1, max-image-preview:large, max-video-preview:-1\" \/>\n<link rel=\"canonical\" href=\"https:\/\/tribunademinas.audiencelabs.com.br\/cuidado-saiba-quais-as-padarias-que-foram-citadas-em-lavagem-de-dinheiro-do-pcc\/\" \/>\n<meta property=\"og:locale\" content=\"pt_BR\" \/>\n<meta property=\"og:type\" content=\"article\" \/>\n<meta property=\"og:title\" content=\"Cuidado! Saiba quais as padarias que foram citadas em lavagem de dinheiro do PCC\" \/>\n<meta property=\"og:description\" content=\"A Pol\u00edcia Federal deflagrou no \u00faltimo dia 28 de agosto contra o PCC a Opera\u00e7\u00e3o Carbono Oculto, uma a\u00e7\u00e3o de grande escala.\" \/>\n<meta property=\"og:url\" content=\"https:\/\/tribunademinas.audiencelabs.com.br\/cuidado-saiba-quais-as-padarias-que-foram-citadas-em-lavagem-de-dinheiro-do-pcc\/\" \/>\n<meta property=\"og:site_name\" content=\"Tribuna de Minas - Dinheiro e Cidadania\" \/>\n<meta property=\"article:publisher\" content=\"https:\/\/www.facebook.com\/tribunademinas\/\" \/>\n<meta property=\"article:published_time\" content=\"2025-09-02T19:51:40+00:00\" \/>\n<meta property=\"article:modified_time\" content=\"2025-09-02T19:51:46+00:00\" \/>\n<meta property=\"og:image\" content=\"https:\/\/tribunademinas.audiencelabs.com.br\/wp-content\/uploads\/2025\/09\/PCC.webp\" \/>\n\t<meta property=\"og:image:width\" content=\"1170\" \/>\n\t<meta property=\"og:image:height\" content=\"700\" \/>\n\t<meta property=\"og:image:type\" content=\"image\/webp\" \/>\n<meta name=\"author\" content=\"Jeferson Carvalho\" \/>\n<meta name=\"twitter:card\" content=\"summary_large_image\" \/>\n<meta name=\"twitter:creator\" content=\"@tribunademinas\" \/>\n<meta name=\"twitter:site\" content=\"@tribunademinas\" \/>\n<meta name=\"twitter:label1\" content=\"Escrito por\" \/>\n\t<meta name=\"twitter:data1\" content=\"Jeferson Carvalho\" \/>\n\t<meta name=\"twitter:label2\" content=\"Est. tempo de leitura\" \/>\n\t<meta name=\"twitter:data2\" content=\"3 minutos\" \/>\n<!-- \/ Yoast SEO plugin. -->","yoast_head_json":{"title":"Cuidado! Saiba quais as padarias que foram citadas em lavagem de dinheiro do PCC","description":"A Pol\u00edcia Federal deflagrou no \u00faltimo dia 28 de agosto contra o PCC a Opera\u00e7\u00e3o Carbono Oculto, uma a\u00e7\u00e3o de grande escala.","robots":{"index":"index","follow":"follow","max-snippet":"max-snippet:-1","max-image-preview":"max-image-preview:large","max-video-preview":"max-video-preview:-1"},"canonical":"https:\/\/tribunademinas.audiencelabs.com.br\/cuidado-saiba-quais-as-padarias-que-foram-citadas-em-lavagem-de-dinheiro-do-pcc\/","og_locale":"pt_BR","og_type":"article","og_title":"Cuidado! Saiba quais as padarias que foram citadas em lavagem de dinheiro do PCC","og_description":"A Pol\u00edcia Federal deflagrou no \u00faltimo dia 28 de agosto contra o PCC a Opera\u00e7\u00e3o Carbono Oculto, uma a\u00e7\u00e3o de grande escala.","og_url":"https:\/\/tribunademinas.audiencelabs.com.br\/cuidado-saiba-quais-as-padarias-que-foram-citadas-em-lavagem-de-dinheiro-do-pcc\/","og_site_name":"Tribuna de Minas - Dinheiro e Cidadania","article_publisher":"https:\/\/www.facebook.com\/tribunademinas\/","article_published_time":"2025-09-02T19:51:40+00:00","article_modified_time":"2025-09-02T19:51:46+00:00","og_image":[{"width":1170,"height":700,"url":"https:\/\/tribunademinas.audiencelabs.com.br\/wp-content\/uploads\/2025\/09\/PCC.webp","type":"image\/webp"}],"author":"Jeferson Carvalho","twitter_card":"summary_large_image","twitter_creator":"@tribunademinas","twitter_site":"@tribunademinas","twitter_misc":{"Escrito por":"Jeferson Carvalho","Est. tempo de leitura":"3 minutos"},"schema":{"@context":"https:\/\/schema.org","@graph":[{"@type":"Article","@id":"https:\/\/tribunademinas.audiencelabs.com.br\/cuidado-saiba-quais-as-padarias-que-foram-citadas-em-lavagem-de-dinheiro-do-pcc\/#article","isPartOf":{"@id":"https:\/\/tribunademinas.audiencelabs.com.br\/cuidado-saiba-quais-as-padarias-que-foram-citadas-em-lavagem-de-dinheiro-do-pcc\/"},"author":{"name":"Jeferson Carvalho","@id":"https:\/\/tribunademinas.audiencelabs.com.br\/#\/schema\/person\/db18fc40307804bacef94213aa68fd9d"},"headline":"Cuidado! Saiba quais as padarias que foram citadas em lavagem de dinheiro do PCC","datePublished":"2025-09-02T19:51:40+00:00","dateModified":"2025-09-02T19:51:46+00:00","mainEntityOfPage":{"@id":"https:\/\/tribunademinas.audiencelabs.com.br\/cuidado-saiba-quais-as-padarias-que-foram-citadas-em-lavagem-de-dinheiro-do-pcc\/"},"wordCount":441,"commentCount":0,"publisher":{"@id":"https:\/\/tribunademinas.audiencelabs.com.br\/#organization"},"image":{"@id":"https:\/\/tribunademinas.audiencelabs.com.br\/cuidado-saiba-quais-as-padarias-que-foram-citadas-em-lavagem-de-dinheiro-do-pcc\/#primaryimage"},"thumbnailUrl":"https:\/\/tribunademinas.audiencelabs.com.br\/wp-content\/uploads\/2025\/09\/PCC.webp","articleSection":["Cidadania"],"inLanguage":"pt-BR","potentialAction":[{"@type":"CommentAction","name":"Comment","target":["https:\/\/tribunademinas.audiencelabs.com.br\/cuidado-saiba-quais-as-padarias-que-foram-citadas-em-lavagem-de-dinheiro-do-pcc\/#respond"]}]},{"@type":"WebPage","@id":"https:\/\/tribunademinas.audiencelabs.com.br\/cuidado-saiba-quais-as-padarias-que-foram-citadas-em-lavagem-de-dinheiro-do-pcc\/","url":"https:\/\/tribunademinas.audiencelabs.com.br\/cuidado-saiba-quais-as-padarias-que-foram-citadas-em-lavagem-de-dinheiro-do-pcc\/","name":"Cuidado! Saiba quais as padarias que foram citadas em lavagem de dinheiro do PCC","isPartOf":{"@id":"https:\/\/tribunademinas.audiencelabs.com.br\/#website"},"primaryImageOfPage":{"@id":"https:\/\/tribunademinas.audiencelabs.com.br\/cuidado-saiba-quais-as-padarias-que-foram-citadas-em-lavagem-de-dinheiro-do-pcc\/#primaryimage"},"image":{"@id":"https:\/\/tribunademinas.audiencelabs.com.br\/cuidado-saiba-quais-as-padarias-que-foram-citadas-em-lavagem-de-dinheiro-do-pcc\/#primaryimage"},"thumbnailUrl":"https:\/\/tribunademinas.audiencelabs.com.br\/wp-content\/uploads\/2025\/09\/PCC.webp","datePublished":"2025-09-02T19:51:40+00:00","dateModified":"2025-09-02T19:51:46+00:00","description":"A Pol\u00edcia Federal deflagrou no \u00faltimo dia 28 de agosto contra o PCC a Opera\u00e7\u00e3o Carbono Oculto, uma a\u00e7\u00e3o de grande escala.","breadcrumb":{"@id":"https:\/\/tribunademinas.audiencelabs.com.br\/cuidado-saiba-quais-as-padarias-que-foram-citadas-em-lavagem-de-dinheiro-do-pcc\/#breadcrumb"},"inLanguage":"pt-BR","potentialAction":[{"@type":"ReadAction","target":["https:\/\/tribunademinas.audiencelabs.com.br\/cuidado-saiba-quais-as-padarias-que-foram-citadas-em-lavagem-de-dinheiro-do-pcc\/"]}]},{"@type":"ImageObject","inLanguage":"pt-BR","@id":"https:\/\/tribunademinas.audiencelabs.com.br\/cuidado-saiba-quais-as-padarias-que-foram-citadas-em-lavagem-de-dinheiro-do-pcc\/#primaryimage","url":"https:\/\/tribunademinas.audiencelabs.com.br\/wp-content\/uploads\/2025\/09\/PCC.webp","contentUrl":"https:\/\/tribunademinas.audiencelabs.com.br\/wp-content\/uploads\/2025\/09\/PCC.webp","width":1170,"height":700,"caption":"Cuidado! Saiba quais as padarias que foram citadas em lavagem de dinheiro do PCC - Imagem: Paulo Pinto\/Ag\u00eancia Brasil"},{"@type":"BreadcrumbList","@id":"https:\/\/tribunademinas.audiencelabs.com.br\/cuidado-saiba-quais-as-padarias-que-foram-citadas-em-lavagem-de-dinheiro-do-pcc\/#breadcrumb","itemListElement":[{"@type":"ListItem","position":1,"name":"In\u00edcio","item":"https:\/\/tribunademinas.audiencelabs.com.br\/"},{"@type":"ListItem","position":2,"name":"Cuidado! Saiba quais as padarias que foram citadas em lavagem de dinheiro do PCC"}]},{"@type":"WebSite","@id":"https:\/\/tribunademinas.audiencelabs.com.br\/#website","url":"https:\/\/tribunademinas.audiencelabs.com.br\/","name":"Tribuna de Minas - Dinheiro e Cidadania","description":"","publisher":{"@id":"https:\/\/tribunademinas.audiencelabs.com.br\/#organization"},"potentialAction":[{"@type":"SearchAction","target":{"@type":"EntryPoint","urlTemplate":"https:\/\/tribunademinas.audiencelabs.com.br\/?s={search_term_string}"},"query-input":{"@type":"PropertyValueSpecification","valueRequired":true,"valueName":"search_term_string"}}],"inLanguage":"pt-BR"},{"@type":"Organization","@id":"https:\/\/tribunademinas.audiencelabs.com.br\/#organization","name":"Tribuna de Minas - Dinheiro e Cidadania","url":"https:\/\/tribunademinas.audiencelabs.com.br\/","logo":{"@type":"ImageObject","inLanguage":"pt-BR","@id":"https:\/\/tribunademinas.audiencelabs.com.br\/#\/schema\/logo\/image\/","url":"https:\/\/tribunademinas.audiencelabs.com.br\/wp-content\/uploads\/2025\/08\/cropped-Tribuna_512x512-96x96-1.png","contentUrl":"https:\/\/tribunademinas.audiencelabs.com.br\/wp-content\/uploads\/2025\/08\/cropped-Tribuna_512x512-96x96-1.png","width":96,"height":96,"caption":"Tribuna de Minas - Dinheiro e Cidadania"},"image":{"@id":"https:\/\/tribunademinas.audiencelabs.com.br\/#\/schema\/logo\/image\/"},"sameAs":["https:\/\/www.facebook.com\/tribunademinas\/","https:\/\/x.com\/tribunademinas","https:\/\/www.instagram.com\/tribunademinas\/","https:\/\/www.youtube.com\/user\/TribunadeMinasJF"]},{"@type":"Person","@id":"https:\/\/tribunademinas.audiencelabs.com.br\/#\/schema\/person\/db18fc40307804bacef94213aa68fd9d","name":"Jeferson Carvalho","image":{"@type":"ImageObject","inLanguage":"pt-BR","@id":"https:\/\/tribunademinas.audiencelabs.com.br\/#\/schema\/person\/image\/","url":"https:\/\/secure.gravatar.com\/avatar\/cd7646e328d9670dad7dea8698522e522745eeffcff5b9d08be858e377ce326b?s=96&d=mm&r=g","contentUrl":"https:\/\/secure.gravatar.com\/avatar\/cd7646e328d9670dad7dea8698522e522745eeffcff5b9d08be858e377ce326b?s=96&d=mm&r=g","caption":"Jeferson Carvalho"},"description":"Jornalista apaixonado pela profiss\u00e3o!","url":"https:\/\/tribunademinas.audiencelabs.com.br\/author\/jeferson\/"}]}},"amp_enabled":true,"_links":{"self":[{"href":"https:\/\/tribunademinas.audiencelabs.com.br\/wp-json\/wp\/v2\/posts\/899","targetHints":{"allow":["GET"]}}],"collection":[{"href":"https:\/\/tribunademinas.audiencelabs.com.br\/wp-json\/wp\/v2\/posts"}],"about":[{"href":"https:\/\/tribunademinas.audiencelabs.com.br\/wp-json\/wp\/v2\/types\/post"}],"author":[{"embeddable":true,"href":"https:\/\/tribunademinas.audiencelabs.com.br\/wp-json\/wp\/v2\/users\/5"}],"replies":[{"embeddable":true,"href":"https:\/\/tribunademinas.audiencelabs.com.br\/wp-json\/wp\/v2\/comments?post=899"}],"version-history":[{"count":1,"href":"https:\/\/tribunademinas.audiencelabs.com.br\/wp-json\/wp\/v2\/posts\/899\/revisions"}],"predecessor-version":[{"id":904,"href":"https:\/\/tribunademinas.audiencelabs.com.br\/wp-json\/wp\/v2\/posts\/899\/revisions\/904"}],"wp:featuredmedia":[{"embeddable":true,"href":"https:\/\/tribunademinas.audiencelabs.com.br\/wp-json\/wp\/v2\/media\/900"}],"wp:attachment":[{"href":"https:\/\/tribunademinas.audiencelabs.com.br\/wp-json\/wp\/v2\/media?parent=899"}],"wp:term":[{"taxonomy":"category","embeddable":true,"href":"https:\/\/tribunademinas.audiencelabs.com.br\/wp-json\/wp\/v2\/categories?post=899"},{"taxonomy":"post_tag","embeddable":true,"href":"https:\/\/tribunademinas.audiencelabs.com.br\/wp-json\/wp\/v2\/tags?post=899"}],"curies":[{"name":"wp","href":"https:\/\/api.w.org\/{rel}","templated":true}]}}