{"id":894,"date":"2025-09-03T16:00:00","date_gmt":"2025-09-03T19:00:00","guid":{"rendered":"https:\/\/tribunademinas.audiencelabs.com.br\/?p=894"},"modified":"2025-09-02T16:02:12","modified_gmt":"2025-09-02T19:02:12","slug":"lista-de-cpfs-que-nao-vao-receber-do-inss-neste-mes-vazou-e-e-polemica","status":"publish","type":"post","link":"https:\/\/tribunademinas.audiencelabs.com.br\/lista-de-cpfs-que-nao-vao-receber-do-inss-neste-mes-vazou-e-e-polemica\/","title":{"rendered":"Lista de CPFs que n\u00e3o v\u00e3o receber do INSS neste m\u00eas: vazou e \u00e9 pol\u00eamica"},"content":{"rendered":"\n<p>Muito al\u00e9m da aposentadoria, o <strong>Instituto Nacional do Seguro Social (INSS)<\/strong> tamb\u00e9m \u00e9 o respons\u00e1vel por efetuar o pagamento de diversos outros benef\u00edcios previdenci\u00e1rios e assistenciais, incluindo o Benef\u00edcio de Presta\u00e7\u00e3o Continuada (BPC), aux\u00edlio-doen\u00e7a e a pens\u00e3o por morte.<\/p>\n\n\n\n<p>Contudo, no caso deste \u00faltimo, muitas pessoas tendem a acreditar que se trata de um pagamento vital\u00edcio. Por conta disso, quando o benef\u00edcio \u00e9 cortado, gera-se frustra\u00e7\u00e3o e confus\u00e3o entre os segurados, que nem sempre compreendem os crit\u00e9rios que levaram \u00e0 interrup\u00e7\u00e3o.<\/p>\n\n\n\n<p>Visando evitar fraudes ou o favorecimento de uni\u00f5es a curto prazo, n\u00e3o existe um tempo fixo de recebimento da pens\u00e3o por morte, uma vez que ele <strong>varia de acordo com o tempo de contribui\u00e7\u00e3o do segurado que faleceu<\/strong> para c\u00f4njuges ou companheiros.<\/p>\n\n\n\n<p>Para se ter direito ao benef\u00edcio por um tempo razo\u00e1vel, \u00e9 preciso que o falecido tenha efetuado <strong>ao menos 18 contribui\u00e7\u00f5es ao INSS<\/strong>, e que <strong>o casamento ou uni\u00e3o est\u00e1vel tenha dura\u00e7\u00e3o m\u00ednima de dois anos<\/strong>.<\/p>\n\n\n\n<p>Caso contr\u00e1rio, o pagamento da pens\u00e3o por morte <strong>pode chegar ao fim em poucos meses<\/strong>, havendo exce\u00e7\u00f5es apenas se o \u00f3bito do segurado foi por acidente.<\/p>\n\n\n\n<h2 class=\"wp-block-heading\">Idade do dependente tamb\u00e9m impacta na decis\u00e3o do INSS<\/h2>\n\n\n\n<p>A pens\u00e3o por morte serve como apoio financeiro para que o dependente enfrente a perda e retome sua rotina. Por conta disso, a idade do benefici\u00e1rio tamb\u00e9m \u00e9 um dos fatores que determinam a dura\u00e7\u00e3o do benef\u00edcio.<\/p>\n\n\n\n<p>Afinal, o INSS entende que benefici\u00e1rios mais jovens t\u00eam mais tempo para se reinserir no mercado de trabalho, reduzindo, assim, a dura\u00e7\u00e3o da depend\u00eancia da pens\u00e3o, organizando-a da seguinte forma:<\/p>\n\n\n\n<ul class=\"wp-block-list\">\n<li><strong>Menos de 22 anos:<\/strong>\u00a03 anos;<\/li>\n\n\n\n<li><strong>Entre 22 e 26 anos:<\/strong>\u00a06 anos;<\/li>\n\n\n\n<li><strong>Entre 27 e 30 anos:<\/strong>\u00a010 anos;<\/li>\n\n\n\n<li><strong>Entre 31 e 41 anos:<\/strong>\u00a015 anos;<\/li>\n\n\n\n<li><strong>Entre 42 e 44 anos:<\/strong>\u00a020 anos;<\/li>\n\n\n\n<li><strong>45 anos ou mais:<\/strong>\u00a0vital\u00edcia.<\/li>\n<\/ul>\n\n\n\n<h2 class=\"wp-block-heading\">Como consultar informa\u00e7\u00f5es sobre a pens\u00e3o por morte?<\/h2>\n\n\n\n<p>Informa\u00e7\u00f5es sobre a pens\u00e3o por morte podem ser consultadas atrav\u00e9s da<strong> central de atendimento do INSS, atrav\u00e9s do telefone 135<\/strong>, ou pelo <strong>portal Meu INSS<\/strong> via site ou aplicativo, utilizando o seguinte passo a passo:<\/p>\n\n\n\n<ul class=\"wp-block-list\">\n<li>Fa\u00e7a login com as credenciais da conta Gov.br;<\/li>\n\n\n\n<li>Selecione a op\u00e7\u00e3o &#8220;Informa\u00e7\u00f5es de benef\u00edcio&#8221;;<\/li>\n\n\n\n<li>Baixe o documento gerado para conferir as informa\u00e7\u00f5es.<\/li>\n<\/ul>\n","protected":false},"excerpt":{"rendered":"<p>Muito al\u00e9m da aposentadoria, o Instituto Nacional do Seguro Social (INSS) tamb\u00e9m \u00e9 o respons\u00e1vel por efetuar o pagamento de diversos outros benef\u00edcios previdenci\u00e1rios e assistenciais, incluindo o Benef\u00edcio de Presta\u00e7\u00e3o Continuada (BPC), aux\u00edlio-doen\u00e7a e a pens\u00e3o por morte. Contudo, no caso deste \u00faltimo, muitas pessoas tendem a acreditar que se trata de um pagamento [&hellip;]<\/p>\n","protected":false},"author":3,"featured_media":895,"comment_status":"open","ping_status":"open","sticky":false,"template":"","format":"standard","meta":{"jnews-multi-image_gallery":[],"jnews_single_post":{"format":"standard"},"jnews_primary_category":[],"jnews_social_meta":[],"jnews_post_split":[],"footnotes":""},"categories":[1],"tags":[],"class_list":["post-894","post","type-post","status-publish","format-standard","has-post-thumbnail","hentry","category-dinheiro"],"yoast_head":"<!-- This site is optimized with the Yoast SEO plugin v25.6 - https:\/\/yoast.com\/wordpress\/plugins\/seo\/ -->\n<title>Lista de CPFs que n\u00e3o v\u00e3o receber do INSS neste m\u00eas: vazou e \u00e9 pol\u00eamica<\/title>\n<meta name=\"robots\" content=\"index, follow, max-snippet:-1, max-image-preview:large, max-video-preview:-1\" \/>\n<link rel=\"canonical\" href=\"https:\/\/tribunademinas.audiencelabs.com.br\/lista-de-cpfs-que-nao-vao-receber-do-inss-neste-mes-vazou-e-e-polemica\/\" \/>\n<meta property=\"og:locale\" content=\"pt_BR\" \/>\n<meta property=\"og:type\" content=\"article\" \/>\n<meta property=\"og:title\" content=\"Lista de CPFs que n\u00e3o v\u00e3o receber do INSS neste m\u00eas: vazou e \u00e9 pol\u00eamica\" \/>\n<meta property=\"og:description\" content=\"Muito al\u00e9m da aposentadoria, o Instituto Nacional do Seguro Social (INSS) tamb\u00e9m \u00e9 o respons\u00e1vel por efetuar o pagamento de diversos outros benef\u00edcios previdenci\u00e1rios e assistenciais, incluindo o Benef\u00edcio de Presta\u00e7\u00e3o Continuada (BPC), aux\u00edlio-doen\u00e7a e a pens\u00e3o por morte. Contudo, no caso deste \u00faltimo, muitas pessoas tendem a acreditar que se trata de um pagamento [&hellip;]\" \/>\n<meta property=\"og:url\" content=\"https:\/\/tribunademinas.audiencelabs.com.br\/lista-de-cpfs-que-nao-vao-receber-do-inss-neste-mes-vazou-e-e-polemica\/\" \/>\n<meta property=\"og:site_name\" content=\"Tribuna de Minas - Dinheiro e Cidadania\" \/>\n<meta property=\"article:publisher\" content=\"https:\/\/www.facebook.com\/tribunademinas\/\" \/>\n<meta property=\"article:published_time\" content=\"2025-09-03T19:00:00+00:00\" \/>\n<meta property=\"og:image\" content=\"https:\/\/tribunademinas.audiencelabs.com.br\/wp-content\/uploads\/2025\/09\/lista-cpfs-inss-vazou-polemica.webp\" \/>\n\t<meta property=\"og:image:width\" content=\"1280\" \/>\n\t<meta property=\"og:image:height\" content=\"720\" \/>\n\t<meta property=\"og:image:type\" content=\"image\/webp\" \/>\n<meta name=\"author\" content=\"Jo\u00e3o Carlos Gomes\" \/>\n<meta name=\"twitter:card\" content=\"summary_large_image\" \/>\n<meta name=\"twitter:creator\" content=\"@tribunademinas\" \/>\n<meta name=\"twitter:site\" content=\"@tribunademinas\" \/>\n<meta name=\"twitter:label1\" content=\"Escrito por\" \/>\n\t<meta name=\"twitter:data1\" content=\"Jo\u00e3o Carlos Gomes\" \/>\n\t<meta name=\"twitter:label2\" content=\"Est. tempo de leitura\" \/>\n\t<meta name=\"twitter:data2\" content=\"3 minutos\" \/>\n<!-- \/ Yoast SEO plugin. -->","yoast_head_json":{"title":"Lista de CPFs que n\u00e3o v\u00e3o receber do INSS neste m\u00eas: vazou e \u00e9 pol\u00eamica","robots":{"index":"index","follow":"follow","max-snippet":"max-snippet:-1","max-image-preview":"max-image-preview:large","max-video-preview":"max-video-preview:-1"},"canonical":"https:\/\/tribunademinas.audiencelabs.com.br\/lista-de-cpfs-que-nao-vao-receber-do-inss-neste-mes-vazou-e-e-polemica\/","og_locale":"pt_BR","og_type":"article","og_title":"Lista de CPFs que n\u00e3o v\u00e3o receber do INSS neste m\u00eas: vazou e \u00e9 pol\u00eamica","og_description":"Muito al\u00e9m da aposentadoria, o Instituto Nacional do Seguro Social (INSS) tamb\u00e9m \u00e9 o respons\u00e1vel por efetuar o pagamento de diversos outros benef\u00edcios previdenci\u00e1rios e assistenciais, incluindo o Benef\u00edcio de Presta\u00e7\u00e3o Continuada (BPC), aux\u00edlio-doen\u00e7a e a pens\u00e3o por morte. Contudo, no caso deste \u00faltimo, muitas pessoas tendem a acreditar que se trata de um pagamento [&hellip;]","og_url":"https:\/\/tribunademinas.audiencelabs.com.br\/lista-de-cpfs-que-nao-vao-receber-do-inss-neste-mes-vazou-e-e-polemica\/","og_site_name":"Tribuna de Minas - Dinheiro e Cidadania","article_publisher":"https:\/\/www.facebook.com\/tribunademinas\/","article_published_time":"2025-09-03T19:00:00+00:00","og_image":[{"width":1280,"height":720,"url":"https:\/\/tribunademinas.audiencelabs.com.br\/wp-content\/uploads\/2025\/09\/lista-cpfs-inss-vazou-polemica.webp","type":"image\/webp"}],"author":"Jo\u00e3o Carlos Gomes","twitter_card":"summary_large_image","twitter_creator":"@tribunademinas","twitter_site":"@tribunademinas","twitter_misc":{"Escrito por":"Jo\u00e3o Carlos Gomes","Est. tempo de leitura":"3 minutos"},"schema":{"@context":"https:\/\/schema.org","@graph":[{"@type":"Article","@id":"https:\/\/tribunademinas.audiencelabs.com.br\/lista-de-cpfs-que-nao-vao-receber-do-inss-neste-mes-vazou-e-e-polemica\/#article","isPartOf":{"@id":"https:\/\/tribunademinas.audiencelabs.com.br\/lista-de-cpfs-que-nao-vao-receber-do-inss-neste-mes-vazou-e-e-polemica\/"},"author":{"name":"Jo\u00e3o Carlos Gomes","@id":"https:\/\/tribunademinas.audiencelabs.com.br\/#\/schema\/person\/37af466a64a722fadb8ef6841c52114f"},"headline":"Lista de CPFs que n\u00e3o v\u00e3o receber do INSS neste m\u00eas: vazou e \u00e9 pol\u00eamica","datePublished":"2025-09-03T19:00:00+00:00","mainEntityOfPage":{"@id":"https:\/\/tribunademinas.audiencelabs.com.br\/lista-de-cpfs-que-nao-vao-receber-do-inss-neste-mes-vazou-e-e-polemica\/"},"wordCount":417,"commentCount":0,"publisher":{"@id":"https:\/\/tribunademinas.audiencelabs.com.br\/#organization"},"image":{"@id":"https:\/\/tribunademinas.audiencelabs.com.br\/lista-de-cpfs-que-nao-vao-receber-do-inss-neste-mes-vazou-e-e-polemica\/#primaryimage"},"thumbnailUrl":"https:\/\/tribunademinas.audiencelabs.com.br\/wp-content\/uploads\/2025\/09\/lista-cpfs-inss-vazou-polemica.webp","articleSection":["Dinheiro"],"inLanguage":"pt-BR","potentialAction":[{"@type":"CommentAction","name":"Comment","target":["https:\/\/tribunademinas.audiencelabs.com.br\/lista-de-cpfs-que-nao-vao-receber-do-inss-neste-mes-vazou-e-e-polemica\/#respond"]}]},{"@type":"WebPage","@id":"https:\/\/tribunademinas.audiencelabs.com.br\/lista-de-cpfs-que-nao-vao-receber-do-inss-neste-mes-vazou-e-e-polemica\/","url":"https:\/\/tribunademinas.audiencelabs.com.br\/lista-de-cpfs-que-nao-vao-receber-do-inss-neste-mes-vazou-e-e-polemica\/","name":"Lista de CPFs que n\u00e3o v\u00e3o receber do INSS neste m\u00eas: vazou e \u00e9 pol\u00eamica","isPartOf":{"@id":"https:\/\/tribunademinas.audiencelabs.com.br\/#website"},"primaryImageOfPage":{"@id":"https:\/\/tribunademinas.audiencelabs.com.br\/lista-de-cpfs-que-nao-vao-receber-do-inss-neste-mes-vazou-e-e-polemica\/#primaryimage"},"image":{"@id":"https:\/\/tribunademinas.audiencelabs.com.br\/lista-de-cpfs-que-nao-vao-receber-do-inss-neste-mes-vazou-e-e-polemica\/#primaryimage"},"thumbnailUrl":"https:\/\/tribunademinas.audiencelabs.com.br\/wp-content\/uploads\/2025\/09\/lista-cpfs-inss-vazou-polemica.webp","datePublished":"2025-09-03T19:00:00+00:00","breadcrumb":{"@id":"https:\/\/tribunademinas.audiencelabs.com.br\/lista-de-cpfs-que-nao-vao-receber-do-inss-neste-mes-vazou-e-e-polemica\/#breadcrumb"},"inLanguage":"pt-BR","potentialAction":[{"@type":"ReadAction","target":["https:\/\/tribunademinas.audiencelabs.com.br\/lista-de-cpfs-que-nao-vao-receber-do-inss-neste-mes-vazou-e-e-polemica\/"]}]},{"@type":"ImageObject","inLanguage":"pt-BR","@id":"https:\/\/tribunademinas.audiencelabs.com.br\/lista-de-cpfs-que-nao-vao-receber-do-inss-neste-mes-vazou-e-e-polemica\/#primaryimage","url":"https:\/\/tribunademinas.audiencelabs.com.br\/wp-content\/uploads\/2025\/09\/lista-cpfs-inss-vazou-polemica.webp","contentUrl":"https:\/\/tribunademinas.audiencelabs.com.br\/wp-content\/uploads\/2025\/09\/lista-cpfs-inss-vazou-polemica.webp","width":1280,"height":720,"caption":"Foto: Rafa Neddermeyer\/Ag\u00eancia Brasil"},{"@type":"BreadcrumbList","@id":"https:\/\/tribunademinas.audiencelabs.com.br\/lista-de-cpfs-que-nao-vao-receber-do-inss-neste-mes-vazou-e-e-polemica\/#breadcrumb","itemListElement":[{"@type":"ListItem","position":1,"name":"In\u00edcio","item":"https:\/\/tribunademinas.audiencelabs.com.br\/"},{"@type":"ListItem","position":2,"name":"Lista de CPFs que n\u00e3o v\u00e3o receber do INSS neste m\u00eas: vazou e \u00e9 pol\u00eamica"}]},{"@type":"WebSite","@id":"https:\/\/tribunademinas.audiencelabs.com.br\/#website","url":"https:\/\/tribunademinas.audiencelabs.com.br\/","name":"Tribuna de Minas - Dinheiro e Cidadania","description":"","publisher":{"@id":"https:\/\/tribunademinas.audiencelabs.com.br\/#organization"},"potentialAction":[{"@type":"SearchAction","target":{"@type":"EntryPoint","urlTemplate":"https:\/\/tribunademinas.audiencelabs.com.br\/?s={search_term_string}"},"query-input":{"@type":"PropertyValueSpecification","valueRequired":true,"valueName":"search_term_string"}}],"inLanguage":"pt-BR"},{"@type":"Organization","@id":"https:\/\/tribunademinas.audiencelabs.com.br\/#organization","name":"Tribuna de Minas - Dinheiro e Cidadania","url":"https:\/\/tribunademinas.audiencelabs.com.br\/","logo":{"@type":"ImageObject","inLanguage":"pt-BR","@id":"https:\/\/tribunademinas.audiencelabs.com.br\/#\/schema\/logo\/image\/","url":"https:\/\/tribunademinas.audiencelabs.com.br\/wp-content\/uploads\/2025\/08\/cropped-Tribuna_512x512-96x96-1.png","contentUrl":"https:\/\/tribunademinas.audiencelabs.com.br\/wp-content\/uploads\/2025\/08\/cropped-Tribuna_512x512-96x96-1.png","width":96,"height":96,"caption":"Tribuna de Minas - Dinheiro e Cidadania"},"image":{"@id":"https:\/\/tribunademinas.audiencelabs.com.br\/#\/schema\/logo\/image\/"},"sameAs":["https:\/\/www.facebook.com\/tribunademinas\/","https:\/\/x.com\/tribunademinas","https:\/\/www.instagram.com\/tribunademinas\/","https:\/\/www.youtube.com\/user\/TribunadeMinasJF"]},{"@type":"Person","@id":"https:\/\/tribunademinas.audiencelabs.com.br\/#\/schema\/person\/37af466a64a722fadb8ef6841c52114f","name":"Jo\u00e3o Carlos Gomes","image":{"@type":"ImageObject","inLanguage":"pt-BR","@id":"https:\/\/tribunademinas.audiencelabs.com.br\/#\/schema\/person\/image\/","url":"https:\/\/secure.gravatar.com\/avatar\/4ce4672dbdd694b329cd6fdb51bee7d1409be1f0ff76a537e4c4a737b2c7d1a9?s=96&d=mm&r=g","contentUrl":"https:\/\/secure.gravatar.com\/avatar\/4ce4672dbdd694b329cd6fdb51bee7d1409be1f0ff76a537e4c4a737b2c7d1a9?s=96&d=mm&r=g","caption":"Jo\u00e3o Carlos Gomes"},"description":"Jornalista formado pelo Centro Universit\u00e1rio Carioca, apreciador da Bossa Nova ao Metal Extremo, criador de conte\u00fado e m\u00fasico independente nas horas vagas.","url":"https:\/\/tribunademinas.audiencelabs.com.br\/author\/joaoc-junior\/"}]}},"amp_enabled":true,"_links":{"self":[{"href":"https:\/\/tribunademinas.audiencelabs.com.br\/wp-json\/wp\/v2\/posts\/894","targetHints":{"allow":["GET"]}}],"collection":[{"href":"https:\/\/tribunademinas.audiencelabs.com.br\/wp-json\/wp\/v2\/posts"}],"about":[{"href":"https:\/\/tribunademinas.audiencelabs.com.br\/wp-json\/wp\/v2\/types\/post"}],"author":[{"embeddable":true,"href":"https:\/\/tribunademinas.audiencelabs.com.br\/wp-json\/wp\/v2\/users\/3"}],"replies":[{"embeddable":true,"href":"https:\/\/tribunademinas.audiencelabs.com.br\/wp-json\/wp\/v2\/comments?post=894"}],"version-history":[{"count":1,"href":"https:\/\/tribunademinas.audiencelabs.com.br\/wp-json\/wp\/v2\/posts\/894\/revisions"}],"predecessor-version":[{"id":896,"href":"https:\/\/tribunademinas.audiencelabs.com.br\/wp-json\/wp\/v2\/posts\/894\/revisions\/896"}],"wp:featuredmedia":[{"embeddable":true,"href":"https:\/\/tribunademinas.audiencelabs.com.br\/wp-json\/wp\/v2\/media\/895"}],"wp:attachment":[{"href":"https:\/\/tribunademinas.audiencelabs.com.br\/wp-json\/wp\/v2\/media?parent=894"}],"wp:term":[{"taxonomy":"category","embeddable":true,"href":"https:\/\/tribunademinas.audiencelabs.com.br\/wp-json\/wp\/v2\/categories?post=894"},{"taxonomy":"post_tag","embeddable":true,"href":"https:\/\/tribunademinas.audiencelabs.com.br\/wp-json\/wp\/v2\/tags?post=894"}],"curies":[{"name":"wp","href":"https:\/\/api.w.org\/{rel}","templated":true}]}}