{"id":891,"date":"2025-09-03T14:00:00","date_gmt":"2025-09-03T17:00:00","guid":{"rendered":"https:\/\/tribunademinas.audiencelabs.com.br\/?p=891"},"modified":"2025-09-02T14:41:21","modified_gmt":"2025-09-02T17:41:21","slug":"nova-regra-do-inss-confirma-novidade-sobre-emprestimos-fique-atento","status":"publish","type":"post","link":"https:\/\/tribunademinas.audiencelabs.com.br\/nova-regra-do-inss-confirma-novidade-sobre-emprestimos-fique-atento\/","title":{"rendered":"Nova regra do INSS confirma novidade sobre empr\u00e9stimos: fique atento"},"content":{"rendered":"\n<p>Em 2022, o Instituto Nacional do Seguro Social (INSS) estabeleceu a <strong>Instru\u00e7\u00e3o Normativa n\u00ba 136\/22<\/strong>, que <strong>dispensava a autoriza\u00e7\u00e3o judicial para consignado de incapazes<\/strong>, bastando a assinatura do representante legal. No entanto, a partir deste ano, a autarquia voltou a modificar o procedimento.<\/p>\n\n\n\n<p>Por conta da <strong>IN n\u00ba 190\/25<\/strong>, assinada recentemente pelo presidente do INSS, Gilberto Waller J\u00fanior, a contrata\u00e7\u00e3o de empr\u00e9stimos consignados para benefici\u00e1rios civilmente incapazes <strong>voltar\u00e1 a depender de aprova\u00e7\u00e3o judicial<\/strong>, assegurando a preserva\u00e7\u00e3o de seus recursos.<\/p>\n\n\n\n<p>A decis\u00e3o come\u00e7ou a ser levada em conta ap\u00f3s a divulga\u00e7\u00e3o de uma a\u00e7\u00e3o civil p\u00fablica do Minist\u00e9rio P\u00fablico Federal (MPF) que questionava a dispensa, e ganhou for\u00e7a por conta de uma determina\u00e7\u00e3o do Tribunal Regional Federal da 3\u00aa Regi\u00e3o (TRF-3), proferida em junho de 2025.<\/p>\n\n\n\n<p>Com a assinatura da IN, novos contratos de consignado firmados em nome de incapazes s\u00f3 poder\u00e3o ser validados com autoriza\u00e7\u00e3o expressa do Poder Judici\u00e1rio. E de acordo com o INSS, todas as institui\u00e7\u00f5es financeiras j\u00e1 foram notificadas sobre a regra.<\/p>\n\n\n\n<p>Portanto, contratos assinados apenas pelo representante legal n\u00e3o poder\u00e3o ser validados pelas institui\u00e7\u00f5es conveniadas, sendo necess\u00e1ria a autoriza\u00e7\u00e3o judicial.<\/p>\n\n\n\n<h2 class=\"wp-block-heading\">Contratos de empr\u00e9stimo firmados anteriormente permanecem v\u00e1lidos<\/h2>\n\n\n\n<p>Apesar da import\u00e2ncia da mudan\u00e7a, o INSS esclareceu que ela se aplica apenas a novas solicita\u00e7\u00f5es. Assim, todos os <strong>contratos firmados antes da vig\u00eancia da IN 190\/2025 permanecer\u00e3o inalterados<\/strong>.<\/p>\n\n\n\n<p>A mudan\u00e7a assegura que contratos celebrados anteriormente mantenham a seguran\u00e7a jur\u00eddica para todas as partes envolvidas, evitando questionamentos legais e garantindo que os direitos permane\u00e7am preservados mesmo ap\u00f3s a entrada em vigor da nova norma.<\/p>\n\n\n\n<h2 class=\"wp-block-heading\">Passo a passo para contratar novos empr\u00e9stimos consignados do INSS conforme a nova IN<\/h2>\n\n\n\n<p>Ap\u00f3s avaliar a real necessidade do cr\u00e9dito e reunir toda a documenta\u00e7\u00e3o exigida, os representantes interessados em contratar o empr\u00e9stimo do INSS dever\u00e3o <strong>solicitar a permiss\u00e3o junto \u00e0 vara competente<\/strong>, informando detalhes do empr\u00e9stimo e justificando a necessidade da opera\u00e7\u00e3o.<\/p>\n\n\n\n<p>Somente ap\u00f3s a obten\u00e7\u00e3o da autoriza\u00e7\u00e3o judicial, a institui\u00e7\u00e3o financeira selecionada poder\u00e1 efetivar o contrato e, assim, iniciar os descontos em folha.<\/p>\n","protected":false},"excerpt":{"rendered":"<p>Em 2022, o Instituto Nacional do Seguro Social (INSS) estabeleceu a Instru\u00e7\u00e3o Normativa n\u00ba 136\/22, que dispensava a autoriza\u00e7\u00e3o judicial para consignado de incapazes, bastando a assinatura do representante legal. No entanto, a partir deste ano, a autarquia voltou a modificar o procedimento. Por conta da IN n\u00ba 190\/25, assinada recentemente pelo presidente do INSS, [&hellip;]<\/p>\n","protected":false},"author":3,"featured_media":892,"comment_status":"open","ping_status":"open","sticky":false,"template":"","format":"standard","meta":{"jnews-multi-image_gallery":[],"jnews_single_post":{"format":"standard"},"jnews_primary_category":[],"jnews_social_meta":[],"jnews_post_split":[],"footnotes":""},"categories":[1],"tags":[],"class_list":["post-891","post","type-post","status-publish","format-standard","has-post-thumbnail","hentry","category-dinheiro"],"yoast_head":"<!-- This site is optimized with the Yoast SEO plugin v25.6 - https:\/\/yoast.com\/wordpress\/plugins\/seo\/ -->\n<title>Nova regra do INSS confirma novidade sobre empr\u00e9stimos: fique atento<\/title>\n<meta name=\"robots\" content=\"index, follow, max-snippet:-1, max-image-preview:large, max-video-preview:-1\" \/>\n<link rel=\"canonical\" href=\"https:\/\/tribunademinas.audiencelabs.com.br\/nova-regra-do-inss-confirma-novidade-sobre-emprestimos-fique-atento\/\" \/>\n<meta property=\"og:locale\" content=\"pt_BR\" \/>\n<meta property=\"og:type\" content=\"article\" \/>\n<meta property=\"og:title\" content=\"Nova regra do INSS confirma novidade sobre empr\u00e9stimos: fique atento\" \/>\n<meta property=\"og:description\" content=\"Em 2022, o Instituto Nacional do Seguro Social (INSS) estabeleceu a Instru\u00e7\u00e3o Normativa n\u00ba 136\/22, que dispensava a autoriza\u00e7\u00e3o judicial para consignado de incapazes, bastando a assinatura do representante legal. No entanto, a partir deste ano, a autarquia voltou a modificar o procedimento. Por conta da IN n\u00ba 190\/25, assinada recentemente pelo presidente do INSS, [&hellip;]\" \/>\n<meta property=\"og:url\" content=\"https:\/\/tribunademinas.audiencelabs.com.br\/nova-regra-do-inss-confirma-novidade-sobre-emprestimos-fique-atento\/\" \/>\n<meta property=\"og:site_name\" content=\"Tribuna de Minas - Dinheiro e Cidadania\" \/>\n<meta property=\"article:publisher\" content=\"https:\/\/www.facebook.com\/tribunademinas\/\" \/>\n<meta property=\"article:published_time\" content=\"2025-09-03T17:00:00+00:00\" \/>\n<meta property=\"og:image\" content=\"https:\/\/tribunademinas.audiencelabs.com.br\/wp-content\/uploads\/2025\/09\/nova-regra-inss-novidade-emprestimos.jpg\" \/>\n\t<meta property=\"og:image:width\" content=\"1423\" \/>\n\t<meta property=\"og:image:height\" content=\"800\" \/>\n\t<meta property=\"og:image:type\" content=\"image\/jpeg\" \/>\n<meta name=\"author\" content=\"Jo\u00e3o Carlos Gomes\" \/>\n<meta name=\"twitter:card\" content=\"summary_large_image\" \/>\n<meta name=\"twitter:creator\" content=\"@tribunademinas\" \/>\n<meta name=\"twitter:site\" content=\"@tribunademinas\" \/>\n<meta name=\"twitter:label1\" content=\"Escrito por\" \/>\n\t<meta name=\"twitter:data1\" content=\"Jo\u00e3o Carlos Gomes\" \/>\n\t<meta name=\"twitter:label2\" content=\"Est. tempo de leitura\" \/>\n\t<meta name=\"twitter:data2\" content=\"3 minutos\" \/>\n<!-- \/ Yoast SEO plugin. -->","yoast_head_json":{"title":"Nova regra do INSS confirma novidade sobre empr\u00e9stimos: fique atento","robots":{"index":"index","follow":"follow","max-snippet":"max-snippet:-1","max-image-preview":"max-image-preview:large","max-video-preview":"max-video-preview:-1"},"canonical":"https:\/\/tribunademinas.audiencelabs.com.br\/nova-regra-do-inss-confirma-novidade-sobre-emprestimos-fique-atento\/","og_locale":"pt_BR","og_type":"article","og_title":"Nova regra do INSS confirma novidade sobre empr\u00e9stimos: fique atento","og_description":"Em 2022, o Instituto Nacional do Seguro Social (INSS) estabeleceu a Instru\u00e7\u00e3o Normativa n\u00ba 136\/22, que dispensava a autoriza\u00e7\u00e3o judicial para consignado de incapazes, bastando a assinatura do representante legal. No entanto, a partir deste ano, a autarquia voltou a modificar o procedimento. Por conta da IN n\u00ba 190\/25, assinada recentemente pelo presidente do INSS, [&hellip;]","og_url":"https:\/\/tribunademinas.audiencelabs.com.br\/nova-regra-do-inss-confirma-novidade-sobre-emprestimos-fique-atento\/","og_site_name":"Tribuna de Minas - Dinheiro e Cidadania","article_publisher":"https:\/\/www.facebook.com\/tribunademinas\/","article_published_time":"2025-09-03T17:00:00+00:00","og_image":[{"width":1423,"height":800,"url":"https:\/\/tribunademinas.audiencelabs.com.br\/wp-content\/uploads\/2025\/09\/nova-regra-inss-novidade-emprestimos.jpg","type":"image\/jpeg"}],"author":"Jo\u00e3o Carlos Gomes","twitter_card":"summary_large_image","twitter_creator":"@tribunademinas","twitter_site":"@tribunademinas","twitter_misc":{"Escrito por":"Jo\u00e3o Carlos Gomes","Est. tempo de leitura":"3 minutos"},"schema":{"@context":"https:\/\/schema.org","@graph":[{"@type":"Article","@id":"https:\/\/tribunademinas.audiencelabs.com.br\/nova-regra-do-inss-confirma-novidade-sobre-emprestimos-fique-atento\/#article","isPartOf":{"@id":"https:\/\/tribunademinas.audiencelabs.com.br\/nova-regra-do-inss-confirma-novidade-sobre-emprestimos-fique-atento\/"},"author":{"name":"Jo\u00e3o Carlos Gomes","@id":"https:\/\/tribunademinas.audiencelabs.com.br\/#\/schema\/person\/37af466a64a722fadb8ef6841c52114f"},"headline":"Nova regra do INSS confirma novidade sobre empr\u00e9stimos: fique atento","datePublished":"2025-09-03T17:00:00+00:00","mainEntityOfPage":{"@id":"https:\/\/tribunademinas.audiencelabs.com.br\/nova-regra-do-inss-confirma-novidade-sobre-emprestimos-fique-atento\/"},"wordCount":388,"commentCount":0,"publisher":{"@id":"https:\/\/tribunademinas.audiencelabs.com.br\/#organization"},"image":{"@id":"https:\/\/tribunademinas.audiencelabs.com.br\/nova-regra-do-inss-confirma-novidade-sobre-emprestimos-fique-atento\/#primaryimage"},"thumbnailUrl":"https:\/\/tribunademinas.audiencelabs.com.br\/wp-content\/uploads\/2025\/09\/nova-regra-inss-novidade-emprestimos.jpg","articleSection":["Dinheiro"],"inLanguage":"pt-BR","potentialAction":[{"@type":"CommentAction","name":"Comment","target":["https:\/\/tribunademinas.audiencelabs.com.br\/nova-regra-do-inss-confirma-novidade-sobre-emprestimos-fique-atento\/#respond"]}]},{"@type":"WebPage","@id":"https:\/\/tribunademinas.audiencelabs.com.br\/nova-regra-do-inss-confirma-novidade-sobre-emprestimos-fique-atento\/","url":"https:\/\/tribunademinas.audiencelabs.com.br\/nova-regra-do-inss-confirma-novidade-sobre-emprestimos-fique-atento\/","name":"Nova regra do INSS confirma novidade sobre empr\u00e9stimos: fique atento","isPartOf":{"@id":"https:\/\/tribunademinas.audiencelabs.com.br\/#website"},"primaryImageOfPage":{"@id":"https:\/\/tribunademinas.audiencelabs.com.br\/nova-regra-do-inss-confirma-novidade-sobre-emprestimos-fique-atento\/#primaryimage"},"image":{"@id":"https:\/\/tribunademinas.audiencelabs.com.br\/nova-regra-do-inss-confirma-novidade-sobre-emprestimos-fique-atento\/#primaryimage"},"thumbnailUrl":"https:\/\/tribunademinas.audiencelabs.com.br\/wp-content\/uploads\/2025\/09\/nova-regra-inss-novidade-emprestimos.jpg","datePublished":"2025-09-03T17:00:00+00:00","breadcrumb":{"@id":"https:\/\/tribunademinas.audiencelabs.com.br\/nova-regra-do-inss-confirma-novidade-sobre-emprestimos-fique-atento\/#breadcrumb"},"inLanguage":"pt-BR","potentialAction":[{"@type":"ReadAction","target":["https:\/\/tribunademinas.audiencelabs.com.br\/nova-regra-do-inss-confirma-novidade-sobre-emprestimos-fique-atento\/"]}]},{"@type":"ImageObject","inLanguage":"pt-BR","@id":"https:\/\/tribunademinas.audiencelabs.com.br\/nova-regra-do-inss-confirma-novidade-sobre-emprestimos-fique-atento\/#primaryimage","url":"https:\/\/tribunademinas.audiencelabs.com.br\/wp-content\/uploads\/2025\/09\/nova-regra-inss-novidade-emprestimos.jpg","contentUrl":"https:\/\/tribunademinas.audiencelabs.com.br\/wp-content\/uploads\/2025\/09\/nova-regra-inss-novidade-emprestimos.jpg","width":1423,"height":800,"caption":"Foto: Marcello Casal Jr\/Ag\u00eancia Brasil"},{"@type":"BreadcrumbList","@id":"https:\/\/tribunademinas.audiencelabs.com.br\/nova-regra-do-inss-confirma-novidade-sobre-emprestimos-fique-atento\/#breadcrumb","itemListElement":[{"@type":"ListItem","position":1,"name":"In\u00edcio","item":"https:\/\/tribunademinas.audiencelabs.com.br\/"},{"@type":"ListItem","position":2,"name":"Nova regra do INSS confirma novidade sobre empr\u00e9stimos: fique atento"}]},{"@type":"WebSite","@id":"https:\/\/tribunademinas.audiencelabs.com.br\/#website","url":"https:\/\/tribunademinas.audiencelabs.com.br\/","name":"Tribuna de Minas - Dinheiro e Cidadania","description":"","publisher":{"@id":"https:\/\/tribunademinas.audiencelabs.com.br\/#organization"},"potentialAction":[{"@type":"SearchAction","target":{"@type":"EntryPoint","urlTemplate":"https:\/\/tribunademinas.audiencelabs.com.br\/?s={search_term_string}"},"query-input":{"@type":"PropertyValueSpecification","valueRequired":true,"valueName":"search_term_string"}}],"inLanguage":"pt-BR"},{"@type":"Organization","@id":"https:\/\/tribunademinas.audiencelabs.com.br\/#organization","name":"Tribuna de Minas - Dinheiro e Cidadania","url":"https:\/\/tribunademinas.audiencelabs.com.br\/","logo":{"@type":"ImageObject","inLanguage":"pt-BR","@id":"https:\/\/tribunademinas.audiencelabs.com.br\/#\/schema\/logo\/image\/","url":"https:\/\/tribunademinas.audiencelabs.com.br\/wp-content\/uploads\/2025\/08\/cropped-Tribuna_512x512-96x96-1.png","contentUrl":"https:\/\/tribunademinas.audiencelabs.com.br\/wp-content\/uploads\/2025\/08\/cropped-Tribuna_512x512-96x96-1.png","width":96,"height":96,"caption":"Tribuna de Minas - Dinheiro e Cidadania"},"image":{"@id":"https:\/\/tribunademinas.audiencelabs.com.br\/#\/schema\/logo\/image\/"},"sameAs":["https:\/\/www.facebook.com\/tribunademinas\/","https:\/\/x.com\/tribunademinas","https:\/\/www.instagram.com\/tribunademinas\/","https:\/\/www.youtube.com\/user\/TribunadeMinasJF"]},{"@type":"Person","@id":"https:\/\/tribunademinas.audiencelabs.com.br\/#\/schema\/person\/37af466a64a722fadb8ef6841c52114f","name":"Jo\u00e3o Carlos Gomes","image":{"@type":"ImageObject","inLanguage":"pt-BR","@id":"https:\/\/tribunademinas.audiencelabs.com.br\/#\/schema\/person\/image\/","url":"https:\/\/secure.gravatar.com\/avatar\/4ce4672dbdd694b329cd6fdb51bee7d1409be1f0ff76a537e4c4a737b2c7d1a9?s=96&d=mm&r=g","contentUrl":"https:\/\/secure.gravatar.com\/avatar\/4ce4672dbdd694b329cd6fdb51bee7d1409be1f0ff76a537e4c4a737b2c7d1a9?s=96&d=mm&r=g","caption":"Jo\u00e3o Carlos Gomes"},"description":"Jornalista formado pelo Centro Universit\u00e1rio Carioca, apreciador da Bossa Nova ao Metal Extremo, criador de conte\u00fado e m\u00fasico independente nas horas vagas.","url":"https:\/\/tribunademinas.audiencelabs.com.br\/author\/joaoc-junior\/"}]}},"amp_enabled":true,"_links":{"self":[{"href":"https:\/\/tribunademinas.audiencelabs.com.br\/wp-json\/wp\/v2\/posts\/891","targetHints":{"allow":["GET"]}}],"collection":[{"href":"https:\/\/tribunademinas.audiencelabs.com.br\/wp-json\/wp\/v2\/posts"}],"about":[{"href":"https:\/\/tribunademinas.audiencelabs.com.br\/wp-json\/wp\/v2\/types\/post"}],"author":[{"embeddable":true,"href":"https:\/\/tribunademinas.audiencelabs.com.br\/wp-json\/wp\/v2\/users\/3"}],"replies":[{"embeddable":true,"href":"https:\/\/tribunademinas.audiencelabs.com.br\/wp-json\/wp\/v2\/comments?post=891"}],"version-history":[{"count":1,"href":"https:\/\/tribunademinas.audiencelabs.com.br\/wp-json\/wp\/v2\/posts\/891\/revisions"}],"predecessor-version":[{"id":893,"href":"https:\/\/tribunademinas.audiencelabs.com.br\/wp-json\/wp\/v2\/posts\/891\/revisions\/893"}],"wp:featuredmedia":[{"embeddable":true,"href":"https:\/\/tribunademinas.audiencelabs.com.br\/wp-json\/wp\/v2\/media\/892"}],"wp:attachment":[{"href":"https:\/\/tribunademinas.audiencelabs.com.br\/wp-json\/wp\/v2\/media?parent=891"}],"wp:term":[{"taxonomy":"category","embeddable":true,"href":"https:\/\/tribunademinas.audiencelabs.com.br\/wp-json\/wp\/v2\/categories?post=891"},{"taxonomy":"post_tag","embeddable":true,"href":"https:\/\/tribunademinas.audiencelabs.com.br\/wp-json\/wp\/v2\/tags?post=891"}],"curies":[{"name":"wp","href":"https:\/\/api.w.org\/{rel}","templated":true}]}}