{"id":882,"date":"2025-09-03T08:00:00","date_gmt":"2025-09-03T11:00:00","guid":{"rendered":"https:\/\/tribunademinas.audiencelabs.com.br\/?p=882"},"modified":"2025-09-02T13:02:31","modified_gmt":"2025-09-02T16:02:31","slug":"grupo-especifico-de-brasileiros-nao-vai-mais-precisar-pagar-imposto-de-renda","status":"publish","type":"post","link":"https:\/\/tribunademinas.audiencelabs.com.br\/grupo-especifico-de-brasileiros-nao-vai-mais-precisar-pagar-imposto-de-renda\/","title":{"rendered":"Grupo espec\u00edfico de brasileiros n\u00e3o vai mais precisar pagar imposto de renda"},"content":{"rendered":"\n<p>Enquanto a proposta de isentar trabalhadores com carteira assinada e sal\u00e1rio de at\u00e9 R$ 5 mil do pagamento do Imposto de Renda segue em tramita\u00e7\u00e3o, outro projeto de lei igualmente importante agora busca de aprova\u00e7\u00e3o pelas comiss\u00f5es tem\u00e1ticas.<\/p>\n\n\n\n<p>Trata-se do <strong>PL <strong>5965\/23<\/strong><\/strong>, prop\u00f5e isen\u00e7\u00e3o do Imposto de Renda para <strong>pessoas acima de 75 anos<\/strong>. Aprovada pela pela Comiss\u00e3o de Defesa dos Direitos da Pessoa Idosa, a proposta ter\u00e1 como limite o teto do Regime Geral de Previd\u00eancia Social (RGPS), fixado em R$ 8.157,41 para 2025.<\/p>\n\n\n\n<p>O projeto agora segue para an\u00e1lise na <strong>Comiss\u00e3o de Finan\u00e7as e Tributa\u00e7\u00e3o<\/strong>, que avaliar\u00e1 os impactos or\u00e7ament\u00e1rios, e posteriormente seguir\u00e1 para a <strong>Comiss\u00e3o de Constitui\u00e7\u00e3o e Justi\u00e7a e de Cidadania<\/strong>. Caso aprovado em ambas as inst\u00e2ncias, seguir\u00e1 para o Senado Federal e, por fim, para san\u00e7\u00e3o presidencial.<\/p>\n\n\n\n<p>Ainda que demande cautela devido ao risco de redu\u00e7\u00e3o na arrecada\u00e7\u00e3o, a expectativa \u00e9 de que o impacto fiscal do PL 5965\/23 seja equilibrado pelo aquecimento do consumo, com efeitos positivos na economia.<\/p>\n\n\n\n<p>Inclusive, muitos economistas destacaram o m\u00e9rito social da proposta, que visa equilibrar uma contradi\u00e7\u00e3o do sistema, impondo menos cobran\u00e7as a quem j\u00e1 n\u00e3o pode oferecer a mesma capacidade de trabalho.<\/p>\n\n\n\n<h2 class=\"wp-block-heading\">Isen\u00e7\u00e3o de imposto de renda tamb\u00e9m engloba idosos que ainda trabalham<\/h2>\n\n\n\n<p>Al\u00e9m de beneficiar pessoas com mais de 75 anos, o PL 5965\/23 tamb\u00e9m oferece vantagens a aposentados que seguem exercendo atividades profissionais, buscando aliviar a carga financeira daqueles que ainda necessitam complementar a renda.<\/p>\n\n\n\n<p>Contudo, nestes casos, haver\u00e1 <strong>dispensa da contribui\u00e7\u00e3o previdenci\u00e1ria<\/strong>, o que pode fortalecer ainda mais os ganhos l\u00edquidos de milh\u00f5es de brasileiros que ainda precisam atuar no mercado de trabalho, mesmo j\u00e1 estando acima dos 70 anos.<\/p>\n\n\n\n<p>De forma geral, a medida busca n\u00e3o apenas aliviar o or\u00e7amento dos idosos, permitindo maior destina\u00e7\u00e3o de recursos para necessidades b\u00e1sicas e qualidade de vida, como tamb\u00e9m refor\u00e7ar sua autonomia ao prolongar a independ\u00eancia econ\u00f4mica.<\/p>\n","protected":false},"excerpt":{"rendered":"<p>Enquanto a proposta de isentar trabalhadores com carteira assinada e sal\u00e1rio de at\u00e9 R$ 5 mil do pagamento do Imposto de Renda segue em tramita\u00e7\u00e3o, outro projeto de lei igualmente importante agora busca de aprova\u00e7\u00e3o pelas comiss\u00f5es tem\u00e1ticas. Trata-se do PL 5965\/23, prop\u00f5e isen\u00e7\u00e3o do Imposto de Renda para pessoas acima de 75 anos. Aprovada [&hellip;]<\/p>\n","protected":false},"author":3,"featured_media":883,"comment_status":"open","ping_status":"open","sticky":false,"template":"","format":"standard","meta":{"jnews-multi-image_gallery":[],"jnews_single_post":{"format":"standard"},"jnews_primary_category":[],"jnews_social_meta":[],"jnews_post_split":[],"footnotes":""},"categories":[159],"tags":[],"class_list":["post-882","post","type-post","status-publish","format-standard","has-post-thumbnail","hentry","category-cidadania"],"yoast_head":"<!-- This site is optimized with the Yoast SEO plugin v25.6 - https:\/\/yoast.com\/wordpress\/plugins\/seo\/ -->\n<title>Grupo espec\u00edfico de brasileiros n\u00e3o vai mais precisar pagar imposto de renda<\/title>\n<meta name=\"robots\" content=\"index, follow, max-snippet:-1, max-image-preview:large, max-video-preview:-1\" \/>\n<link rel=\"canonical\" href=\"https:\/\/tribunademinas.audiencelabs.com.br\/grupo-especifico-de-brasileiros-nao-vai-mais-precisar-pagar-imposto-de-renda\/\" \/>\n<meta property=\"og:locale\" content=\"pt_BR\" \/>\n<meta property=\"og:type\" content=\"article\" \/>\n<meta property=\"og:title\" content=\"Grupo espec\u00edfico de brasileiros n\u00e3o vai mais precisar pagar imposto de renda\" \/>\n<meta property=\"og:description\" content=\"Enquanto a proposta de isentar trabalhadores com carteira assinada e sal\u00e1rio de at\u00e9 R$ 5 mil do pagamento do Imposto de Renda segue em tramita\u00e7\u00e3o, outro projeto de lei igualmente importante agora busca de aprova\u00e7\u00e3o pelas comiss\u00f5es tem\u00e1ticas. Trata-se do PL 5965\/23, prop\u00f5e isen\u00e7\u00e3o do Imposto de Renda para pessoas acima de 75 anos. Aprovada [&hellip;]\" \/>\n<meta property=\"og:url\" content=\"https:\/\/tribunademinas.audiencelabs.com.br\/grupo-especifico-de-brasileiros-nao-vai-mais-precisar-pagar-imposto-de-renda\/\" \/>\n<meta property=\"og:site_name\" content=\"Tribuna de Minas - Dinheiro e Cidadania\" \/>\n<meta property=\"article:publisher\" content=\"https:\/\/www.facebook.com\/tribunademinas\/\" \/>\n<meta property=\"article:published_time\" content=\"2025-09-03T11:00:00+00:00\" \/>\n<meta property=\"og:image\" content=\"https:\/\/tribunademinas.audiencelabs.com.br\/wp-content\/uploads\/2025\/09\/grupo-especifico-brasileiros-nao-vai-mais-pagar-imposto-de-renda.jpg\" \/>\n\t<meta property=\"og:image:width\" content=\"1500\" \/>\n\t<meta property=\"og:image:height\" content=\"844\" \/>\n\t<meta property=\"og:image:type\" content=\"image\/jpeg\" \/>\n<meta name=\"author\" content=\"Jo\u00e3o Carlos Gomes\" \/>\n<meta name=\"twitter:card\" content=\"summary_large_image\" \/>\n<meta name=\"twitter:creator\" content=\"@tribunademinas\" \/>\n<meta name=\"twitter:site\" content=\"@tribunademinas\" \/>\n<meta name=\"twitter:label1\" content=\"Escrito por\" \/>\n\t<meta name=\"twitter:data1\" content=\"Jo\u00e3o Carlos Gomes\" \/>\n\t<meta name=\"twitter:label2\" content=\"Est. tempo de leitura\" \/>\n\t<meta name=\"twitter:data2\" content=\"2 minutos\" \/>\n<!-- \/ Yoast SEO plugin. -->","yoast_head_json":{"title":"Grupo espec\u00edfico de brasileiros n\u00e3o vai mais precisar pagar imposto de renda","robots":{"index":"index","follow":"follow","max-snippet":"max-snippet:-1","max-image-preview":"max-image-preview:large","max-video-preview":"max-video-preview:-1"},"canonical":"https:\/\/tribunademinas.audiencelabs.com.br\/grupo-especifico-de-brasileiros-nao-vai-mais-precisar-pagar-imposto-de-renda\/","og_locale":"pt_BR","og_type":"article","og_title":"Grupo espec\u00edfico de brasileiros n\u00e3o vai mais precisar pagar imposto de renda","og_description":"Enquanto a proposta de isentar trabalhadores com carteira assinada e sal\u00e1rio de at\u00e9 R$ 5 mil do pagamento do Imposto de Renda segue em tramita\u00e7\u00e3o, outro projeto de lei igualmente importante agora busca de aprova\u00e7\u00e3o pelas comiss\u00f5es tem\u00e1ticas. Trata-se do PL 5965\/23, prop\u00f5e isen\u00e7\u00e3o do Imposto de Renda para pessoas acima de 75 anos. Aprovada [&hellip;]","og_url":"https:\/\/tribunademinas.audiencelabs.com.br\/grupo-especifico-de-brasileiros-nao-vai-mais-precisar-pagar-imposto-de-renda\/","og_site_name":"Tribuna de Minas - Dinheiro e Cidadania","article_publisher":"https:\/\/www.facebook.com\/tribunademinas\/","article_published_time":"2025-09-03T11:00:00+00:00","og_image":[{"width":1500,"height":844,"url":"https:\/\/tribunademinas.audiencelabs.com.br\/wp-content\/uploads\/2025\/09\/grupo-especifico-brasileiros-nao-vai-mais-pagar-imposto-de-renda.jpg","type":"image\/jpeg"}],"author":"Jo\u00e3o Carlos Gomes","twitter_card":"summary_large_image","twitter_creator":"@tribunademinas","twitter_site":"@tribunademinas","twitter_misc":{"Escrito por":"Jo\u00e3o Carlos Gomes","Est. tempo de leitura":"2 minutos"},"schema":{"@context":"https:\/\/schema.org","@graph":[{"@type":"Article","@id":"https:\/\/tribunademinas.audiencelabs.com.br\/grupo-especifico-de-brasileiros-nao-vai-mais-precisar-pagar-imposto-de-renda\/#article","isPartOf":{"@id":"https:\/\/tribunademinas.audiencelabs.com.br\/grupo-especifico-de-brasileiros-nao-vai-mais-precisar-pagar-imposto-de-renda\/"},"author":{"name":"Jo\u00e3o Carlos Gomes","@id":"https:\/\/tribunademinas.audiencelabs.com.br\/#\/schema\/person\/37af466a64a722fadb8ef6841c52114f"},"headline":"Grupo espec\u00edfico de brasileiros n\u00e3o vai mais precisar pagar imposto de renda","datePublished":"2025-09-03T11:00:00+00:00","mainEntityOfPage":{"@id":"https:\/\/tribunademinas.audiencelabs.com.br\/grupo-especifico-de-brasileiros-nao-vai-mais-precisar-pagar-imposto-de-renda\/"},"wordCount":357,"commentCount":0,"publisher":{"@id":"https:\/\/tribunademinas.audiencelabs.com.br\/#organization"},"image":{"@id":"https:\/\/tribunademinas.audiencelabs.com.br\/grupo-especifico-de-brasileiros-nao-vai-mais-precisar-pagar-imposto-de-renda\/#primaryimage"},"thumbnailUrl":"https:\/\/tribunademinas.audiencelabs.com.br\/wp-content\/uploads\/2025\/09\/grupo-especifico-brasileiros-nao-vai-mais-pagar-imposto-de-renda.jpg","articleSection":["Cidadania"],"inLanguage":"pt-BR","potentialAction":[{"@type":"CommentAction","name":"Comment","target":["https:\/\/tribunademinas.audiencelabs.com.br\/grupo-especifico-de-brasileiros-nao-vai-mais-precisar-pagar-imposto-de-renda\/#respond"]}]},{"@type":"WebPage","@id":"https:\/\/tribunademinas.audiencelabs.com.br\/grupo-especifico-de-brasileiros-nao-vai-mais-precisar-pagar-imposto-de-renda\/","url":"https:\/\/tribunademinas.audiencelabs.com.br\/grupo-especifico-de-brasileiros-nao-vai-mais-precisar-pagar-imposto-de-renda\/","name":"Grupo espec\u00edfico de brasileiros n\u00e3o vai mais precisar pagar imposto de renda","isPartOf":{"@id":"https:\/\/tribunademinas.audiencelabs.com.br\/#website"},"primaryImageOfPage":{"@id":"https:\/\/tribunademinas.audiencelabs.com.br\/grupo-especifico-de-brasileiros-nao-vai-mais-precisar-pagar-imposto-de-renda\/#primaryimage"},"image":{"@id":"https:\/\/tribunademinas.audiencelabs.com.br\/grupo-especifico-de-brasileiros-nao-vai-mais-precisar-pagar-imposto-de-renda\/#primaryimage"},"thumbnailUrl":"https:\/\/tribunademinas.audiencelabs.com.br\/wp-content\/uploads\/2025\/09\/grupo-especifico-brasileiros-nao-vai-mais-pagar-imposto-de-renda.jpg","datePublished":"2025-09-03T11:00:00+00:00","breadcrumb":{"@id":"https:\/\/tribunademinas.audiencelabs.com.br\/grupo-especifico-de-brasileiros-nao-vai-mais-precisar-pagar-imposto-de-renda\/#breadcrumb"},"inLanguage":"pt-BR","potentialAction":[{"@type":"ReadAction","target":["https:\/\/tribunademinas.audiencelabs.com.br\/grupo-especifico-de-brasileiros-nao-vai-mais-precisar-pagar-imposto-de-renda\/"]}]},{"@type":"ImageObject","inLanguage":"pt-BR","@id":"https:\/\/tribunademinas.audiencelabs.com.br\/grupo-especifico-de-brasileiros-nao-vai-mais-precisar-pagar-imposto-de-renda\/#primaryimage","url":"https:\/\/tribunademinas.audiencelabs.com.br\/wp-content\/uploads\/2025\/09\/grupo-especifico-brasileiros-nao-vai-mais-pagar-imposto-de-renda.jpg","contentUrl":"https:\/\/tribunademinas.audiencelabs.com.br\/wp-content\/uploads\/2025\/09\/grupo-especifico-brasileiros-nao-vai-mais-pagar-imposto-de-renda.jpg","width":1500,"height":844,"caption":"Foto: pressfoto\/Freepik"},{"@type":"BreadcrumbList","@id":"https:\/\/tribunademinas.audiencelabs.com.br\/grupo-especifico-de-brasileiros-nao-vai-mais-precisar-pagar-imposto-de-renda\/#breadcrumb","itemListElement":[{"@type":"ListItem","position":1,"name":"In\u00edcio","item":"https:\/\/tribunademinas.audiencelabs.com.br\/"},{"@type":"ListItem","position":2,"name":"Grupo espec\u00edfico de brasileiros n\u00e3o vai mais precisar pagar imposto de renda"}]},{"@type":"WebSite","@id":"https:\/\/tribunademinas.audiencelabs.com.br\/#website","url":"https:\/\/tribunademinas.audiencelabs.com.br\/","name":"Tribuna de Minas - Dinheiro e Cidadania","description":"","publisher":{"@id":"https:\/\/tribunademinas.audiencelabs.com.br\/#organization"},"potentialAction":[{"@type":"SearchAction","target":{"@type":"EntryPoint","urlTemplate":"https:\/\/tribunademinas.audiencelabs.com.br\/?s={search_term_string}"},"query-input":{"@type":"PropertyValueSpecification","valueRequired":true,"valueName":"search_term_string"}}],"inLanguage":"pt-BR"},{"@type":"Organization","@id":"https:\/\/tribunademinas.audiencelabs.com.br\/#organization","name":"Tribuna de Minas - Dinheiro e Cidadania","url":"https:\/\/tribunademinas.audiencelabs.com.br\/","logo":{"@type":"ImageObject","inLanguage":"pt-BR","@id":"https:\/\/tribunademinas.audiencelabs.com.br\/#\/schema\/logo\/image\/","url":"https:\/\/tribunademinas.audiencelabs.com.br\/wp-content\/uploads\/2025\/08\/cropped-Tribuna_512x512-96x96-1.png","contentUrl":"https:\/\/tribunademinas.audiencelabs.com.br\/wp-content\/uploads\/2025\/08\/cropped-Tribuna_512x512-96x96-1.png","width":96,"height":96,"caption":"Tribuna de Minas - Dinheiro e Cidadania"},"image":{"@id":"https:\/\/tribunademinas.audiencelabs.com.br\/#\/schema\/logo\/image\/"},"sameAs":["https:\/\/www.facebook.com\/tribunademinas\/","https:\/\/x.com\/tribunademinas","https:\/\/www.instagram.com\/tribunademinas\/","https:\/\/www.youtube.com\/user\/TribunadeMinasJF"]},{"@type":"Person","@id":"https:\/\/tribunademinas.audiencelabs.com.br\/#\/schema\/person\/37af466a64a722fadb8ef6841c52114f","name":"Jo\u00e3o Carlos Gomes","image":{"@type":"ImageObject","inLanguage":"pt-BR","@id":"https:\/\/tribunademinas.audiencelabs.com.br\/#\/schema\/person\/image\/","url":"https:\/\/secure.gravatar.com\/avatar\/4ce4672dbdd694b329cd6fdb51bee7d1409be1f0ff76a537e4c4a737b2c7d1a9?s=96&d=mm&r=g","contentUrl":"https:\/\/secure.gravatar.com\/avatar\/4ce4672dbdd694b329cd6fdb51bee7d1409be1f0ff76a537e4c4a737b2c7d1a9?s=96&d=mm&r=g","caption":"Jo\u00e3o Carlos Gomes"},"description":"Jornalista formado pelo Centro Universit\u00e1rio Carioca, apreciador da Bossa Nova ao Metal Extremo, criador de conte\u00fado e m\u00fasico independente nas horas vagas.","url":"https:\/\/tribunademinas.audiencelabs.com.br\/author\/joaoc-junior\/"}]}},"amp_enabled":true,"_links":{"self":[{"href":"https:\/\/tribunademinas.audiencelabs.com.br\/wp-json\/wp\/v2\/posts\/882","targetHints":{"allow":["GET"]}}],"collection":[{"href":"https:\/\/tribunademinas.audiencelabs.com.br\/wp-json\/wp\/v2\/posts"}],"about":[{"href":"https:\/\/tribunademinas.audiencelabs.com.br\/wp-json\/wp\/v2\/types\/post"}],"author":[{"embeddable":true,"href":"https:\/\/tribunademinas.audiencelabs.com.br\/wp-json\/wp\/v2\/users\/3"}],"replies":[{"embeddable":true,"href":"https:\/\/tribunademinas.audiencelabs.com.br\/wp-json\/wp\/v2\/comments?post=882"}],"version-history":[{"count":1,"href":"https:\/\/tribunademinas.audiencelabs.com.br\/wp-json\/wp\/v2\/posts\/882\/revisions"}],"predecessor-version":[{"id":884,"href":"https:\/\/tribunademinas.audiencelabs.com.br\/wp-json\/wp\/v2\/posts\/882\/revisions\/884"}],"wp:featuredmedia":[{"embeddable":true,"href":"https:\/\/tribunademinas.audiencelabs.com.br\/wp-json\/wp\/v2\/media\/883"}],"wp:attachment":[{"href":"https:\/\/tribunademinas.audiencelabs.com.br\/wp-json\/wp\/v2\/media?parent=882"}],"wp:term":[{"taxonomy":"category","embeddable":true,"href":"https:\/\/tribunademinas.audiencelabs.com.br\/wp-json\/wp\/v2\/categories?post=882"},{"taxonomy":"post_tag","embeddable":true,"href":"https:\/\/tribunademinas.audiencelabs.com.br\/wp-json\/wp\/v2\/tags?post=882"}],"curies":[{"name":"wp","href":"https:\/\/api.w.org\/{rel}","templated":true}]}}