{"id":879,"date":"2025-09-06T21:45:00","date_gmt":"2025-09-07T00:45:00","guid":{"rendered":"https:\/\/tribunademinas.audiencelabs.com.br\/?p=879"},"modified":"2025-09-01T19:41:29","modified_gmt":"2025-09-01T22:41:29","slug":"3-mil-vagas-cnh-gratuita-no-detran-tem-anuncio-de-detalhes-publicado","status":"publish","type":"post","link":"https:\/\/tribunademinas.audiencelabs.com.br\/3-mil-vagas-cnh-gratuita-no-detran-tem-anuncio-de-detalhes-publicado\/","title":{"rendered":"3 mil vagas! CNH gratuita no Detran tem an\u00fancio de detalhes publicado"},"content":{"rendered":"\n<p>O Departamento Estadual de Tr\u00e2nsito do Esp\u00edrito Santo <a href=\"https:\/\/detran.es.gov.br\/\"><strong>(Detran-ES<\/strong><\/a>) lan\u00e7ou uma nova etapa do programa CNH Popular, que vai garantir a emiss\u00e3o gratuita da carteira de habilita\u00e7\u00e3o para tr\u00eas mil moradores do estado. <\/p>\n\n\n\n<p>A iniciativa, promovida pelo Governo do Estado, busca democratizar o acesso ao documento e, consequentemente, ampliar oportunidades de emprego e inclus\u00e3o social. Para ser contemplado, no entanto, \u00e9 preciso atender a alguns crit\u00e9rios exigidos no edital da sele\u00e7\u00e3o.<\/p>\n\n\n\n<h2 class=\"wp-block-heading\">3 mil vagas! CNH gratuita no Detran tem an\u00fancio de detalhes publicado<\/h2>\n\n\n\n<p>Nesta edi\u00e7\u00e3o de 2025, o programa contemplar\u00e1 candidatos que desejam tirar a primeira habilita\u00e7\u00e3o, adicionar uma nova categoria \u00e0 carteira existente ou mudar para categorias profissionais, como D e E, utilizadas para o transporte de passageiros ou de cargas. <\/p>\n\n\n\n<p>Todo o processo, desde os exames m\u00e9dicos e psicol\u00f3gicos at\u00e9 as aulas e taxas exigidas pelo <a href=\"https:\/\/tribunademinas.com.br\/colunas\/maistendencias\/comunicado-do-detran-coloca-fim-na-cnh-da-categoria-a\/\"><strong>Detran<\/strong><\/a>, ser\u00e1 totalmente custeado pelo governo estadual. A economia para o cidad\u00e3o pode ultrapassar os R$ 3 mil, valor m\u00e9dio dos procedimentos envolvidos.<\/p>\n\n\n\n<p>O p\u00fablico-alvo da CNH Popular s\u00e3o pessoas em situa\u00e7\u00e3o de vulnerabilidade social, com prioridade para aqueles que j\u00e1 est\u00e3o registrados no Cadastro \u00danico (Cad\u00danico) ou que sejam benefici\u00e1rios de programas sociais de \u00e2mbito estadual ou federal. <\/p>\n\n\n\n<p>Al\u00e9m do crit\u00e9rio socioecon\u00f4mico, a sele\u00e7\u00e3o busca atender quem realmente precisa do documento para ampliar suas condi\u00e7\u00f5es de inser\u00e7\u00e3o no mercado de trabalho ou para conquistar autonomia no dia a dia.<\/p>\n\n\n\n<h3 class=\"wp-block-heading\">CNH \u00e9 gratuita para quais categorias e como participar?<\/h3>\n\n\n\n<p>O programa oferece habilita\u00e7\u00e3o gratuita nas categorias A (motos) e B (carros) para quem ainda n\u00e3o possui CNH. <\/p>\n\n\n\n<p>Tamb\u00e9m inclui a possibilidade de adi\u00e7\u00e3o de categoria, como passar de B para AB, al\u00e9m da mudan\u00e7a para categorias D ou E, exigidas para dirigir vans, \u00f4nibus e caminh\u00f5es, \u00e1reas em que a demanda por motoristas qualificados costuma ser alta.<\/p>\n\n\n\n<p>As inscri\u00e7\u00f5es ser\u00e3o feitas exclusivamente online, pelo site do Detran-ES, a partir do meio-dia da pr\u00f3xima ter\u00e7a-feira, 2 de setembro. <\/p>\n\n\n\n<p>Os interessados devem preencher o formul\u00e1rio eletr\u00f4nico dispon\u00edvel na plataforma oficial e aguardar a an\u00e1lise de perfil, que leva em conta os dados informados para selecionar os benefici\u00e1rios.<\/p>\n\n\n\n<p>Com mais de 64 mil habilita\u00e7\u00f5es gratuitas emitidas desde sua cria\u00e7\u00e3o, o programa CNH Popular tem se consolidado como uma das principais ferramentas de inclus\u00e3o do Esp\u00edrito Santo, aliando pol\u00edticas p\u00fablicas a impactos reais na vida da popula\u00e7\u00e3o.<\/p>\n\n\n\n<p><\/p>\n","protected":false},"excerpt":{"rendered":"<p>O Departamento Estadual de Tr\u00e2nsito do Esp\u00edrito Santo (Detran-ES) lan\u00e7ou uma nova etapa do programa CNH Popular, que vai garantir a emiss\u00e3o gratuita da carteira de habilita\u00e7\u00e3o para tr\u00eas mil moradores do estado. A iniciativa, promovida pelo Governo do Estado, busca democratizar o acesso ao documento e, consequentemente, ampliar oportunidades de emprego e inclus\u00e3o social. [&hellip;]<\/p>\n","protected":false},"author":5,"featured_media":880,"comment_status":"open","ping_status":"open","sticky":false,"template":"","format":"standard","meta":{"jnews-multi-image_gallery":[],"jnews_single_post":{"format":"standard"},"jnews_primary_category":[],"jnews_social_meta":[],"jnews_post_split":[],"footnotes":""},"categories":[159],"tags":[],"class_list":["post-879","post","type-post","status-publish","format-standard","has-post-thumbnail","hentry","category-cidadania"],"yoast_head":"<!-- This site is optimized with the Yoast SEO plugin v25.6 - https:\/\/yoast.com\/wordpress\/plugins\/seo\/ -->\n<title>3 mil vagas! CNH gratuita no Detran tem an\u00fancio de detalhes publicado<\/title>\n<meta name=\"description\" content=\"O Detran lan\u00e7ou uma nova etapa do programa CNH Popular, que vai garantir a emiss\u00e3o gratuita da carteira de habilita\u00e7\u00e3o para 3 mil pessoas.\" \/>\n<meta name=\"robots\" content=\"index, follow, max-snippet:-1, max-image-preview:large, max-video-preview:-1\" \/>\n<link rel=\"canonical\" href=\"https:\/\/tribunademinas.audiencelabs.com.br\/3-mil-vagas-cnh-gratuita-no-detran-tem-anuncio-de-detalhes-publicado\/\" \/>\n<meta property=\"og:locale\" content=\"pt_BR\" \/>\n<meta property=\"og:type\" content=\"article\" \/>\n<meta property=\"og:title\" content=\"3 mil vagas! CNH gratuita no Detran tem an\u00fancio de detalhes publicado\" \/>\n<meta property=\"og:description\" content=\"O Detran lan\u00e7ou uma nova etapa do programa CNH Popular, que vai garantir a emiss\u00e3o gratuita da carteira de habilita\u00e7\u00e3o para 3 mil pessoas.\" \/>\n<meta property=\"og:url\" content=\"https:\/\/tribunademinas.audiencelabs.com.br\/3-mil-vagas-cnh-gratuita-no-detran-tem-anuncio-de-detalhes-publicado\/\" \/>\n<meta property=\"og:site_name\" content=\"Tribuna de Minas - Dinheiro e Cidadania\" \/>\n<meta property=\"article:publisher\" content=\"https:\/\/www.facebook.com\/tribunademinas\/\" \/>\n<meta property=\"article:published_time\" content=\"2025-09-07T00:45:00+00:00\" \/>\n<meta property=\"og:image\" content=\"https:\/\/tribunademinas.audiencelabs.com.br\/wp-content\/uploads\/2025\/09\/CNH.webp\" \/>\n\t<meta property=\"og:image:width\" content=\"1170\" \/>\n\t<meta property=\"og:image:height\" content=\"700\" \/>\n\t<meta property=\"og:image:type\" content=\"image\/webp\" \/>\n<meta name=\"author\" content=\"Jeferson Carvalho\" \/>\n<meta name=\"twitter:card\" content=\"summary_large_image\" \/>\n<meta name=\"twitter:creator\" content=\"@tribunademinas\" \/>\n<meta name=\"twitter:site\" content=\"@tribunademinas\" \/>\n<meta name=\"twitter:label1\" content=\"Escrito por\" \/>\n\t<meta name=\"twitter:data1\" content=\"Jeferson Carvalho\" \/>\n\t<meta name=\"twitter:label2\" content=\"Est. tempo de leitura\" \/>\n\t<meta name=\"twitter:data2\" content=\"3 minutos\" \/>\n<!-- \/ Yoast SEO plugin. -->","yoast_head_json":{"title":"3 mil vagas! CNH gratuita no Detran tem an\u00fancio de detalhes publicado","description":"O Detran lan\u00e7ou uma nova etapa do programa CNH Popular, que vai garantir a emiss\u00e3o gratuita da carteira de habilita\u00e7\u00e3o para 3 mil pessoas.","robots":{"index":"index","follow":"follow","max-snippet":"max-snippet:-1","max-image-preview":"max-image-preview:large","max-video-preview":"max-video-preview:-1"},"canonical":"https:\/\/tribunademinas.audiencelabs.com.br\/3-mil-vagas-cnh-gratuita-no-detran-tem-anuncio-de-detalhes-publicado\/","og_locale":"pt_BR","og_type":"article","og_title":"3 mil vagas! CNH gratuita no Detran tem an\u00fancio de detalhes publicado","og_description":"O Detran lan\u00e7ou uma nova etapa do programa CNH Popular, que vai garantir a emiss\u00e3o gratuita da carteira de habilita\u00e7\u00e3o para 3 mil pessoas.","og_url":"https:\/\/tribunademinas.audiencelabs.com.br\/3-mil-vagas-cnh-gratuita-no-detran-tem-anuncio-de-detalhes-publicado\/","og_site_name":"Tribuna de Minas - Dinheiro e Cidadania","article_publisher":"https:\/\/www.facebook.com\/tribunademinas\/","article_published_time":"2025-09-07T00:45:00+00:00","og_image":[{"width":1170,"height":700,"url":"https:\/\/tribunademinas.audiencelabs.com.br\/wp-content\/uploads\/2025\/09\/CNH.webp","type":"image\/webp"}],"author":"Jeferson Carvalho","twitter_card":"summary_large_image","twitter_creator":"@tribunademinas","twitter_site":"@tribunademinas","twitter_misc":{"Escrito por":"Jeferson Carvalho","Est. tempo de leitura":"3 minutos"},"schema":{"@context":"https:\/\/schema.org","@graph":[{"@type":"Article","@id":"https:\/\/tribunademinas.audiencelabs.com.br\/3-mil-vagas-cnh-gratuita-no-detran-tem-anuncio-de-detalhes-publicado\/#article","isPartOf":{"@id":"https:\/\/tribunademinas.audiencelabs.com.br\/3-mil-vagas-cnh-gratuita-no-detran-tem-anuncio-de-detalhes-publicado\/"},"author":{"name":"Jeferson Carvalho","@id":"https:\/\/tribunademinas.audiencelabs.com.br\/#\/schema\/person\/db18fc40307804bacef94213aa68fd9d"},"headline":"3 mil vagas! CNH gratuita no Detran tem an\u00fancio de detalhes publicado","datePublished":"2025-09-07T00:45:00+00:00","mainEntityOfPage":{"@id":"https:\/\/tribunademinas.audiencelabs.com.br\/3-mil-vagas-cnh-gratuita-no-detran-tem-anuncio-de-detalhes-publicado\/"},"wordCount":436,"commentCount":0,"publisher":{"@id":"https:\/\/tribunademinas.audiencelabs.com.br\/#organization"},"image":{"@id":"https:\/\/tribunademinas.audiencelabs.com.br\/3-mil-vagas-cnh-gratuita-no-detran-tem-anuncio-de-detalhes-publicado\/#primaryimage"},"thumbnailUrl":"https:\/\/tribunademinas.audiencelabs.com.br\/wp-content\/uploads\/2025\/09\/CNH.webp","articleSection":["Cidadania"],"inLanguage":"pt-BR","potentialAction":[{"@type":"CommentAction","name":"Comment","target":["https:\/\/tribunademinas.audiencelabs.com.br\/3-mil-vagas-cnh-gratuita-no-detran-tem-anuncio-de-detalhes-publicado\/#respond"]}]},{"@type":"WebPage","@id":"https:\/\/tribunademinas.audiencelabs.com.br\/3-mil-vagas-cnh-gratuita-no-detran-tem-anuncio-de-detalhes-publicado\/","url":"https:\/\/tribunademinas.audiencelabs.com.br\/3-mil-vagas-cnh-gratuita-no-detran-tem-anuncio-de-detalhes-publicado\/","name":"3 mil vagas! CNH gratuita no Detran tem an\u00fancio de detalhes publicado","isPartOf":{"@id":"https:\/\/tribunademinas.audiencelabs.com.br\/#website"},"primaryImageOfPage":{"@id":"https:\/\/tribunademinas.audiencelabs.com.br\/3-mil-vagas-cnh-gratuita-no-detran-tem-anuncio-de-detalhes-publicado\/#primaryimage"},"image":{"@id":"https:\/\/tribunademinas.audiencelabs.com.br\/3-mil-vagas-cnh-gratuita-no-detran-tem-anuncio-de-detalhes-publicado\/#primaryimage"},"thumbnailUrl":"https:\/\/tribunademinas.audiencelabs.com.br\/wp-content\/uploads\/2025\/09\/CNH.webp","datePublished":"2025-09-07T00:45:00+00:00","description":"O Detran lan\u00e7ou uma nova etapa do programa CNH Popular, que vai garantir a emiss\u00e3o gratuita da carteira de habilita\u00e7\u00e3o para 3 mil pessoas.","breadcrumb":{"@id":"https:\/\/tribunademinas.audiencelabs.com.br\/3-mil-vagas-cnh-gratuita-no-detran-tem-anuncio-de-detalhes-publicado\/#breadcrumb"},"inLanguage":"pt-BR","potentialAction":[{"@type":"ReadAction","target":["https:\/\/tribunademinas.audiencelabs.com.br\/3-mil-vagas-cnh-gratuita-no-detran-tem-anuncio-de-detalhes-publicado\/"]}]},{"@type":"ImageObject","inLanguage":"pt-BR","@id":"https:\/\/tribunademinas.audiencelabs.com.br\/3-mil-vagas-cnh-gratuita-no-detran-tem-anuncio-de-detalhes-publicado\/#primaryimage","url":"https:\/\/tribunademinas.audiencelabs.com.br\/wp-content\/uploads\/2025\/09\/CNH.webp","contentUrl":"https:\/\/tribunademinas.audiencelabs.com.br\/wp-content\/uploads\/2025\/09\/CNH.webp","width":1170,"height":700,"caption":"3 mil vagas! CNH gratuita no Detran tem an\u00fancio de detalhes publicado - Imagem: Marcello Casal jr\/Ag\u00eancia Brasil"},{"@type":"BreadcrumbList","@id":"https:\/\/tribunademinas.audiencelabs.com.br\/3-mil-vagas-cnh-gratuita-no-detran-tem-anuncio-de-detalhes-publicado\/#breadcrumb","itemListElement":[{"@type":"ListItem","position":1,"name":"In\u00edcio","item":"https:\/\/tribunademinas.audiencelabs.com.br\/"},{"@type":"ListItem","position":2,"name":"3 mil vagas! CNH gratuita no Detran tem an\u00fancio de detalhes publicado"}]},{"@type":"WebSite","@id":"https:\/\/tribunademinas.audiencelabs.com.br\/#website","url":"https:\/\/tribunademinas.audiencelabs.com.br\/","name":"Tribuna de Minas - Dinheiro e Cidadania","description":"","publisher":{"@id":"https:\/\/tribunademinas.audiencelabs.com.br\/#organization"},"potentialAction":[{"@type":"SearchAction","target":{"@type":"EntryPoint","urlTemplate":"https:\/\/tribunademinas.audiencelabs.com.br\/?s={search_term_string}"},"query-input":{"@type":"PropertyValueSpecification","valueRequired":true,"valueName":"search_term_string"}}],"inLanguage":"pt-BR"},{"@type":"Organization","@id":"https:\/\/tribunademinas.audiencelabs.com.br\/#organization","name":"Tribuna de Minas - Dinheiro e Cidadania","url":"https:\/\/tribunademinas.audiencelabs.com.br\/","logo":{"@type":"ImageObject","inLanguage":"pt-BR","@id":"https:\/\/tribunademinas.audiencelabs.com.br\/#\/schema\/logo\/image\/","url":"https:\/\/tribunademinas.audiencelabs.com.br\/wp-content\/uploads\/2025\/08\/cropped-Tribuna_512x512-96x96-1.png","contentUrl":"https:\/\/tribunademinas.audiencelabs.com.br\/wp-content\/uploads\/2025\/08\/cropped-Tribuna_512x512-96x96-1.png","width":96,"height":96,"caption":"Tribuna de Minas - Dinheiro e Cidadania"},"image":{"@id":"https:\/\/tribunademinas.audiencelabs.com.br\/#\/schema\/logo\/image\/"},"sameAs":["https:\/\/www.facebook.com\/tribunademinas\/","https:\/\/x.com\/tribunademinas","https:\/\/www.instagram.com\/tribunademinas\/","https:\/\/www.youtube.com\/user\/TribunadeMinasJF"]},{"@type":"Person","@id":"https:\/\/tribunademinas.audiencelabs.com.br\/#\/schema\/person\/db18fc40307804bacef94213aa68fd9d","name":"Jeferson Carvalho","image":{"@type":"ImageObject","inLanguage":"pt-BR","@id":"https:\/\/tribunademinas.audiencelabs.com.br\/#\/schema\/person\/image\/","url":"https:\/\/secure.gravatar.com\/avatar\/cd7646e328d9670dad7dea8698522e522745eeffcff5b9d08be858e377ce326b?s=96&d=mm&r=g","contentUrl":"https:\/\/secure.gravatar.com\/avatar\/cd7646e328d9670dad7dea8698522e522745eeffcff5b9d08be858e377ce326b?s=96&d=mm&r=g","caption":"Jeferson Carvalho"},"description":"Jornalista apaixonado pela profiss\u00e3o!","url":"https:\/\/tribunademinas.audiencelabs.com.br\/author\/jeferson\/"}]}},"amp_enabled":true,"_links":{"self":[{"href":"https:\/\/tribunademinas.audiencelabs.com.br\/wp-json\/wp\/v2\/posts\/879","targetHints":{"allow":["GET"]}}],"collection":[{"href":"https:\/\/tribunademinas.audiencelabs.com.br\/wp-json\/wp\/v2\/posts"}],"about":[{"href":"https:\/\/tribunademinas.audiencelabs.com.br\/wp-json\/wp\/v2\/types\/post"}],"author":[{"embeddable":true,"href":"https:\/\/tribunademinas.audiencelabs.com.br\/wp-json\/wp\/v2\/users\/5"}],"replies":[{"embeddable":true,"href":"https:\/\/tribunademinas.audiencelabs.com.br\/wp-json\/wp\/v2\/comments?post=879"}],"version-history":[{"count":1,"href":"https:\/\/tribunademinas.audiencelabs.com.br\/wp-json\/wp\/v2\/posts\/879\/revisions"}],"predecessor-version":[{"id":881,"href":"https:\/\/tribunademinas.audiencelabs.com.br\/wp-json\/wp\/v2\/posts\/879\/revisions\/881"}],"wp:featuredmedia":[{"embeddable":true,"href":"https:\/\/tribunademinas.audiencelabs.com.br\/wp-json\/wp\/v2\/media\/880"}],"wp:attachment":[{"href":"https:\/\/tribunademinas.audiencelabs.com.br\/wp-json\/wp\/v2\/media?parent=879"}],"wp:term":[{"taxonomy":"category","embeddable":true,"href":"https:\/\/tribunademinas.audiencelabs.com.br\/wp-json\/wp\/v2\/categories?post=879"},{"taxonomy":"post_tag","embeddable":true,"href":"https:\/\/tribunademinas.audiencelabs.com.br\/wp-json\/wp\/v2\/tags?post=879"}],"curies":[{"name":"wp","href":"https:\/\/api.w.org\/{rel}","templated":true}]}}