{"id":862,"date":"2025-09-02T11:00:00","date_gmt":"2025-09-02T14:00:00","guid":{"rendered":"https:\/\/tribunademinas.audiencelabs.com.br\/?p=862"},"modified":"2025-09-01T18:10:41","modified_gmt":"2025-09-01T21:10:41","slug":"governo-bate-o-martelo-e-trabalhadores-devem-ganhar-aumento-em-2026","status":"publish","type":"post","link":"https:\/\/tribunademinas.audiencelabs.com.br\/governo-bate-o-martelo-e-trabalhadores-devem-ganhar-aumento-em-2026\/","title":{"rendered":"Governo bate o martelo e trabalhadores devem ganhar aumento em 2026"},"content":{"rendered":"\n<p>O governo federal definiu seus planos para o pr\u00f3ximo ano e apresentou ao Congresso Nacional a proposta de Or\u00e7amento de 2026. Entre as medidas, est\u00e1 a previs\u00e3o de aumento salarial para servidores p\u00fablicos do Executivo, ativos e inativos, al\u00e9m de pensionistas. <\/p>\n\n\n\n<p>O an\u00fancio, que integra o Projeto de Lei Or\u00e7ament\u00e1ria Anual (<a href=\"https:\/\/www.gov.br\/planejamento\/pt-br\/assuntos\/orcamento\/orcamentos-anuais\/2026\"><strong>PLOA<\/strong><\/a>), reserva recursos espec\u00edficos para essa finalidade, mas a implementa\u00e7\u00e3o do reajuste s\u00f3 ocorrer\u00e1 ap\u00f3s an\u00e1lise e aprova\u00e7\u00e3o dos parlamentares.<\/p>\n\n\n\n<h2 class=\"wp-block-heading\">Governo bate o martelo e trabalhadores devem ganhar aumento em 2026<\/h2>\n\n\n\n<p>De acordo com a proposta, o Executivo separou R$ 16,5 bilh\u00f5es para os aumentos. Desse montante, R$ 12,1 bilh\u00f5es est\u00e3o destinados a reajustes j\u00e1 pactuados com categorias de servidores, enquanto outros R$ 4,4 bilh\u00f5es servir\u00e3o de base para negocia\u00e7\u00f5es que ainda ser\u00e3o conduzidas em 2026. <\/p>\n\n\n\n<p>Esse planejamento \u00e9 parte do esfor\u00e7o do governo para alinhar a remunera\u00e7\u00e3o do funcionalismo \u00e0s demandas do setor e, ao mesmo tempo, manter um controle sobre as contas p\u00fablicas.<\/p>\n\n\n\n<p>Os reajustes n\u00e3o se restringem ao sal\u00e1rio base. Benef\u00edcios complementares, como aux\u00edlio-alimenta\u00e7\u00e3o, aux\u00edlio-sa\u00fade e aux\u00edlio-creche, tamb\u00e9m ser\u00e3o atualizados. <\/p>\n\n\n\n<p>Em 2025, o aux\u00edlio-alimenta\u00e7\u00e3o j\u00e1 havia sido elevado de R$ 658 para R$ 1.000, e a tend\u00eancia \u00e9 que novos valores sejam definidos no pr\u00f3ximo ano. <\/p>\n\n\n\n<p>J\u00e1 o aux\u00edlio-sa\u00fade e o aux\u00edlio-creche ter\u00e3o acr\u00e9scimos de 51,1%, percentual que refor\u00e7a o impacto dos benef\u00edcios no pacote de valoriza\u00e7\u00e3o dos servidores.<\/p>\n\n\n\n<p>Com a soma dos aumentos, as despesas com pessoal da Uni\u00e3o devem registrar um salto significativo. O or\u00e7amento para essa rubrica, que em 2025 est\u00e1 projetado em R$ 315 bilh\u00f5es, alcan\u00e7ar\u00e1 R$ 350,4 bilh\u00f5es em 2026, o que representa crescimento de 11,2%. <\/p>\n\n\n\n<p>Especialistas apontam que, al\u00e9m de elevar a renda dos trabalhadores do setor p\u00fablico, a medida deve influenciar o consumo e movimentar economias locais em diferentes regi\u00f5es do pa\u00eds.<\/p>\n\n\n\n<h3 class=\"wp-block-heading\">Governo ter\u00e1 que conciliar aumento para servidores com responsabilidade fiscal<\/h3>\n\n\n\n<p>Ainda assim, o governo admite que o desafio ser\u00e1 conciliar o atendimento \u00e0s reivindica\u00e7\u00f5es do funcionalismo com o compromisso de responsabilidade fiscal. <\/p>\n\n\n\n<p>Parte da estrat\u00e9gia passa por dar prioridade a carreiras consideradas estrat\u00e9gicas, como seguran\u00e7a, sa\u00fade e tecnologia, que poder\u00e3o receber percentuais diferenciados, de acordo com as negocia\u00e7\u00f5es conduzidas pelas mesas de di\u00e1logo com sindicatos e associa\u00e7\u00f5es.<\/p>\n\n\n\n<p>A previs\u00e3o de novos acordos em 2026 refor\u00e7a que o tema seguir\u00e1 no centro da pauta entre governo e servidores. <\/p>\n\n\n\n<p>Embora o <a href=\"https:\/\/tribunademinas.com.br\/colunas\/dinheiroecidadania\/mudanca-no-salario-minimo-quanto-sera-o-novo-valor\/\"><strong>PLOA<\/strong><\/a> traga um desenho inicial, caber\u00e1 ao Congresso decidir se a proposta se concretizar\u00e1 como planejado, determinando se os trabalhadores do servi\u00e7o p\u00fablico federal ter\u00e3o, de fato, um refor\u00e7o no contracheque a partir do ano que vem.<\/p>\n\n\n\n<p><\/p>\n","protected":false},"excerpt":{"rendered":"<p>O governo federal definiu seus planos para o pr\u00f3ximo ano e apresentou ao Congresso Nacional a proposta de Or\u00e7amento de 2026. Entre as medidas, est\u00e1 a previs\u00e3o de aumento salarial para servidores p\u00fablicos do Executivo, ativos e inativos, al\u00e9m de pensionistas. O an\u00fancio, que integra o Projeto de Lei Or\u00e7ament\u00e1ria Anual (PLOA), reserva recursos espec\u00edficos [&hellip;]<\/p>\n","protected":false},"author":5,"featured_media":864,"comment_status":"open","ping_status":"open","sticky":false,"template":"","format":"standard","meta":{"jnews-multi-image_gallery":[],"jnews_single_post":{"format":"standard"},"jnews_primary_category":[],"jnews_social_meta":[],"jnews_post_split":[],"footnotes":""},"categories":[1],"tags":[],"class_list":["post-862","post","type-post","status-publish","format-standard","has-post-thumbnail","hentry","category-dinheiro"],"yoast_head":"<!-- This site is optimized with the Yoast SEO plugin v25.6 - https:\/\/yoast.com\/wordpress\/plugins\/seo\/ -->\n<title>Governo bate o martelo e trabalhadores devem ganhar aumento em 2026<\/title>\n<meta name=\"description\" content=\"Entre as medidas do PLOA 2026, est\u00e1 a previs\u00e3o de aumento salarial para servidores p\u00fablicos do Executivo, ativos, inativos e pensionistas.\" \/>\n<meta name=\"robots\" content=\"index, follow, max-snippet:-1, max-image-preview:large, max-video-preview:-1\" \/>\n<link rel=\"canonical\" href=\"https:\/\/tribunademinas.audiencelabs.com.br\/governo-bate-o-martelo-e-trabalhadores-devem-ganhar-aumento-em-2026\/\" \/>\n<meta property=\"og:locale\" content=\"pt_BR\" \/>\n<meta property=\"og:type\" content=\"article\" \/>\n<meta property=\"og:title\" content=\"Governo bate o martelo e trabalhadores devem ganhar aumento em 2026\" \/>\n<meta property=\"og:description\" content=\"Entre as medidas do PLOA 2026, est\u00e1 a previs\u00e3o de aumento salarial para servidores p\u00fablicos do Executivo, ativos, inativos e pensionistas.\" \/>\n<meta property=\"og:url\" content=\"https:\/\/tribunademinas.audiencelabs.com.br\/governo-bate-o-martelo-e-trabalhadores-devem-ganhar-aumento-em-2026\/\" \/>\n<meta property=\"og:site_name\" content=\"Tribuna de Minas - Dinheiro e Cidadania\" \/>\n<meta property=\"article:publisher\" content=\"https:\/\/www.facebook.com\/tribunademinas\/\" \/>\n<meta property=\"article:published_time\" content=\"2025-09-02T14:00:00+00:00\" \/>\n<meta property=\"og:image\" content=\"https:\/\/tribunademinas.audiencelabs.com.br\/wp-content\/uploads\/2025\/09\/reajuste.webp\" \/>\n\t<meta property=\"og:image:width\" content=\"1170\" \/>\n\t<meta property=\"og:image:height\" content=\"700\" \/>\n\t<meta property=\"og:image:type\" content=\"image\/webp\" \/>\n<meta name=\"author\" content=\"Jeferson Carvalho\" \/>\n<meta name=\"twitter:card\" content=\"summary_large_image\" \/>\n<meta name=\"twitter:creator\" content=\"@tribunademinas\" \/>\n<meta name=\"twitter:site\" content=\"@tribunademinas\" \/>\n<meta name=\"twitter:label1\" content=\"Escrito por\" \/>\n\t<meta name=\"twitter:data1\" content=\"Jeferson Carvalho\" \/>\n\t<meta name=\"twitter:label2\" content=\"Est. tempo de leitura\" \/>\n\t<meta name=\"twitter:data2\" content=\"3 minutos\" \/>\n<!-- \/ Yoast SEO plugin. -->","yoast_head_json":{"title":"Governo bate o martelo e trabalhadores devem ganhar aumento em 2026","description":"Entre as medidas do PLOA 2026, est\u00e1 a previs\u00e3o de aumento salarial para servidores p\u00fablicos do Executivo, ativos, inativos e pensionistas.","robots":{"index":"index","follow":"follow","max-snippet":"max-snippet:-1","max-image-preview":"max-image-preview:large","max-video-preview":"max-video-preview:-1"},"canonical":"https:\/\/tribunademinas.audiencelabs.com.br\/governo-bate-o-martelo-e-trabalhadores-devem-ganhar-aumento-em-2026\/","og_locale":"pt_BR","og_type":"article","og_title":"Governo bate o martelo e trabalhadores devem ganhar aumento em 2026","og_description":"Entre as medidas do PLOA 2026, est\u00e1 a previs\u00e3o de aumento salarial para servidores p\u00fablicos do Executivo, ativos, inativos e pensionistas.","og_url":"https:\/\/tribunademinas.audiencelabs.com.br\/governo-bate-o-martelo-e-trabalhadores-devem-ganhar-aumento-em-2026\/","og_site_name":"Tribuna de Minas - Dinheiro e Cidadania","article_publisher":"https:\/\/www.facebook.com\/tribunademinas\/","article_published_time":"2025-09-02T14:00:00+00:00","og_image":[{"width":1170,"height":700,"url":"https:\/\/tribunademinas.audiencelabs.com.br\/wp-content\/uploads\/2025\/09\/reajuste.webp","type":"image\/webp"}],"author":"Jeferson Carvalho","twitter_card":"summary_large_image","twitter_creator":"@tribunademinas","twitter_site":"@tribunademinas","twitter_misc":{"Escrito por":"Jeferson Carvalho","Est. tempo de leitura":"3 minutos"},"schema":{"@context":"https:\/\/schema.org","@graph":[{"@type":"Article","@id":"https:\/\/tribunademinas.audiencelabs.com.br\/governo-bate-o-martelo-e-trabalhadores-devem-ganhar-aumento-em-2026\/#article","isPartOf":{"@id":"https:\/\/tribunademinas.audiencelabs.com.br\/governo-bate-o-martelo-e-trabalhadores-devem-ganhar-aumento-em-2026\/"},"author":{"name":"Jeferson Carvalho","@id":"https:\/\/tribunademinas.audiencelabs.com.br\/#\/schema\/person\/db18fc40307804bacef94213aa68fd9d"},"headline":"Governo bate o martelo e trabalhadores devem ganhar aumento em 2026","datePublished":"2025-09-02T14:00:00+00:00","mainEntityOfPage":{"@id":"https:\/\/tribunademinas.audiencelabs.com.br\/governo-bate-o-martelo-e-trabalhadores-devem-ganhar-aumento-em-2026\/"},"wordCount":480,"commentCount":0,"publisher":{"@id":"https:\/\/tribunademinas.audiencelabs.com.br\/#organization"},"image":{"@id":"https:\/\/tribunademinas.audiencelabs.com.br\/governo-bate-o-martelo-e-trabalhadores-devem-ganhar-aumento-em-2026\/#primaryimage"},"thumbnailUrl":"https:\/\/tribunademinas.audiencelabs.com.br\/wp-content\/uploads\/2025\/09\/reajuste.webp","articleSection":["Dinheiro"],"inLanguage":"pt-BR","potentialAction":[{"@type":"CommentAction","name":"Comment","target":["https:\/\/tribunademinas.audiencelabs.com.br\/governo-bate-o-martelo-e-trabalhadores-devem-ganhar-aumento-em-2026\/#respond"]}]},{"@type":"WebPage","@id":"https:\/\/tribunademinas.audiencelabs.com.br\/governo-bate-o-martelo-e-trabalhadores-devem-ganhar-aumento-em-2026\/","url":"https:\/\/tribunademinas.audiencelabs.com.br\/governo-bate-o-martelo-e-trabalhadores-devem-ganhar-aumento-em-2026\/","name":"Governo bate o martelo e trabalhadores devem ganhar aumento em 2026","isPartOf":{"@id":"https:\/\/tribunademinas.audiencelabs.com.br\/#website"},"primaryImageOfPage":{"@id":"https:\/\/tribunademinas.audiencelabs.com.br\/governo-bate-o-martelo-e-trabalhadores-devem-ganhar-aumento-em-2026\/#primaryimage"},"image":{"@id":"https:\/\/tribunademinas.audiencelabs.com.br\/governo-bate-o-martelo-e-trabalhadores-devem-ganhar-aumento-em-2026\/#primaryimage"},"thumbnailUrl":"https:\/\/tribunademinas.audiencelabs.com.br\/wp-content\/uploads\/2025\/09\/reajuste.webp","datePublished":"2025-09-02T14:00:00+00:00","description":"Entre as medidas do PLOA 2026, est\u00e1 a previs\u00e3o de aumento salarial para servidores p\u00fablicos do Executivo, ativos, inativos e pensionistas.","breadcrumb":{"@id":"https:\/\/tribunademinas.audiencelabs.com.br\/governo-bate-o-martelo-e-trabalhadores-devem-ganhar-aumento-em-2026\/#breadcrumb"},"inLanguage":"pt-BR","potentialAction":[{"@type":"ReadAction","target":["https:\/\/tribunademinas.audiencelabs.com.br\/governo-bate-o-martelo-e-trabalhadores-devem-ganhar-aumento-em-2026\/"]}]},{"@type":"ImageObject","inLanguage":"pt-BR","@id":"https:\/\/tribunademinas.audiencelabs.com.br\/governo-bate-o-martelo-e-trabalhadores-devem-ganhar-aumento-em-2026\/#primaryimage","url":"https:\/\/tribunademinas.audiencelabs.com.br\/wp-content\/uploads\/2025\/09\/reajuste.webp","contentUrl":"https:\/\/tribunademinas.audiencelabs.com.br\/wp-content\/uploads\/2025\/09\/reajuste.webp","width":1170,"height":700,"caption":"Governo bate o martelo e trabalhadores devem ganhar aumento em 2026 - Imagem: Ag\u00eancia Bras\u00edlia"},{"@type":"BreadcrumbList","@id":"https:\/\/tribunademinas.audiencelabs.com.br\/governo-bate-o-martelo-e-trabalhadores-devem-ganhar-aumento-em-2026\/#breadcrumb","itemListElement":[{"@type":"ListItem","position":1,"name":"In\u00edcio","item":"https:\/\/tribunademinas.audiencelabs.com.br\/"},{"@type":"ListItem","position":2,"name":"Governo bate o martelo e trabalhadores devem ganhar aumento em 2026"}]},{"@type":"WebSite","@id":"https:\/\/tribunademinas.audiencelabs.com.br\/#website","url":"https:\/\/tribunademinas.audiencelabs.com.br\/","name":"Tribuna de Minas - Dinheiro e Cidadania","description":"","publisher":{"@id":"https:\/\/tribunademinas.audiencelabs.com.br\/#organization"},"potentialAction":[{"@type":"SearchAction","target":{"@type":"EntryPoint","urlTemplate":"https:\/\/tribunademinas.audiencelabs.com.br\/?s={search_term_string}"},"query-input":{"@type":"PropertyValueSpecification","valueRequired":true,"valueName":"search_term_string"}}],"inLanguage":"pt-BR"},{"@type":"Organization","@id":"https:\/\/tribunademinas.audiencelabs.com.br\/#organization","name":"Tribuna de Minas - Dinheiro e Cidadania","url":"https:\/\/tribunademinas.audiencelabs.com.br\/","logo":{"@type":"ImageObject","inLanguage":"pt-BR","@id":"https:\/\/tribunademinas.audiencelabs.com.br\/#\/schema\/logo\/image\/","url":"https:\/\/tribunademinas.audiencelabs.com.br\/wp-content\/uploads\/2025\/08\/cropped-Tribuna_512x512-96x96-1.png","contentUrl":"https:\/\/tribunademinas.audiencelabs.com.br\/wp-content\/uploads\/2025\/08\/cropped-Tribuna_512x512-96x96-1.png","width":96,"height":96,"caption":"Tribuna de Minas - Dinheiro e Cidadania"},"image":{"@id":"https:\/\/tribunademinas.audiencelabs.com.br\/#\/schema\/logo\/image\/"},"sameAs":["https:\/\/www.facebook.com\/tribunademinas\/","https:\/\/x.com\/tribunademinas","https:\/\/www.instagram.com\/tribunademinas\/","https:\/\/www.youtube.com\/user\/TribunadeMinasJF"]},{"@type":"Person","@id":"https:\/\/tribunademinas.audiencelabs.com.br\/#\/schema\/person\/db18fc40307804bacef94213aa68fd9d","name":"Jeferson Carvalho","image":{"@type":"ImageObject","inLanguage":"pt-BR","@id":"https:\/\/tribunademinas.audiencelabs.com.br\/#\/schema\/person\/image\/","url":"https:\/\/secure.gravatar.com\/avatar\/cd7646e328d9670dad7dea8698522e522745eeffcff5b9d08be858e377ce326b?s=96&d=mm&r=g","contentUrl":"https:\/\/secure.gravatar.com\/avatar\/cd7646e328d9670dad7dea8698522e522745eeffcff5b9d08be858e377ce326b?s=96&d=mm&r=g","caption":"Jeferson Carvalho"},"description":"Jornalista apaixonado pela profiss\u00e3o!","url":"https:\/\/tribunademinas.audiencelabs.com.br\/author\/jeferson\/"}]}},"amp_enabled":true,"_links":{"self":[{"href":"https:\/\/tribunademinas.audiencelabs.com.br\/wp-json\/wp\/v2\/posts\/862","targetHints":{"allow":["GET"]}}],"collection":[{"href":"https:\/\/tribunademinas.audiencelabs.com.br\/wp-json\/wp\/v2\/posts"}],"about":[{"href":"https:\/\/tribunademinas.audiencelabs.com.br\/wp-json\/wp\/v2\/types\/post"}],"author":[{"embeddable":true,"href":"https:\/\/tribunademinas.audiencelabs.com.br\/wp-json\/wp\/v2\/users\/5"}],"replies":[{"embeddable":true,"href":"https:\/\/tribunademinas.audiencelabs.com.br\/wp-json\/wp\/v2\/comments?post=862"}],"version-history":[{"count":1,"href":"https:\/\/tribunademinas.audiencelabs.com.br\/wp-json\/wp\/v2\/posts\/862\/revisions"}],"predecessor-version":[{"id":865,"href":"https:\/\/tribunademinas.audiencelabs.com.br\/wp-json\/wp\/v2\/posts\/862\/revisions\/865"}],"wp:featuredmedia":[{"embeddable":true,"href":"https:\/\/tribunademinas.audiencelabs.com.br\/wp-json\/wp\/v2\/media\/864"}],"wp:attachment":[{"href":"https:\/\/tribunademinas.audiencelabs.com.br\/wp-json\/wp\/v2\/media?parent=862"}],"wp:term":[{"taxonomy":"category","embeddable":true,"href":"https:\/\/tribunademinas.audiencelabs.com.br\/wp-json\/wp\/v2\/categories?post=862"},{"taxonomy":"post_tag","embeddable":true,"href":"https:\/\/tribunademinas.audiencelabs.com.br\/wp-json\/wp\/v2\/tags?post=862"}],"curies":[{"name":"wp","href":"https:\/\/api.w.org\/{rel}","templated":true}]}}