{"id":845,"date":"2025-09-02T18:00:00","date_gmt":"2025-09-02T21:00:00","guid":{"rendered":"https:\/\/tribunademinas.audiencelabs.com.br\/?p=845"},"modified":"2025-09-01T16:46:49","modified_gmt":"2025-09-01T19:46:49","slug":"feriado-dia-5-de-setembro-vai-dar-folga-a-4-milhoes-de-brasileiros","status":"publish","type":"post","link":"https:\/\/tribunademinas.audiencelabs.com.br\/feriado-dia-5-de-setembro-vai-dar-folga-a-4-milhoes-de-brasileiros\/","title":{"rendered":"Feriado dia 5 de setembro vai dar folga a 4 milh\u00f5es de brasileiros"},"content":{"rendered":"\n<p>A chegada de setembro provocou rea\u00e7\u00f5es distintas, pois, apesar de sinalizar a aproxima\u00e7\u00e3o do fim do ano, o m\u00eas n\u00e3o trouxe os per\u00edodos de descanso prolongado aguardados por grande parte da popula\u00e7\u00e3o.<\/p>\n\n\n\n<p>Afinal, o feriado do <strong>dia da Independ\u00eancia do Brasil<\/strong>, comemorado no dia 7 de setembro, acabou caindo em um domingo. Contudo, ainda assim, em certas regi\u00f5es do pa\u00eds, milh\u00f5es de trabalhadores que poder\u00e3o aproveitar um dia de folga.<\/p>\n\n\n\n<p>Isso porque, al\u00e9m da celebra\u00e7\u00e3o nacional, h\u00e1 tamb\u00e9m algumas datas comemorativas locais que podem garantir o t\u00e3o aguardado descanso extra do m\u00eas, uma vez que est\u00e3o agendadas para acontecer antes ou depois do final de semana.<\/p>\n\n\n\n<p>E um bom exemplo disso \u00e9 a <strong>comemora\u00e7\u00e3o da eleva\u00e7\u00e3o do Amazonas \u00e0 categoria de Prov\u00edncia<\/strong>, conforme decretado pelo imperador D. Pedro II, no ano de 1850, que acontecer\u00e1 nesta sexta-feira (5). De acordo com a legisla\u00e7\u00e3o local, apenas atividades privadas administrativas absolutamente indispens\u00e1veis ser\u00e3o permitidas na data.<\/p>\n\n\n\n<p>No entanto, vale ressaltar que os colaboradores que forem escalados para trabalhar no feriado t\u00eam direito, de forma autom\u00e1tica, \u00e0 remunera\u00e7\u00e3o em dobro ou \u00e0 compensa\u00e7\u00e3o do dia em outra ocasi\u00e3o.<\/p>\n\n\n\n<h2 class=\"wp-block-heading\">Dia 5 de setembro tamb\u00e9m \u00e9 feriado no Acre<\/h2>\n\n\n\n<p>Localizado no sudoeste da regi\u00e3o Norte, o <strong>Acre<\/strong> tamb\u00e9m comemora uma data especial no dia 5: o <strong>Dia da Amaz\u00f4nia<\/strong>. Embora a data seja lembrada em todo o pa\u00eds, no estado ela \u00e9 considerada feriado.<\/p>\n\n\n\n<p>E \u00e9 importante ressaltar que o Dia da Amaz\u00f4nia n\u00e3o se limita \u00e0 celebra\u00e7\u00e3o, uma vez que a data tamb\u00e9m serve para conscientizar governos e sociedade sobre a import\u00e2ncia de proteger a floresta, que \u00e9 conhecida como o pulm\u00e3o do mundo.<\/p>\n\n\n\n<p>Al\u00e9m disso, o feriado ainda tem como objetivo refor\u00e7ar a import\u00e2ncia de pol\u00edticas p\u00fablicas e programas de gera\u00e7\u00e3o de renda que preservem a biodiversidade, promovam melhorias socioambientais e ajudem a mitigar a crise clim\u00e1tica.<\/p>\n","protected":false},"excerpt":{"rendered":"<p>A chegada de setembro provocou rea\u00e7\u00f5es distintas, pois, apesar de sinalizar a aproxima\u00e7\u00e3o do fim do ano, o m\u00eas n\u00e3o trouxe os per\u00edodos de descanso prolongado aguardados por grande parte da popula\u00e7\u00e3o. Afinal, o feriado do dia da Independ\u00eancia do Brasil, comemorado no dia 7 de setembro, acabou caindo em um domingo. Contudo, ainda assim, [&hellip;]<\/p>\n","protected":false},"author":3,"featured_media":846,"comment_status":"open","ping_status":"open","sticky":false,"template":"","format":"standard","meta":{"jnews-multi-image_gallery":[],"jnews_single_post":{"format":"standard"},"jnews_primary_category":[],"jnews_social_meta":[],"jnews_post_split":[],"footnotes":""},"categories":[159],"tags":[],"class_list":["post-845","post","type-post","status-publish","format-standard","has-post-thumbnail","hentry","category-cidadania"],"yoast_head":"<!-- This site is optimized with the Yoast SEO plugin v25.6 - https:\/\/yoast.com\/wordpress\/plugins\/seo\/ -->\n<title>Feriado dia 5 de setembro vai dar folga a 4 milh\u00f5es de brasileiros<\/title>\n<meta name=\"robots\" content=\"index, follow, max-snippet:-1, max-image-preview:large, max-video-preview:-1\" \/>\n<link rel=\"canonical\" href=\"https:\/\/tribunademinas.audiencelabs.com.br\/feriado-dia-5-de-setembro-vai-dar-folga-a-4-milhoes-de-brasileiros\/\" \/>\n<meta property=\"og:locale\" content=\"pt_BR\" \/>\n<meta property=\"og:type\" content=\"article\" \/>\n<meta property=\"og:title\" content=\"Feriado dia 5 de setembro vai dar folga a 4 milh\u00f5es de brasileiros\" \/>\n<meta property=\"og:description\" content=\"A chegada de setembro provocou rea\u00e7\u00f5es distintas, pois, apesar de sinalizar a aproxima\u00e7\u00e3o do fim do ano, o m\u00eas n\u00e3o trouxe os per\u00edodos de descanso prolongado aguardados por grande parte da popula\u00e7\u00e3o. Afinal, o feriado do dia da Independ\u00eancia do Brasil, comemorado no dia 7 de setembro, acabou caindo em um domingo. Contudo, ainda assim, [&hellip;]\" \/>\n<meta property=\"og:url\" content=\"https:\/\/tribunademinas.audiencelabs.com.br\/feriado-dia-5-de-setembro-vai-dar-folga-a-4-milhoes-de-brasileiros\/\" \/>\n<meta property=\"og:site_name\" content=\"Tribuna de Minas - Dinheiro e Cidadania\" \/>\n<meta property=\"article:publisher\" content=\"https:\/\/www.facebook.com\/tribunademinas\/\" \/>\n<meta property=\"article:published_time\" content=\"2025-09-02T21:00:00+00:00\" \/>\n<meta property=\"og:image\" content=\"https:\/\/tribunademinas.audiencelabs.com.br\/wp-content\/uploads\/2025\/09\/feriado-5-setembro-folga-4-milhoes-brasileiros.jpg\" \/>\n\t<meta property=\"og:image:width\" content=\"1500\" \/>\n\t<meta property=\"og:image:height\" content=\"844\" \/>\n\t<meta property=\"og:image:type\" content=\"image\/jpeg\" \/>\n<meta name=\"author\" content=\"Jo\u00e3o Carlos Gomes\" \/>\n<meta name=\"twitter:card\" content=\"summary_large_image\" \/>\n<meta name=\"twitter:creator\" content=\"@tribunademinas\" \/>\n<meta name=\"twitter:site\" content=\"@tribunademinas\" \/>\n<meta name=\"twitter:label1\" content=\"Escrito por\" \/>\n\t<meta name=\"twitter:data1\" content=\"Jo\u00e3o Carlos Gomes\" \/>\n\t<meta name=\"twitter:label2\" content=\"Est. tempo de leitura\" \/>\n\t<meta name=\"twitter:data2\" content=\"2 minutos\" \/>\n<!-- \/ Yoast SEO plugin. -->","yoast_head_json":{"title":"Feriado dia 5 de setembro vai dar folga a 4 milh\u00f5es de brasileiros","robots":{"index":"index","follow":"follow","max-snippet":"max-snippet:-1","max-image-preview":"max-image-preview:large","max-video-preview":"max-video-preview:-1"},"canonical":"https:\/\/tribunademinas.audiencelabs.com.br\/feriado-dia-5-de-setembro-vai-dar-folga-a-4-milhoes-de-brasileiros\/","og_locale":"pt_BR","og_type":"article","og_title":"Feriado dia 5 de setembro vai dar folga a 4 milh\u00f5es de brasileiros","og_description":"A chegada de setembro provocou rea\u00e7\u00f5es distintas, pois, apesar de sinalizar a aproxima\u00e7\u00e3o do fim do ano, o m\u00eas n\u00e3o trouxe os per\u00edodos de descanso prolongado aguardados por grande parte da popula\u00e7\u00e3o. Afinal, o feriado do dia da Independ\u00eancia do Brasil, comemorado no dia 7 de setembro, acabou caindo em um domingo. Contudo, ainda assim, [&hellip;]","og_url":"https:\/\/tribunademinas.audiencelabs.com.br\/feriado-dia-5-de-setembro-vai-dar-folga-a-4-milhoes-de-brasileiros\/","og_site_name":"Tribuna de Minas - Dinheiro e Cidadania","article_publisher":"https:\/\/www.facebook.com\/tribunademinas\/","article_published_time":"2025-09-02T21:00:00+00:00","og_image":[{"width":1500,"height":844,"url":"https:\/\/tribunademinas.audiencelabs.com.br\/wp-content\/uploads\/2025\/09\/feriado-5-setembro-folga-4-milhoes-brasileiros.jpg","type":"image\/jpeg"}],"author":"Jo\u00e3o Carlos Gomes","twitter_card":"summary_large_image","twitter_creator":"@tribunademinas","twitter_site":"@tribunademinas","twitter_misc":{"Escrito por":"Jo\u00e3o Carlos Gomes","Est. tempo de leitura":"2 minutos"},"schema":{"@context":"https:\/\/schema.org","@graph":[{"@type":"Article","@id":"https:\/\/tribunademinas.audiencelabs.com.br\/feriado-dia-5-de-setembro-vai-dar-folga-a-4-milhoes-de-brasileiros\/#article","isPartOf":{"@id":"https:\/\/tribunademinas.audiencelabs.com.br\/feriado-dia-5-de-setembro-vai-dar-folga-a-4-milhoes-de-brasileiros\/"},"author":{"name":"Jo\u00e3o Carlos Gomes","@id":"https:\/\/tribunademinas.audiencelabs.com.br\/#\/schema\/person\/37af466a64a722fadb8ef6841c52114f"},"headline":"Feriado dia 5 de setembro vai dar folga a 4 milh\u00f5es de brasileiros","datePublished":"2025-09-02T21:00:00+00:00","mainEntityOfPage":{"@id":"https:\/\/tribunademinas.audiencelabs.com.br\/feriado-dia-5-de-setembro-vai-dar-folga-a-4-milhoes-de-brasileiros\/"},"wordCount":348,"commentCount":0,"publisher":{"@id":"https:\/\/tribunademinas.audiencelabs.com.br\/#organization"},"image":{"@id":"https:\/\/tribunademinas.audiencelabs.com.br\/feriado-dia-5-de-setembro-vai-dar-folga-a-4-milhoes-de-brasileiros\/#primaryimage"},"thumbnailUrl":"https:\/\/tribunademinas.audiencelabs.com.br\/wp-content\/uploads\/2025\/09\/feriado-5-setembro-folga-4-milhoes-brasileiros.jpg","articleSection":["Cidadania"],"inLanguage":"pt-BR","potentialAction":[{"@type":"CommentAction","name":"Comment","target":["https:\/\/tribunademinas.audiencelabs.com.br\/feriado-dia-5-de-setembro-vai-dar-folga-a-4-milhoes-de-brasileiros\/#respond"]}]},{"@type":"WebPage","@id":"https:\/\/tribunademinas.audiencelabs.com.br\/feriado-dia-5-de-setembro-vai-dar-folga-a-4-milhoes-de-brasileiros\/","url":"https:\/\/tribunademinas.audiencelabs.com.br\/feriado-dia-5-de-setembro-vai-dar-folga-a-4-milhoes-de-brasileiros\/","name":"Feriado dia 5 de setembro vai dar folga a 4 milh\u00f5es de brasileiros","isPartOf":{"@id":"https:\/\/tribunademinas.audiencelabs.com.br\/#website"},"primaryImageOfPage":{"@id":"https:\/\/tribunademinas.audiencelabs.com.br\/feriado-dia-5-de-setembro-vai-dar-folga-a-4-milhoes-de-brasileiros\/#primaryimage"},"image":{"@id":"https:\/\/tribunademinas.audiencelabs.com.br\/feriado-dia-5-de-setembro-vai-dar-folga-a-4-milhoes-de-brasileiros\/#primaryimage"},"thumbnailUrl":"https:\/\/tribunademinas.audiencelabs.com.br\/wp-content\/uploads\/2025\/09\/feriado-5-setembro-folga-4-milhoes-brasileiros.jpg","datePublished":"2025-09-02T21:00:00+00:00","breadcrumb":{"@id":"https:\/\/tribunademinas.audiencelabs.com.br\/feriado-dia-5-de-setembro-vai-dar-folga-a-4-milhoes-de-brasileiros\/#breadcrumb"},"inLanguage":"pt-BR","potentialAction":[{"@type":"ReadAction","target":["https:\/\/tribunademinas.audiencelabs.com.br\/feriado-dia-5-de-setembro-vai-dar-folga-a-4-milhoes-de-brasileiros\/"]}]},{"@type":"ImageObject","inLanguage":"pt-BR","@id":"https:\/\/tribunademinas.audiencelabs.com.br\/feriado-dia-5-de-setembro-vai-dar-folga-a-4-milhoes-de-brasileiros\/#primaryimage","url":"https:\/\/tribunademinas.audiencelabs.com.br\/wp-content\/uploads\/2025\/09\/feriado-5-setembro-folga-4-milhoes-brasileiros.jpg","contentUrl":"https:\/\/tribunademinas.audiencelabs.com.br\/wp-content\/uploads\/2025\/09\/feriado-5-setembro-folga-4-milhoes-brasileiros.jpg","width":1500,"height":844,"caption":"Foto: wayhomestudio\/Freepik"},{"@type":"BreadcrumbList","@id":"https:\/\/tribunademinas.audiencelabs.com.br\/feriado-dia-5-de-setembro-vai-dar-folga-a-4-milhoes-de-brasileiros\/#breadcrumb","itemListElement":[{"@type":"ListItem","position":1,"name":"In\u00edcio","item":"https:\/\/tribunademinas.audiencelabs.com.br\/"},{"@type":"ListItem","position":2,"name":"Feriado dia 5 de setembro vai dar folga a 4 milh\u00f5es de brasileiros"}]},{"@type":"WebSite","@id":"https:\/\/tribunademinas.audiencelabs.com.br\/#website","url":"https:\/\/tribunademinas.audiencelabs.com.br\/","name":"Tribuna de Minas - Dinheiro e Cidadania","description":"","publisher":{"@id":"https:\/\/tribunademinas.audiencelabs.com.br\/#organization"},"potentialAction":[{"@type":"SearchAction","target":{"@type":"EntryPoint","urlTemplate":"https:\/\/tribunademinas.audiencelabs.com.br\/?s={search_term_string}"},"query-input":{"@type":"PropertyValueSpecification","valueRequired":true,"valueName":"search_term_string"}}],"inLanguage":"pt-BR"},{"@type":"Organization","@id":"https:\/\/tribunademinas.audiencelabs.com.br\/#organization","name":"Tribuna de Minas - Dinheiro e Cidadania","url":"https:\/\/tribunademinas.audiencelabs.com.br\/","logo":{"@type":"ImageObject","inLanguage":"pt-BR","@id":"https:\/\/tribunademinas.audiencelabs.com.br\/#\/schema\/logo\/image\/","url":"https:\/\/tribunademinas.audiencelabs.com.br\/wp-content\/uploads\/2025\/08\/cropped-Tribuna_512x512-96x96-1.png","contentUrl":"https:\/\/tribunademinas.audiencelabs.com.br\/wp-content\/uploads\/2025\/08\/cropped-Tribuna_512x512-96x96-1.png","width":96,"height":96,"caption":"Tribuna de Minas - Dinheiro e Cidadania"},"image":{"@id":"https:\/\/tribunademinas.audiencelabs.com.br\/#\/schema\/logo\/image\/"},"sameAs":["https:\/\/www.facebook.com\/tribunademinas\/","https:\/\/x.com\/tribunademinas","https:\/\/www.instagram.com\/tribunademinas\/","https:\/\/www.youtube.com\/user\/TribunadeMinasJF"]},{"@type":"Person","@id":"https:\/\/tribunademinas.audiencelabs.com.br\/#\/schema\/person\/37af466a64a722fadb8ef6841c52114f","name":"Jo\u00e3o Carlos Gomes","image":{"@type":"ImageObject","inLanguage":"pt-BR","@id":"https:\/\/tribunademinas.audiencelabs.com.br\/#\/schema\/person\/image\/","url":"https:\/\/secure.gravatar.com\/avatar\/4ce4672dbdd694b329cd6fdb51bee7d1409be1f0ff76a537e4c4a737b2c7d1a9?s=96&d=mm&r=g","contentUrl":"https:\/\/secure.gravatar.com\/avatar\/4ce4672dbdd694b329cd6fdb51bee7d1409be1f0ff76a537e4c4a737b2c7d1a9?s=96&d=mm&r=g","caption":"Jo\u00e3o Carlos Gomes"},"description":"Jornalista formado pelo Centro Universit\u00e1rio Carioca, apreciador da Bossa Nova ao Metal Extremo, criador de conte\u00fado e m\u00fasico independente nas horas vagas.","url":"https:\/\/tribunademinas.audiencelabs.com.br\/author\/joaoc-junior\/"}]}},"amp_enabled":true,"_links":{"self":[{"href":"https:\/\/tribunademinas.audiencelabs.com.br\/wp-json\/wp\/v2\/posts\/845","targetHints":{"allow":["GET"]}}],"collection":[{"href":"https:\/\/tribunademinas.audiencelabs.com.br\/wp-json\/wp\/v2\/posts"}],"about":[{"href":"https:\/\/tribunademinas.audiencelabs.com.br\/wp-json\/wp\/v2\/types\/post"}],"author":[{"embeddable":true,"href":"https:\/\/tribunademinas.audiencelabs.com.br\/wp-json\/wp\/v2\/users\/3"}],"replies":[{"embeddable":true,"href":"https:\/\/tribunademinas.audiencelabs.com.br\/wp-json\/wp\/v2\/comments?post=845"}],"version-history":[{"count":1,"href":"https:\/\/tribunademinas.audiencelabs.com.br\/wp-json\/wp\/v2\/posts\/845\/revisions"}],"predecessor-version":[{"id":850,"href":"https:\/\/tribunademinas.audiencelabs.com.br\/wp-json\/wp\/v2\/posts\/845\/revisions\/850"}],"wp:featuredmedia":[{"embeddable":true,"href":"https:\/\/tribunademinas.audiencelabs.com.br\/wp-json\/wp\/v2\/media\/846"}],"wp:attachment":[{"href":"https:\/\/tribunademinas.audiencelabs.com.br\/wp-json\/wp\/v2\/media?parent=845"}],"wp:term":[{"taxonomy":"category","embeddable":true,"href":"https:\/\/tribunademinas.audiencelabs.com.br\/wp-json\/wp\/v2\/categories?post=845"},{"taxonomy":"post_tag","embeddable":true,"href":"https:\/\/tribunademinas.audiencelabs.com.br\/wp-json\/wp\/v2\/tags?post=845"}],"curies":[{"name":"wp","href":"https:\/\/api.w.org\/{rel}","templated":true}]}}