{"id":816,"date":"2025-09-01T20:00:00","date_gmt":"2025-09-01T23:00:00","guid":{"rendered":"https:\/\/tribunademinas.audiencelabs.com.br\/?p=816"},"modified":"2025-08-29T18:56:39","modified_gmt":"2025-08-29T21:56:39","slug":"brasileiros-que-nasceram-em-julho-ou-agosto-recebem-r-200","status":"publish","type":"post","link":"https:\/\/tribunademinas.audiencelabs.com.br\/brasileiros-que-nasceram-em-julho-ou-agosto-recebem-r-200\/","title":{"rendered":"Brasileiros que nasceram em julho ou agosto recebem R$ 200"},"content":{"rendered":"\n<p>O governo federal est\u00e1 realizando pagamentos de R$ 200 para estudantes da rede p\u00fablica, por meio do aplicativo Caixa Tem. Os repasses fazem parte do programa <a href=\"https:\/\/tribunademinas.com.br\/colunas\/maistendencias\/calendario-pe-de-meia-2025-atualizado-com-6a-parcela\/\"><strong>P\u00e9-de-Meia<\/strong><\/a>, que distribui o valor em parcelas mensais conforme o m\u00eas de nascimento dos benefici\u00e1rios. <\/p>\n\n\n\n<p>Desde a semana passada, os estudantes que nasceram em julho e agosto j\u00e1 podem movimentar os valores. J\u00e1 nesta segunda-feira, 1\u00ba de setembro, os dep\u00f3sitos chegam \u00e0s contas dos que nasceram em novembro e dezembro, que s\u00e3o os \u00faltimos da fila.<\/p>\n\n\n\n<h2 class=\"wp-block-heading\">Brasileiros que nasceram em julho ou agosto recebem R$ 200<\/h2>\n\n\n\n<p>O P\u00e9-de-Meia \u00e9 uma iniciativa do Minist\u00e9rio da Educa\u00e7\u00e3o (<a href=\"https:\/\/www.gov.br\/mec\/pt-br\"><strong>MEC<\/strong><\/a>) que visa apoiar financeiramente alunos do ensino m\u00e9dio e da Educa\u00e7\u00e3o de Jovens e Adultos (EJA), matriculados em escolas p\u00fablicas. <\/p>\n\n\n\n<p>A proposta central do programa \u00e9 estimular a perman\u00eancia dos jovens na escola e recompensar o bom desempenho acad\u00eamico. <\/p>\n\n\n\n<p>Os recursos s\u00e3o direcionados a estudantes que estejam devidamente cadastrados no Cad\u00danico, o Cadastro \u00danico para Programas Sociais do governo federal. Al\u00e9m disso, \u00e9 exigida uma frequ\u00eancia m\u00ednima de 80% nas aulas.<\/p>\n\n\n\n<p>Os benefici\u00e1rios recebem R$ 200 mensais, que podem ser movimentados atrav\u00e9s do aplicativo Caixa Tem. Estudantes menores de idade precisam da autoriza\u00e7\u00e3o de um respons\u00e1vel legal para acessar os valores, enquanto os maiores de idade t\u00eam acesso direto ao benef\u00edcio. <\/p>\n\n\n\n<p>No caso dos alunos da EJA que foram aprovados no primeiro semestre letivo, o governo tamb\u00e9m far\u00e1 um pagamento adicional de R$ 1 mil, como forma de premiar a conclus\u00e3o de etapas educacionais.<\/p>\n\n\n\n<h3 class=\"wp-block-heading\">Pagamentos de R$ 200 s\u00e3o liberados ao longo de seis dias<\/h3>\n\n\n\n<p>Os dep\u00f3sitos s\u00e3o realizados automaticamente em contas poupan\u00e7a digitais abertas pela Caixa Econ\u00f4mica Federal em nome dos estudantes. Os valores podem ser sacados ou utilizados de forma digital, conforme a necessidade de cada benefici\u00e1rio.<\/p>\n\n\n\n<p>Abaixo, veja o cronograma completo dos pagamentos conforme o m\u00eas de nascimento:<\/p>\n\n\n\n<figure class=\"wp-block-table aligncenter is-style-stripes\"><table class=\"has-fixed-layout\"><thead><tr><th>M\u00eas de nascimento<\/th><th>Data do pagamento<\/th><\/tr><\/thead><tbody><tr><td>Janeiro e fevereiro<\/td><td>25 de agosto<\/td><\/tr><tr><td>Mar\u00e7o e abril<\/td><td>26 de agosto<\/td><\/tr><tr><td>Maio e junho<\/td><td>27 de agosto<\/td><\/tr><tr><td>Julho e agosto<\/td><td>28 de agosto<\/td><\/tr><tr><td>Setembro e outubro<\/td><td>29 de agosto<\/td><\/tr><tr><td>Novembro e dezembro<\/td><td>1\u00ba de setembro<\/td><\/tr><\/tbody><\/table><\/figure>\n\n\n\n<p>Com a libera\u00e7\u00e3o dos dep\u00f3sitos nesta segunda-feira, todos os grupos ter\u00e3o recebido a sexta parcela do programa. <\/p>\n\n\n\n<p>A medida reafirma o compromisso do governo com a educa\u00e7\u00e3o p\u00fablica e com a redu\u00e7\u00e3o das desigualdades que afetam milh\u00f5es de estudantes em situa\u00e7\u00e3o de vulnerabilidade.<\/p>\n","protected":false},"excerpt":{"rendered":"<p>O governo federal est\u00e1 realizando pagamentos de R$ 200 para estudantes da rede p\u00fablica, por meio do aplicativo Caixa Tem. Os repasses fazem parte do programa P\u00e9-de-Meia, que distribui o valor em parcelas mensais conforme o m\u00eas de nascimento dos benefici\u00e1rios. Desde a semana passada, os estudantes que nasceram em julho e agosto j\u00e1 podem [&hellip;]<\/p>\n","protected":false},"author":5,"featured_media":817,"comment_status":"open","ping_status":"open","sticky":false,"template":"","format":"standard","meta":{"jnews-multi-image_gallery":[],"jnews_single_post":{"format":"standard"},"jnews_primary_category":[],"jnews_social_meta":[],"jnews_post_split":[],"footnotes":""},"categories":[1],"tags":[],"class_list":["post-816","post","type-post","status-publish","format-standard","has-post-thumbnail","hentry","category-dinheiro"],"yoast_head":"<!-- This site is optimized with the Yoast SEO plugin v25.6 - https:\/\/yoast.com\/wordpress\/plugins\/seo\/ -->\n<title>Brasileiros que nasceram em julho ou agosto recebem R$ 200<\/title>\n<meta name=\"description\" content=\"O governo federal est\u00e1 realizando pagamentos de R$ 200 para estudantes da rede p\u00fablica, por meio do aplicativo Caixa Tem.\" \/>\n<meta name=\"robots\" content=\"index, follow, max-snippet:-1, max-image-preview:large, max-video-preview:-1\" \/>\n<link rel=\"canonical\" href=\"https:\/\/tribunademinas.audiencelabs.com.br\/brasileiros-que-nasceram-em-julho-ou-agosto-recebem-r-200\/\" \/>\n<meta property=\"og:locale\" content=\"pt_BR\" \/>\n<meta property=\"og:type\" content=\"article\" \/>\n<meta property=\"og:title\" content=\"Brasileiros que nasceram em julho ou agosto recebem R$ 200\" \/>\n<meta property=\"og:description\" content=\"O governo federal est\u00e1 realizando pagamentos de R$ 200 para estudantes da rede p\u00fablica, por meio do aplicativo Caixa Tem.\" \/>\n<meta property=\"og:url\" content=\"https:\/\/tribunademinas.audiencelabs.com.br\/brasileiros-que-nasceram-em-julho-ou-agosto-recebem-r-200\/\" \/>\n<meta property=\"og:site_name\" content=\"Tribuna de Minas - Dinheiro e Cidadania\" \/>\n<meta property=\"article:publisher\" content=\"https:\/\/www.facebook.com\/tribunademinas\/\" \/>\n<meta property=\"article:published_time\" content=\"2025-09-01T23:00:00+00:00\" \/>\n<meta property=\"og:image\" content=\"https:\/\/tribunademinas.audiencelabs.com.br\/wp-content\/uploads\/2025\/08\/R-200.webp\" \/>\n\t<meta property=\"og:image:width\" content=\"1170\" \/>\n\t<meta property=\"og:image:height\" content=\"700\" \/>\n\t<meta property=\"og:image:type\" content=\"image\/webp\" \/>\n<meta name=\"author\" content=\"Jeferson Carvalho\" \/>\n<meta name=\"twitter:card\" content=\"summary_large_image\" \/>\n<meta name=\"twitter:creator\" content=\"@tribunademinas\" \/>\n<meta name=\"twitter:site\" content=\"@tribunademinas\" \/>\n<meta name=\"twitter:label1\" content=\"Escrito por\" \/>\n\t<meta name=\"twitter:data1\" content=\"Jeferson Carvalho\" \/>\n\t<meta name=\"twitter:label2\" content=\"Est. tempo de leitura\" \/>\n\t<meta name=\"twitter:data2\" content=\"3 minutos\" \/>\n<!-- \/ Yoast SEO plugin. -->","yoast_head_json":{"title":"Brasileiros que nasceram em julho ou agosto recebem R$ 200","description":"O governo federal est\u00e1 realizando pagamentos de R$ 200 para estudantes da rede p\u00fablica, por meio do aplicativo Caixa Tem.","robots":{"index":"index","follow":"follow","max-snippet":"max-snippet:-1","max-image-preview":"max-image-preview:large","max-video-preview":"max-video-preview:-1"},"canonical":"https:\/\/tribunademinas.audiencelabs.com.br\/brasileiros-que-nasceram-em-julho-ou-agosto-recebem-r-200\/","og_locale":"pt_BR","og_type":"article","og_title":"Brasileiros que nasceram em julho ou agosto recebem R$ 200","og_description":"O governo federal est\u00e1 realizando pagamentos de R$ 200 para estudantes da rede p\u00fablica, por meio do aplicativo Caixa Tem.","og_url":"https:\/\/tribunademinas.audiencelabs.com.br\/brasileiros-que-nasceram-em-julho-ou-agosto-recebem-r-200\/","og_site_name":"Tribuna de Minas - Dinheiro e Cidadania","article_publisher":"https:\/\/www.facebook.com\/tribunademinas\/","article_published_time":"2025-09-01T23:00:00+00:00","og_image":[{"width":1170,"height":700,"url":"https:\/\/tribunademinas.audiencelabs.com.br\/wp-content\/uploads\/2025\/08\/R-200.webp","type":"image\/webp"}],"author":"Jeferson Carvalho","twitter_card":"summary_large_image","twitter_creator":"@tribunademinas","twitter_site":"@tribunademinas","twitter_misc":{"Escrito por":"Jeferson Carvalho","Est. tempo de leitura":"3 minutos"},"schema":{"@context":"https:\/\/schema.org","@graph":[{"@type":"Article","@id":"https:\/\/tribunademinas.audiencelabs.com.br\/brasileiros-que-nasceram-em-julho-ou-agosto-recebem-r-200\/#article","isPartOf":{"@id":"https:\/\/tribunademinas.audiencelabs.com.br\/brasileiros-que-nasceram-em-julho-ou-agosto-recebem-r-200\/"},"author":{"name":"Jeferson Carvalho","@id":"https:\/\/tribunademinas.audiencelabs.com.br\/#\/schema\/person\/db18fc40307804bacef94213aa68fd9d"},"headline":"Brasileiros que nasceram em julho ou agosto recebem R$ 200","datePublished":"2025-09-01T23:00:00+00:00","mainEntityOfPage":{"@id":"https:\/\/tribunademinas.audiencelabs.com.br\/brasileiros-que-nasceram-em-julho-ou-agosto-recebem-r-200\/"},"wordCount":425,"commentCount":0,"publisher":{"@id":"https:\/\/tribunademinas.audiencelabs.com.br\/#organization"},"image":{"@id":"https:\/\/tribunademinas.audiencelabs.com.br\/brasileiros-que-nasceram-em-julho-ou-agosto-recebem-r-200\/#primaryimage"},"thumbnailUrl":"https:\/\/tribunademinas.audiencelabs.com.br\/wp-content\/uploads\/2025\/08\/R-200.webp","articleSection":["Dinheiro"],"inLanguage":"pt-BR","potentialAction":[{"@type":"CommentAction","name":"Comment","target":["https:\/\/tribunademinas.audiencelabs.com.br\/brasileiros-que-nasceram-em-julho-ou-agosto-recebem-r-200\/#respond"]}]},{"@type":"WebPage","@id":"https:\/\/tribunademinas.audiencelabs.com.br\/brasileiros-que-nasceram-em-julho-ou-agosto-recebem-r-200\/","url":"https:\/\/tribunademinas.audiencelabs.com.br\/brasileiros-que-nasceram-em-julho-ou-agosto-recebem-r-200\/","name":"Brasileiros que nasceram em julho ou agosto recebem R$ 200","isPartOf":{"@id":"https:\/\/tribunademinas.audiencelabs.com.br\/#website"},"primaryImageOfPage":{"@id":"https:\/\/tribunademinas.audiencelabs.com.br\/brasileiros-que-nasceram-em-julho-ou-agosto-recebem-r-200\/#primaryimage"},"image":{"@id":"https:\/\/tribunademinas.audiencelabs.com.br\/brasileiros-que-nasceram-em-julho-ou-agosto-recebem-r-200\/#primaryimage"},"thumbnailUrl":"https:\/\/tribunademinas.audiencelabs.com.br\/wp-content\/uploads\/2025\/08\/R-200.webp","datePublished":"2025-09-01T23:00:00+00:00","description":"O governo federal est\u00e1 realizando pagamentos de R$ 200 para estudantes da rede p\u00fablica, por meio do aplicativo Caixa Tem.","breadcrumb":{"@id":"https:\/\/tribunademinas.audiencelabs.com.br\/brasileiros-que-nasceram-em-julho-ou-agosto-recebem-r-200\/#breadcrumb"},"inLanguage":"pt-BR","potentialAction":[{"@type":"ReadAction","target":["https:\/\/tribunademinas.audiencelabs.com.br\/brasileiros-que-nasceram-em-julho-ou-agosto-recebem-r-200\/"]}]},{"@type":"ImageObject","inLanguage":"pt-BR","@id":"https:\/\/tribunademinas.audiencelabs.com.br\/brasileiros-que-nasceram-em-julho-ou-agosto-recebem-r-200\/#primaryimage","url":"https:\/\/tribunademinas.audiencelabs.com.br\/wp-content\/uploads\/2025\/08\/R-200.webp","contentUrl":"https:\/\/tribunademinas.audiencelabs.com.br\/wp-content\/uploads\/2025\/08\/R-200.webp","width":1170,"height":700,"caption":"Brasileiros que nasceram em julho ou agosto recebem R$ 200 - Imagem: Marcello Casal Jr\/Ag\u00eancia Brasil"},{"@type":"BreadcrumbList","@id":"https:\/\/tribunademinas.audiencelabs.com.br\/brasileiros-que-nasceram-em-julho-ou-agosto-recebem-r-200\/#breadcrumb","itemListElement":[{"@type":"ListItem","position":1,"name":"In\u00edcio","item":"https:\/\/tribunademinas.audiencelabs.com.br\/"},{"@type":"ListItem","position":2,"name":"Brasileiros que nasceram em julho ou agosto recebem R$ 200"}]},{"@type":"WebSite","@id":"https:\/\/tribunademinas.audiencelabs.com.br\/#website","url":"https:\/\/tribunademinas.audiencelabs.com.br\/","name":"Tribuna de Minas - Dinheiro e Cidadania","description":"","publisher":{"@id":"https:\/\/tribunademinas.audiencelabs.com.br\/#organization"},"potentialAction":[{"@type":"SearchAction","target":{"@type":"EntryPoint","urlTemplate":"https:\/\/tribunademinas.audiencelabs.com.br\/?s={search_term_string}"},"query-input":{"@type":"PropertyValueSpecification","valueRequired":true,"valueName":"search_term_string"}}],"inLanguage":"pt-BR"},{"@type":"Organization","@id":"https:\/\/tribunademinas.audiencelabs.com.br\/#organization","name":"Tribuna de Minas - Dinheiro e Cidadania","url":"https:\/\/tribunademinas.audiencelabs.com.br\/","logo":{"@type":"ImageObject","inLanguage":"pt-BR","@id":"https:\/\/tribunademinas.audiencelabs.com.br\/#\/schema\/logo\/image\/","url":"https:\/\/tribunademinas.audiencelabs.com.br\/wp-content\/uploads\/2025\/08\/cropped-Tribuna_512x512-96x96-1.png","contentUrl":"https:\/\/tribunademinas.audiencelabs.com.br\/wp-content\/uploads\/2025\/08\/cropped-Tribuna_512x512-96x96-1.png","width":96,"height":96,"caption":"Tribuna de Minas - Dinheiro e Cidadania"},"image":{"@id":"https:\/\/tribunademinas.audiencelabs.com.br\/#\/schema\/logo\/image\/"},"sameAs":["https:\/\/www.facebook.com\/tribunademinas\/","https:\/\/x.com\/tribunademinas","https:\/\/www.instagram.com\/tribunademinas\/","https:\/\/www.youtube.com\/user\/TribunadeMinasJF"]},{"@type":"Person","@id":"https:\/\/tribunademinas.audiencelabs.com.br\/#\/schema\/person\/db18fc40307804bacef94213aa68fd9d","name":"Jeferson Carvalho","image":{"@type":"ImageObject","inLanguage":"pt-BR","@id":"https:\/\/tribunademinas.audiencelabs.com.br\/#\/schema\/person\/image\/","url":"https:\/\/secure.gravatar.com\/avatar\/cd7646e328d9670dad7dea8698522e522745eeffcff5b9d08be858e377ce326b?s=96&d=mm&r=g","contentUrl":"https:\/\/secure.gravatar.com\/avatar\/cd7646e328d9670dad7dea8698522e522745eeffcff5b9d08be858e377ce326b?s=96&d=mm&r=g","caption":"Jeferson Carvalho"},"description":"Jornalista apaixonado pela profiss\u00e3o!","url":"https:\/\/tribunademinas.audiencelabs.com.br\/author\/jeferson\/"}]}},"amp_enabled":true,"_links":{"self":[{"href":"https:\/\/tribunademinas.audiencelabs.com.br\/wp-json\/wp\/v2\/posts\/816","targetHints":{"allow":["GET"]}}],"collection":[{"href":"https:\/\/tribunademinas.audiencelabs.com.br\/wp-json\/wp\/v2\/posts"}],"about":[{"href":"https:\/\/tribunademinas.audiencelabs.com.br\/wp-json\/wp\/v2\/types\/post"}],"author":[{"embeddable":true,"href":"https:\/\/tribunademinas.audiencelabs.com.br\/wp-json\/wp\/v2\/users\/5"}],"replies":[{"embeddable":true,"href":"https:\/\/tribunademinas.audiencelabs.com.br\/wp-json\/wp\/v2\/comments?post=816"}],"version-history":[{"count":1,"href":"https:\/\/tribunademinas.audiencelabs.com.br\/wp-json\/wp\/v2\/posts\/816\/revisions"}],"predecessor-version":[{"id":818,"href":"https:\/\/tribunademinas.audiencelabs.com.br\/wp-json\/wp\/v2\/posts\/816\/revisions\/818"}],"wp:featuredmedia":[{"embeddable":true,"href":"https:\/\/tribunademinas.audiencelabs.com.br\/wp-json\/wp\/v2\/media\/817"}],"wp:attachment":[{"href":"https:\/\/tribunademinas.audiencelabs.com.br\/wp-json\/wp\/v2\/media?parent=816"}],"wp:term":[{"taxonomy":"category","embeddable":true,"href":"https:\/\/tribunademinas.audiencelabs.com.br\/wp-json\/wp\/v2\/categories?post=816"},{"taxonomy":"post_tag","embeddable":true,"href":"https:\/\/tribunademinas.audiencelabs.com.br\/wp-json\/wp\/v2\/tags?post=816"}],"curies":[{"name":"wp","href":"https:\/\/api.w.org\/{rel}","templated":true}]}}