{"id":801,"date":"2025-09-01T16:41:00","date_gmt":"2025-09-01T19:41:00","guid":{"rendered":"https:\/\/tribunademinas.audiencelabs.com.br\/?p=801"},"modified":"2025-08-29T17:41:48","modified_gmt":"2025-08-29T20:41:48","slug":"atencao-aposentado-voce-vai-receber-um-dinheiro-muito-bom-a-partir-de-hoje","status":"publish","type":"post","link":"https:\/\/tribunademinas.audiencelabs.com.br\/atencao-aposentado-voce-vai-receber-um-dinheiro-muito-bom-a-partir-de-hoje\/","title":{"rendered":"Aten\u00e7\u00e3o, aposentado! Voc\u00ea vai receber um dinheiro muito bom a partir de hoje"},"content":{"rendered":"\n<p>Come\u00e7a nesta segunda-feira, 1\u00ba de setembro, para quem \u00e9 aposentado ou pensionista, uma nova etapa no calend\u00e1rio de pagamentos do INSS. <\/p>\n\n\n\n<p>Os dep\u00f3sitos feitos pelo<a href=\"https:\/\/tribunademinas.com.br\/colunas\/maistendencias\/prova-de-vida-do-inss-aposentados-precisam-ler-essa-noticia\/\"><strong> Instituto Nacional do Seguro Social<\/strong><\/a> s\u00e3o referentes ao m\u00eas de agosto de 2025 e agora contemplam um novo grupo de benefici\u00e1rios: aqueles que recebem acima de um sal\u00e1rio m\u00ednimo.<\/p>\n\n\n\n<p>J\u00e1 os segurados que t\u00eam direito ao piso nacional come\u00e7aram a receber desde o \u00faltimo dia 25 de agosto. O cronograma segue at\u00e9 o dia 5 de setembro, beneficiando milh\u00f5es de aposentados e pensionistas em todo o pa\u00eds.<\/p>\n\n\n\n<h2 class=\"wp-block-heading\">Aten\u00e7\u00e3o, aposentado! Voc\u00ea vai receber um dinheiro muito bom a partir de hoje<\/h2>\n\n\n\n<p>O INSS organiza os repasses em dois cronogramas distintos. O primeiro atende quem recebe at\u00e9 um sal\u00e1rio m\u00ednimo, atualmente fixado em R$ 1.518. Esses pagamentos foram iniciados em 25 de agosto e continuam sendo liberados de forma escalonada, de acordo com o n\u00famero final do benef\u00edcio. <\/p>\n\n\n\n<p>O segundo calend\u00e1rio, que tem in\u00edcio hoje, contempla os aposentados e pensionistas com renda mensal superior ao piso. Ambos os grupos ter\u00e3o seus cr\u00e9ditos dispon\u00edveis at\u00e9 o dia 5 de setembro.<\/p>\n\n\n\n<p>A forma como o INSS define a data de pagamento \u00e9 simples: leva-se em conta o n\u00famero final do benef\u00edcio (sem considerar o d\u00edgito verificador). Isso permite uma distribui\u00e7\u00e3o organizada dos dep\u00f3sitos ao longo dos dias \u00fateis, evitando sobrecarga no sistema banc\u00e1rio. <\/p>\n\n\n\n<p>Vale destacar que quem j\u00e1 come\u00e7ou a receber nos \u00faltimos dias seguir\u00e1 com o cronograma normalmente, enquanto os demais ter\u00e3o acesso ao valor a partir desta segunda-feira.<\/p>\n\n\n\n<p>Veja abaixo os calend\u00e1rios completos:<\/p>\n\n\n\n<p><strong>Pagamentos para quem recebe at\u00e9 um sal\u00e1rio m\u00ednimo:<\/strong><\/p>\n\n\n\n<figure class=\"wp-block-table aligncenter is-style-stripes\"><table class=\"has-fixed-layout\"><thead><tr><th>Final do benef\u00edcio<\/th><th>Data do pagamento<\/th><\/tr><\/thead><tbody><tr><td>1<\/td><td>25\/08<\/td><\/tr><tr><td>2<\/td><td>26\/08<\/td><\/tr><tr><td>3<\/td><td>27\/08<\/td><\/tr><tr><td>4<\/td><td>28\/08<\/td><\/tr><tr><td>5<\/td><td>29\/08<\/td><\/tr><tr><td>6<\/td><td>01\/09<\/td><\/tr><tr><td>7<\/td><td>02\/09<\/td><\/tr><tr><td>8<\/td><td>03\/09<\/td><\/tr><tr><td>9<\/td><td>04\/09<\/td><\/tr><tr><td>0<\/td><td>05\/09<\/td><\/tr><\/tbody><\/table><\/figure>\n\n\n\n<p><strong>Pagamentos para quem recebe acima de um sal\u00e1rio m\u00ednimo:<\/strong><\/p>\n\n\n\n<figure class=\"wp-block-table aligncenter is-style-stripes\"><table class=\"has-fixed-layout\"><thead><tr><th>Finais do benef\u00edcio<\/th><th>Data do pagamento<\/th><\/tr><\/thead><tbody><tr><td>1 e 6<\/td><td>01\/09<\/td><\/tr><tr><td>2 e 7<\/td><td>02\/09<\/td><\/tr><tr><td>3 e 8<\/td><td>03\/09<\/td><\/tr><tr><td>4 e 9<\/td><td>04\/09<\/td><\/tr><tr><td>5 e 0<\/td><td>05\/09<\/td><\/tr><\/tbody><\/table><\/figure>\n\n\n\n<h3 class=\"wp-block-heading\">Informa\u00e7\u00f5es para aposentados sobre os pagamentos de agosto do INSS<\/h3>\n\n\n\n<p>Para saber exatamente quando o valor estar\u00e1 dispon\u00edvel, o benefici\u00e1rio pode acessar o <a href=\"https:\/\/meu.inss.gov.br\/\"><strong>portal ou o aplicativo<\/strong><\/a> Meu INSS, usando o CPF e a senha da conta Gov.br. <\/p>\n\n\n\n<p>Outra op\u00e7\u00e3o \u00e9 ligar para a Central 135, que oferece atendimento automatizado todos os dias e suporte com atendente de segunda a s\u00e1bado, das 7h \u00e0s 22h.<\/p>\n\n\n\n<p>Os valores podem ser sacados diretamente em caixas eletr\u00f4nicos, ag\u00eancias banc\u00e1rias ou utilizados via cart\u00e3o de d\u00e9bito vinculado ao benef\u00edcio. Quem optou por receber em conta corrente ou poupan\u00e7a deve verificar se o cr\u00e9dito j\u00e1 foi depositado na data prevista. <\/p>\n\n\n\n<p>Importante: manter o cadastro atualizado \u00e9 essencial para garantir o recebimento sem atrasos.<\/p>\n","protected":false},"excerpt":{"rendered":"<p>Come\u00e7a nesta segunda-feira, 1\u00ba de setembro, para quem \u00e9 aposentado ou pensionista, uma nova etapa no calend\u00e1rio de pagamentos do INSS. Os dep\u00f3sitos feitos pelo Instituto Nacional do Seguro Social s\u00e3o referentes ao m\u00eas de agosto de 2025 e agora contemplam um novo grupo de benefici\u00e1rios: aqueles que recebem acima de um sal\u00e1rio m\u00ednimo. J\u00e1 [&hellip;]<\/p>\n","protected":false},"author":5,"featured_media":802,"comment_status":"open","ping_status":"open","sticky":false,"template":"","format":"standard","meta":{"jnews-multi-image_gallery":[],"jnews_single_post":{"format":"standard"},"jnews_primary_category":[],"jnews_social_meta":[],"jnews_post_split":[],"footnotes":""},"categories":[1],"tags":[],"class_list":["post-801","post","type-post","status-publish","format-standard","has-post-thumbnail","hentry","category-dinheiro"],"yoast_head":"<!-- This site is optimized with the Yoast SEO plugin v25.6 - https:\/\/yoast.com\/wordpress\/plugins\/seo\/ -->\n<title>Aten\u00e7\u00e3o, aposentado! Voc\u00ea vai receber um dinheiro muito bom a partir de hoje<\/title>\n<meta name=\"description\" content=\"Come\u00e7a nesta segunda-feira, 1\u00ba de setembro, uma nova etapa no calend\u00e1rio de pagamentos do INSS para quem \u00e9 aposentado e pensionista.\" \/>\n<meta name=\"robots\" content=\"index, follow, max-snippet:-1, max-image-preview:large, max-video-preview:-1\" \/>\n<link rel=\"canonical\" href=\"https:\/\/tribunademinas.audiencelabs.com.br\/atencao-aposentado-voce-vai-receber-um-dinheiro-muito-bom-a-partir-de-hoje\/\" \/>\n<meta property=\"og:locale\" content=\"pt_BR\" \/>\n<meta property=\"og:type\" content=\"article\" \/>\n<meta property=\"og:title\" content=\"Aten\u00e7\u00e3o, aposentado! Voc\u00ea vai receber um dinheiro muito bom a partir de hoje\" \/>\n<meta property=\"og:description\" content=\"Come\u00e7a nesta segunda-feira, 1\u00ba de setembro, uma nova etapa no calend\u00e1rio de pagamentos do INSS para quem \u00e9 aposentado e pensionista.\" \/>\n<meta property=\"og:url\" content=\"https:\/\/tribunademinas.audiencelabs.com.br\/atencao-aposentado-voce-vai-receber-um-dinheiro-muito-bom-a-partir-de-hoje\/\" \/>\n<meta property=\"og:site_name\" content=\"Tribuna de Minas - Dinheiro e Cidadania\" \/>\n<meta property=\"article:publisher\" content=\"https:\/\/www.facebook.com\/tribunademinas\/\" \/>\n<meta property=\"article:published_time\" content=\"2025-09-01T19:41:00+00:00\" \/>\n<meta property=\"og:image\" content=\"https:\/\/tribunademinas.audiencelabs.com.br\/wp-content\/uploads\/2025\/08\/INSS.webp\" \/>\n\t<meta property=\"og:image:width\" content=\"1170\" \/>\n\t<meta property=\"og:image:height\" content=\"700\" \/>\n\t<meta property=\"og:image:type\" content=\"image\/webp\" \/>\n<meta name=\"author\" content=\"Jeferson Carvalho\" \/>\n<meta name=\"twitter:card\" content=\"summary_large_image\" \/>\n<meta name=\"twitter:creator\" content=\"@tribunademinas\" \/>\n<meta name=\"twitter:site\" content=\"@tribunademinas\" \/>\n<meta name=\"twitter:label1\" content=\"Escrito por\" \/>\n\t<meta name=\"twitter:data1\" content=\"Jeferson Carvalho\" \/>\n\t<meta name=\"twitter:label2\" content=\"Est. tempo de leitura\" \/>\n\t<meta name=\"twitter:data2\" content=\"3 minutos\" \/>\n<!-- \/ Yoast SEO plugin. -->","yoast_head_json":{"title":"Aten\u00e7\u00e3o, aposentado! Voc\u00ea vai receber um dinheiro muito bom a partir de hoje","description":"Come\u00e7a nesta segunda-feira, 1\u00ba de setembro, uma nova etapa no calend\u00e1rio de pagamentos do INSS para quem \u00e9 aposentado e pensionista.","robots":{"index":"index","follow":"follow","max-snippet":"max-snippet:-1","max-image-preview":"max-image-preview:large","max-video-preview":"max-video-preview:-1"},"canonical":"https:\/\/tribunademinas.audiencelabs.com.br\/atencao-aposentado-voce-vai-receber-um-dinheiro-muito-bom-a-partir-de-hoje\/","og_locale":"pt_BR","og_type":"article","og_title":"Aten\u00e7\u00e3o, aposentado! Voc\u00ea vai receber um dinheiro muito bom a partir de hoje","og_description":"Come\u00e7a nesta segunda-feira, 1\u00ba de setembro, uma nova etapa no calend\u00e1rio de pagamentos do INSS para quem \u00e9 aposentado e pensionista.","og_url":"https:\/\/tribunademinas.audiencelabs.com.br\/atencao-aposentado-voce-vai-receber-um-dinheiro-muito-bom-a-partir-de-hoje\/","og_site_name":"Tribuna de Minas - Dinheiro e Cidadania","article_publisher":"https:\/\/www.facebook.com\/tribunademinas\/","article_published_time":"2025-09-01T19:41:00+00:00","og_image":[{"width":1170,"height":700,"url":"https:\/\/tribunademinas.audiencelabs.com.br\/wp-content\/uploads\/2025\/08\/INSS.webp","type":"image\/webp"}],"author":"Jeferson Carvalho","twitter_card":"summary_large_image","twitter_creator":"@tribunademinas","twitter_site":"@tribunademinas","twitter_misc":{"Escrito por":"Jeferson Carvalho","Est. tempo de leitura":"3 minutos"},"schema":{"@context":"https:\/\/schema.org","@graph":[{"@type":"Article","@id":"https:\/\/tribunademinas.audiencelabs.com.br\/atencao-aposentado-voce-vai-receber-um-dinheiro-muito-bom-a-partir-de-hoje\/#article","isPartOf":{"@id":"https:\/\/tribunademinas.audiencelabs.com.br\/atencao-aposentado-voce-vai-receber-um-dinheiro-muito-bom-a-partir-de-hoje\/"},"author":{"name":"Jeferson Carvalho","@id":"https:\/\/tribunademinas.audiencelabs.com.br\/#\/schema\/person\/db18fc40307804bacef94213aa68fd9d"},"headline":"Aten\u00e7\u00e3o, aposentado! Voc\u00ea vai receber um dinheiro muito bom a partir de hoje","datePublished":"2025-09-01T19:41:00+00:00","mainEntityOfPage":{"@id":"https:\/\/tribunademinas.audiencelabs.com.br\/atencao-aposentado-voce-vai-receber-um-dinheiro-muito-bom-a-partir-de-hoje\/"},"wordCount":461,"commentCount":0,"publisher":{"@id":"https:\/\/tribunademinas.audiencelabs.com.br\/#organization"},"image":{"@id":"https:\/\/tribunademinas.audiencelabs.com.br\/atencao-aposentado-voce-vai-receber-um-dinheiro-muito-bom-a-partir-de-hoje\/#primaryimage"},"thumbnailUrl":"https:\/\/tribunademinas.audiencelabs.com.br\/wp-content\/uploads\/2025\/08\/INSS.webp","articleSection":["Dinheiro"],"inLanguage":"pt-BR","potentialAction":[{"@type":"CommentAction","name":"Comment","target":["https:\/\/tribunademinas.audiencelabs.com.br\/atencao-aposentado-voce-vai-receber-um-dinheiro-muito-bom-a-partir-de-hoje\/#respond"]}]},{"@type":"WebPage","@id":"https:\/\/tribunademinas.audiencelabs.com.br\/atencao-aposentado-voce-vai-receber-um-dinheiro-muito-bom-a-partir-de-hoje\/","url":"https:\/\/tribunademinas.audiencelabs.com.br\/atencao-aposentado-voce-vai-receber-um-dinheiro-muito-bom-a-partir-de-hoje\/","name":"Aten\u00e7\u00e3o, aposentado! Voc\u00ea vai receber um dinheiro muito bom a partir de hoje","isPartOf":{"@id":"https:\/\/tribunademinas.audiencelabs.com.br\/#website"},"primaryImageOfPage":{"@id":"https:\/\/tribunademinas.audiencelabs.com.br\/atencao-aposentado-voce-vai-receber-um-dinheiro-muito-bom-a-partir-de-hoje\/#primaryimage"},"image":{"@id":"https:\/\/tribunademinas.audiencelabs.com.br\/atencao-aposentado-voce-vai-receber-um-dinheiro-muito-bom-a-partir-de-hoje\/#primaryimage"},"thumbnailUrl":"https:\/\/tribunademinas.audiencelabs.com.br\/wp-content\/uploads\/2025\/08\/INSS.webp","datePublished":"2025-09-01T19:41:00+00:00","description":"Come\u00e7a nesta segunda-feira, 1\u00ba de setembro, uma nova etapa no calend\u00e1rio de pagamentos do INSS para quem \u00e9 aposentado e pensionista.","breadcrumb":{"@id":"https:\/\/tribunademinas.audiencelabs.com.br\/atencao-aposentado-voce-vai-receber-um-dinheiro-muito-bom-a-partir-de-hoje\/#breadcrumb"},"inLanguage":"pt-BR","potentialAction":[{"@type":"ReadAction","target":["https:\/\/tribunademinas.audiencelabs.com.br\/atencao-aposentado-voce-vai-receber-um-dinheiro-muito-bom-a-partir-de-hoje\/"]}]},{"@type":"ImageObject","inLanguage":"pt-BR","@id":"https:\/\/tribunademinas.audiencelabs.com.br\/atencao-aposentado-voce-vai-receber-um-dinheiro-muito-bom-a-partir-de-hoje\/#primaryimage","url":"https:\/\/tribunademinas.audiencelabs.com.br\/wp-content\/uploads\/2025\/08\/INSS.webp","contentUrl":"https:\/\/tribunademinas.audiencelabs.com.br\/wp-content\/uploads\/2025\/08\/INSS.webp","width":1170,"height":700,"caption":"Aten\u00e7\u00e3o, aposentado! Voc\u00ea vai receber um dinheiro muito bom a partir de hoje - Imagem: Marcello Casal Jr\/Ag\u00eancia Brasil"},{"@type":"BreadcrumbList","@id":"https:\/\/tribunademinas.audiencelabs.com.br\/atencao-aposentado-voce-vai-receber-um-dinheiro-muito-bom-a-partir-de-hoje\/#breadcrumb","itemListElement":[{"@type":"ListItem","position":1,"name":"In\u00edcio","item":"https:\/\/tribunademinas.audiencelabs.com.br\/"},{"@type":"ListItem","position":2,"name":"Aten\u00e7\u00e3o, aposentado! Voc\u00ea vai receber um dinheiro muito bom a partir de hoje"}]},{"@type":"WebSite","@id":"https:\/\/tribunademinas.audiencelabs.com.br\/#website","url":"https:\/\/tribunademinas.audiencelabs.com.br\/","name":"Tribuna de Minas - Dinheiro e Cidadania","description":"","publisher":{"@id":"https:\/\/tribunademinas.audiencelabs.com.br\/#organization"},"potentialAction":[{"@type":"SearchAction","target":{"@type":"EntryPoint","urlTemplate":"https:\/\/tribunademinas.audiencelabs.com.br\/?s={search_term_string}"},"query-input":{"@type":"PropertyValueSpecification","valueRequired":true,"valueName":"search_term_string"}}],"inLanguage":"pt-BR"},{"@type":"Organization","@id":"https:\/\/tribunademinas.audiencelabs.com.br\/#organization","name":"Tribuna de Minas - Dinheiro e Cidadania","url":"https:\/\/tribunademinas.audiencelabs.com.br\/","logo":{"@type":"ImageObject","inLanguage":"pt-BR","@id":"https:\/\/tribunademinas.audiencelabs.com.br\/#\/schema\/logo\/image\/","url":"https:\/\/tribunademinas.audiencelabs.com.br\/wp-content\/uploads\/2025\/08\/cropped-Tribuna_512x512-96x96-1.png","contentUrl":"https:\/\/tribunademinas.audiencelabs.com.br\/wp-content\/uploads\/2025\/08\/cropped-Tribuna_512x512-96x96-1.png","width":96,"height":96,"caption":"Tribuna de Minas - Dinheiro e Cidadania"},"image":{"@id":"https:\/\/tribunademinas.audiencelabs.com.br\/#\/schema\/logo\/image\/"},"sameAs":["https:\/\/www.facebook.com\/tribunademinas\/","https:\/\/x.com\/tribunademinas","https:\/\/www.instagram.com\/tribunademinas\/","https:\/\/www.youtube.com\/user\/TribunadeMinasJF"]},{"@type":"Person","@id":"https:\/\/tribunademinas.audiencelabs.com.br\/#\/schema\/person\/db18fc40307804bacef94213aa68fd9d","name":"Jeferson Carvalho","image":{"@type":"ImageObject","inLanguage":"pt-BR","@id":"https:\/\/tribunademinas.audiencelabs.com.br\/#\/schema\/person\/image\/","url":"https:\/\/secure.gravatar.com\/avatar\/cd7646e328d9670dad7dea8698522e522745eeffcff5b9d08be858e377ce326b?s=96&d=mm&r=g","contentUrl":"https:\/\/secure.gravatar.com\/avatar\/cd7646e328d9670dad7dea8698522e522745eeffcff5b9d08be858e377ce326b?s=96&d=mm&r=g","caption":"Jeferson Carvalho"},"description":"Jornalista apaixonado pela profiss\u00e3o!","url":"https:\/\/tribunademinas.audiencelabs.com.br\/author\/jeferson\/"}]}},"amp_enabled":true,"_links":{"self":[{"href":"https:\/\/tribunademinas.audiencelabs.com.br\/wp-json\/wp\/v2\/posts\/801","targetHints":{"allow":["GET"]}}],"collection":[{"href":"https:\/\/tribunademinas.audiencelabs.com.br\/wp-json\/wp\/v2\/posts"}],"about":[{"href":"https:\/\/tribunademinas.audiencelabs.com.br\/wp-json\/wp\/v2\/types\/post"}],"author":[{"embeddable":true,"href":"https:\/\/tribunademinas.audiencelabs.com.br\/wp-json\/wp\/v2\/users\/5"}],"replies":[{"embeddable":true,"href":"https:\/\/tribunademinas.audiencelabs.com.br\/wp-json\/wp\/v2\/comments?post=801"}],"version-history":[{"count":1,"href":"https:\/\/tribunademinas.audiencelabs.com.br\/wp-json\/wp\/v2\/posts\/801\/revisions"}],"predecessor-version":[{"id":809,"href":"https:\/\/tribunademinas.audiencelabs.com.br\/wp-json\/wp\/v2\/posts\/801\/revisions\/809"}],"wp:featuredmedia":[{"embeddable":true,"href":"https:\/\/tribunademinas.audiencelabs.com.br\/wp-json\/wp\/v2\/media\/802"}],"wp:attachment":[{"href":"https:\/\/tribunademinas.audiencelabs.com.br\/wp-json\/wp\/v2\/media?parent=801"}],"wp:term":[{"taxonomy":"category","embeddable":true,"href":"https:\/\/tribunademinas.audiencelabs.com.br\/wp-json\/wp\/v2\/categories?post=801"},{"taxonomy":"post_tag","embeddable":true,"href":"https:\/\/tribunademinas.audiencelabs.com.br\/wp-json\/wp\/v2\/tags?post=801"}],"curies":[{"name":"wp","href":"https:\/\/api.w.org\/{rel}","templated":true}]}}