{"id":777,"date":"2025-09-01T16:00:00","date_gmt":"2025-09-01T19:00:00","guid":{"rendered":"https:\/\/tribunademinas.audiencelabs.com.br\/?p=777"},"modified":"2025-08-29T15:57:30","modified_gmt":"2025-08-29T18:57:30","slug":"nova-medida-do-inss-vai-acelerar-pagamento-a-lista-especifica-de-cpfs","status":"publish","type":"post","link":"https:\/\/tribunademinas.audiencelabs.com.br\/nova-medida-do-inss-vai-acelerar-pagamento-a-lista-especifica-de-cpfs\/","title":{"rendered":"Nova medida do INSS vai acelerar pagamento \u00e0 lista espec\u00edfica de CPFs"},"content":{"rendered":"\n<p>Al\u00e9m de arcar com o pagamento de milh\u00f5es de aposentadorias, o <strong>Instituto Nacional do Seguro Social (INSS)<\/strong> tamb\u00e9m \u00e9 o \u00f3rg\u00e3o respons\u00e1vel por benef\u00edcios como o <strong>Benef\u00edcio por Incapacidade Tempor\u00e1ria (antigo aux\u00edlio-doen\u00e7a) e o Benef\u00edcio de Presta\u00e7\u00e3o Continuada (BPC)<\/strong>.<\/p>\n\n\n\n<p>Mas, vale destacar que, diferente do benef\u00edcio previdenci\u00e1rio, estes dois \u00faltimos demandam um tempo maior para serem liberados pois necessitam que algumas comprova\u00e7\u00f5es sejam feitas. Consequentemente, isso acaba resultando em longas filas de espera.<\/p>\n\n\n\n<p>Contudo, no munic\u00edpio de <strong>Sinop, no Mato Grosso<\/strong>, o INSS colocar\u00e1 em pr\u00e1tica uma medida para acelerar o pagamento dos benef\u00edcios a centenas de solicitantes. De acordo com o portal Gov.br, o \u00f3rg\u00e3o realizar\u00e1 <strong>atendimentos extraordin\u00e1rios para per\u00edcias m\u00e9dicas nos dias 30 e 31 de agosto<\/strong>.<\/p>\n\n\n\n<p>A iniciativa, realizada em parceria com a Per\u00edcia M\u00e9dica Federal do Minist\u00e9rio da Previd\u00eancia Social, tem como objetivo antecipar a an\u00e1lise dos pedidos para que seja poss\u00edvel reduzir a fila de espera.<\/p>\n\n\n\n<p>Estima-se que, no total, pelo menos <strong>240 vagas<\/strong> foram abertas \u00e0 popula\u00e7\u00e3o. E \u00e9 importante ressaltar que elas podem ser ocupadas tanto por novos solicitantes, quanto por quem j\u00e1 possui per\u00edcia marcada, desde que realize o reagendamento pelos mesmos canais.<\/p>\n\n\n\n<h2 class=\"wp-block-heading\">INSS estuda amplia\u00e7\u00e3o do atendimento presencial<\/h2>\n\n\n\n<p>De acordo com uma portaria publicada no Di\u00e1rio Oficial da Uni\u00e3o na \u00faltima quinta-feira (28), a partir desta semana, o INSS est\u00e1 colocando em pr\u00e1tica um projeto-piloto de amplia\u00e7\u00e3o do atendimento presencial nas ag\u00eancias da Previd\u00eancia Social que permitir\u00e1 que servi\u00e7os espec\u00edficos sejam realizados sem agendamento pr\u00e9vio.<\/p>\n\n\n\n<p>A novidade come\u00e7ar\u00e1 a funcionar nesta segunda-feira (1\u00ba), estar\u00e1 dispon\u00edvel em pelo menos 19 postos em todo o pa\u00eds. Dentre os atendimentos que n\u00e3o exigir\u00e3o mais agendamento, est\u00e3o (via Folha):<\/p>\n\n\n\n<ul class=\"wp-block-list\">\n<li>Emiss\u00e3o do Cadastro Nacional de Informa\u00e7\u00f5es Sociais (CNIS), outros extratos e documentos;<\/li>\n\n\n\n<li>Atendimento por decis\u00e3o judicial;<\/li>\n\n\n\n<li>Emiss\u00e3o e atualiza\u00e7\u00e3o de senha do portal Gov.br;<\/li>\n\n\n\n<li>Marca\u00e7\u00e3o, remarca\u00e7\u00e3o, cancelamento e consulta de agendamentos;<\/li>\n\n\n\n<li>An\u00e1lise de pedidos iniciais de aposentadoria e pens\u00e3o, aux\u00edlio-doen\u00e7a e aposentadoria por invalidez e de manuten\u00e7\u00e3o e atualiza\u00e7\u00e3o de benef\u00edcios (com autoriza\u00e7\u00e3o da ger\u00eancia);<\/li>\n\n\n\n<li>Solicita\u00e7\u00e3o de antecipa\u00e7\u00e3o de benef\u00edcios em caso de calamidade (depende de publica\u00e7\u00e3o sobre o caso no munic\u00edpio, estado ou pa\u00eds).<\/li>\n<\/ul>\n","protected":false},"excerpt":{"rendered":"<p>Al\u00e9m de arcar com o pagamento de milh\u00f5es de aposentadorias, o Instituto Nacional do Seguro Social (INSS) tamb\u00e9m \u00e9 o \u00f3rg\u00e3o respons\u00e1vel por benef\u00edcios como o Benef\u00edcio por Incapacidade Tempor\u00e1ria (antigo aux\u00edlio-doen\u00e7a) e o Benef\u00edcio de Presta\u00e7\u00e3o Continuada (BPC). Mas, vale destacar que, diferente do benef\u00edcio previdenci\u00e1rio, estes dois \u00faltimos demandam um tempo maior para [&hellip;]<\/p>\n","protected":false},"author":3,"featured_media":778,"comment_status":"open","ping_status":"open","sticky":false,"template":"","format":"standard","meta":{"jnews-multi-image_gallery":[],"jnews_single_post":{"format":"standard"},"jnews_primary_category":[],"jnews_social_meta":[],"jnews_post_split":[],"footnotes":""},"categories":[159],"tags":[],"class_list":["post-777","post","type-post","status-publish","format-standard","has-post-thumbnail","hentry","category-cidadania"],"yoast_head":"<!-- This site is optimized with the Yoast SEO plugin v25.6 - https:\/\/yoast.com\/wordpress\/plugins\/seo\/ -->\n<title>Nova medida do INSS vai acelerar pagamento \u00e0 lista espec\u00edfica de CPFs<\/title>\n<meta name=\"robots\" content=\"index, follow, max-snippet:-1, max-image-preview:large, max-video-preview:-1\" \/>\n<link rel=\"canonical\" href=\"https:\/\/tribunademinas.audiencelabs.com.br\/nova-medida-do-inss-vai-acelerar-pagamento-a-lista-especifica-de-cpfs\/\" \/>\n<meta property=\"og:locale\" content=\"pt_BR\" \/>\n<meta property=\"og:type\" content=\"article\" \/>\n<meta property=\"og:title\" content=\"Nova medida do INSS vai acelerar pagamento \u00e0 lista espec\u00edfica de CPFs\" \/>\n<meta property=\"og:description\" content=\"Al\u00e9m de arcar com o pagamento de milh\u00f5es de aposentadorias, o Instituto Nacional do Seguro Social (INSS) tamb\u00e9m \u00e9 o \u00f3rg\u00e3o respons\u00e1vel por benef\u00edcios como o Benef\u00edcio por Incapacidade Tempor\u00e1ria (antigo aux\u00edlio-doen\u00e7a) e o Benef\u00edcio de Presta\u00e7\u00e3o Continuada (BPC). Mas, vale destacar que, diferente do benef\u00edcio previdenci\u00e1rio, estes dois \u00faltimos demandam um tempo maior para [&hellip;]\" \/>\n<meta property=\"og:url\" content=\"https:\/\/tribunademinas.audiencelabs.com.br\/nova-medida-do-inss-vai-acelerar-pagamento-a-lista-especifica-de-cpfs\/\" \/>\n<meta property=\"og:site_name\" content=\"Tribuna de Minas - Dinheiro e Cidadania\" \/>\n<meta property=\"article:publisher\" content=\"https:\/\/www.facebook.com\/tribunademinas\/\" \/>\n<meta property=\"article:published_time\" content=\"2025-09-01T19:00:00+00:00\" \/>\n<meta property=\"og:image\" content=\"https:\/\/tribunademinas.audiencelabs.com.br\/wp-content\/uploads\/2025\/08\/nova-medida-inss-acelerar-pagamento-lista-especifica-cpfs.webp\" \/>\n\t<meta property=\"og:image:width\" content=\"1280\" \/>\n\t<meta property=\"og:image:height\" content=\"720\" \/>\n\t<meta property=\"og:image:type\" content=\"image\/webp\" \/>\n<meta name=\"author\" content=\"Jo\u00e3o Carlos Gomes\" \/>\n<meta name=\"twitter:card\" content=\"summary_large_image\" \/>\n<meta name=\"twitter:creator\" content=\"@tribunademinas\" \/>\n<meta name=\"twitter:site\" content=\"@tribunademinas\" \/>\n<meta name=\"twitter:label1\" content=\"Escrito por\" \/>\n\t<meta name=\"twitter:data1\" content=\"Jo\u00e3o Carlos Gomes\" \/>\n\t<meta name=\"twitter:label2\" content=\"Est. tempo de leitura\" \/>\n\t<meta name=\"twitter:data2\" content=\"3 minutos\" \/>\n<!-- \/ Yoast SEO plugin. -->","yoast_head_json":{"title":"Nova medida do INSS vai acelerar pagamento \u00e0 lista espec\u00edfica de CPFs","robots":{"index":"index","follow":"follow","max-snippet":"max-snippet:-1","max-image-preview":"max-image-preview:large","max-video-preview":"max-video-preview:-1"},"canonical":"https:\/\/tribunademinas.audiencelabs.com.br\/nova-medida-do-inss-vai-acelerar-pagamento-a-lista-especifica-de-cpfs\/","og_locale":"pt_BR","og_type":"article","og_title":"Nova medida do INSS vai acelerar pagamento \u00e0 lista espec\u00edfica de CPFs","og_description":"Al\u00e9m de arcar com o pagamento de milh\u00f5es de aposentadorias, o Instituto Nacional do Seguro Social (INSS) tamb\u00e9m \u00e9 o \u00f3rg\u00e3o respons\u00e1vel por benef\u00edcios como o Benef\u00edcio por Incapacidade Tempor\u00e1ria (antigo aux\u00edlio-doen\u00e7a) e o Benef\u00edcio de Presta\u00e7\u00e3o Continuada (BPC). Mas, vale destacar que, diferente do benef\u00edcio previdenci\u00e1rio, estes dois \u00faltimos demandam um tempo maior para [&hellip;]","og_url":"https:\/\/tribunademinas.audiencelabs.com.br\/nova-medida-do-inss-vai-acelerar-pagamento-a-lista-especifica-de-cpfs\/","og_site_name":"Tribuna de Minas - Dinheiro e Cidadania","article_publisher":"https:\/\/www.facebook.com\/tribunademinas\/","article_published_time":"2025-09-01T19:00:00+00:00","og_image":[{"width":1280,"height":720,"url":"https:\/\/tribunademinas.audiencelabs.com.br\/wp-content\/uploads\/2025\/08\/nova-medida-inss-acelerar-pagamento-lista-especifica-cpfs.webp","type":"image\/webp"}],"author":"Jo\u00e3o Carlos Gomes","twitter_card":"summary_large_image","twitter_creator":"@tribunademinas","twitter_site":"@tribunademinas","twitter_misc":{"Escrito por":"Jo\u00e3o Carlos Gomes","Est. tempo de leitura":"3 minutos"},"schema":{"@context":"https:\/\/schema.org","@graph":[{"@type":"Article","@id":"https:\/\/tribunademinas.audiencelabs.com.br\/nova-medida-do-inss-vai-acelerar-pagamento-a-lista-especifica-de-cpfs\/#article","isPartOf":{"@id":"https:\/\/tribunademinas.audiencelabs.com.br\/nova-medida-do-inss-vai-acelerar-pagamento-a-lista-especifica-de-cpfs\/"},"author":{"name":"Jo\u00e3o Carlos Gomes","@id":"https:\/\/tribunademinas.audiencelabs.com.br\/#\/schema\/person\/37af466a64a722fadb8ef6841c52114f"},"headline":"Nova medida do INSS vai acelerar pagamento \u00e0 lista espec\u00edfica de CPFs","datePublished":"2025-09-01T19:00:00+00:00","mainEntityOfPage":{"@id":"https:\/\/tribunademinas.audiencelabs.com.br\/nova-medida-do-inss-vai-acelerar-pagamento-a-lista-especifica-de-cpfs\/"},"wordCount":422,"commentCount":0,"publisher":{"@id":"https:\/\/tribunademinas.audiencelabs.com.br\/#organization"},"image":{"@id":"https:\/\/tribunademinas.audiencelabs.com.br\/nova-medida-do-inss-vai-acelerar-pagamento-a-lista-especifica-de-cpfs\/#primaryimage"},"thumbnailUrl":"https:\/\/tribunademinas.audiencelabs.com.br\/wp-content\/uploads\/2025\/08\/nova-medida-inss-acelerar-pagamento-lista-especifica-cpfs.webp","articleSection":["Cidadania"],"inLanguage":"pt-BR","potentialAction":[{"@type":"CommentAction","name":"Comment","target":["https:\/\/tribunademinas.audiencelabs.com.br\/nova-medida-do-inss-vai-acelerar-pagamento-a-lista-especifica-de-cpfs\/#respond"]}]},{"@type":"WebPage","@id":"https:\/\/tribunademinas.audiencelabs.com.br\/nova-medida-do-inss-vai-acelerar-pagamento-a-lista-especifica-de-cpfs\/","url":"https:\/\/tribunademinas.audiencelabs.com.br\/nova-medida-do-inss-vai-acelerar-pagamento-a-lista-especifica-de-cpfs\/","name":"Nova medida do INSS vai acelerar pagamento \u00e0 lista espec\u00edfica de CPFs","isPartOf":{"@id":"https:\/\/tribunademinas.audiencelabs.com.br\/#website"},"primaryImageOfPage":{"@id":"https:\/\/tribunademinas.audiencelabs.com.br\/nova-medida-do-inss-vai-acelerar-pagamento-a-lista-especifica-de-cpfs\/#primaryimage"},"image":{"@id":"https:\/\/tribunademinas.audiencelabs.com.br\/nova-medida-do-inss-vai-acelerar-pagamento-a-lista-especifica-de-cpfs\/#primaryimage"},"thumbnailUrl":"https:\/\/tribunademinas.audiencelabs.com.br\/wp-content\/uploads\/2025\/08\/nova-medida-inss-acelerar-pagamento-lista-especifica-cpfs.webp","datePublished":"2025-09-01T19:00:00+00:00","breadcrumb":{"@id":"https:\/\/tribunademinas.audiencelabs.com.br\/nova-medida-do-inss-vai-acelerar-pagamento-a-lista-especifica-de-cpfs\/#breadcrumb"},"inLanguage":"pt-BR","potentialAction":[{"@type":"ReadAction","target":["https:\/\/tribunademinas.audiencelabs.com.br\/nova-medida-do-inss-vai-acelerar-pagamento-a-lista-especifica-de-cpfs\/"]}]},{"@type":"ImageObject","inLanguage":"pt-BR","@id":"https:\/\/tribunademinas.audiencelabs.com.br\/nova-medida-do-inss-vai-acelerar-pagamento-a-lista-especifica-de-cpfs\/#primaryimage","url":"https:\/\/tribunademinas.audiencelabs.com.br\/wp-content\/uploads\/2025\/08\/nova-medida-inss-acelerar-pagamento-lista-especifica-cpfs.webp","contentUrl":"https:\/\/tribunademinas.audiencelabs.com.br\/wp-content\/uploads\/2025\/08\/nova-medida-inss-acelerar-pagamento-lista-especifica-cpfs.webp","width":1280,"height":720,"caption":"Foto: Rafa Neddermeyer\/Ag\u00eancia Brasil"},{"@type":"BreadcrumbList","@id":"https:\/\/tribunademinas.audiencelabs.com.br\/nova-medida-do-inss-vai-acelerar-pagamento-a-lista-especifica-de-cpfs\/#breadcrumb","itemListElement":[{"@type":"ListItem","position":1,"name":"In\u00edcio","item":"https:\/\/tribunademinas.audiencelabs.com.br\/"},{"@type":"ListItem","position":2,"name":"Nova medida do INSS vai acelerar pagamento \u00e0 lista espec\u00edfica de CPFs"}]},{"@type":"WebSite","@id":"https:\/\/tribunademinas.audiencelabs.com.br\/#website","url":"https:\/\/tribunademinas.audiencelabs.com.br\/","name":"Tribuna de Minas - Dinheiro e Cidadania","description":"","publisher":{"@id":"https:\/\/tribunademinas.audiencelabs.com.br\/#organization"},"potentialAction":[{"@type":"SearchAction","target":{"@type":"EntryPoint","urlTemplate":"https:\/\/tribunademinas.audiencelabs.com.br\/?s={search_term_string}"},"query-input":{"@type":"PropertyValueSpecification","valueRequired":true,"valueName":"search_term_string"}}],"inLanguage":"pt-BR"},{"@type":"Organization","@id":"https:\/\/tribunademinas.audiencelabs.com.br\/#organization","name":"Tribuna de Minas - Dinheiro e Cidadania","url":"https:\/\/tribunademinas.audiencelabs.com.br\/","logo":{"@type":"ImageObject","inLanguage":"pt-BR","@id":"https:\/\/tribunademinas.audiencelabs.com.br\/#\/schema\/logo\/image\/","url":"https:\/\/tribunademinas.audiencelabs.com.br\/wp-content\/uploads\/2025\/08\/cropped-Tribuna_512x512-96x96-1.png","contentUrl":"https:\/\/tribunademinas.audiencelabs.com.br\/wp-content\/uploads\/2025\/08\/cropped-Tribuna_512x512-96x96-1.png","width":96,"height":96,"caption":"Tribuna de Minas - Dinheiro e Cidadania"},"image":{"@id":"https:\/\/tribunademinas.audiencelabs.com.br\/#\/schema\/logo\/image\/"},"sameAs":["https:\/\/www.facebook.com\/tribunademinas\/","https:\/\/x.com\/tribunademinas","https:\/\/www.instagram.com\/tribunademinas\/","https:\/\/www.youtube.com\/user\/TribunadeMinasJF"]},{"@type":"Person","@id":"https:\/\/tribunademinas.audiencelabs.com.br\/#\/schema\/person\/37af466a64a722fadb8ef6841c52114f","name":"Jo\u00e3o Carlos Gomes","image":{"@type":"ImageObject","inLanguage":"pt-BR","@id":"https:\/\/tribunademinas.audiencelabs.com.br\/#\/schema\/person\/image\/","url":"https:\/\/secure.gravatar.com\/avatar\/4ce4672dbdd694b329cd6fdb51bee7d1409be1f0ff76a537e4c4a737b2c7d1a9?s=96&d=mm&r=g","contentUrl":"https:\/\/secure.gravatar.com\/avatar\/4ce4672dbdd694b329cd6fdb51bee7d1409be1f0ff76a537e4c4a737b2c7d1a9?s=96&d=mm&r=g","caption":"Jo\u00e3o Carlos Gomes"},"description":"Jornalista formado pelo Centro Universit\u00e1rio Carioca, apreciador da Bossa Nova ao Metal Extremo, criador de conte\u00fado e m\u00fasico independente nas horas vagas.","url":"https:\/\/tribunademinas.audiencelabs.com.br\/author\/joaoc-junior\/"}]}},"amp_enabled":true,"_links":{"self":[{"href":"https:\/\/tribunademinas.audiencelabs.com.br\/wp-json\/wp\/v2\/posts\/777","targetHints":{"allow":["GET"]}}],"collection":[{"href":"https:\/\/tribunademinas.audiencelabs.com.br\/wp-json\/wp\/v2\/posts"}],"about":[{"href":"https:\/\/tribunademinas.audiencelabs.com.br\/wp-json\/wp\/v2\/types\/post"}],"author":[{"embeddable":true,"href":"https:\/\/tribunademinas.audiencelabs.com.br\/wp-json\/wp\/v2\/users\/3"}],"replies":[{"embeddable":true,"href":"https:\/\/tribunademinas.audiencelabs.com.br\/wp-json\/wp\/v2\/comments?post=777"}],"version-history":[{"count":1,"href":"https:\/\/tribunademinas.audiencelabs.com.br\/wp-json\/wp\/v2\/posts\/777\/revisions"}],"predecessor-version":[{"id":783,"href":"https:\/\/tribunademinas.audiencelabs.com.br\/wp-json\/wp\/v2\/posts\/777\/revisions\/783"}],"wp:featuredmedia":[{"embeddable":true,"href":"https:\/\/tribunademinas.audiencelabs.com.br\/wp-json\/wp\/v2\/media\/778"}],"wp:attachment":[{"href":"https:\/\/tribunademinas.audiencelabs.com.br\/wp-json\/wp\/v2\/media?parent=777"}],"wp:term":[{"taxonomy":"category","embeddable":true,"href":"https:\/\/tribunademinas.audiencelabs.com.br\/wp-json\/wp\/v2\/categories?post=777"},{"taxonomy":"post_tag","embeddable":true,"href":"https:\/\/tribunademinas.audiencelabs.com.br\/wp-json\/wp\/v2\/tags?post=777"}],"curies":[{"name":"wp","href":"https:\/\/api.w.org\/{rel}","templated":true}]}}