{"id":766,"date":"2025-09-01T10:00:00","date_gmt":"2025-09-01T13:00:00","guid":{"rendered":"https:\/\/tribunademinas.audiencelabs.com.br\/?p=766"},"modified":"2025-08-29T13:33:04","modified_gmt":"2025-08-29T16:33:04","slug":"lei-confirmada-aposentadoria-antecipada-para-estes-aposentados","status":"publish","type":"post","link":"https:\/\/tribunademinas.audiencelabs.com.br\/lei-confirmada-aposentadoria-antecipada-para-estes-aposentados\/","title":{"rendered":"Lei confirmada: aposentadoria antecipada para estes aposentados"},"content":{"rendered":"\n<p>As regras vigentes da aposentadoria determinam idade m\u00ednima de 62 anos para mulheres e 65 para homens se afastarem do mercado de trabalho. No entanto, alguns trabalhadores t\u00eam garantido por lei o direito de se aposentar antes desse prazo.<\/p>\n\n\n\n<p>Isso porque a <strong>Lei n\u00ba 8.213\/1991<\/strong> determina o <strong>regime de aposentadoria especial<\/strong>, que reconhece os riscos de determinadas fun\u00e7\u00f5es, exige menos tempo de contribui\u00e7\u00e3o de profissionais que as executam.<\/p>\n\n\n\n<p>Apesar de tamb\u00e9m ter passado por algumas altera\u00e7\u00f5es ap\u00f3s a Reforma da Previd\u00eancia de 2019, que incluem novas exig\u00eancias de pontos e estabelecimento de idades m\u00ednimas para o afastamento, o benef\u00edcio continua sendo vantajoso, pois \u00e9 necess\u00e1rio comprovar apenas 15, 20 ou 25 anos de contribui\u00e7\u00e3o.<\/p>\n\n\n\n<p>Vale destacar que a aposentadoria especial \u00e9 destinada a trabalhadores que comprovem exposi\u00e7\u00e3o cont\u00ednua a agentes nocivos, sejam eles f\u00edsicos, qu\u00edmicos ou biol\u00f3gicos, ou cujo trabalho envolva risco de vida constante. E nestes casos, enquadram-se as seguintes profiss\u00f5es:<\/p>\n\n\n\n<ul class=\"wp-block-list\">\n<li><strong>Enfermeiros, t\u00e9cnicos e auxiliares de enfermagem (25 anos): <\/strong>hospitais e unidades de sa\u00fade apresentam risco de exposi\u00e7\u00e3o cont\u00ednua a agentes biol\u00f3gicos, incluindo v\u00edrus e bact\u00e9rias;<\/li>\n\n\n\n<li><strong>M\u00e9dicos e dentistas (25 anos): <\/strong>lidam com o risco de contamina\u00e7\u00e3o di\u00e1rio por conta do contato com materiais infectantes;<\/li>\n\n\n\n<li><strong>T\u00e9cnicos em radiologia: (20 anos)<\/strong> mesmo com prote\u00e7\u00e3o, a radia\u00e7\u00e3o ionizante \u00e9 extremamente perigosa;<\/li>\n\n\n\n<li><strong>Vigilantes armados (25 anos): <\/strong>o risco de viol\u00eancia da profiss\u00e3o foi reconhecido recentemente;<\/li>\n\n\n\n<li><strong>Trabalhadores da ind\u00fastria qu\u00edmica (25 anos): <\/strong>manipula\u00e7\u00e3o de solventes e gases terrivelmente nocivos;<\/li>\n\n\n\n<li><strong>Mineiros de subsolo (15 anos): <\/strong>al\u00e9m do alto risco de acidentes, ainda enfrentam a exposi\u00e7\u00e3o di\u00e1ria a poeira mineral, que pode causar doen\u00e7as respirat\u00f3rias graves;<\/li>\n\n\n\n<li><strong>Eletricistas de alta tens\u00e3o (20 anos): <\/strong>o contato com redes de alta tens\u00e3o estabelece um risco permantente de choque el\u00e9trico fatal;<\/li>\n\n\n\n<li><strong>Motoristas e cobradores de \u00f4nibus urbanos (25 anos):<\/strong> o elevado risco de acidentes se soma ao estresse causado pelo ru\u00eddo e polui\u00e7\u00e3o enfrentados diariamente.<\/li>\n<\/ul>\n\n\n\n<h2 class=\"wp-block-heading\">Aposentadoria especial: como solicitar?<\/h2>\n\n\n\n<p>A descri\u00e7\u00e3o das fun\u00e7\u00f5es raramente garante o direito a aposentadoria especial. Por isso, o trabalhador precisa apresentar documentos t\u00e9cnicos que confirmem que o cargo exercido oferecia risco constante.<\/p>\n\n\n\n<p>Um destes documentos \u00e9 o <strong>Perfil Profissiogr\u00e1fico Previdenci\u00e1rio (PPP)<\/strong>, que detalha todo o hist\u00f3rico funcional e \u00e9 fornecido pela empresa. Contudo, tamb\u00e9m \u00e9 poss\u00edvel exigir o benef\u00edcio com o <strong>Laudo T\u00e9cnico de Condi\u00e7\u00f5es Ambientais de Trabalho (<strong>LTCAT<\/strong>)<\/strong>, que \u00e9 emitido por m\u00e9dico ou engenheiro do trabalho.<\/p>\n\n\n\n<p>Com os documentos em m\u00e3os, basta acessar o portal ou aplicativo Meu INSS, selecionar a op\u00e7\u00e3o \u201cAposentadorias e Reformas\u201d e, posteriormente, preencher as informa\u00e7\u00f5es solicitadas. Com isso, basta aguardar o retorno do processo.<\/p>\n","protected":false},"excerpt":{"rendered":"<p>As regras vigentes da aposentadoria determinam idade m\u00ednima de 62 anos para mulheres e 65 para homens se afastarem do mercado de trabalho. No entanto, alguns trabalhadores t\u00eam garantido por lei o direito de se aposentar antes desse prazo. Isso porque a Lei n\u00ba 8.213\/1991 determina o regime de aposentadoria especial, que reconhece os riscos [&hellip;]<\/p>\n","protected":false},"author":3,"featured_media":767,"comment_status":"open","ping_status":"open","sticky":false,"template":"","format":"standard","meta":{"jnews-multi-image_gallery":[],"jnews_single_post":{"format":"standard"},"jnews_primary_category":[],"jnews_social_meta":[],"jnews_post_split":[],"footnotes":""},"categories":[159],"tags":[],"class_list":["post-766","post","type-post","status-publish","format-standard","has-post-thumbnail","hentry","category-cidadania"],"yoast_head":"<!-- This site is optimized with the Yoast SEO plugin v25.6 - https:\/\/yoast.com\/wordpress\/plugins\/seo\/ -->\n<title>Lei confirmada: aposentadoria antecipada para estes aposentados<\/title>\n<meta name=\"robots\" content=\"index, follow, max-snippet:-1, max-image-preview:large, max-video-preview:-1\" \/>\n<link rel=\"canonical\" href=\"https:\/\/tribunademinas.audiencelabs.com.br\/lei-confirmada-aposentadoria-antecipada-para-estes-aposentados\/\" \/>\n<meta property=\"og:locale\" content=\"pt_BR\" \/>\n<meta property=\"og:type\" content=\"article\" \/>\n<meta property=\"og:title\" content=\"Lei confirmada: aposentadoria antecipada para estes aposentados\" \/>\n<meta property=\"og:description\" content=\"As regras vigentes da aposentadoria determinam idade m\u00ednima de 62 anos para mulheres e 65 para homens se afastarem do mercado de trabalho. No entanto, alguns trabalhadores t\u00eam garantido por lei o direito de se aposentar antes desse prazo. Isso porque a Lei n\u00ba 8.213\/1991 determina o regime de aposentadoria especial, que reconhece os riscos [&hellip;]\" \/>\n<meta property=\"og:url\" content=\"https:\/\/tribunademinas.audiencelabs.com.br\/lei-confirmada-aposentadoria-antecipada-para-estes-aposentados\/\" \/>\n<meta property=\"og:site_name\" content=\"Tribuna de Minas - Dinheiro e Cidadania\" \/>\n<meta property=\"article:publisher\" content=\"https:\/\/www.facebook.com\/tribunademinas\/\" \/>\n<meta property=\"article:published_time\" content=\"2025-09-01T13:00:00+00:00\" \/>\n<meta property=\"og:image\" content=\"https:\/\/tribunademinas.audiencelabs.com.br\/wp-content\/uploads\/2025\/08\/lei-aposentadoria-antecipada-aposentados.jpg\" \/>\n\t<meta property=\"og:image:width\" content=\"1920\" \/>\n\t<meta property=\"og:image:height\" content=\"1080\" \/>\n\t<meta property=\"og:image:type\" content=\"image\/jpeg\" \/>\n<meta name=\"author\" content=\"Jo\u00e3o Carlos Gomes\" \/>\n<meta name=\"twitter:card\" content=\"summary_large_image\" \/>\n<meta name=\"twitter:creator\" content=\"@tribunademinas\" \/>\n<meta name=\"twitter:site\" content=\"@tribunademinas\" \/>\n<meta name=\"twitter:label1\" content=\"Escrito por\" \/>\n\t<meta name=\"twitter:data1\" content=\"Jo\u00e3o Carlos Gomes\" \/>\n\t<meta name=\"twitter:label2\" content=\"Est. tempo de leitura\" \/>\n\t<meta name=\"twitter:data2\" content=\"3 minutos\" \/>\n<!-- \/ Yoast SEO plugin. -->","yoast_head_json":{"title":"Lei confirmada: aposentadoria antecipada para estes aposentados","robots":{"index":"index","follow":"follow","max-snippet":"max-snippet:-1","max-image-preview":"max-image-preview:large","max-video-preview":"max-video-preview:-1"},"canonical":"https:\/\/tribunademinas.audiencelabs.com.br\/lei-confirmada-aposentadoria-antecipada-para-estes-aposentados\/","og_locale":"pt_BR","og_type":"article","og_title":"Lei confirmada: aposentadoria antecipada para estes aposentados","og_description":"As regras vigentes da aposentadoria determinam idade m\u00ednima de 62 anos para mulheres e 65 para homens se afastarem do mercado de trabalho. No entanto, alguns trabalhadores t\u00eam garantido por lei o direito de se aposentar antes desse prazo. Isso porque a Lei n\u00ba 8.213\/1991 determina o regime de aposentadoria especial, que reconhece os riscos [&hellip;]","og_url":"https:\/\/tribunademinas.audiencelabs.com.br\/lei-confirmada-aposentadoria-antecipada-para-estes-aposentados\/","og_site_name":"Tribuna de Minas - Dinheiro e Cidadania","article_publisher":"https:\/\/www.facebook.com\/tribunademinas\/","article_published_time":"2025-09-01T13:00:00+00:00","og_image":[{"width":1920,"height":1080,"url":"https:\/\/tribunademinas.audiencelabs.com.br\/wp-content\/uploads\/2025\/08\/lei-aposentadoria-antecipada-aposentados.jpg","type":"image\/jpeg"}],"author":"Jo\u00e3o Carlos Gomes","twitter_card":"summary_large_image","twitter_creator":"@tribunademinas","twitter_site":"@tribunademinas","twitter_misc":{"Escrito por":"Jo\u00e3o Carlos Gomes","Est. tempo de leitura":"3 minutos"},"schema":{"@context":"https:\/\/schema.org","@graph":[{"@type":"Article","@id":"https:\/\/tribunademinas.audiencelabs.com.br\/lei-confirmada-aposentadoria-antecipada-para-estes-aposentados\/#article","isPartOf":{"@id":"https:\/\/tribunademinas.audiencelabs.com.br\/lei-confirmada-aposentadoria-antecipada-para-estes-aposentados\/"},"author":{"name":"Jo\u00e3o Carlos Gomes","@id":"https:\/\/tribunademinas.audiencelabs.com.br\/#\/schema\/person\/37af466a64a722fadb8ef6841c52114f"},"headline":"Lei confirmada: aposentadoria antecipada para estes aposentados","datePublished":"2025-09-01T13:00:00+00:00","mainEntityOfPage":{"@id":"https:\/\/tribunademinas.audiencelabs.com.br\/lei-confirmada-aposentadoria-antecipada-para-estes-aposentados\/"},"wordCount":464,"commentCount":0,"publisher":{"@id":"https:\/\/tribunademinas.audiencelabs.com.br\/#organization"},"image":{"@id":"https:\/\/tribunademinas.audiencelabs.com.br\/lei-confirmada-aposentadoria-antecipada-para-estes-aposentados\/#primaryimage"},"thumbnailUrl":"https:\/\/tribunademinas.audiencelabs.com.br\/wp-content\/uploads\/2025\/08\/lei-aposentadoria-antecipada-aposentados.jpg","articleSection":["Cidadania"],"inLanguage":"pt-BR","potentialAction":[{"@type":"CommentAction","name":"Comment","target":["https:\/\/tribunademinas.audiencelabs.com.br\/lei-confirmada-aposentadoria-antecipada-para-estes-aposentados\/#respond"]}]},{"@type":"WebPage","@id":"https:\/\/tribunademinas.audiencelabs.com.br\/lei-confirmada-aposentadoria-antecipada-para-estes-aposentados\/","url":"https:\/\/tribunademinas.audiencelabs.com.br\/lei-confirmada-aposentadoria-antecipada-para-estes-aposentados\/","name":"Lei confirmada: aposentadoria antecipada para estes aposentados","isPartOf":{"@id":"https:\/\/tribunademinas.audiencelabs.com.br\/#website"},"primaryImageOfPage":{"@id":"https:\/\/tribunademinas.audiencelabs.com.br\/lei-confirmada-aposentadoria-antecipada-para-estes-aposentados\/#primaryimage"},"image":{"@id":"https:\/\/tribunademinas.audiencelabs.com.br\/lei-confirmada-aposentadoria-antecipada-para-estes-aposentados\/#primaryimage"},"thumbnailUrl":"https:\/\/tribunademinas.audiencelabs.com.br\/wp-content\/uploads\/2025\/08\/lei-aposentadoria-antecipada-aposentados.jpg","datePublished":"2025-09-01T13:00:00+00:00","breadcrumb":{"@id":"https:\/\/tribunademinas.audiencelabs.com.br\/lei-confirmada-aposentadoria-antecipada-para-estes-aposentados\/#breadcrumb"},"inLanguage":"pt-BR","potentialAction":[{"@type":"ReadAction","target":["https:\/\/tribunademinas.audiencelabs.com.br\/lei-confirmada-aposentadoria-antecipada-para-estes-aposentados\/"]}]},{"@type":"ImageObject","inLanguage":"pt-BR","@id":"https:\/\/tribunademinas.audiencelabs.com.br\/lei-confirmada-aposentadoria-antecipada-para-estes-aposentados\/#primaryimage","url":"https:\/\/tribunademinas.audiencelabs.com.br\/wp-content\/uploads\/2025\/08\/lei-aposentadoria-antecipada-aposentados.jpg","contentUrl":"https:\/\/tribunademinas.audiencelabs.com.br\/wp-content\/uploads\/2025\/08\/lei-aposentadoria-antecipada-aposentados.jpg","width":1920,"height":1080,"caption":"Foto: Pixabay"},{"@type":"BreadcrumbList","@id":"https:\/\/tribunademinas.audiencelabs.com.br\/lei-confirmada-aposentadoria-antecipada-para-estes-aposentados\/#breadcrumb","itemListElement":[{"@type":"ListItem","position":1,"name":"In\u00edcio","item":"https:\/\/tribunademinas.audiencelabs.com.br\/"},{"@type":"ListItem","position":2,"name":"Lei confirmada: aposentadoria antecipada para estes aposentados"}]},{"@type":"WebSite","@id":"https:\/\/tribunademinas.audiencelabs.com.br\/#website","url":"https:\/\/tribunademinas.audiencelabs.com.br\/","name":"Tribuna de Minas - Dinheiro e Cidadania","description":"","publisher":{"@id":"https:\/\/tribunademinas.audiencelabs.com.br\/#organization"},"potentialAction":[{"@type":"SearchAction","target":{"@type":"EntryPoint","urlTemplate":"https:\/\/tribunademinas.audiencelabs.com.br\/?s={search_term_string}"},"query-input":{"@type":"PropertyValueSpecification","valueRequired":true,"valueName":"search_term_string"}}],"inLanguage":"pt-BR"},{"@type":"Organization","@id":"https:\/\/tribunademinas.audiencelabs.com.br\/#organization","name":"Tribuna de Minas - Dinheiro e Cidadania","url":"https:\/\/tribunademinas.audiencelabs.com.br\/","logo":{"@type":"ImageObject","inLanguage":"pt-BR","@id":"https:\/\/tribunademinas.audiencelabs.com.br\/#\/schema\/logo\/image\/","url":"https:\/\/tribunademinas.audiencelabs.com.br\/wp-content\/uploads\/2025\/08\/cropped-Tribuna_512x512-96x96-1.png","contentUrl":"https:\/\/tribunademinas.audiencelabs.com.br\/wp-content\/uploads\/2025\/08\/cropped-Tribuna_512x512-96x96-1.png","width":96,"height":96,"caption":"Tribuna de Minas - Dinheiro e Cidadania"},"image":{"@id":"https:\/\/tribunademinas.audiencelabs.com.br\/#\/schema\/logo\/image\/"},"sameAs":["https:\/\/www.facebook.com\/tribunademinas\/","https:\/\/x.com\/tribunademinas","https:\/\/www.instagram.com\/tribunademinas\/","https:\/\/www.youtube.com\/user\/TribunadeMinasJF"]},{"@type":"Person","@id":"https:\/\/tribunademinas.audiencelabs.com.br\/#\/schema\/person\/37af466a64a722fadb8ef6841c52114f","name":"Jo\u00e3o Carlos Gomes","image":{"@type":"ImageObject","inLanguage":"pt-BR","@id":"https:\/\/tribunademinas.audiencelabs.com.br\/#\/schema\/person\/image\/","url":"https:\/\/secure.gravatar.com\/avatar\/4ce4672dbdd694b329cd6fdb51bee7d1409be1f0ff76a537e4c4a737b2c7d1a9?s=96&d=mm&r=g","contentUrl":"https:\/\/secure.gravatar.com\/avatar\/4ce4672dbdd694b329cd6fdb51bee7d1409be1f0ff76a537e4c4a737b2c7d1a9?s=96&d=mm&r=g","caption":"Jo\u00e3o Carlos Gomes"},"description":"Jornalista formado pelo Centro Universit\u00e1rio Carioca, apreciador da Bossa Nova ao Metal Extremo, criador de conte\u00fado e m\u00fasico independente nas horas vagas.","url":"https:\/\/tribunademinas.audiencelabs.com.br\/author\/joaoc-junior\/"}]}},"amp_enabled":true,"_links":{"self":[{"href":"https:\/\/tribunademinas.audiencelabs.com.br\/wp-json\/wp\/v2\/posts\/766","targetHints":{"allow":["GET"]}}],"collection":[{"href":"https:\/\/tribunademinas.audiencelabs.com.br\/wp-json\/wp\/v2\/posts"}],"about":[{"href":"https:\/\/tribunademinas.audiencelabs.com.br\/wp-json\/wp\/v2\/types\/post"}],"author":[{"embeddable":true,"href":"https:\/\/tribunademinas.audiencelabs.com.br\/wp-json\/wp\/v2\/users\/3"}],"replies":[{"embeddable":true,"href":"https:\/\/tribunademinas.audiencelabs.com.br\/wp-json\/wp\/v2\/comments?post=766"}],"version-history":[{"count":1,"href":"https:\/\/tribunademinas.audiencelabs.com.br\/wp-json\/wp\/v2\/posts\/766\/revisions"}],"predecessor-version":[{"id":768,"href":"https:\/\/tribunademinas.audiencelabs.com.br\/wp-json\/wp\/v2\/posts\/766\/revisions\/768"}],"wp:featuredmedia":[{"embeddable":true,"href":"https:\/\/tribunademinas.audiencelabs.com.br\/wp-json\/wp\/v2\/media\/767"}],"wp:attachment":[{"href":"https:\/\/tribunademinas.audiencelabs.com.br\/wp-json\/wp\/v2\/media?parent=766"}],"wp:term":[{"taxonomy":"category","embeddable":true,"href":"https:\/\/tribunademinas.audiencelabs.com.br\/wp-json\/wp\/v2\/categories?post=766"},{"taxonomy":"post_tag","embeddable":true,"href":"https:\/\/tribunademinas.audiencelabs.com.br\/wp-json\/wp\/v2\/tags?post=766"}],"curies":[{"name":"wp","href":"https:\/\/api.w.org\/{rel}","templated":true}]}}