{"id":674,"date":"2025-08-30T11:30:00","date_gmt":"2025-08-30T14:30:00","guid":{"rendered":"https:\/\/tribunademinas.audiencelabs.com.br\/?p=674"},"modified":"2025-08-25T12:01:41","modified_gmt":"2025-08-25T15:01:41","slug":"fim-das-atividades-no-nubank-entenda-o-motivo-do-acontecimento","status":"publish","type":"post","link":"https:\/\/tribunademinas.audiencelabs.com.br\/fim-das-atividades-no-nubank-entenda-o-motivo-do-acontecimento\/","title":{"rendered":"Fim das atividades no Nubank: Entenda o motivo do acontecimento"},"content":{"rendered":"\n<p>Por conta de suas diversas possibilidades, o <strong>Nubank<\/strong> se tornou o banco principal de milh\u00f5es de pessoas ao redor de todo o Brasil. No entanto, uma not\u00edcia recente acabou gerando preocupa\u00e7\u00e3o nos clientes.<\/p>\n\n\n\n<p>Isso porque, durante um evento realizado em S\u00e3o Paulo na \u00faltima semana, a fintech n\u00e3o s\u00f3 anunciou novos benef\u00edcios e exig\u00eancias de seus cart\u00f5es de cr\u00e9dito premium, como tamb\u00e9m confirmou que uma de suas vantagens mais elogiadas ser\u00e1 oficialmente encerrada a partir do pr\u00f3ximo m\u00eas.<\/p>\n\n\n\n<p>Trata-se do <strong>cashback autom\u00e1tico com 200% do CDI<\/strong>, que foi apresentado originalmente em 2021 e fazia parte das funcionalidades do <strong>cart\u00e3o Nubank Ultravioleta<\/strong>, exclusivo para clientes de alta renda.<\/p>\n\n\n\n<p>Por sua praticidade e comodidade, o modelo se tornou uma op\u00e7\u00e3o para investidores em busca de aplica\u00e7\u00f5es seguras e automatizadas. Contudo, curiosamente, foi justamente essa comodidade que levou ao fim do cashback.<\/p>\n\n\n\n<p>Isso porque, ao inv\u00e9s de utilizar o dinheiro para fazer compras ou viajar, muitos clientes optavam por manter o dinheiro parado. Desta forma, o fim do cashback autom\u00e1tico serve como uma maneira de incentivar a movimenta\u00e7\u00e3o financeira dos clientes.<\/p>\n\n\n\n<h2 class=\"wp-block-heading\">Fim do rendimento do Nubank Ultravioleta: prazos e condi\u00e7\u00f5es<\/h2>\n\n\n\n<p>De acordo com o portal Tecnoblog, a fun\u00e7\u00e3o de rendimento do cashback do cart\u00e3o Ultravioleta ser\u00e1 encerrada a partir do <strong>dia 30 de setembro<\/strong>, dando aos clientes pouco mais de um m\u00eas para se organizar com o valor, que ainda est\u00e1 dispon\u00edvel em sua respectiva se\u00e7\u00e3o no aplicativo do Nubank.<\/p>\n\n\n\n<p>Inclusive, vale destacar que ainda ser\u00e1 poss\u00edvel realizar aplica\u00e7\u00f5es, pois os cashbacks gerados at\u00e9 29 de setembro ser\u00e3o contabilizados automaticamente. No entanto, a partir do dia seguinte, o rendimento de 200% do CDI ser\u00e1 oficialmente encerrado, bem como a autonomia do procedimento.<\/p>\n\n\n\n<p>Desta forma, para continuar obtendo rendimentos, os clientes Nubank precisar\u00e3o resgatar manualmente os valores de cashback e, em seguida, aplic\u00e1-los em cofrinhos, que normalmente rendem 100% do CDI.<\/p>\n","protected":false},"excerpt":{"rendered":"<p>Por conta de suas diversas possibilidades, o Nubank se tornou o banco principal de milh\u00f5es de pessoas ao redor de todo o Brasil. No entanto, uma not\u00edcia recente acabou gerando preocupa\u00e7\u00e3o nos clientes. Isso porque, durante um evento realizado em S\u00e3o Paulo na \u00faltima semana, a fintech n\u00e3o s\u00f3 anunciou novos benef\u00edcios e exig\u00eancias de [&hellip;]<\/p>\n","protected":false},"author":3,"featured_media":675,"comment_status":"open","ping_status":"open","sticky":false,"template":"","format":"standard","meta":{"jnews-multi-image_gallery":[],"jnews_single_post":{"format":"standard"},"jnews_primary_category":[],"jnews_social_meta":[],"jnews_post_split":[],"footnotes":""},"categories":[1],"tags":[],"class_list":["post-674","post","type-post","status-publish","format-standard","has-post-thumbnail","hentry","category-dinheiro"],"yoast_head":"<!-- This site is optimized with the Yoast SEO plugin v25.6 - https:\/\/yoast.com\/wordpress\/plugins\/seo\/ -->\n<title>Fim das atividades no Nubank: Entenda o motivo do acontecimento<\/title>\n<meta name=\"robots\" content=\"index, follow, max-snippet:-1, max-image-preview:large, max-video-preview:-1\" \/>\n<link rel=\"canonical\" href=\"https:\/\/tribunademinas.audiencelabs.com.br\/fim-das-atividades-no-nubank-entenda-o-motivo-do-acontecimento\/\" \/>\n<meta property=\"og:locale\" content=\"pt_BR\" \/>\n<meta property=\"og:type\" content=\"article\" \/>\n<meta property=\"og:title\" content=\"Fim das atividades no Nubank: Entenda o motivo do acontecimento\" \/>\n<meta property=\"og:description\" content=\"Por conta de suas diversas possibilidades, o Nubank se tornou o banco principal de milh\u00f5es de pessoas ao redor de todo o Brasil. No entanto, uma not\u00edcia recente acabou gerando preocupa\u00e7\u00e3o nos clientes. Isso porque, durante um evento realizado em S\u00e3o Paulo na \u00faltima semana, a fintech n\u00e3o s\u00f3 anunciou novos benef\u00edcios e exig\u00eancias de [&hellip;]\" \/>\n<meta property=\"og:url\" content=\"https:\/\/tribunademinas.audiencelabs.com.br\/fim-das-atividades-no-nubank-entenda-o-motivo-do-acontecimento\/\" \/>\n<meta property=\"og:site_name\" content=\"Tribuna de Minas - Dinheiro e Cidadania\" \/>\n<meta property=\"article:publisher\" content=\"https:\/\/www.facebook.com\/tribunademinas\/\" \/>\n<meta property=\"article:published_time\" content=\"2025-08-30T14:30:00+00:00\" \/>\n<meta property=\"og:image\" content=\"https:\/\/tribunademinas.audiencelabs.com.br\/wp-content\/uploads\/2025\/08\/fim-atividades-nubank-motivo-acontecimento.webp\" \/>\n\t<meta property=\"og:image:width\" content=\"1280\" \/>\n\t<meta property=\"og:image:height\" content=\"720\" \/>\n\t<meta property=\"og:image:type\" content=\"image\/webp\" \/>\n<meta name=\"author\" content=\"Jo\u00e3o Carlos Gomes\" \/>\n<meta name=\"twitter:card\" content=\"summary_large_image\" \/>\n<meta name=\"twitter:creator\" content=\"@tribunademinas\" \/>\n<meta name=\"twitter:site\" content=\"@tribunademinas\" \/>\n<meta name=\"twitter:label1\" content=\"Escrito por\" \/>\n\t<meta name=\"twitter:data1\" content=\"Jo\u00e3o Carlos Gomes\" \/>\n\t<meta name=\"twitter:label2\" content=\"Est. tempo de leitura\" \/>\n\t<meta name=\"twitter:data2\" content=\"2 minutos\" \/>\n<!-- \/ Yoast SEO plugin. -->","yoast_head_json":{"title":"Fim das atividades no Nubank: Entenda o motivo do acontecimento","robots":{"index":"index","follow":"follow","max-snippet":"max-snippet:-1","max-image-preview":"max-image-preview:large","max-video-preview":"max-video-preview:-1"},"canonical":"https:\/\/tribunademinas.audiencelabs.com.br\/fim-das-atividades-no-nubank-entenda-o-motivo-do-acontecimento\/","og_locale":"pt_BR","og_type":"article","og_title":"Fim das atividades no Nubank: Entenda o motivo do acontecimento","og_description":"Por conta de suas diversas possibilidades, o Nubank se tornou o banco principal de milh\u00f5es de pessoas ao redor de todo o Brasil. No entanto, uma not\u00edcia recente acabou gerando preocupa\u00e7\u00e3o nos clientes. Isso porque, durante um evento realizado em S\u00e3o Paulo na \u00faltima semana, a fintech n\u00e3o s\u00f3 anunciou novos benef\u00edcios e exig\u00eancias de [&hellip;]","og_url":"https:\/\/tribunademinas.audiencelabs.com.br\/fim-das-atividades-no-nubank-entenda-o-motivo-do-acontecimento\/","og_site_name":"Tribuna de Minas - Dinheiro e Cidadania","article_publisher":"https:\/\/www.facebook.com\/tribunademinas\/","article_published_time":"2025-08-30T14:30:00+00:00","og_image":[{"width":1280,"height":720,"url":"https:\/\/tribunademinas.audiencelabs.com.br\/wp-content\/uploads\/2025\/08\/fim-atividades-nubank-motivo-acontecimento.webp","type":"image\/webp"}],"author":"Jo\u00e3o Carlos Gomes","twitter_card":"summary_large_image","twitter_creator":"@tribunademinas","twitter_site":"@tribunademinas","twitter_misc":{"Escrito por":"Jo\u00e3o Carlos Gomes","Est. tempo de leitura":"2 minutos"},"schema":{"@context":"https:\/\/schema.org","@graph":[{"@type":"Article","@id":"https:\/\/tribunademinas.audiencelabs.com.br\/fim-das-atividades-no-nubank-entenda-o-motivo-do-acontecimento\/#article","isPartOf":{"@id":"https:\/\/tribunademinas.audiencelabs.com.br\/fim-das-atividades-no-nubank-entenda-o-motivo-do-acontecimento\/"},"author":{"name":"Jo\u00e3o Carlos Gomes","@id":"https:\/\/tribunademinas.audiencelabs.com.br\/#\/schema\/person\/37af466a64a722fadb8ef6841c52114f"},"headline":"Fim das atividades no Nubank: Entenda o motivo do acontecimento","datePublished":"2025-08-30T14:30:00+00:00","mainEntityOfPage":{"@id":"https:\/\/tribunademinas.audiencelabs.com.br\/fim-das-atividades-no-nubank-entenda-o-motivo-do-acontecimento\/"},"wordCount":341,"commentCount":0,"publisher":{"@id":"https:\/\/tribunademinas.audiencelabs.com.br\/#organization"},"image":{"@id":"https:\/\/tribunademinas.audiencelabs.com.br\/fim-das-atividades-no-nubank-entenda-o-motivo-do-acontecimento\/#primaryimage"},"thumbnailUrl":"https:\/\/tribunademinas.audiencelabs.com.br\/wp-content\/uploads\/2025\/08\/fim-atividades-nubank-motivo-acontecimento.webp","articleSection":["Dinheiro"],"inLanguage":"pt-BR","potentialAction":[{"@type":"CommentAction","name":"Comment","target":["https:\/\/tribunademinas.audiencelabs.com.br\/fim-das-atividades-no-nubank-entenda-o-motivo-do-acontecimento\/#respond"]}]},{"@type":"WebPage","@id":"https:\/\/tribunademinas.audiencelabs.com.br\/fim-das-atividades-no-nubank-entenda-o-motivo-do-acontecimento\/","url":"https:\/\/tribunademinas.audiencelabs.com.br\/fim-das-atividades-no-nubank-entenda-o-motivo-do-acontecimento\/","name":"Fim das atividades no Nubank: Entenda o motivo do acontecimento","isPartOf":{"@id":"https:\/\/tribunademinas.audiencelabs.com.br\/#website"},"primaryImageOfPage":{"@id":"https:\/\/tribunademinas.audiencelabs.com.br\/fim-das-atividades-no-nubank-entenda-o-motivo-do-acontecimento\/#primaryimage"},"image":{"@id":"https:\/\/tribunademinas.audiencelabs.com.br\/fim-das-atividades-no-nubank-entenda-o-motivo-do-acontecimento\/#primaryimage"},"thumbnailUrl":"https:\/\/tribunademinas.audiencelabs.com.br\/wp-content\/uploads\/2025\/08\/fim-atividades-nubank-motivo-acontecimento.webp","datePublished":"2025-08-30T14:30:00+00:00","breadcrumb":{"@id":"https:\/\/tribunademinas.audiencelabs.com.br\/fim-das-atividades-no-nubank-entenda-o-motivo-do-acontecimento\/#breadcrumb"},"inLanguage":"pt-BR","potentialAction":[{"@type":"ReadAction","target":["https:\/\/tribunademinas.audiencelabs.com.br\/fim-das-atividades-no-nubank-entenda-o-motivo-do-acontecimento\/"]}]},{"@type":"ImageObject","inLanguage":"pt-BR","@id":"https:\/\/tribunademinas.audiencelabs.com.br\/fim-das-atividades-no-nubank-entenda-o-motivo-do-acontecimento\/#primaryimage","url":"https:\/\/tribunademinas.audiencelabs.com.br\/wp-content\/uploads\/2025\/08\/fim-atividades-nubank-motivo-acontecimento.webp","contentUrl":"https:\/\/tribunademinas.audiencelabs.com.br\/wp-content\/uploads\/2025\/08\/fim-atividades-nubank-motivo-acontecimento.webp","width":1280,"height":720,"caption":"Foto: Marcello Casal Jr\/Ag\u00eancia Brasil"},{"@type":"BreadcrumbList","@id":"https:\/\/tribunademinas.audiencelabs.com.br\/fim-das-atividades-no-nubank-entenda-o-motivo-do-acontecimento\/#breadcrumb","itemListElement":[{"@type":"ListItem","position":1,"name":"In\u00edcio","item":"https:\/\/tribunademinas.audiencelabs.com.br\/"},{"@type":"ListItem","position":2,"name":"Fim das atividades no Nubank: Entenda o motivo do acontecimento"}]},{"@type":"WebSite","@id":"https:\/\/tribunademinas.audiencelabs.com.br\/#website","url":"https:\/\/tribunademinas.audiencelabs.com.br\/","name":"Tribuna de Minas - Dinheiro e Cidadania","description":"","publisher":{"@id":"https:\/\/tribunademinas.audiencelabs.com.br\/#organization"},"potentialAction":[{"@type":"SearchAction","target":{"@type":"EntryPoint","urlTemplate":"https:\/\/tribunademinas.audiencelabs.com.br\/?s={search_term_string}"},"query-input":{"@type":"PropertyValueSpecification","valueRequired":true,"valueName":"search_term_string"}}],"inLanguage":"pt-BR"},{"@type":"Organization","@id":"https:\/\/tribunademinas.audiencelabs.com.br\/#organization","name":"Tribuna de Minas - Dinheiro e Cidadania","url":"https:\/\/tribunademinas.audiencelabs.com.br\/","logo":{"@type":"ImageObject","inLanguage":"pt-BR","@id":"https:\/\/tribunademinas.audiencelabs.com.br\/#\/schema\/logo\/image\/","url":"https:\/\/tribunademinas.audiencelabs.com.br\/wp-content\/uploads\/2025\/08\/cropped-Tribuna_512x512-96x96-1.png","contentUrl":"https:\/\/tribunademinas.audiencelabs.com.br\/wp-content\/uploads\/2025\/08\/cropped-Tribuna_512x512-96x96-1.png","width":96,"height":96,"caption":"Tribuna de Minas - Dinheiro e Cidadania"},"image":{"@id":"https:\/\/tribunademinas.audiencelabs.com.br\/#\/schema\/logo\/image\/"},"sameAs":["https:\/\/www.facebook.com\/tribunademinas\/","https:\/\/x.com\/tribunademinas","https:\/\/www.instagram.com\/tribunademinas\/","https:\/\/www.youtube.com\/user\/TribunadeMinasJF"]},{"@type":"Person","@id":"https:\/\/tribunademinas.audiencelabs.com.br\/#\/schema\/person\/37af466a64a722fadb8ef6841c52114f","name":"Jo\u00e3o Carlos Gomes","image":{"@type":"ImageObject","inLanguage":"pt-BR","@id":"https:\/\/tribunademinas.audiencelabs.com.br\/#\/schema\/person\/image\/","url":"https:\/\/secure.gravatar.com\/avatar\/4ce4672dbdd694b329cd6fdb51bee7d1409be1f0ff76a537e4c4a737b2c7d1a9?s=96&d=mm&r=g","contentUrl":"https:\/\/secure.gravatar.com\/avatar\/4ce4672dbdd694b329cd6fdb51bee7d1409be1f0ff76a537e4c4a737b2c7d1a9?s=96&d=mm&r=g","caption":"Jo\u00e3o Carlos Gomes"},"description":"Jornalista formado pelo Centro Universit\u00e1rio Carioca, apreciador da Bossa Nova ao Metal Extremo, criador de conte\u00fado e m\u00fasico independente nas horas vagas.","url":"https:\/\/tribunademinas.audiencelabs.com.br\/author\/joaoc-junior\/"}]}},"amp_enabled":true,"_links":{"self":[{"href":"https:\/\/tribunademinas.audiencelabs.com.br\/wp-json\/wp\/v2\/posts\/674","targetHints":{"allow":["GET"]}}],"collection":[{"href":"https:\/\/tribunademinas.audiencelabs.com.br\/wp-json\/wp\/v2\/posts"}],"about":[{"href":"https:\/\/tribunademinas.audiencelabs.com.br\/wp-json\/wp\/v2\/types\/post"}],"author":[{"embeddable":true,"href":"https:\/\/tribunademinas.audiencelabs.com.br\/wp-json\/wp\/v2\/users\/3"}],"replies":[{"embeddable":true,"href":"https:\/\/tribunademinas.audiencelabs.com.br\/wp-json\/wp\/v2\/comments?post=674"}],"version-history":[{"count":1,"href":"https:\/\/tribunademinas.audiencelabs.com.br\/wp-json\/wp\/v2\/posts\/674\/revisions"}],"predecessor-version":[{"id":676,"href":"https:\/\/tribunademinas.audiencelabs.com.br\/wp-json\/wp\/v2\/posts\/674\/revisions\/676"}],"wp:featuredmedia":[{"embeddable":true,"href":"https:\/\/tribunademinas.audiencelabs.com.br\/wp-json\/wp\/v2\/media\/675"}],"wp:attachment":[{"href":"https:\/\/tribunademinas.audiencelabs.com.br\/wp-json\/wp\/v2\/media?parent=674"}],"wp:term":[{"taxonomy":"category","embeddable":true,"href":"https:\/\/tribunademinas.audiencelabs.com.br\/wp-json\/wp\/v2\/categories?post=674"},{"taxonomy":"post_tag","embeddable":true,"href":"https:\/\/tribunademinas.audiencelabs.com.br\/wp-json\/wp\/v2\/tags?post=674"}],"curies":[{"name":"wp","href":"https:\/\/api.w.org\/{rel}","templated":true}]}}