{"id":640,"date":"2025-08-25T18:00:00","date_gmt":"2025-08-25T21:00:00","guid":{"rendered":"https:\/\/tribunademinas.audiencelabs.com.br\/?p=640"},"modified":"2025-08-22T16:34:54","modified_gmt":"2025-08-22T19:34:54","slug":"acoes-no-banco-do-brasil-despencaram-motivo-e-surpreendente","status":"publish","type":"post","link":"https:\/\/tribunademinas.audiencelabs.com.br\/acoes-no-banco-do-brasil-despencaram-motivo-e-surpreendente\/","title":{"rendered":"A\u00e7\u00f5es no Banco do Brasil despencaram: Motivo \u00e9 surpreendente"},"content":{"rendered":"\n<p>Nesta quinta-feira (21), as a\u00e7\u00f5es do<strong> Banco do Brasil (BB)<\/strong> registraram queda de 0,86% na Bolsa de Valores, o que fez o valor dos pap\u00e9is chegar a aproximadamente R$ 19,69. E curiosamente, a\u00e7\u00f5es recentes do presidente dos Estados Unidos, Donald Trump, podem ter rela\u00e7\u00e3o com o ocorrido.<\/p>\n\n\n\n<p>Afinal, de acordo com o s\u00f3cio da Manchester Investimentos, Marco Noernberg, not\u00edcias recentes a respeito do <strong>bloqueio de um cart\u00e3o de bandeira americana<\/strong> do ministro Alexandre de Moraes, do Supremo Tribunal Federal (STF) teriam abalado o movimento no mercado financeiro (via Folha).<\/p>\n\n\n\n<p>Vale destacar que o bloqueio decorre das san\u00e7\u00f5es da Lei Magnitsky, que atingiram Moraes no m\u00eas passado. A norma prev\u00ea congelamento de bens e pro\u00edbe neg\u00f3cios com cidad\u00e3os e empresas americanas a estrangeiros acusados de corrup\u00e7\u00e3o ou graves viola\u00e7\u00f5es de direitos humanos.<\/p>\n\n\n\n<p>Inclusive, o epis\u00f3dio representa, at\u00e9 o presente momento, a medida de maior impacto contra o ministro, decorrente da inclus\u00e3o de seu nome na lista de pessoas punidas pela legisla\u00e7\u00e3o. <\/p>\n\n\n\n<p>At\u00e9 o momento, n\u00e3o foi esclarecido de que forma o bloqueio impactar\u00e1 o BB junto ao STF, mas o banco ofereceu a Moraes cart\u00e3o da bandeira Elo, de emiss\u00e3o nacional, permitindo que ele realizasse pagamentos no pa\u00eds sem enfrentar as restri\u00e7\u00f5es impostas pelas san\u00e7\u00f5es.<\/p>\n\n\n\n<h2 class=\"wp-block-heading\">Hist\u00f3rico recente do Banco do Brasil tamb\u00e9m influenciou a queda<\/h2>\n\n\n\n<p>Nos \u00faltimos meses, o Banco do Brasil vem apresentando um hist\u00f3rico preocupante, que por sua vez, tamb\u00e9m pode estar influenciando negativamente a imagem da institui\u00e7\u00e3o financeira diante da Bolsa.<\/p>\n\n\n\n<p>Na divulga\u00e7\u00e3o do balan\u00e7o corporativo mais recente, por exemplo, o banco registrou lucro l\u00edquido ajustado de R$ 3,8 bilh\u00f5es no segundo trimestre, 60% inferior ao obtido no mesmo per\u00edodo do ano passado.<\/p>\n\n\n\n<p>E vale destacar que os detalhes do balan\u00e7o tamb\u00e9m pesam na avalia\u00e7\u00e3o de longo prazo do BB, especialmente devido a alta da inadimpl\u00eancia e os desafios do setor agr\u00edcola, marcado por recupera\u00e7\u00f5es judiciais ap\u00f3s a \u00faltima safra de gr\u00e3os.<\/p>\n\n\n\n<p>Al\u00e9m disso, a n\u00e3o antecipa\u00e7\u00e3o de dividendos e o poss\u00edvel processo da OAB (Ordem de Advogados do Brasil) contra a presidente da institui\u00e7\u00e3o, Tarciana Medeiros, tamb\u00e9m est\u00e3o entre os fatores que tem pesado negativamente na reputa\u00e7\u00e3o do BB.<\/p>\n","protected":false},"excerpt":{"rendered":"<p>Nesta quinta-feira (21), as a\u00e7\u00f5es do Banco do Brasil (BB) registraram queda de 0,86% na Bolsa de Valores, o que fez o valor dos pap\u00e9is chegar a aproximadamente R$ 19,69. E curiosamente, a\u00e7\u00f5es recentes do presidente dos Estados Unidos, Donald Trump, podem ter rela\u00e7\u00e3o com o ocorrido. Afinal, de acordo com o s\u00f3cio da Manchester [&hellip;]<\/p>\n","protected":false},"author":3,"featured_media":641,"comment_status":"open","ping_status":"open","sticky":false,"template":"","format":"standard","meta":{"jnews-multi-image_gallery":[],"jnews_single_post":{"format":"standard"},"jnews_primary_category":[],"jnews_social_meta":[],"jnews_post_split":[],"footnotes":""},"categories":[1],"tags":[],"class_list":["post-640","post","type-post","status-publish","format-standard","has-post-thumbnail","hentry","category-dinheiro"],"yoast_head":"<!-- This site is optimized with the Yoast SEO plugin v25.6 - https:\/\/yoast.com\/wordpress\/plugins\/seo\/ -->\n<title>A\u00e7\u00f5es no Banco do Brasil despencaram: Motivo \u00e9 surpreendente<\/title>\n<meta name=\"robots\" content=\"index, follow, max-snippet:-1, max-image-preview:large, max-video-preview:-1\" \/>\n<link rel=\"canonical\" href=\"https:\/\/tribunademinas.audiencelabs.com.br\/acoes-no-banco-do-brasil-despencaram-motivo-e-surpreendente\/\" \/>\n<meta property=\"og:locale\" content=\"pt_BR\" \/>\n<meta property=\"og:type\" content=\"article\" \/>\n<meta property=\"og:title\" content=\"A\u00e7\u00f5es no Banco do Brasil despencaram: Motivo \u00e9 surpreendente\" \/>\n<meta property=\"og:description\" content=\"Nesta quinta-feira (21), as a\u00e7\u00f5es do Banco do Brasil (BB) registraram queda de 0,86% na Bolsa de Valores, o que fez o valor dos pap\u00e9is chegar a aproximadamente R$ 19,69. E curiosamente, a\u00e7\u00f5es recentes do presidente dos Estados Unidos, Donald Trump, podem ter rela\u00e7\u00e3o com o ocorrido. Afinal, de acordo com o s\u00f3cio da Manchester [&hellip;]\" \/>\n<meta property=\"og:url\" content=\"https:\/\/tribunademinas.audiencelabs.com.br\/acoes-no-banco-do-brasil-despencaram-motivo-e-surpreendente\/\" \/>\n<meta property=\"og:site_name\" content=\"Tribuna de Minas - Dinheiro e Cidadania\" \/>\n<meta property=\"article:publisher\" content=\"https:\/\/www.facebook.com\/tribunademinas\/\" \/>\n<meta property=\"article:published_time\" content=\"2025-08-25T21:00:00+00:00\" \/>\n<meta property=\"og:image\" content=\"https:\/\/tribunademinas.audiencelabs.com.br\/wp-content\/uploads\/2025\/08\/acoes-banco-do-brasil-despencaram-motivo-surpreendente.webp\" \/>\n\t<meta property=\"og:image:width\" content=\"1280\" \/>\n\t<meta property=\"og:image:height\" content=\"720\" \/>\n\t<meta property=\"og:image:type\" content=\"image\/webp\" \/>\n<meta name=\"author\" content=\"Jo\u00e3o Carlos Gomes\" \/>\n<meta name=\"twitter:card\" content=\"summary_large_image\" \/>\n<meta name=\"twitter:creator\" content=\"@tribunademinas\" \/>\n<meta name=\"twitter:site\" content=\"@tribunademinas\" \/>\n<meta name=\"twitter:label1\" content=\"Escrito por\" \/>\n\t<meta name=\"twitter:data1\" content=\"Jo\u00e3o Carlos Gomes\" \/>\n\t<meta name=\"twitter:label2\" content=\"Est. tempo de leitura\" \/>\n\t<meta name=\"twitter:data2\" content=\"3 minutos\" \/>\n<!-- \/ Yoast SEO plugin. -->","yoast_head_json":{"title":"A\u00e7\u00f5es no Banco do Brasil despencaram: Motivo \u00e9 surpreendente","robots":{"index":"index","follow":"follow","max-snippet":"max-snippet:-1","max-image-preview":"max-image-preview:large","max-video-preview":"max-video-preview:-1"},"canonical":"https:\/\/tribunademinas.audiencelabs.com.br\/acoes-no-banco-do-brasil-despencaram-motivo-e-surpreendente\/","og_locale":"pt_BR","og_type":"article","og_title":"A\u00e7\u00f5es no Banco do Brasil despencaram: Motivo \u00e9 surpreendente","og_description":"Nesta quinta-feira (21), as a\u00e7\u00f5es do Banco do Brasil (BB) registraram queda de 0,86% na Bolsa de Valores, o que fez o valor dos pap\u00e9is chegar a aproximadamente R$ 19,69. E curiosamente, a\u00e7\u00f5es recentes do presidente dos Estados Unidos, Donald Trump, podem ter rela\u00e7\u00e3o com o ocorrido. Afinal, de acordo com o s\u00f3cio da Manchester [&hellip;]","og_url":"https:\/\/tribunademinas.audiencelabs.com.br\/acoes-no-banco-do-brasil-despencaram-motivo-e-surpreendente\/","og_site_name":"Tribuna de Minas - Dinheiro e Cidadania","article_publisher":"https:\/\/www.facebook.com\/tribunademinas\/","article_published_time":"2025-08-25T21:00:00+00:00","og_image":[{"width":1280,"height":720,"url":"https:\/\/tribunademinas.audiencelabs.com.br\/wp-content\/uploads\/2025\/08\/acoes-banco-do-brasil-despencaram-motivo-surpreendente.webp","type":"image\/webp"}],"author":"Jo\u00e3o Carlos Gomes","twitter_card":"summary_large_image","twitter_creator":"@tribunademinas","twitter_site":"@tribunademinas","twitter_misc":{"Escrito por":"Jo\u00e3o Carlos Gomes","Est. tempo de leitura":"3 minutos"},"schema":{"@context":"https:\/\/schema.org","@graph":[{"@type":"Article","@id":"https:\/\/tribunademinas.audiencelabs.com.br\/acoes-no-banco-do-brasil-despencaram-motivo-e-surpreendente\/#article","isPartOf":{"@id":"https:\/\/tribunademinas.audiencelabs.com.br\/acoes-no-banco-do-brasil-despencaram-motivo-e-surpreendente\/"},"author":{"name":"Jo\u00e3o Carlos Gomes","@id":"https:\/\/tribunademinas.audiencelabs.com.br\/#\/schema\/person\/37af466a64a722fadb8ef6841c52114f"},"headline":"A\u00e7\u00f5es no Banco do Brasil despencaram: Motivo \u00e9 surpreendente","datePublished":"2025-08-25T21:00:00+00:00","mainEntityOfPage":{"@id":"https:\/\/tribunademinas.audiencelabs.com.br\/acoes-no-banco-do-brasil-despencaram-motivo-e-surpreendente\/"},"wordCount":405,"commentCount":0,"publisher":{"@id":"https:\/\/tribunademinas.audiencelabs.com.br\/#organization"},"image":{"@id":"https:\/\/tribunademinas.audiencelabs.com.br\/acoes-no-banco-do-brasil-despencaram-motivo-e-surpreendente\/#primaryimage"},"thumbnailUrl":"https:\/\/tribunademinas.audiencelabs.com.br\/wp-content\/uploads\/2025\/08\/acoes-banco-do-brasil-despencaram-motivo-surpreendente.webp","articleSection":["Dinheiro"],"inLanguage":"pt-BR","potentialAction":[{"@type":"CommentAction","name":"Comment","target":["https:\/\/tribunademinas.audiencelabs.com.br\/acoes-no-banco-do-brasil-despencaram-motivo-e-surpreendente\/#respond"]}]},{"@type":"WebPage","@id":"https:\/\/tribunademinas.audiencelabs.com.br\/acoes-no-banco-do-brasil-despencaram-motivo-e-surpreendente\/","url":"https:\/\/tribunademinas.audiencelabs.com.br\/acoes-no-banco-do-brasil-despencaram-motivo-e-surpreendente\/","name":"A\u00e7\u00f5es no Banco do Brasil despencaram: Motivo \u00e9 surpreendente","isPartOf":{"@id":"https:\/\/tribunademinas.audiencelabs.com.br\/#website"},"primaryImageOfPage":{"@id":"https:\/\/tribunademinas.audiencelabs.com.br\/acoes-no-banco-do-brasil-despencaram-motivo-e-surpreendente\/#primaryimage"},"image":{"@id":"https:\/\/tribunademinas.audiencelabs.com.br\/acoes-no-banco-do-brasil-despencaram-motivo-e-surpreendente\/#primaryimage"},"thumbnailUrl":"https:\/\/tribunademinas.audiencelabs.com.br\/wp-content\/uploads\/2025\/08\/acoes-banco-do-brasil-despencaram-motivo-surpreendente.webp","datePublished":"2025-08-25T21:00:00+00:00","breadcrumb":{"@id":"https:\/\/tribunademinas.audiencelabs.com.br\/acoes-no-banco-do-brasil-despencaram-motivo-e-surpreendente\/#breadcrumb"},"inLanguage":"pt-BR","potentialAction":[{"@type":"ReadAction","target":["https:\/\/tribunademinas.audiencelabs.com.br\/acoes-no-banco-do-brasil-despencaram-motivo-e-surpreendente\/"]}]},{"@type":"ImageObject","inLanguage":"pt-BR","@id":"https:\/\/tribunademinas.audiencelabs.com.br\/acoes-no-banco-do-brasil-despencaram-motivo-e-surpreendente\/#primaryimage","url":"https:\/\/tribunademinas.audiencelabs.com.br\/wp-content\/uploads\/2025\/08\/acoes-banco-do-brasil-despencaram-motivo-surpreendente.webp","contentUrl":"https:\/\/tribunademinas.audiencelabs.com.br\/wp-content\/uploads\/2025\/08\/acoes-banco-do-brasil-despencaram-motivo-surpreendente.webp","width":1280,"height":720,"caption":"Foto: Marcelo Camargo\/Ag\u00eancia Brasil"},{"@type":"BreadcrumbList","@id":"https:\/\/tribunademinas.audiencelabs.com.br\/acoes-no-banco-do-brasil-despencaram-motivo-e-surpreendente\/#breadcrumb","itemListElement":[{"@type":"ListItem","position":1,"name":"In\u00edcio","item":"https:\/\/tribunademinas.audiencelabs.com.br\/"},{"@type":"ListItem","position":2,"name":"A\u00e7\u00f5es no Banco do Brasil despencaram: Motivo \u00e9 surpreendente"}]},{"@type":"WebSite","@id":"https:\/\/tribunademinas.audiencelabs.com.br\/#website","url":"https:\/\/tribunademinas.audiencelabs.com.br\/","name":"Tribuna de Minas - Dinheiro e Cidadania","description":"","publisher":{"@id":"https:\/\/tribunademinas.audiencelabs.com.br\/#organization"},"potentialAction":[{"@type":"SearchAction","target":{"@type":"EntryPoint","urlTemplate":"https:\/\/tribunademinas.audiencelabs.com.br\/?s={search_term_string}"},"query-input":{"@type":"PropertyValueSpecification","valueRequired":true,"valueName":"search_term_string"}}],"inLanguage":"pt-BR"},{"@type":"Organization","@id":"https:\/\/tribunademinas.audiencelabs.com.br\/#organization","name":"Tribuna de Minas - Dinheiro e Cidadania","url":"https:\/\/tribunademinas.audiencelabs.com.br\/","logo":{"@type":"ImageObject","inLanguage":"pt-BR","@id":"https:\/\/tribunademinas.audiencelabs.com.br\/#\/schema\/logo\/image\/","url":"https:\/\/tribunademinas.audiencelabs.com.br\/wp-content\/uploads\/2025\/08\/cropped-Tribuna_512x512-96x96-1.png","contentUrl":"https:\/\/tribunademinas.audiencelabs.com.br\/wp-content\/uploads\/2025\/08\/cropped-Tribuna_512x512-96x96-1.png","width":96,"height":96,"caption":"Tribuna de Minas - Dinheiro e Cidadania"},"image":{"@id":"https:\/\/tribunademinas.audiencelabs.com.br\/#\/schema\/logo\/image\/"},"sameAs":["https:\/\/www.facebook.com\/tribunademinas\/","https:\/\/x.com\/tribunademinas","https:\/\/www.instagram.com\/tribunademinas\/","https:\/\/www.youtube.com\/user\/TribunadeMinasJF"]},{"@type":"Person","@id":"https:\/\/tribunademinas.audiencelabs.com.br\/#\/schema\/person\/37af466a64a722fadb8ef6841c52114f","name":"Jo\u00e3o Carlos Gomes","image":{"@type":"ImageObject","inLanguage":"pt-BR","@id":"https:\/\/tribunademinas.audiencelabs.com.br\/#\/schema\/person\/image\/","url":"https:\/\/secure.gravatar.com\/avatar\/4ce4672dbdd694b329cd6fdb51bee7d1409be1f0ff76a537e4c4a737b2c7d1a9?s=96&d=mm&r=g","contentUrl":"https:\/\/secure.gravatar.com\/avatar\/4ce4672dbdd694b329cd6fdb51bee7d1409be1f0ff76a537e4c4a737b2c7d1a9?s=96&d=mm&r=g","caption":"Jo\u00e3o Carlos Gomes"},"description":"Jornalista formado pelo Centro Universit\u00e1rio Carioca, apreciador da Bossa Nova ao Metal Extremo, criador de conte\u00fado e m\u00fasico independente nas horas vagas.","url":"https:\/\/tribunademinas.audiencelabs.com.br\/author\/joaoc-junior\/"}]}},"amp_enabled":true,"_links":{"self":[{"href":"https:\/\/tribunademinas.audiencelabs.com.br\/wp-json\/wp\/v2\/posts\/640","targetHints":{"allow":["GET"]}}],"collection":[{"href":"https:\/\/tribunademinas.audiencelabs.com.br\/wp-json\/wp\/v2\/posts"}],"about":[{"href":"https:\/\/tribunademinas.audiencelabs.com.br\/wp-json\/wp\/v2\/types\/post"}],"author":[{"embeddable":true,"href":"https:\/\/tribunademinas.audiencelabs.com.br\/wp-json\/wp\/v2\/users\/3"}],"replies":[{"embeddable":true,"href":"https:\/\/tribunademinas.audiencelabs.com.br\/wp-json\/wp\/v2\/comments?post=640"}],"version-history":[{"count":2,"href":"https:\/\/tribunademinas.audiencelabs.com.br\/wp-json\/wp\/v2\/posts\/640\/revisions"}],"predecessor-version":[{"id":643,"href":"https:\/\/tribunademinas.audiencelabs.com.br\/wp-json\/wp\/v2\/posts\/640\/revisions\/643"}],"wp:featuredmedia":[{"embeddable":true,"href":"https:\/\/tribunademinas.audiencelabs.com.br\/wp-json\/wp\/v2\/media\/641"}],"wp:attachment":[{"href":"https:\/\/tribunademinas.audiencelabs.com.br\/wp-json\/wp\/v2\/media?parent=640"}],"wp:term":[{"taxonomy":"category","embeddable":true,"href":"https:\/\/tribunademinas.audiencelabs.com.br\/wp-json\/wp\/v2\/categories?post=640"},{"taxonomy":"post_tag","embeddable":true,"href":"https:\/\/tribunademinas.audiencelabs.com.br\/wp-json\/wp\/v2\/tags?post=640"}],"curies":[{"name":"wp","href":"https:\/\/api.w.org\/{rel}","templated":true}]}}