{"id":586,"date":"2025-08-21T18:00:00","date_gmt":"2025-08-21T21:00:00","guid":{"rendered":"https:\/\/tribunademinas.audiencelabs.com.br\/?p=586"},"modified":"2025-08-20T16:39:33","modified_gmt":"2025-08-20T19:39:33","slug":"mercedes-benz-a-20-mil-reais-acaba-de-chegar-e-esta-pronta-para-venda","status":"publish","type":"post","link":"https:\/\/tribunademinas.audiencelabs.com.br\/mercedes-benz-a-20-mil-reais-acaba-de-chegar-e-esta-pronta-para-venda\/","title":{"rendered":"Mercedes Benz a 20 mil reais acaba de chegar e est\u00e1 pronta para venda"},"content":{"rendered":"\n<p>Reconhecida mundialmente como uma marca de luxo no setor automotivo, a <strong>Mercedes Benz<\/strong> oferece ve\u00edculos com valores muito superiores \u00e0 m\u00e9dia do mercado automotivo. No entanto, a partir do pr\u00f3ximo m\u00eas, ser\u00e1 poss\u00edvel adquirir carros da marca por quantias muito mais razo\u00e1veis.<\/p>\n\n\n\n<p>Isso porque, no dia 10 de setembro, o Departamento Estadual de Tr\u00e2nsito de S\u00e3o Paulo (Detran-SP) dar\u00e1 in\u00edcio a um <strong>leil\u00e3o com ve\u00edculos recolhidos por infra\u00e7\u00e3o<\/strong> na regi\u00e3o de Caraguatatuba, que incluir\u00e1 at\u00e9 mesmo modelos da Mercedes por cerca de R$ 20 mil.<\/p>\n\n\n\n<p>As informa\u00e7\u00f5es sobre marca, modelo, motor, cor, ano de fabrica\u00e7\u00e3o e lance m\u00ednimo definido por peritos foram divulgadas pelo \u00f3rg\u00e3o <a href=\"https:\/\/www.doe.sp.gov.br\/executivo\/secretaria-de-gestao-e-governo-digital\/edital-de-leilao-de-veiculos-n-09-de-15-de-agosto-de-2025-20250815132619661271594\" target=\"_blank\" rel=\"noreferrer noopener\">em edital oficial<\/a>, que tamb\u00e9m informou os endere\u00e7os onde o preg\u00e3o ser\u00e1 realizado.<\/p>\n\n\n\n<p>Ao longo de tr\u00eas dias, ser\u00e3o comercializados 438 ve\u00edculos, divididos entre categorias como conservados com condi\u00e7\u00f5es de circula\u00e7\u00e3o, sucatas aproveit\u00e1veis para desmonte e condenadas \u00e0 fundi\u00e7\u00e3o.<\/p>\n\n\n\n<p>Os interessados em participar do leil\u00e3o devem se inscrever no site da organizadora, Rico Leil\u00f5es, at\u00e9 48 horas antes do evento. E vale destacar que, entre os dias 5, 8 e 9 de setembro, das 9h \u00e0s 17h, ser\u00e1 poss\u00edvel conferir os lotes dispon\u00edveis antes do in\u00edcio das vendas.<\/p>\n\n\n\n<h2 class=\"wp-block-heading\">Cronograma do leil\u00e3o: categorias de carros \u00e0 venda foram separadas por data<\/h2>\n\n\n\n<p>Conforme informado anteriormente, o leil\u00e3o do Detran ter\u00e1 in\u00edcio em 10 de setembro e se estender\u00e1 por tr\u00eas dias, com cada dia dedicado a uma categoria diferente de ve\u00edculo para venda. O cronograma est\u00e1 organizado da seguinte forma:<\/p>\n\n\n\n<p><strong>Carros conservados e destinados \u00e0 circula\u00e7\u00e3o (10 de setembro, das 9h \u00e0s 18h):<\/strong> sess\u00e3o p\u00fablica destinada \u00e0 pessoas f\u00edsicas e jur\u00eddicas inscritas no Cadastro da Receita Federal do Brasil;<br><strong>Sucata aproveit\u00e1vel e sucata aproveit\u00e1vel com motor inserv\u00edvel (11 de setembro, das 9h \u00e0s 18h):<\/strong> sess\u00e3o p\u00fablica exclusiva para pessoas jur\u00eddicas inscritas no Cadastro Nacional de Pessoa Jur\u00eddica (CNPJ) com registro ativo no \u00f3rg\u00e3o ou entidade executiva de tr\u00e2nsito para atua\u00e7\u00e3o no com\u00e9rcio de pe\u00e7as usadas;<br><strong>Sucata inserv\u00edvel (12 de setembro, das 9h \u00e0s 18h):<\/strong> voltado exclusivamente para pessoas jur\u00eddicas do ramo de siderurgia ou fundi\u00e7\u00e3o.<\/p>\n","protected":false},"excerpt":{"rendered":"<p>Reconhecida mundialmente como uma marca de luxo no setor automotivo, a Mercedes Benz oferece ve\u00edculos com valores muito superiores \u00e0 m\u00e9dia do mercado automotivo. No entanto, a partir do pr\u00f3ximo m\u00eas, ser\u00e1 poss\u00edvel adquirir carros da marca por quantias muito mais razo\u00e1veis. Isso porque, no dia 10 de setembro, o Departamento Estadual de Tr\u00e2nsito de [&hellip;]<\/p>\n","protected":false},"author":3,"featured_media":587,"comment_status":"open","ping_status":"open","sticky":false,"template":"","format":"standard","meta":{"jnews-multi-image_gallery":[],"jnews_single_post":{"format":"standard"},"jnews_primary_category":[],"jnews_social_meta":[],"jnews_post_split":[],"footnotes":""},"categories":[1],"tags":[],"class_list":["post-586","post","type-post","status-publish","format-standard","has-post-thumbnail","hentry","category-dinheiro"],"yoast_head":"<!-- This site is optimized with the Yoast SEO plugin v25.6 - https:\/\/yoast.com\/wordpress\/plugins\/seo\/ -->\n<title>Mercedes Benz a 20 mil reais acaba de chegar e est\u00e1 pronta para venda<\/title>\n<meta name=\"robots\" content=\"index, follow, max-snippet:-1, max-image-preview:large, max-video-preview:-1\" \/>\n<link rel=\"canonical\" href=\"https:\/\/tribunademinas.audiencelabs.com.br\/mercedes-benz-a-20-mil-reais-acaba-de-chegar-e-esta-pronta-para-venda\/\" \/>\n<meta property=\"og:locale\" content=\"pt_BR\" \/>\n<meta property=\"og:type\" content=\"article\" \/>\n<meta property=\"og:title\" content=\"Mercedes Benz a 20 mil reais acaba de chegar e est\u00e1 pronta para venda\" \/>\n<meta property=\"og:description\" content=\"Reconhecida mundialmente como uma marca de luxo no setor automotivo, a Mercedes Benz oferece ve\u00edculos com valores muito superiores \u00e0 m\u00e9dia do mercado automotivo. No entanto, a partir do pr\u00f3ximo m\u00eas, ser\u00e1 poss\u00edvel adquirir carros da marca por quantias muito mais razo\u00e1veis. Isso porque, no dia 10 de setembro, o Departamento Estadual de Tr\u00e2nsito de [&hellip;]\" \/>\n<meta property=\"og:url\" content=\"https:\/\/tribunademinas.audiencelabs.com.br\/mercedes-benz-a-20-mil-reais-acaba-de-chegar-e-esta-pronta-para-venda\/\" \/>\n<meta property=\"og:site_name\" content=\"Tribuna de Minas - Dinheiro e Cidadania\" \/>\n<meta property=\"article:publisher\" content=\"https:\/\/www.facebook.com\/tribunademinas\/\" \/>\n<meta property=\"article:published_time\" content=\"2025-08-21T21:00:00+00:00\" \/>\n<meta property=\"og:image\" content=\"https:\/\/tribunademinas.audiencelabs.com.br\/wp-content\/uploads\/2025\/08\/mercedes-benz-20-mil-pronta-venda.jpg\" \/>\n\t<meta property=\"og:image:width\" content=\"1920\" \/>\n\t<meta property=\"og:image:height\" content=\"1080\" \/>\n\t<meta property=\"og:image:type\" content=\"image\/jpeg\" \/>\n<meta name=\"author\" content=\"Jo\u00e3o Carlos Gomes\" \/>\n<meta name=\"twitter:card\" content=\"summary_large_image\" \/>\n<meta name=\"twitter:creator\" content=\"@tribunademinas\" \/>\n<meta name=\"twitter:site\" content=\"@tribunademinas\" \/>\n<meta name=\"twitter:label1\" content=\"Escrito por\" \/>\n\t<meta name=\"twitter:data1\" content=\"Jo\u00e3o Carlos Gomes\" \/>\n\t<meta name=\"twitter:label2\" content=\"Est. tempo de leitura\" \/>\n\t<meta name=\"twitter:data2\" content=\"3 minutos\" \/>\n<!-- \/ Yoast SEO plugin. -->","yoast_head_json":{"title":"Mercedes Benz a 20 mil reais acaba de chegar e est\u00e1 pronta para venda","robots":{"index":"index","follow":"follow","max-snippet":"max-snippet:-1","max-image-preview":"max-image-preview:large","max-video-preview":"max-video-preview:-1"},"canonical":"https:\/\/tribunademinas.audiencelabs.com.br\/mercedes-benz-a-20-mil-reais-acaba-de-chegar-e-esta-pronta-para-venda\/","og_locale":"pt_BR","og_type":"article","og_title":"Mercedes Benz a 20 mil reais acaba de chegar e est\u00e1 pronta para venda","og_description":"Reconhecida mundialmente como uma marca de luxo no setor automotivo, a Mercedes Benz oferece ve\u00edculos com valores muito superiores \u00e0 m\u00e9dia do mercado automotivo. No entanto, a partir do pr\u00f3ximo m\u00eas, ser\u00e1 poss\u00edvel adquirir carros da marca por quantias muito mais razo\u00e1veis. Isso porque, no dia 10 de setembro, o Departamento Estadual de Tr\u00e2nsito de [&hellip;]","og_url":"https:\/\/tribunademinas.audiencelabs.com.br\/mercedes-benz-a-20-mil-reais-acaba-de-chegar-e-esta-pronta-para-venda\/","og_site_name":"Tribuna de Minas - Dinheiro e Cidadania","article_publisher":"https:\/\/www.facebook.com\/tribunademinas\/","article_published_time":"2025-08-21T21:00:00+00:00","og_image":[{"width":1920,"height":1080,"url":"https:\/\/tribunademinas.audiencelabs.com.br\/wp-content\/uploads\/2025\/08\/mercedes-benz-20-mil-pronta-venda.jpg","type":"image\/jpeg"}],"author":"Jo\u00e3o Carlos Gomes","twitter_card":"summary_large_image","twitter_creator":"@tribunademinas","twitter_site":"@tribunademinas","twitter_misc":{"Escrito por":"Jo\u00e3o Carlos Gomes","Est. tempo de leitura":"3 minutos"},"schema":{"@context":"https:\/\/schema.org","@graph":[{"@type":"Article","@id":"https:\/\/tribunademinas.audiencelabs.com.br\/mercedes-benz-a-20-mil-reais-acaba-de-chegar-e-esta-pronta-para-venda\/#article","isPartOf":{"@id":"https:\/\/tribunademinas.audiencelabs.com.br\/mercedes-benz-a-20-mil-reais-acaba-de-chegar-e-esta-pronta-para-venda\/"},"author":{"name":"Jo\u00e3o Carlos Gomes","@id":"https:\/\/tribunademinas.audiencelabs.com.br\/#\/schema\/person\/37af466a64a722fadb8ef6841c52114f"},"headline":"Mercedes Benz a 20 mil reais acaba de chegar e est\u00e1 pronta para venda","datePublished":"2025-08-21T21:00:00+00:00","mainEntityOfPage":{"@id":"https:\/\/tribunademinas.audiencelabs.com.br\/mercedes-benz-a-20-mil-reais-acaba-de-chegar-e-esta-pronta-para-venda\/"},"wordCount":392,"commentCount":0,"publisher":{"@id":"https:\/\/tribunademinas.audiencelabs.com.br\/#organization"},"image":{"@id":"https:\/\/tribunademinas.audiencelabs.com.br\/mercedes-benz-a-20-mil-reais-acaba-de-chegar-e-esta-pronta-para-venda\/#primaryimage"},"thumbnailUrl":"https:\/\/tribunademinas.audiencelabs.com.br\/wp-content\/uploads\/2025\/08\/mercedes-benz-20-mil-pronta-venda.jpg","articleSection":["Dinheiro"],"inLanguage":"pt-BR","potentialAction":[{"@type":"CommentAction","name":"Comment","target":["https:\/\/tribunademinas.audiencelabs.com.br\/mercedes-benz-a-20-mil-reais-acaba-de-chegar-e-esta-pronta-para-venda\/#respond"]}]},{"@type":"WebPage","@id":"https:\/\/tribunademinas.audiencelabs.com.br\/mercedes-benz-a-20-mil-reais-acaba-de-chegar-e-esta-pronta-para-venda\/","url":"https:\/\/tribunademinas.audiencelabs.com.br\/mercedes-benz-a-20-mil-reais-acaba-de-chegar-e-esta-pronta-para-venda\/","name":"Mercedes Benz a 20 mil reais acaba de chegar e est\u00e1 pronta para venda","isPartOf":{"@id":"https:\/\/tribunademinas.audiencelabs.com.br\/#website"},"primaryImageOfPage":{"@id":"https:\/\/tribunademinas.audiencelabs.com.br\/mercedes-benz-a-20-mil-reais-acaba-de-chegar-e-esta-pronta-para-venda\/#primaryimage"},"image":{"@id":"https:\/\/tribunademinas.audiencelabs.com.br\/mercedes-benz-a-20-mil-reais-acaba-de-chegar-e-esta-pronta-para-venda\/#primaryimage"},"thumbnailUrl":"https:\/\/tribunademinas.audiencelabs.com.br\/wp-content\/uploads\/2025\/08\/mercedes-benz-20-mil-pronta-venda.jpg","datePublished":"2025-08-21T21:00:00+00:00","breadcrumb":{"@id":"https:\/\/tribunademinas.audiencelabs.com.br\/mercedes-benz-a-20-mil-reais-acaba-de-chegar-e-esta-pronta-para-venda\/#breadcrumb"},"inLanguage":"pt-BR","potentialAction":[{"@type":"ReadAction","target":["https:\/\/tribunademinas.audiencelabs.com.br\/mercedes-benz-a-20-mil-reais-acaba-de-chegar-e-esta-pronta-para-venda\/"]}]},{"@type":"ImageObject","inLanguage":"pt-BR","@id":"https:\/\/tribunademinas.audiencelabs.com.br\/mercedes-benz-a-20-mil-reais-acaba-de-chegar-e-esta-pronta-para-venda\/#primaryimage","url":"https:\/\/tribunademinas.audiencelabs.com.br\/wp-content\/uploads\/2025\/08\/mercedes-benz-20-mil-pronta-venda.jpg","contentUrl":"https:\/\/tribunademinas.audiencelabs.com.br\/wp-content\/uploads\/2025\/08\/mercedes-benz-20-mil-pronta-venda.jpg","width":1920,"height":1080,"caption":"Foto: C\u00e9dric Streit\/Unsplash"},{"@type":"BreadcrumbList","@id":"https:\/\/tribunademinas.audiencelabs.com.br\/mercedes-benz-a-20-mil-reais-acaba-de-chegar-e-esta-pronta-para-venda\/#breadcrumb","itemListElement":[{"@type":"ListItem","position":1,"name":"In\u00edcio","item":"https:\/\/tribunademinas.audiencelabs.com.br\/"},{"@type":"ListItem","position":2,"name":"Mercedes Benz a 20 mil reais acaba de chegar e est\u00e1 pronta para venda"}]},{"@type":"WebSite","@id":"https:\/\/tribunademinas.audiencelabs.com.br\/#website","url":"https:\/\/tribunademinas.audiencelabs.com.br\/","name":"Tribuna de Minas - Dinheiro e Cidadania","description":"","publisher":{"@id":"https:\/\/tribunademinas.audiencelabs.com.br\/#organization"},"potentialAction":[{"@type":"SearchAction","target":{"@type":"EntryPoint","urlTemplate":"https:\/\/tribunademinas.audiencelabs.com.br\/?s={search_term_string}"},"query-input":{"@type":"PropertyValueSpecification","valueRequired":true,"valueName":"search_term_string"}}],"inLanguage":"pt-BR"},{"@type":"Organization","@id":"https:\/\/tribunademinas.audiencelabs.com.br\/#organization","name":"Tribuna de Minas - Dinheiro e Cidadania","url":"https:\/\/tribunademinas.audiencelabs.com.br\/","logo":{"@type":"ImageObject","inLanguage":"pt-BR","@id":"https:\/\/tribunademinas.audiencelabs.com.br\/#\/schema\/logo\/image\/","url":"https:\/\/tribunademinas.audiencelabs.com.br\/wp-content\/uploads\/2025\/08\/cropped-Tribuna_512x512-96x96-1.png","contentUrl":"https:\/\/tribunademinas.audiencelabs.com.br\/wp-content\/uploads\/2025\/08\/cropped-Tribuna_512x512-96x96-1.png","width":96,"height":96,"caption":"Tribuna de Minas - Dinheiro e Cidadania"},"image":{"@id":"https:\/\/tribunademinas.audiencelabs.com.br\/#\/schema\/logo\/image\/"},"sameAs":["https:\/\/www.facebook.com\/tribunademinas\/","https:\/\/x.com\/tribunademinas","https:\/\/www.instagram.com\/tribunademinas\/","https:\/\/www.youtube.com\/user\/TribunadeMinasJF"]},{"@type":"Person","@id":"https:\/\/tribunademinas.audiencelabs.com.br\/#\/schema\/person\/37af466a64a722fadb8ef6841c52114f","name":"Jo\u00e3o Carlos Gomes","image":{"@type":"ImageObject","inLanguage":"pt-BR","@id":"https:\/\/tribunademinas.audiencelabs.com.br\/#\/schema\/person\/image\/","url":"https:\/\/secure.gravatar.com\/avatar\/4ce4672dbdd694b329cd6fdb51bee7d1409be1f0ff76a537e4c4a737b2c7d1a9?s=96&d=mm&r=g","contentUrl":"https:\/\/secure.gravatar.com\/avatar\/4ce4672dbdd694b329cd6fdb51bee7d1409be1f0ff76a537e4c4a737b2c7d1a9?s=96&d=mm&r=g","caption":"Jo\u00e3o Carlos Gomes"},"description":"Jornalista formado pelo Centro Universit\u00e1rio Carioca, apreciador da Bossa Nova ao Metal Extremo, criador de conte\u00fado e m\u00fasico independente nas horas vagas.","url":"https:\/\/tribunademinas.audiencelabs.com.br\/author\/joaoc-junior\/"}]}},"amp_enabled":true,"_links":{"self":[{"href":"https:\/\/tribunademinas.audiencelabs.com.br\/wp-json\/wp\/v2\/posts\/586","targetHints":{"allow":["GET"]}}],"collection":[{"href":"https:\/\/tribunademinas.audiencelabs.com.br\/wp-json\/wp\/v2\/posts"}],"about":[{"href":"https:\/\/tribunademinas.audiencelabs.com.br\/wp-json\/wp\/v2\/types\/post"}],"author":[{"embeddable":true,"href":"https:\/\/tribunademinas.audiencelabs.com.br\/wp-json\/wp\/v2\/users\/3"}],"replies":[{"embeddable":true,"href":"https:\/\/tribunademinas.audiencelabs.com.br\/wp-json\/wp\/v2\/comments?post=586"}],"version-history":[{"count":1,"href":"https:\/\/tribunademinas.audiencelabs.com.br\/wp-json\/wp\/v2\/posts\/586\/revisions"}],"predecessor-version":[{"id":588,"href":"https:\/\/tribunademinas.audiencelabs.com.br\/wp-json\/wp\/v2\/posts\/586\/revisions\/588"}],"wp:featuredmedia":[{"embeddable":true,"href":"https:\/\/tribunademinas.audiencelabs.com.br\/wp-json\/wp\/v2\/media\/587"}],"wp:attachment":[{"href":"https:\/\/tribunademinas.audiencelabs.com.br\/wp-json\/wp\/v2\/media?parent=586"}],"wp:term":[{"taxonomy":"category","embeddable":true,"href":"https:\/\/tribunademinas.audiencelabs.com.br\/wp-json\/wp\/v2\/categories?post=586"},{"taxonomy":"post_tag","embeddable":true,"href":"https:\/\/tribunademinas.audiencelabs.com.br\/wp-json\/wp\/v2\/tags?post=586"}],"curies":[{"name":"wp","href":"https:\/\/api.w.org\/{rel}","templated":true}]}}