{"id":493,"date":"2025-08-18T08:00:00","date_gmt":"2025-08-18T11:00:00","guid":{"rendered":"https:\/\/tribunademinas.audiencelabs.com.br\/?p=493"},"modified":"2025-08-15T12:36:13","modified_gmt":"2025-08-15T15:36:13","slug":"estudantes-vao-receber-o-pe-de-meia-nesta-data-de-agosto","status":"publish","type":"post","link":"https:\/\/tribunademinas.audiencelabs.com.br\/estudantes-vao-receber-o-pe-de-meia-nesta-data-de-agosto\/","title":{"rendered":"Estudantes v\u00e3o receber o P\u00e9-de-Meia nesta data de agosto"},"content":{"rendered":"\n<p>Com o avan\u00e7o de agosto, muitos benefici\u00e1rios de programas sociais ficam na expectativa das pr\u00f3ximas libera\u00e7\u00f5es de pagamento. E isso inclui os estudantes cadastrados no <strong>programa P\u00e9-de-Meia<\/strong>, que recebem diversos incentivos para se dedicarem aos estudos.<\/p>\n\n\n\n<p>Recentemente, o Minist\u00e9rio da Educa\u00e7\u00e3o (MEC) divulgou o calend\u00e1rio de pagamentos de agosto de 2025 do benef\u00edcio, definindo assim a partir de quando os alunos da rede p\u00fablica, sejam eles do Ensino M\u00e9dio regular ou da modalidade EJA (Ensino de Jovens e Adultos), receber\u00e3o a pr\u00f3xima parcela do <strong>Incentivo-Frequ\u00eancia<\/strong>.<\/p>\n\n\n\n<p>De acordo com a Portaria MEC n\u00ba 470, de 25 de junho de 2025, os dep\u00f3sitos est\u00e3o programados para iniciar na \u00faltima semana do m\u00eas, <strong>a partir do dia 25<\/strong>, e ser\u00e3o escalonados com base no m\u00eas de nascimento dos benefici\u00e1rios. Confira a ordem abaixo:<\/p>\n\n\n\n<ul class=\"wp-block-list\">\n<li><strong>Janeiro e fevereiro:<\/strong>\u00a025 de agosto<\/li>\n\n\n\n<li><strong>Mar\u00e7o e abril:<\/strong>\u00a026 de agosto<\/li>\n\n\n\n<li><strong>Maio e junho:<\/strong>\u00a027 de agosto<\/li>\n\n\n\n<li><strong>Julho e agosto:<\/strong>\u00a028 de agosto<\/li>\n\n\n\n<li><strong>Setembro e outubro:<\/strong>\u00a029 de agosto<\/li>\n\n\n\n<li><strong>Novembro e dezembro:<\/strong>\u00a01\u00ba de setembro<\/li>\n<\/ul>\n\n\n\n<p>Vale lembrar que o Incentivo-Frequ\u00eancia corresponde ao valor de R$ 200 e \u00e9 feito mensalmente aos estudantes que mant\u00eam frequ\u00eancia m\u00ednima de 80% nas aulas. Portanto, para manter o benef\u00edcio ativo, \u00e9 preciso comparecer \u00e0s aulas.<\/p>\n\n\n\n<h2 class=\"wp-block-heading\">Como consultar informa\u00e7\u00f5es sobre o P\u00e9-de-Meia?<\/h2>\n\n\n\n<p>Para ter acesso a informa\u00e7\u00f5es completas sobre o P\u00e9-de-Meia, benefici\u00e1rios podem utilizar o aplicativo <strong>Jornada do Estudante<\/strong>, do MEC, que est\u00e1 dispon\u00edvel para download atrav\u00e9s da Play Store (Android) ou Apple Store (iOS).<\/p>\n\n\n\n<p>Por fornecer acesso ao calend\u00e1rio e outras informa\u00e7\u00f5es relevantes sobre o benef\u00edcio, a ferramenta \u00e9 basicamente o principal canal de comunica\u00e7\u00e3o do MEC com os estudantes cadastrados no P\u00e9-de-Meia. E para utiliz\u00e1-la, basta acessar com as <strong>credenciais da conta Gov.br<\/strong>.<\/p>\n\n\n\n<p>Contudo, caso haja alguma dificuldade durante o processo, tamb\u00e9m \u00e9 poss\u00edvel visualizar mais informa\u00e7\u00f5es online atrav\u00e9s do <strong>p<strong>ortal Cidad\u00e3o da Caixa<\/strong><\/strong>, por telefone, discando 0800 616161 para entrar em contato com o Fale Conosco do MEC ou presencialmente atrav\u00e9s da secretaria das escolas.<\/p>\n","protected":false},"excerpt":{"rendered":"<p>Com o avan\u00e7o de agosto, muitos benefici\u00e1rios de programas sociais ficam na expectativa das pr\u00f3ximas libera\u00e7\u00f5es de pagamento. E isso inclui os estudantes cadastrados no programa P\u00e9-de-Meia, que recebem diversos incentivos para se dedicarem aos estudos. Recentemente, o Minist\u00e9rio da Educa\u00e7\u00e3o (MEC) divulgou o calend\u00e1rio de pagamentos de agosto de 2025 do benef\u00edcio, definindo assim [&hellip;]<\/p>\n","protected":false},"author":3,"featured_media":494,"comment_status":"open","ping_status":"open","sticky":false,"template":"","format":"standard","meta":{"jnews-multi-image_gallery":[],"jnews_single_post":{"format":"standard"},"jnews_primary_category":[],"jnews_social_meta":[],"jnews_post_split":[],"footnotes":""},"categories":[159],"tags":[],"class_list":["post-493","post","type-post","status-publish","format-standard","has-post-thumbnail","hentry","category-cidadania"],"yoast_head":"<!-- This site is optimized with the Yoast SEO plugin v25.6 - https:\/\/yoast.com\/wordpress\/plugins\/seo\/ -->\n<title>Estudantes v\u00e3o receber o P\u00e9-de-Meia nesta data de agosto<\/title>\n<meta name=\"robots\" content=\"index, follow, max-snippet:-1, max-image-preview:large, max-video-preview:-1\" \/>\n<link rel=\"canonical\" href=\"https:\/\/tribunademinas.audiencelabs.com.br\/estudantes-vao-receber-o-pe-de-meia-nesta-data-de-agosto\/\" \/>\n<meta property=\"og:locale\" content=\"pt_BR\" \/>\n<meta property=\"og:type\" content=\"article\" \/>\n<meta property=\"og:title\" content=\"Estudantes v\u00e3o receber o P\u00e9-de-Meia nesta data de agosto\" \/>\n<meta property=\"og:description\" content=\"Com o avan\u00e7o de agosto, muitos benefici\u00e1rios de programas sociais ficam na expectativa das pr\u00f3ximas libera\u00e7\u00f5es de pagamento. E isso inclui os estudantes cadastrados no programa P\u00e9-de-Meia, que recebem diversos incentivos para se dedicarem aos estudos. Recentemente, o Minist\u00e9rio da Educa\u00e7\u00e3o (MEC) divulgou o calend\u00e1rio de pagamentos de agosto de 2025 do benef\u00edcio, definindo assim [&hellip;]\" \/>\n<meta property=\"og:url\" content=\"https:\/\/tribunademinas.audiencelabs.com.br\/estudantes-vao-receber-o-pe-de-meia-nesta-data-de-agosto\/\" \/>\n<meta property=\"og:site_name\" content=\"Tribuna de Minas - Dinheiro e Cidadania\" \/>\n<meta property=\"article:publisher\" content=\"https:\/\/www.facebook.com\/tribunademinas\/\" \/>\n<meta property=\"article:published_time\" content=\"2025-08-18T11:00:00+00:00\" \/>\n<meta property=\"og:image\" content=\"https:\/\/tribunademinas.audiencelabs.com.br\/wp-content\/uploads\/2025\/08\/estudantes-receber-pe-de-meia-agosto.webp\" \/>\n\t<meta property=\"og:image:width\" content=\"1280\" \/>\n\t<meta property=\"og:image:height\" content=\"720\" \/>\n\t<meta property=\"og:image:type\" content=\"image\/webp\" \/>\n<meta name=\"author\" content=\"Jo\u00e3o Carlos Gomes\" \/>\n<meta name=\"twitter:card\" content=\"summary_large_image\" \/>\n<meta name=\"twitter:creator\" content=\"@tribunademinas\" \/>\n<meta name=\"twitter:site\" content=\"@tribunademinas\" \/>\n<meta name=\"twitter:label1\" content=\"Escrito por\" \/>\n\t<meta name=\"twitter:data1\" content=\"Jo\u00e3o Carlos Gomes\" \/>\n\t<meta name=\"twitter:label2\" content=\"Est. tempo de leitura\" \/>\n\t<meta name=\"twitter:data2\" content=\"2 minutos\" \/>\n<!-- \/ Yoast SEO plugin. -->","yoast_head_json":{"title":"Estudantes v\u00e3o receber o P\u00e9-de-Meia nesta data de agosto","robots":{"index":"index","follow":"follow","max-snippet":"max-snippet:-1","max-image-preview":"max-image-preview:large","max-video-preview":"max-video-preview:-1"},"canonical":"https:\/\/tribunademinas.audiencelabs.com.br\/estudantes-vao-receber-o-pe-de-meia-nesta-data-de-agosto\/","og_locale":"pt_BR","og_type":"article","og_title":"Estudantes v\u00e3o receber o P\u00e9-de-Meia nesta data de agosto","og_description":"Com o avan\u00e7o de agosto, muitos benefici\u00e1rios de programas sociais ficam na expectativa das pr\u00f3ximas libera\u00e7\u00f5es de pagamento. E isso inclui os estudantes cadastrados no programa P\u00e9-de-Meia, que recebem diversos incentivos para se dedicarem aos estudos. Recentemente, o Minist\u00e9rio da Educa\u00e7\u00e3o (MEC) divulgou o calend\u00e1rio de pagamentos de agosto de 2025 do benef\u00edcio, definindo assim [&hellip;]","og_url":"https:\/\/tribunademinas.audiencelabs.com.br\/estudantes-vao-receber-o-pe-de-meia-nesta-data-de-agosto\/","og_site_name":"Tribuna de Minas - Dinheiro e Cidadania","article_publisher":"https:\/\/www.facebook.com\/tribunademinas\/","article_published_time":"2025-08-18T11:00:00+00:00","og_image":[{"width":1280,"height":720,"url":"https:\/\/tribunademinas.audiencelabs.com.br\/wp-content\/uploads\/2025\/08\/estudantes-receber-pe-de-meia-agosto.webp","type":"image\/webp"}],"author":"Jo\u00e3o Carlos Gomes","twitter_card":"summary_large_image","twitter_creator":"@tribunademinas","twitter_site":"@tribunademinas","twitter_misc":{"Escrito por":"Jo\u00e3o Carlos Gomes","Est. tempo de leitura":"2 minutos"},"schema":{"@context":"https:\/\/schema.org","@graph":[{"@type":"Article","@id":"https:\/\/tribunademinas.audiencelabs.com.br\/estudantes-vao-receber-o-pe-de-meia-nesta-data-de-agosto\/#article","isPartOf":{"@id":"https:\/\/tribunademinas.audiencelabs.com.br\/estudantes-vao-receber-o-pe-de-meia-nesta-data-de-agosto\/"},"author":{"name":"Jo\u00e3o Carlos Gomes","@id":"https:\/\/tribunademinas.audiencelabs.com.br\/#\/schema\/person\/37af466a64a722fadb8ef6841c52114f"},"headline":"Estudantes v\u00e3o receber o P\u00e9-de-Meia nesta data de agosto","datePublished":"2025-08-18T11:00:00+00:00","mainEntityOfPage":{"@id":"https:\/\/tribunademinas.audiencelabs.com.br\/estudantes-vao-receber-o-pe-de-meia-nesta-data-de-agosto\/"},"wordCount":362,"commentCount":0,"publisher":{"@id":"https:\/\/tribunademinas.audiencelabs.com.br\/#organization"},"image":{"@id":"https:\/\/tribunademinas.audiencelabs.com.br\/estudantes-vao-receber-o-pe-de-meia-nesta-data-de-agosto\/#primaryimage"},"thumbnailUrl":"https:\/\/tribunademinas.audiencelabs.com.br\/wp-content\/uploads\/2025\/08\/estudantes-receber-pe-de-meia-agosto.webp","articleSection":["Cidadania"],"inLanguage":"pt-BR","potentialAction":[{"@type":"CommentAction","name":"Comment","target":["https:\/\/tribunademinas.audiencelabs.com.br\/estudantes-vao-receber-o-pe-de-meia-nesta-data-de-agosto\/#respond"]}]},{"@type":"WebPage","@id":"https:\/\/tribunademinas.audiencelabs.com.br\/estudantes-vao-receber-o-pe-de-meia-nesta-data-de-agosto\/","url":"https:\/\/tribunademinas.audiencelabs.com.br\/estudantes-vao-receber-o-pe-de-meia-nesta-data-de-agosto\/","name":"Estudantes v\u00e3o receber o P\u00e9-de-Meia nesta data de agosto","isPartOf":{"@id":"https:\/\/tribunademinas.audiencelabs.com.br\/#website"},"primaryImageOfPage":{"@id":"https:\/\/tribunademinas.audiencelabs.com.br\/estudantes-vao-receber-o-pe-de-meia-nesta-data-de-agosto\/#primaryimage"},"image":{"@id":"https:\/\/tribunademinas.audiencelabs.com.br\/estudantes-vao-receber-o-pe-de-meia-nesta-data-de-agosto\/#primaryimage"},"thumbnailUrl":"https:\/\/tribunademinas.audiencelabs.com.br\/wp-content\/uploads\/2025\/08\/estudantes-receber-pe-de-meia-agosto.webp","datePublished":"2025-08-18T11:00:00+00:00","breadcrumb":{"@id":"https:\/\/tribunademinas.audiencelabs.com.br\/estudantes-vao-receber-o-pe-de-meia-nesta-data-de-agosto\/#breadcrumb"},"inLanguage":"pt-BR","potentialAction":[{"@type":"ReadAction","target":["https:\/\/tribunademinas.audiencelabs.com.br\/estudantes-vao-receber-o-pe-de-meia-nesta-data-de-agosto\/"]}]},{"@type":"ImageObject","inLanguage":"pt-BR","@id":"https:\/\/tribunademinas.audiencelabs.com.br\/estudantes-vao-receber-o-pe-de-meia-nesta-data-de-agosto\/#primaryimage","url":"https:\/\/tribunademinas.audiencelabs.com.br\/wp-content\/uploads\/2025\/08\/estudantes-receber-pe-de-meia-agosto.webp","contentUrl":"https:\/\/tribunademinas.audiencelabs.com.br\/wp-content\/uploads\/2025\/08\/estudantes-receber-pe-de-meia-agosto.webp","width":1280,"height":720,"caption":"Foto: MEC\/Divulga\u00e7\u00e3o"},{"@type":"BreadcrumbList","@id":"https:\/\/tribunademinas.audiencelabs.com.br\/estudantes-vao-receber-o-pe-de-meia-nesta-data-de-agosto\/#breadcrumb","itemListElement":[{"@type":"ListItem","position":1,"name":"In\u00edcio","item":"https:\/\/tribunademinas.audiencelabs.com.br\/"},{"@type":"ListItem","position":2,"name":"Estudantes v\u00e3o receber o P\u00e9-de-Meia nesta data de agosto"}]},{"@type":"WebSite","@id":"https:\/\/tribunademinas.audiencelabs.com.br\/#website","url":"https:\/\/tribunademinas.audiencelabs.com.br\/","name":"Tribuna de Minas - Dinheiro e Cidadania","description":"","publisher":{"@id":"https:\/\/tribunademinas.audiencelabs.com.br\/#organization"},"potentialAction":[{"@type":"SearchAction","target":{"@type":"EntryPoint","urlTemplate":"https:\/\/tribunademinas.audiencelabs.com.br\/?s={search_term_string}"},"query-input":{"@type":"PropertyValueSpecification","valueRequired":true,"valueName":"search_term_string"}}],"inLanguage":"pt-BR"},{"@type":"Organization","@id":"https:\/\/tribunademinas.audiencelabs.com.br\/#organization","name":"Tribuna de Minas - Dinheiro e Cidadania","url":"https:\/\/tribunademinas.audiencelabs.com.br\/","logo":{"@type":"ImageObject","inLanguage":"pt-BR","@id":"https:\/\/tribunademinas.audiencelabs.com.br\/#\/schema\/logo\/image\/","url":"https:\/\/tribunademinas.audiencelabs.com.br\/wp-content\/uploads\/2025\/08\/cropped-Tribuna_512x512-96x96-1.png","contentUrl":"https:\/\/tribunademinas.audiencelabs.com.br\/wp-content\/uploads\/2025\/08\/cropped-Tribuna_512x512-96x96-1.png","width":96,"height":96,"caption":"Tribuna de Minas - Dinheiro e Cidadania"},"image":{"@id":"https:\/\/tribunademinas.audiencelabs.com.br\/#\/schema\/logo\/image\/"},"sameAs":["https:\/\/www.facebook.com\/tribunademinas\/","https:\/\/x.com\/tribunademinas","https:\/\/www.instagram.com\/tribunademinas\/","https:\/\/www.youtube.com\/user\/TribunadeMinasJF"]},{"@type":"Person","@id":"https:\/\/tribunademinas.audiencelabs.com.br\/#\/schema\/person\/37af466a64a722fadb8ef6841c52114f","name":"Jo\u00e3o Carlos Gomes","image":{"@type":"ImageObject","inLanguage":"pt-BR","@id":"https:\/\/tribunademinas.audiencelabs.com.br\/#\/schema\/person\/image\/","url":"https:\/\/secure.gravatar.com\/avatar\/4ce4672dbdd694b329cd6fdb51bee7d1409be1f0ff76a537e4c4a737b2c7d1a9?s=96&d=mm&r=g","contentUrl":"https:\/\/secure.gravatar.com\/avatar\/4ce4672dbdd694b329cd6fdb51bee7d1409be1f0ff76a537e4c4a737b2c7d1a9?s=96&d=mm&r=g","caption":"Jo\u00e3o Carlos Gomes"},"description":"Jornalista formado pelo Centro Universit\u00e1rio Carioca, apreciador da Bossa Nova ao Metal Extremo, criador de conte\u00fado e m\u00fasico independente nas horas vagas.","url":"https:\/\/tribunademinas.audiencelabs.com.br\/author\/joaoc-junior\/"}]}},"amp_enabled":true,"_links":{"self":[{"href":"https:\/\/tribunademinas.audiencelabs.com.br\/wp-json\/wp\/v2\/posts\/493","targetHints":{"allow":["GET"]}}],"collection":[{"href":"https:\/\/tribunademinas.audiencelabs.com.br\/wp-json\/wp\/v2\/posts"}],"about":[{"href":"https:\/\/tribunademinas.audiencelabs.com.br\/wp-json\/wp\/v2\/types\/post"}],"author":[{"embeddable":true,"href":"https:\/\/tribunademinas.audiencelabs.com.br\/wp-json\/wp\/v2\/users\/3"}],"replies":[{"embeddable":true,"href":"https:\/\/tribunademinas.audiencelabs.com.br\/wp-json\/wp\/v2\/comments?post=493"}],"version-history":[{"count":1,"href":"https:\/\/tribunademinas.audiencelabs.com.br\/wp-json\/wp\/v2\/posts\/493\/revisions"}],"predecessor-version":[{"id":495,"href":"https:\/\/tribunademinas.audiencelabs.com.br\/wp-json\/wp\/v2\/posts\/493\/revisions\/495"}],"wp:featuredmedia":[{"embeddable":true,"href":"https:\/\/tribunademinas.audiencelabs.com.br\/wp-json\/wp\/v2\/media\/494"}],"wp:attachment":[{"href":"https:\/\/tribunademinas.audiencelabs.com.br\/wp-json\/wp\/v2\/media?parent=493"}],"wp:term":[{"taxonomy":"category","embeddable":true,"href":"https:\/\/tribunademinas.audiencelabs.com.br\/wp-json\/wp\/v2\/categories?post=493"},{"taxonomy":"post_tag","embeddable":true,"href":"https:\/\/tribunademinas.audiencelabs.com.br\/wp-json\/wp\/v2\/tags?post=493"}],"curies":[{"name":"wp","href":"https:\/\/api.w.org\/{rel}","templated":true}]}}