{"id":4610,"date":"2025-11-27T08:45:00","date_gmt":"2025-11-27T11:45:00","guid":{"rendered":"https:\/\/tribunademinas.audiencelabs.com.br\/?p=4610"},"modified":"2025-11-26T18:32:40","modified_gmt":"2025-11-26T21:32:40","slug":"critica-de-nikolas-ferreira-a-medida-no-pix-acende-polemica-nas-redes","status":"publish","type":"post","link":"https:\/\/tribunademinas.audiencelabs.com.br\/critica-de-nikolas-ferreira-a-medida-no-pix-acende-polemica-nas-redes\/","title":{"rendered":"Cr\u00edtica de Nikolas Ferreira \u00e0 medida no Pix acende pol\u00eamica nas redes"},"content":{"rendered":"\n<p>O deputado federal Nikolas Ferreira voltou ao centro dos debates nesta semana ap\u00f3s fazer um coment\u00e1rio ir\u00f4nico sobre a nova atualiza\u00e7\u00e3o do Pix anunciada pelo Banco Central na ter\u00e7a feira, 25 de novembro. <\/p>\n\n\n\n<p>A mudan\u00e7a, apresentada como um refor\u00e7o no combate a fraudes, recebeu um tom de provoca\u00e7\u00e3o por parte do parlamentar em uma rede social. S\u00f3 que, em vez de apoio, o que surgiu foi uma onda de cr\u00edticas. <\/p>\n\n\n\n<p>Muitos usu\u00e1rios disseram que o deputado tentou distorcer o prop\u00f3sito da medida e questionaram o motivo da sua resist\u00eancia a um recurso voltado \u00e0 prote\u00e7\u00e3o dos usu\u00e1rios.<\/p>\n\n\n\n<h2 class=\"wp-block-heading\">Cr\u00edtica de Nikolas Ferreira \u00e0 medida no Pix acende pol\u00eamica nas redes<\/h2>\n\n\n\n<p>A novidade do Banco Central amplia o funcionamento do Mecanismo Especial de Devolu\u00e7\u00e3o (MED), criado em 2021 para permitir o retorno de valores em casos de fraude comprovada ou falhas internas das institui\u00e7\u00f5es financeiras. <\/p>\n\n\n\n<p>At\u00e9 agora, quando algu\u00e9m era v\u00edtima de golpe, a devolu\u00e7\u00e3o dependia exclusivamente da conta que recebeu o dinheiro. <\/p>\n\n\n\n<p>O problema \u00e9 que criminosos costumam transferir rapidamente os valores para outras contas, o que tornava o rastreamento dif\u00edcil e, na pr\u00e1tica, quase anulava a chance de recupera\u00e7\u00e3o do preju\u00edzo.<\/p>\n\n\n\n<p>Com a atualiza\u00e7\u00e3o, o processo passa a alcan\u00e7ar tamb\u00e9m contas que receberam o dinheiro depois da primeira movimenta\u00e7\u00e3o, o que facilita o bloqueio e o retorno dos valores ao usu\u00e1rio prejudicado.<\/p>\n\n\n\n<p> O objetivo \u00e9 fechar o caminho usado pelos golpistas para dispersar o montante e mascarar a origem da transfer\u00eancia. <\/p>\n\n\n\n<p>Segundo o Banco Central, as institui\u00e7\u00f5es participantes ter\u00e3o acesso compartilhado \u00e0s informa\u00e7\u00f5es envolvidas no trajeto do dinheiro e poder\u00e3o efetuar a devolu\u00e7\u00e3o em at\u00e9 11 dias a partir do pedido do cliente. <\/p>\n\n\n\n<p>A ades\u00e3o \u00e9 opcional neste primeiro momento, mas se tornar\u00e1 obrigat\u00f3ria para todos os bancos e institui\u00e7\u00f5es de pagamento a partir de 2 de fevereiro de 2026.<\/p>\n\n\n\n<h3 class=\"wp-block-heading\">Nikolas faz piada com novidade do PIX e acende pol\u00eamica nas redes sociais<\/h3>\n\n\n\n<p>Foi diante dessa mudan\u00e7a que Nikolas Ferreira <a href=\"https:\/\/x.com\/nikolas_dm\/status\/1993317085574054359?s=20\"><strong>publicou<\/strong><\/a> a frase ir\u00f4nica que desencadeou a discuss\u00e3o. Ao escrever que um certo \u201cNikolas\u201d teria avisado antes, o deputado insinuou que a medida confirmaria cr\u00edticas feitas por ele em outras ocasi\u00f5es. <\/p>\n\n\n\n<p>O coment\u00e1rio, no entanto, n\u00e3o foi bem recebido. Usu\u00e1rios apontaram que o recurso n\u00e3o tem rela\u00e7\u00e3o com disputas pol\u00edticas e que serve apenas para dificultar golpes. <\/p>\n\n\n\n<p>Um internauta afirmou que reclamar do rastreamento faz sentido apenas para quem teria algo a esconder. Outra usu\u00e1ria questionou por que o deputado estaria contrariado com um avan\u00e7o que fortalece a seguran\u00e7a financeira de pessoas comuns.<\/p>\n\n\n\n<p>A rea\u00e7\u00e3o se espalhou rapidamente e transformou o post em mais um epis\u00f3dio de enfrentamento digital envolvendo o parlamentar.<\/p>\n\n\n\n<p><\/p>\n","protected":false},"excerpt":{"rendered":"<p>O deputado federal Nikolas Ferreira voltou ao centro dos debates nesta semana ap\u00f3s fazer um coment\u00e1rio ir\u00f4nico sobre a nova atualiza\u00e7\u00e3o do Pix anunciada pelo Banco Central na ter\u00e7a feira, 25 de novembro. A mudan\u00e7a, apresentada como um refor\u00e7o no combate a fraudes, recebeu um tom de provoca\u00e7\u00e3o por parte do parlamentar em uma rede [&hellip;]<\/p>\n","protected":false},"author":5,"featured_media":4611,"comment_status":"open","ping_status":"open","sticky":false,"template":"","format":"standard","meta":{"jnews-multi-image_gallery":[],"jnews_single_post":{"format":"standard"},"jnews_primary_category":[],"jnews_social_meta":[],"jnews_post_split":[],"footnotes":""},"categories":[159],"tags":[],"class_list":["post-4610","post","type-post","status-publish","format-standard","has-post-thumbnail","hentry","category-cidadania"],"yoast_head":"<!-- This site is optimized with the Yoast SEO plugin v25.6 - https:\/\/yoast.com\/wordpress\/plugins\/seo\/ -->\n<title>Cr\u00edtica de Nikolas Ferreira \u00e0 medida no Pix acende pol\u00eamica nas redes<\/title>\n<meta name=\"description\" content=\"O deputado federal Nikolas Ferreira voltou ao centro dos debates ap\u00f3s fazer um coment\u00e1rio ir\u00f4nico sobre a nova atualiza\u00e7\u00e3o do Pix.\" \/>\n<meta name=\"robots\" content=\"index, follow, max-snippet:-1, max-image-preview:large, max-video-preview:-1\" \/>\n<link rel=\"canonical\" href=\"https:\/\/tribunademinas.audiencelabs.com.br\/critica-de-nikolas-ferreira-a-medida-no-pix-acende-polemica-nas-redes\/\" \/>\n<meta property=\"og:locale\" content=\"pt_BR\" \/>\n<meta property=\"og:type\" content=\"article\" \/>\n<meta property=\"og:title\" content=\"Cr\u00edtica de Nikolas Ferreira \u00e0 medida no Pix acende pol\u00eamica nas redes\" \/>\n<meta property=\"og:description\" content=\"O deputado federal Nikolas Ferreira voltou ao centro dos debates ap\u00f3s fazer um coment\u00e1rio ir\u00f4nico sobre a nova atualiza\u00e7\u00e3o do Pix.\" \/>\n<meta property=\"og:url\" content=\"https:\/\/tribunademinas.audiencelabs.com.br\/critica-de-nikolas-ferreira-a-medida-no-pix-acende-polemica-nas-redes\/\" \/>\n<meta property=\"og:site_name\" content=\"Tribuna de Minas - Dinheiro e Cidadania\" \/>\n<meta property=\"article:publisher\" content=\"https:\/\/www.facebook.com\/tribunademinas\/\" \/>\n<meta property=\"article:published_time\" content=\"2025-11-27T11:45:00+00:00\" \/>\n<meta property=\"og:image\" content=\"https:\/\/tribunademinas.audiencelabs.com.br\/wp-content\/uploads\/2025\/11\/PIX-2.webp\" \/>\n\t<meta property=\"og:image:width\" content=\"1170\" \/>\n\t<meta property=\"og:image:height\" content=\"700\" \/>\n\t<meta property=\"og:image:type\" content=\"image\/webp\" \/>\n<meta name=\"author\" content=\"Jeferson Carvalho\" \/>\n<meta name=\"twitter:card\" content=\"summary_large_image\" \/>\n<meta name=\"twitter:creator\" content=\"@tribunademinas\" \/>\n<meta name=\"twitter:site\" content=\"@tribunademinas\" \/>\n<meta name=\"twitter:label1\" content=\"Escrito por\" \/>\n\t<meta name=\"twitter:data1\" content=\"Jeferson Carvalho\" \/>\n\t<meta name=\"twitter:label2\" content=\"Est. tempo de leitura\" \/>\n\t<meta name=\"twitter:data2\" content=\"3 minutos\" \/>\n<!-- \/ Yoast SEO plugin. -->","yoast_head_json":{"title":"Cr\u00edtica de Nikolas Ferreira \u00e0 medida no Pix acende pol\u00eamica nas redes","description":"O deputado federal Nikolas Ferreira voltou ao centro dos debates ap\u00f3s fazer um coment\u00e1rio ir\u00f4nico sobre a nova atualiza\u00e7\u00e3o do Pix.","robots":{"index":"index","follow":"follow","max-snippet":"max-snippet:-1","max-image-preview":"max-image-preview:large","max-video-preview":"max-video-preview:-1"},"canonical":"https:\/\/tribunademinas.audiencelabs.com.br\/critica-de-nikolas-ferreira-a-medida-no-pix-acende-polemica-nas-redes\/","og_locale":"pt_BR","og_type":"article","og_title":"Cr\u00edtica de Nikolas Ferreira \u00e0 medida no Pix acende pol\u00eamica nas redes","og_description":"O deputado federal Nikolas Ferreira voltou ao centro dos debates ap\u00f3s fazer um coment\u00e1rio ir\u00f4nico sobre a nova atualiza\u00e7\u00e3o do Pix.","og_url":"https:\/\/tribunademinas.audiencelabs.com.br\/critica-de-nikolas-ferreira-a-medida-no-pix-acende-polemica-nas-redes\/","og_site_name":"Tribuna de Minas - Dinheiro e Cidadania","article_publisher":"https:\/\/www.facebook.com\/tribunademinas\/","article_published_time":"2025-11-27T11:45:00+00:00","og_image":[{"width":1170,"height":700,"url":"https:\/\/tribunademinas.audiencelabs.com.br\/wp-content\/uploads\/2025\/11\/PIX-2.webp","type":"image\/webp"}],"author":"Jeferson Carvalho","twitter_card":"summary_large_image","twitter_creator":"@tribunademinas","twitter_site":"@tribunademinas","twitter_misc":{"Escrito por":"Jeferson Carvalho","Est. tempo de leitura":"3 minutos"},"schema":{"@context":"https:\/\/schema.org","@graph":[{"@type":"Article","@id":"https:\/\/tribunademinas.audiencelabs.com.br\/critica-de-nikolas-ferreira-a-medida-no-pix-acende-polemica-nas-redes\/#article","isPartOf":{"@id":"https:\/\/tribunademinas.audiencelabs.com.br\/critica-de-nikolas-ferreira-a-medida-no-pix-acende-polemica-nas-redes\/"},"author":{"name":"Jeferson Carvalho","@id":"https:\/\/tribunademinas.audiencelabs.com.br\/#\/schema\/person\/db18fc40307804bacef94213aa68fd9d"},"headline":"Cr\u00edtica de Nikolas Ferreira \u00e0 medida no Pix acende pol\u00eamica nas redes","datePublished":"2025-11-27T11:45:00+00:00","mainEntityOfPage":{"@id":"https:\/\/tribunademinas.audiencelabs.com.br\/critica-de-nikolas-ferreira-a-medida-no-pix-acende-polemica-nas-redes\/"},"wordCount":491,"commentCount":0,"publisher":{"@id":"https:\/\/tribunademinas.audiencelabs.com.br\/#organization"},"image":{"@id":"https:\/\/tribunademinas.audiencelabs.com.br\/critica-de-nikolas-ferreira-a-medida-no-pix-acende-polemica-nas-redes\/#primaryimage"},"thumbnailUrl":"https:\/\/tribunademinas.audiencelabs.com.br\/wp-content\/uploads\/2025\/11\/PIX-2.webp","articleSection":["Cidadania"],"inLanguage":"pt-BR","potentialAction":[{"@type":"CommentAction","name":"Comment","target":["https:\/\/tribunademinas.audiencelabs.com.br\/critica-de-nikolas-ferreira-a-medida-no-pix-acende-polemica-nas-redes\/#respond"]}]},{"@type":"WebPage","@id":"https:\/\/tribunademinas.audiencelabs.com.br\/critica-de-nikolas-ferreira-a-medida-no-pix-acende-polemica-nas-redes\/","url":"https:\/\/tribunademinas.audiencelabs.com.br\/critica-de-nikolas-ferreira-a-medida-no-pix-acende-polemica-nas-redes\/","name":"Cr\u00edtica de Nikolas Ferreira \u00e0 medida no Pix acende pol\u00eamica nas redes","isPartOf":{"@id":"https:\/\/tribunademinas.audiencelabs.com.br\/#website"},"primaryImageOfPage":{"@id":"https:\/\/tribunademinas.audiencelabs.com.br\/critica-de-nikolas-ferreira-a-medida-no-pix-acende-polemica-nas-redes\/#primaryimage"},"image":{"@id":"https:\/\/tribunademinas.audiencelabs.com.br\/critica-de-nikolas-ferreira-a-medida-no-pix-acende-polemica-nas-redes\/#primaryimage"},"thumbnailUrl":"https:\/\/tribunademinas.audiencelabs.com.br\/wp-content\/uploads\/2025\/11\/PIX-2.webp","datePublished":"2025-11-27T11:45:00+00:00","description":"O deputado federal Nikolas Ferreira voltou ao centro dos debates ap\u00f3s fazer um coment\u00e1rio ir\u00f4nico sobre a nova atualiza\u00e7\u00e3o do Pix.","breadcrumb":{"@id":"https:\/\/tribunademinas.audiencelabs.com.br\/critica-de-nikolas-ferreira-a-medida-no-pix-acende-polemica-nas-redes\/#breadcrumb"},"inLanguage":"pt-BR","potentialAction":[{"@type":"ReadAction","target":["https:\/\/tribunademinas.audiencelabs.com.br\/critica-de-nikolas-ferreira-a-medida-no-pix-acende-polemica-nas-redes\/"]}]},{"@type":"ImageObject","inLanguage":"pt-BR","@id":"https:\/\/tribunademinas.audiencelabs.com.br\/critica-de-nikolas-ferreira-a-medida-no-pix-acende-polemica-nas-redes\/#primaryimage","url":"https:\/\/tribunademinas.audiencelabs.com.br\/wp-content\/uploads\/2025\/11\/PIX-2.webp","contentUrl":"https:\/\/tribunademinas.audiencelabs.com.br\/wp-content\/uploads\/2025\/11\/PIX-2.webp","width":1170,"height":700,"caption":"Cr\u00edtica de Nikolas Ferreira \u00e0 medida no Pix acende pol\u00eamica nas redes - Imagem: Pablo Valadares\/C\u00e2mara dos Deputados"},{"@type":"BreadcrumbList","@id":"https:\/\/tribunademinas.audiencelabs.com.br\/critica-de-nikolas-ferreira-a-medida-no-pix-acende-polemica-nas-redes\/#breadcrumb","itemListElement":[{"@type":"ListItem","position":1,"name":"In\u00edcio","item":"https:\/\/tribunademinas.audiencelabs.com.br\/"},{"@type":"ListItem","position":2,"name":"Cr\u00edtica de Nikolas Ferreira \u00e0 medida no Pix acende pol\u00eamica nas redes"}]},{"@type":"WebSite","@id":"https:\/\/tribunademinas.audiencelabs.com.br\/#website","url":"https:\/\/tribunademinas.audiencelabs.com.br\/","name":"Tribuna de Minas - Dinheiro e Cidadania","description":"","publisher":{"@id":"https:\/\/tribunademinas.audiencelabs.com.br\/#organization"},"potentialAction":[{"@type":"SearchAction","target":{"@type":"EntryPoint","urlTemplate":"https:\/\/tribunademinas.audiencelabs.com.br\/?s={search_term_string}"},"query-input":{"@type":"PropertyValueSpecification","valueRequired":true,"valueName":"search_term_string"}}],"inLanguage":"pt-BR"},{"@type":"Organization","@id":"https:\/\/tribunademinas.audiencelabs.com.br\/#organization","name":"Tribuna de Minas - Dinheiro e Cidadania","url":"https:\/\/tribunademinas.audiencelabs.com.br\/","logo":{"@type":"ImageObject","inLanguage":"pt-BR","@id":"https:\/\/tribunademinas.audiencelabs.com.br\/#\/schema\/logo\/image\/","url":"https:\/\/tribunademinas.audiencelabs.com.br\/wp-content\/uploads\/2025\/08\/cropped-Tribuna_512x512-96x96-1.png","contentUrl":"https:\/\/tribunademinas.audiencelabs.com.br\/wp-content\/uploads\/2025\/08\/cropped-Tribuna_512x512-96x96-1.png","width":96,"height":96,"caption":"Tribuna de Minas - Dinheiro e Cidadania"},"image":{"@id":"https:\/\/tribunademinas.audiencelabs.com.br\/#\/schema\/logo\/image\/"},"sameAs":["https:\/\/www.facebook.com\/tribunademinas\/","https:\/\/x.com\/tribunademinas","https:\/\/www.instagram.com\/tribunademinas\/","https:\/\/www.youtube.com\/user\/TribunadeMinasJF"]},{"@type":"Person","@id":"https:\/\/tribunademinas.audiencelabs.com.br\/#\/schema\/person\/db18fc40307804bacef94213aa68fd9d","name":"Jeferson Carvalho","image":{"@type":"ImageObject","inLanguage":"pt-BR","@id":"https:\/\/tribunademinas.audiencelabs.com.br\/#\/schema\/person\/image\/","url":"https:\/\/secure.gravatar.com\/avatar\/cd7646e328d9670dad7dea8698522e522745eeffcff5b9d08be858e377ce326b?s=96&d=mm&r=g","contentUrl":"https:\/\/secure.gravatar.com\/avatar\/cd7646e328d9670dad7dea8698522e522745eeffcff5b9d08be858e377ce326b?s=96&d=mm&r=g","caption":"Jeferson Carvalho"},"description":"Jornalista apaixonado pela profiss\u00e3o!","url":"https:\/\/tribunademinas.audiencelabs.com.br\/author\/jeferson\/"}]}},"amp_enabled":true,"_links":{"self":[{"href":"https:\/\/tribunademinas.audiencelabs.com.br\/wp-json\/wp\/v2\/posts\/4610","targetHints":{"allow":["GET"]}}],"collection":[{"href":"https:\/\/tribunademinas.audiencelabs.com.br\/wp-json\/wp\/v2\/posts"}],"about":[{"href":"https:\/\/tribunademinas.audiencelabs.com.br\/wp-json\/wp\/v2\/types\/post"}],"author":[{"embeddable":true,"href":"https:\/\/tribunademinas.audiencelabs.com.br\/wp-json\/wp\/v2\/users\/5"}],"replies":[{"embeddable":true,"href":"https:\/\/tribunademinas.audiencelabs.com.br\/wp-json\/wp\/v2\/comments?post=4610"}],"version-history":[{"count":1,"href":"https:\/\/tribunademinas.audiencelabs.com.br\/wp-json\/wp\/v2\/posts\/4610\/revisions"}],"predecessor-version":[{"id":4612,"href":"https:\/\/tribunademinas.audiencelabs.com.br\/wp-json\/wp\/v2\/posts\/4610\/revisions\/4612"}],"wp:featuredmedia":[{"embeddable":true,"href":"https:\/\/tribunademinas.audiencelabs.com.br\/wp-json\/wp\/v2\/media\/4611"}],"wp:attachment":[{"href":"https:\/\/tribunademinas.audiencelabs.com.br\/wp-json\/wp\/v2\/media?parent=4610"}],"wp:term":[{"taxonomy":"category","embeddable":true,"href":"https:\/\/tribunademinas.audiencelabs.com.br\/wp-json\/wp\/v2\/categories?post=4610"},{"taxonomy":"post_tag","embeddable":true,"href":"https:\/\/tribunademinas.audiencelabs.com.br\/wp-json\/wp\/v2\/tags?post=4610"}],"curies":[{"name":"wp","href":"https:\/\/api.w.org\/{rel}","templated":true}]}}