{"id":4606,"date":"2025-11-27T07:45:00","date_gmt":"2025-11-27T10:45:00","guid":{"rendered":"https:\/\/tribunademinas.audiencelabs.com.br\/?p=4606"},"modified":"2025-11-26T18:13:37","modified_gmt":"2025-11-26T21:13:37","slug":"justica-toma-decisao-sobre-demissao-de-gestante-que-cochilou-no-trabalho","status":"publish","type":"post","link":"https:\/\/tribunademinas.audiencelabs.com.br\/justica-toma-decisao-sobre-demissao-de-gestante-que-cochilou-no-trabalho\/","title":{"rendered":"Justi\u00e7a toma decis\u00e3o sobre demiss\u00e3o de gestante que &#8216;cochilou&#8217; no trabalho"},"content":{"rendered":"\n<p>A Justi\u00e7a do Trabalho decidiu reverter a demiss\u00e3o por justa causa de uma funcion\u00e1ria gestante que foi dispensada depois de ser encontrada cochilando durante o turno da madrugada. <\/p>\n\n\n\n<p>A empresa alegava des\u00eddia, argumento usado para justificar a puni\u00e7\u00e3o mais severa prevista na legisla\u00e7\u00e3o trabalhista. <\/p>\n\n\n\n<p>O Tribunal Regional do Trabalho da 6\u00aa Regi\u00e3o concluiu, por\u00e9m, que a puni\u00e7\u00e3o foi desproporcional e que a dispensa ocorreu em um momento que levantou ind\u00edcios de discrimina\u00e7\u00e3o ap\u00f3s a trabalhadora comunicar a gesta\u00e7\u00e3o.<\/p>\n\n\n\n<h2 class=\"wp-block-heading\">Justi\u00e7a toma decis\u00e3o sobre demiss\u00e3o de gestante que &#8216;cochilou&#8217; no trabalho<\/h2>\n\n\n\n<p>Segundo o processo, a empregada atuava em um posto que exigia longos per\u00edodos de espera dentro de um escrit\u00f3rio, entre 22h da noite e 6h da manh\u00e3. <\/p>\n\n\n\n<p>A companhia afirmou que o cochilo representava neglig\u00eancia e queda de produtividade, suficientes para caracterizar falta grave. O empregador citou o artigo 482 da Consolida\u00e7\u00e3o das Leis do Trabalho, que inclui a des\u00eddia como motivo para aplicar justa causa. <\/p>\n\n\n\n<p>Para a empresa, aquele epis\u00f3dio seria prova de comportamento incompat\u00edvel com as obriga\u00e7\u00f5es do cargo.<\/p>\n\n\n\n<p>A defesa da gestante contestou essa vers\u00e3o. Argumentou que o contexto do trabalho favorecia epis\u00f3dios de sonol\u00eancia e que n\u00e3o havia hist\u00f3rico de advert\u00eancias, suspens\u00f5es ou qualquer registro de falhas anteriores. <\/p>\n\n\n\n<p>A reclamante tamb\u00e9m destacou que a demiss\u00e3o aconteceu pouco depois de informar sua gravidez ao empregador, o que, para ela, indicava retalia\u00e7\u00e3o. <\/p>\n\n\n\n<p>Com isso, buscou no Judici\u00e1rio a anula\u00e7\u00e3o da justa causa, o reconhecimento da estabilidade provis\u00f3ria e o pagamento das verbas que deixara de receber.<\/p>\n\n\n\n<h3 class=\"wp-block-heading\">Justi\u00e7a tomou decis\u00e3o sobre demiss\u00e3o de gestante<\/h3>\n\n\n\n<p>Ao analisar o caso, o TRT concluiu que a empresa n\u00e3o apresentou provas suficientes para demonstrar que a funcion\u00e1ria cometia faltas repetidas ou que j\u00e1 havia sido submetida a medidas disciplinares pr\u00e9vias. Para a corte, um epis\u00f3dio isolado n\u00e3o sustenta a penalidade m\u00e1xima. <\/p>\n\n\n\n<p>Os magistrados tamb\u00e9m levaram em conta a proximidade entre a comunica\u00e7\u00e3o da gesta\u00e7\u00e3o e a dispensa, o que refor\u00e7ou a percep\u00e7\u00e3o de discrimina\u00e7\u00e3o. <\/p>\n\n\n\n<p>A decis\u00e3o determinou que a justa causa fosse convertida em demiss\u00e3o imotivada, garantindo o pagamento integral das verbas rescis\u00f3rias e uma indeniza\u00e7\u00e3o por dano moral de dez mil reais.<\/p>\n\n\n\n<p>A legisla\u00e7\u00e3o \u00e9 clara em rela\u00e7\u00e3o \u00e0s trabalhadoras gr\u00e1vidas. A Constitui\u00e7\u00e3o Federal assegura licen\u00e7a de, no m\u00ednimo, cento e vinte dias, sem preju\u00edzo do v\u00ednculo e do sal\u00e1rio. <\/p>\n\n\n\n<p>Al\u00e9m disso, a gestante tem estabilidade desde a confirma\u00e7\u00e3o da gravidez at\u00e9 cinco meses ap\u00f3s o parto. A <a href=\"https:\/\/tribunademinas.com.br\/colunas\/dinheiroecidadania\/barba-proibida-no-trabalho-trabalhador-perde-processo-e-clt-revela-se-e-permitido\/\"><strong>CLT<\/strong><\/a> pro\u00edbe expressamente qualquer forma de dispensa motivada pela gesta\u00e7\u00e3o. <\/p>\n\n\n\n<p>No caso analisado, o tribunal entendeu que esses princ\u00edpios foram violados e que a prote\u00e7\u00e3o \u00e0 maternidade deve prevalecer.<\/p>\n","protected":false},"excerpt":{"rendered":"<p>A Justi\u00e7a do Trabalho decidiu reverter a demiss\u00e3o por justa causa de uma funcion\u00e1ria gestante que foi dispensada depois de ser encontrada cochilando durante o turno da madrugada. A empresa alegava des\u00eddia, argumento usado para justificar a puni\u00e7\u00e3o mais severa prevista na legisla\u00e7\u00e3o trabalhista. O Tribunal Regional do Trabalho da 6\u00aa Regi\u00e3o concluiu, por\u00e9m, que [&hellip;]<\/p>\n","protected":false},"author":5,"featured_media":4607,"comment_status":"open","ping_status":"open","sticky":false,"template":"","format":"standard","meta":{"jnews-multi-image_gallery":[],"jnews_single_post":{"format":"standard"},"jnews_primary_category":[],"jnews_social_meta":[],"jnews_post_split":[],"footnotes":""},"categories":[159],"tags":[],"class_list":["post-4606","post","type-post","status-publish","format-standard","has-post-thumbnail","hentry","category-cidadania"],"yoast_head":"<!-- This site is optimized with the Yoast SEO plugin v25.6 - https:\/\/yoast.com\/wordpress\/plugins\/seo\/ -->\n<title>Justi\u00e7a toma decis\u00e3o sobre demiss\u00e3o de gestante que &#039;cochilou&#039; no trabalho<\/title>\n<meta name=\"description\" content=\"A Justi\u00e7a do Trabalho decidiu reverter a demiss\u00e3o por justa causa de uma funcion\u00e1ria gestante que foi dispensada depois de &quot;cochilar&quot;.\" \/>\n<meta name=\"robots\" content=\"index, follow, max-snippet:-1, max-image-preview:large, max-video-preview:-1\" \/>\n<link rel=\"canonical\" href=\"https:\/\/tribunademinas.audiencelabs.com.br\/justica-toma-decisao-sobre-demissao-de-gestante-que-cochilou-no-trabalho\/\" \/>\n<meta property=\"og:locale\" content=\"pt_BR\" \/>\n<meta property=\"og:type\" content=\"article\" \/>\n<meta property=\"og:title\" content=\"Justi\u00e7a toma decis\u00e3o sobre demiss\u00e3o de gestante que &#039;cochilou&#039; no trabalho\" \/>\n<meta property=\"og:description\" content=\"A Justi\u00e7a do Trabalho decidiu reverter a demiss\u00e3o por justa causa de uma funcion\u00e1ria gestante que foi dispensada depois de &quot;cochilar&quot;.\" \/>\n<meta property=\"og:url\" content=\"https:\/\/tribunademinas.audiencelabs.com.br\/justica-toma-decisao-sobre-demissao-de-gestante-que-cochilou-no-trabalho\/\" \/>\n<meta property=\"og:site_name\" content=\"Tribuna de Minas - Dinheiro e Cidadania\" \/>\n<meta property=\"article:publisher\" content=\"https:\/\/www.facebook.com\/tribunademinas\/\" \/>\n<meta property=\"article:published_time\" content=\"2025-11-27T10:45:00+00:00\" \/>\n<meta property=\"og:image\" content=\"https:\/\/tribunademinas.audiencelabs.com.br\/wp-content\/uploads\/2025\/11\/gestante.jpg\" \/>\n\t<meta property=\"og:image:width\" content=\"1280\" \/>\n\t<meta property=\"og:image:height\" content=\"853\" \/>\n\t<meta property=\"og:image:type\" content=\"image\/jpeg\" \/>\n<meta name=\"author\" content=\"Jeferson Carvalho\" \/>\n<meta name=\"twitter:card\" content=\"summary_large_image\" \/>\n<meta name=\"twitter:creator\" content=\"@tribunademinas\" \/>\n<meta name=\"twitter:site\" content=\"@tribunademinas\" \/>\n<meta name=\"twitter:label1\" content=\"Escrito por\" \/>\n\t<meta name=\"twitter:data1\" content=\"Jeferson Carvalho\" \/>\n\t<meta name=\"twitter:label2\" content=\"Est. tempo de leitura\" \/>\n\t<meta name=\"twitter:data2\" content=\"3 minutos\" \/>\n<!-- \/ Yoast SEO plugin. -->","yoast_head_json":{"title":"Justi\u00e7a toma decis\u00e3o sobre demiss\u00e3o de gestante que 'cochilou' no trabalho","description":"A Justi\u00e7a do Trabalho decidiu reverter a demiss\u00e3o por justa causa de uma funcion\u00e1ria gestante que foi dispensada depois de \"cochilar\".","robots":{"index":"index","follow":"follow","max-snippet":"max-snippet:-1","max-image-preview":"max-image-preview:large","max-video-preview":"max-video-preview:-1"},"canonical":"https:\/\/tribunademinas.audiencelabs.com.br\/justica-toma-decisao-sobre-demissao-de-gestante-que-cochilou-no-trabalho\/","og_locale":"pt_BR","og_type":"article","og_title":"Justi\u00e7a toma decis\u00e3o sobre demiss\u00e3o de gestante que 'cochilou' no trabalho","og_description":"A Justi\u00e7a do Trabalho decidiu reverter a demiss\u00e3o por justa causa de uma funcion\u00e1ria gestante que foi dispensada depois de \"cochilar\".","og_url":"https:\/\/tribunademinas.audiencelabs.com.br\/justica-toma-decisao-sobre-demissao-de-gestante-que-cochilou-no-trabalho\/","og_site_name":"Tribuna de Minas - Dinheiro e Cidadania","article_publisher":"https:\/\/www.facebook.com\/tribunademinas\/","article_published_time":"2025-11-27T10:45:00+00:00","og_image":[{"width":1280,"height":853,"url":"https:\/\/tribunademinas.audiencelabs.com.br\/wp-content\/uploads\/2025\/11\/gestante.jpg","type":"image\/jpeg"}],"author":"Jeferson Carvalho","twitter_card":"summary_large_image","twitter_creator":"@tribunademinas","twitter_site":"@tribunademinas","twitter_misc":{"Escrito por":"Jeferson Carvalho","Est. tempo de leitura":"3 minutos"},"schema":{"@context":"https:\/\/schema.org","@graph":[{"@type":"Article","@id":"https:\/\/tribunademinas.audiencelabs.com.br\/justica-toma-decisao-sobre-demissao-de-gestante-que-cochilou-no-trabalho\/#article","isPartOf":{"@id":"https:\/\/tribunademinas.audiencelabs.com.br\/justica-toma-decisao-sobre-demissao-de-gestante-que-cochilou-no-trabalho\/"},"author":{"name":"Jeferson Carvalho","@id":"https:\/\/tribunademinas.audiencelabs.com.br\/#\/schema\/person\/db18fc40307804bacef94213aa68fd9d"},"headline":"Justi\u00e7a toma decis\u00e3o sobre demiss\u00e3o de gestante que &#8216;cochilou&#8217; no trabalho","datePublished":"2025-11-27T10:45:00+00:00","mainEntityOfPage":{"@id":"https:\/\/tribunademinas.audiencelabs.com.br\/justica-toma-decisao-sobre-demissao-de-gestante-que-cochilou-no-trabalho\/"},"wordCount":506,"commentCount":0,"publisher":{"@id":"https:\/\/tribunademinas.audiencelabs.com.br\/#organization"},"image":{"@id":"https:\/\/tribunademinas.audiencelabs.com.br\/justica-toma-decisao-sobre-demissao-de-gestante-que-cochilou-no-trabalho\/#primaryimage"},"thumbnailUrl":"https:\/\/tribunademinas.audiencelabs.com.br\/wp-content\/uploads\/2025\/11\/gestante.jpg","articleSection":["Cidadania"],"inLanguage":"pt-BR","potentialAction":[{"@type":"CommentAction","name":"Comment","target":["https:\/\/tribunademinas.audiencelabs.com.br\/justica-toma-decisao-sobre-demissao-de-gestante-que-cochilou-no-trabalho\/#respond"]}]},{"@type":"WebPage","@id":"https:\/\/tribunademinas.audiencelabs.com.br\/justica-toma-decisao-sobre-demissao-de-gestante-que-cochilou-no-trabalho\/","url":"https:\/\/tribunademinas.audiencelabs.com.br\/justica-toma-decisao-sobre-demissao-de-gestante-que-cochilou-no-trabalho\/","name":"Justi\u00e7a toma decis\u00e3o sobre demiss\u00e3o de gestante que 'cochilou' no trabalho","isPartOf":{"@id":"https:\/\/tribunademinas.audiencelabs.com.br\/#website"},"primaryImageOfPage":{"@id":"https:\/\/tribunademinas.audiencelabs.com.br\/justica-toma-decisao-sobre-demissao-de-gestante-que-cochilou-no-trabalho\/#primaryimage"},"image":{"@id":"https:\/\/tribunademinas.audiencelabs.com.br\/justica-toma-decisao-sobre-demissao-de-gestante-que-cochilou-no-trabalho\/#primaryimage"},"thumbnailUrl":"https:\/\/tribunademinas.audiencelabs.com.br\/wp-content\/uploads\/2025\/11\/gestante.jpg","datePublished":"2025-11-27T10:45:00+00:00","description":"A Justi\u00e7a do Trabalho decidiu reverter a demiss\u00e3o por justa causa de uma funcion\u00e1ria gestante que foi dispensada depois de \"cochilar\".","breadcrumb":{"@id":"https:\/\/tribunademinas.audiencelabs.com.br\/justica-toma-decisao-sobre-demissao-de-gestante-que-cochilou-no-trabalho\/#breadcrumb"},"inLanguage":"pt-BR","potentialAction":[{"@type":"ReadAction","target":["https:\/\/tribunademinas.audiencelabs.com.br\/justica-toma-decisao-sobre-demissao-de-gestante-que-cochilou-no-trabalho\/"]}]},{"@type":"ImageObject","inLanguage":"pt-BR","@id":"https:\/\/tribunademinas.audiencelabs.com.br\/justica-toma-decisao-sobre-demissao-de-gestante-que-cochilou-no-trabalho\/#primaryimage","url":"https:\/\/tribunademinas.audiencelabs.com.br\/wp-content\/uploads\/2025\/11\/gestante.jpg","contentUrl":"https:\/\/tribunademinas.audiencelabs.com.br\/wp-content\/uploads\/2025\/11\/gestante.jpg","width":1280,"height":853,"caption":"Justi\u00e7a toma decis\u00e3o sobre demiss\u00e3o de gestante que 'cochilou' no trabalho - Imagem: Pixabay"},{"@type":"BreadcrumbList","@id":"https:\/\/tribunademinas.audiencelabs.com.br\/justica-toma-decisao-sobre-demissao-de-gestante-que-cochilou-no-trabalho\/#breadcrumb","itemListElement":[{"@type":"ListItem","position":1,"name":"In\u00edcio","item":"https:\/\/tribunademinas.audiencelabs.com.br\/"},{"@type":"ListItem","position":2,"name":"Justi\u00e7a toma decis\u00e3o sobre demiss\u00e3o de gestante que &#8216;cochilou&#8217; no trabalho"}]},{"@type":"WebSite","@id":"https:\/\/tribunademinas.audiencelabs.com.br\/#website","url":"https:\/\/tribunademinas.audiencelabs.com.br\/","name":"Tribuna de Minas - Dinheiro e Cidadania","description":"","publisher":{"@id":"https:\/\/tribunademinas.audiencelabs.com.br\/#organization"},"potentialAction":[{"@type":"SearchAction","target":{"@type":"EntryPoint","urlTemplate":"https:\/\/tribunademinas.audiencelabs.com.br\/?s={search_term_string}"},"query-input":{"@type":"PropertyValueSpecification","valueRequired":true,"valueName":"search_term_string"}}],"inLanguage":"pt-BR"},{"@type":"Organization","@id":"https:\/\/tribunademinas.audiencelabs.com.br\/#organization","name":"Tribuna de Minas - Dinheiro e Cidadania","url":"https:\/\/tribunademinas.audiencelabs.com.br\/","logo":{"@type":"ImageObject","inLanguage":"pt-BR","@id":"https:\/\/tribunademinas.audiencelabs.com.br\/#\/schema\/logo\/image\/","url":"https:\/\/tribunademinas.audiencelabs.com.br\/wp-content\/uploads\/2025\/08\/cropped-Tribuna_512x512-96x96-1.png","contentUrl":"https:\/\/tribunademinas.audiencelabs.com.br\/wp-content\/uploads\/2025\/08\/cropped-Tribuna_512x512-96x96-1.png","width":96,"height":96,"caption":"Tribuna de Minas - Dinheiro e Cidadania"},"image":{"@id":"https:\/\/tribunademinas.audiencelabs.com.br\/#\/schema\/logo\/image\/"},"sameAs":["https:\/\/www.facebook.com\/tribunademinas\/","https:\/\/x.com\/tribunademinas","https:\/\/www.instagram.com\/tribunademinas\/","https:\/\/www.youtube.com\/user\/TribunadeMinasJF"]},{"@type":"Person","@id":"https:\/\/tribunademinas.audiencelabs.com.br\/#\/schema\/person\/db18fc40307804bacef94213aa68fd9d","name":"Jeferson Carvalho","image":{"@type":"ImageObject","inLanguage":"pt-BR","@id":"https:\/\/tribunademinas.audiencelabs.com.br\/#\/schema\/person\/image\/","url":"https:\/\/secure.gravatar.com\/avatar\/cd7646e328d9670dad7dea8698522e522745eeffcff5b9d08be858e377ce326b?s=96&d=mm&r=g","contentUrl":"https:\/\/secure.gravatar.com\/avatar\/cd7646e328d9670dad7dea8698522e522745eeffcff5b9d08be858e377ce326b?s=96&d=mm&r=g","caption":"Jeferson Carvalho"},"description":"Jornalista apaixonado pela profiss\u00e3o!","url":"https:\/\/tribunademinas.audiencelabs.com.br\/author\/jeferson\/"}]}},"amp_enabled":true,"_links":{"self":[{"href":"https:\/\/tribunademinas.audiencelabs.com.br\/wp-json\/wp\/v2\/posts\/4606","targetHints":{"allow":["GET"]}}],"collection":[{"href":"https:\/\/tribunademinas.audiencelabs.com.br\/wp-json\/wp\/v2\/posts"}],"about":[{"href":"https:\/\/tribunademinas.audiencelabs.com.br\/wp-json\/wp\/v2\/types\/post"}],"author":[{"embeddable":true,"href":"https:\/\/tribunademinas.audiencelabs.com.br\/wp-json\/wp\/v2\/users\/5"}],"replies":[{"embeddable":true,"href":"https:\/\/tribunademinas.audiencelabs.com.br\/wp-json\/wp\/v2\/comments?post=4606"}],"version-history":[{"count":1,"href":"https:\/\/tribunademinas.audiencelabs.com.br\/wp-json\/wp\/v2\/posts\/4606\/revisions"}],"predecessor-version":[{"id":4609,"href":"https:\/\/tribunademinas.audiencelabs.com.br\/wp-json\/wp\/v2\/posts\/4606\/revisions\/4609"}],"wp:featuredmedia":[{"embeddable":true,"href":"https:\/\/tribunademinas.audiencelabs.com.br\/wp-json\/wp\/v2\/media\/4607"}],"wp:attachment":[{"href":"https:\/\/tribunademinas.audiencelabs.com.br\/wp-json\/wp\/v2\/media?parent=4606"}],"wp:term":[{"taxonomy":"category","embeddable":true,"href":"https:\/\/tribunademinas.audiencelabs.com.br\/wp-json\/wp\/v2\/categories?post=4606"},{"taxonomy":"post_tag","embeddable":true,"href":"https:\/\/tribunademinas.audiencelabs.com.br\/wp-json\/wp\/v2\/tags?post=4606"}],"curies":[{"name":"wp","href":"https:\/\/api.w.org\/{rel}","templated":true}]}}