{"id":4570,"date":"2025-11-27T18:00:00","date_gmt":"2025-11-27T21:00:00","guid":{"rendered":"https:\/\/tribunademinas.audiencelabs.com.br\/?p=4570"},"modified":"2025-11-28T12:16:27","modified_gmt":"2025-11-28T15:16:27","slug":"idosos-agora-podem-se-livrar-das-dividas-com-nova-regra-que-protege-renda-essencial","status":"publish","type":"post","link":"https:\/\/tribunademinas.audiencelabs.com.br\/idosos-agora-podem-se-livrar-das-dividas-com-nova-regra-que-protege-renda-essencial\/","title":{"rendered":"Idosos agora podem se livrar das d\u00edvidas com nova regra que protege renda essencial"},"content":{"rendered":"\n<p>De acordo com dados do Instituto Nacional do Seguro Social (INSS), mais de<strong> 28 milh\u00f5es de segurados <\/strong>recebem o piso previdenci\u00e1rio, que equivale ao valor do sal\u00e1rio m\u00ednimo vigente (R$ 1.518).<\/p>\n\n\n\n<p>Somando este fato ao cen\u00e1rio econ\u00f4mico de 2025, muitos idosos brasileiros podem enfrentar dificuldades para manter o equil\u00edbrio financeiro. Contudo, a exposi\u00e7\u00e3o ao risco de endividamento foi minimizada por conta de uma lei estabelecida exclusivamente para evitar esse cen\u00e1rio.<\/p>\n\n\n\n<p>Trata-se da <strong>Lei do Superendividamento<\/strong>, que desde 2021, redefine as rela\u00e7\u00f5es financeiras entre credores e devedores. Em suma, a norma garante que ao menos as necessidades b\u00e1sicas dos consumidores sejam mantidas, evitando o comprometimento integral de renda.<\/p>\n\n\n\n<p>Para isso, a lei n\u00e3o apenas assegura que o consumidor possa contar com o valor m\u00ednimo para garantir sua sobreviv\u00eancia e a de sua fam\u00edlia em seu or\u00e7amento, como ainda promove uma renegocia\u00e7\u00e3o de d\u00edvidas mais justa, restringindo pr\u00e1ticas abusivas de institui\u00e7\u00f5es financeiras.<\/p>\n\n\n\n<p>Isso significa que os credores n\u00e3o apenas devem oferecer valores compat\u00edveis com a realidade financeira dos devedores, como tamb\u00e9m est\u00e3o proibidos de cobrar taxas e tarifas indevidas ou juros muito acima da m\u00e9dia de mercado.<\/p>\n\n\n\n<h2 class=\"wp-block-heading\">D\u00edvidas que podem ser renegociadas pela Lei do Superendividamento<\/h2>\n\n\n<style>@media (min-width: 992px) {\n    .recomendadorV2Area1 {\n        width: 280px;\n    }\n    .recomendadorV2Area2 {\n        padding: 0px 20px;\n        width: calc(100% - 280px);\n    }\n}\n\n@media (max-width: 992px) {\n    .recomendadorV2Button {\n        margin: 0 auto;\n    }\n    .recomendadorV2Area {\n        flex-direction: column;\n        text-align: center;\n    }\n    .recomendadorV2Area2 {\n        padding: 0px 20px;\n    }\n}\n\n.recomendadorV2Area {\n    background: #eeeeee3d;\n    border-radius: 10px;\n    padding: 15px;\n    display: flex;\n    margin: 15px auto;\n    border: 1px solid #00000014;\n    max-width: 800px;\n}\n\n.recomendadorV2Area1 img {\n    width: 280px;\n    height: auto;\n    border-radius: 8px;\n}\n\n.linkrecomendadorv2 {\n    text-decoration: none !important;\n}\n\n.recomendadorV2Area2 .recomendadorV2Type {\n    text-transform: uppercase;\n    font-weight: 500;\n    font-size: 11px;\n    letter-spacing: 2px;\n    color: #666;\n    margin: 12px 0;\n    display: block;\n}\n\n.recomendadorV2Title h2 {\n    padding-top: 0px !important;\n    margin: 0px !important;\n    border-left: none !important;\n    padding-left: 0px !important;\n    line-height: 1.3;\n    color: #000 !important;\n    font-size: 24px;\n    margin-bottom: 12px !important;\n}\n\n.recomendadorV2Desc {\n    color: #333;\n    margin: 12px 0px !important;\n    font-size: 15px;\n    line-height: 1.5;\n}\n\n.recomendadorV2Button {\n    width: auto;\n    max-width: 200px;\n    margin: 0;\n    display: inline-flex;\n    align-items: center;\n    background: #1D3557;\n    border-radius: 8px;\n    color: #fff;\n    height: 36px;\n    justify-content: center;\n    text-align: center;\n    font-size: 14px;\n    padding: 0 20px;\n    transition: background-color 0.2s ease;\n}\n\n.recomendadorV2Button:hover {\n    background: #2a4d7a;\n}\n\n.recomendadorV2Button:after {\n    margin-top: -2px;\n    content: \"\u2192\";\n    padding: 0px 0px 0px 8px;\n}\n\n.recomendadorV2Alert {\n    text-align: left;\n    font-size: 11px;\n    margin-top: 8px;\n    color: #666;\n}\n\n.recomendadorFixedArea {\n    width: 100%;\n    display: flex;\n    justify-content: center;\n    align-items: center;\n}\n\n@media (min-width: 992px) {\n    #recomendadorFixed {\n        width: 32% !important;\n        left: 5%;\n    }\n    .recomendadorCloseFixed{\n        right: inherit !important;\n        left: 378px !important;\n    }\n}\n\n#recomendadorFixed {\n    width: 90%;\n    box-shadow: 0 10px 20px 0px #00000057;\n    display: none;\n    height: 90px;\n    background: #F6F6F6;\n    position: fixed;\n    flex-direction: row;\n    bottom: 10px;\n    z-index: 9999;\n    border-radius: 16px;\n    padding: 7px 10px;\n}\n\n.recomendadorLeftArea {\n    width: 160px;\n}\n\n.recomendadorRightArea h2 {\n    padding-top: 0px;\n    margin: 2px 0px 4px 0px !important;\n    font-weight: 400;\n    text-align: center;\n    padding-left: 0px !important;\n    color: #000 !important;\n    border-left: none !important;\n    line-height: 20px;\n    font-size: 12px !important;\n}\n\n.recomendadorImgFixed {\n    overflow: hidden;\n    padding: 8px 6px;\n    height: 100%;\n}\n\n.recomendadorImgFixed img {\n    height: 100% !important;\n    border-radius: 16px;\n}\n\n.recomendadorRightArea {\n    padding-top: 6px;\n    display: flex;\n    width: calc(100% - 130px);\n    justify-content: space-between;\n    align-items: center;\n    flex-direction: column;\n}\n\n.recomendadorButtonFixed {\n    margin: 0 auto;\n    background: #1D3557;\n    width: 80%;\n    text-align: center;\n    font-size: 10px;\n    color: #FFF;\n    padding: 2px 10px;\n    border-radius: 3px;\n}\n\n.recomendadorButtonFixed:after {\n    margin-top: -3px;\n    content: \"\u2192\";\n    padding: 0px 0px 0px 10px;\n}\n\n.recomendadorAlertFixed {\n    font-weight: 400;\n    text-align: center;\n    color: #484848;\n    font-size: 8px;\n}\n\n.recomendadorCloseFixed {\n    z-index: 99999;\n    display: none;\n    right: 0px;\n    left: inherit;\n    bottom: 99px;\n    position: fixed;\n    justify-content: center;\n    background: #F6F6F6;\n    width: 25px;\n    align-items: center;\n    height: 25px;\n    font-weight: 800;\n    border-radius: 50%;\n    border: 1px solid #EBEBEB;\n}\n\n.recomendadorV2Desc{\n    color: #000000;\n    margin: 20px 0px;\n}\n\n@media (max-width: 576px) {\n    .recomendadorV2Area {\n      padding: 10px;\n      max-width: 100%;\n    }\n  \n    .recomendadorV2Area1 img {\n      width: 100%;\n      border-radius: 6px;\n    }\n  \n    .recomendadorV2Area2 .recomendadorV2Type {\n      font-size: 9px;\n      letter-spacing: 1px;\n      margin: 8px 0;\n    }\n  \n    .recomendadorV2Title h2 {\n      font-size: 18px !important;\n      margin-bottom: 8px !important;\n      line-height: 1.2;\n    }\n  \n    .recomendadorV2Desc {\n      font-size: 14px;\n      margin: 8px 0 !important;\n      line-height: 1.4;\n    }\n  \n    .recomendadorV2Button {\n      font-size: 12px;\n      height: 30px;\n      padding: 0 12px;\n      max-width: 160px;\n    }\n  \n    .recomendadorV2Button:after {\n      padding-left: 6px;\n    }\n  }\n  <\/style>\n        <div class=\"lazyblock-recomendador-v2-2jDGz wp-block-lazyblock-recomendador-v2\">\n        <a class=\"linkrecomendadorv2\" href=\"https:\/\/tribunademinas.com.br\/colunas\/maistendencias\/24-milhoes-de-segurados-vao-receber-pagamento-extra-do-inss\/?utm_source=lazy\">\n            <div class=\"recomendadorV2Area\">\n            <div class=\"recomendadorV2Area1\">\n                <div class=\"recomendadorV2Img\">\n                <img class=\"lazyloaded\" decoding=\"async\" src=\"https:\/\/tribunademinas.com.br\/colunas\/maistendencias\/wp-content\/uploads\/2025\/01\/000000-23-750x375.jpg\" data-src=\"https:\/\/tribunademinas.com.br\/colunas\/maistendencias\/wp-content\/uploads\/2025\/01\/000000-23-750x375.jpg\" alt=\"\">\n                <\/div>\n            <\/div>\n            <div class=\"recomendadorV2Area2\">\n                <div class=\"recomendadorV2Type\">\n                    <span>Pagamento INSS<\/span>\n                <\/div>\n                <div class=\"recomendadorV2Title\">\n                <h2><span>Extra liberado \ud83d\udcb5<\/span><\/h2>\n                <\/div>\n                <div class=\"recomendadorV2Desc\">\n                <span>24 milh\u00f5es de segurados v\u00e3o receber valor adicional<\/span>\n                <\/div>\n                <div class=\"recomendadorV2Button\">Veja datas<\/div>\n                <div class=\"recomendadorV2Alert\"><\/div>\n            <\/div>\n            <\/div>\n        <\/a>\n        <div>\n            <div style=\"z-index:99999;\" id=\"buttonClose\" onclick=\"closeRecomendadorFixed()\">\n            <div class=\"recomendadorCloseFixed\">X<\/div>\n            <\/div>\n            <a href=\"https:\/\/tribunademinas.com.br\/colunas\/maistendencias\/24-milhoes-de-segurados-vao-receber-pagamento-extra-do-inss\/?utm_source=lazy\">\n            <div class=\"recomendadorFixedArea\">\n                <div id=\"recomendadorFixed\">\n                <div class=\"recomendadorLeftArea\">\n                    <div class=\"recomendadorImgFixed\">\n                    <img class=\"lazyload\" decoding=\"async\" src=\"https:\/\/tribunademinas.com.br\/colunas\/maistendencias\/wp-content\/uploads\/2025\/01\/000000-23-750x375.jpg\" alt=\"\">\n                    <\/div>\n                <\/div>\n                <div class=\"recomendadorRightArea\">\n                    <div class=\"recomendadorTitleFixed\">\n                    <h2><span>Extra liberado \ud83d\udcb5<\/span><\/h2>\n                    <\/div>\n                    <div class=\"recomendadorButtonFixed\">Veja datas<\/div>\n                    <div class=\"recomendadorAlertFixed\"><\/div>\n                <\/div>\n                <\/div>\n            <\/div>\n            <\/a>\n        <\/div>\n        <\/div>\n\n\n\n<p>Para ter acesso \u00e0s prote\u00e7\u00f5es da Lei do Superendividamento, \u00e9 necess\u00e1rio que as d\u00edvidas<strong> tenham sido contra\u00eddas de boa-f\u00e9<\/strong>. Em outras palavras, o consumidor n\u00e3o pode assumir compromissos financeiros de maneira proposital.<\/p>\n\n\n\n<p>Caso o consumidor comprove que se enquadra nos crit\u00e9rios da lei, diferentes tipos de d\u00edvidas podem ser inclu\u00eddas no processo, passando a receber condi\u00e7\u00f5es especiais para sua quita\u00e7\u00e3o. Entre elas, destacam-se:<\/p>\n\n\n\n<ul class=\"wp-block-list\">\n<li>Contas de consumo (\u00e1gua, luz, g\u00e1s, telefone, internet);<\/li>\n\n\n\n<li>Cart\u00e3o de cr\u00e9dito e cheque especial;<\/li>\n\n\n\n<li>Empr\u00e9stimos pessoais e consignados;<\/li>\n\n\n\n<li>Carn\u00eas e credi\u00e1rios;<\/li>\n\n\n\n<li>D\u00e9bitos decorrentes de contratos com institui\u00e7\u00f5es financeiras;<\/li>\n\n\n\n<li>Parcelamentos.<\/li>\n<\/ul>\n\n\n\n<p>Em contrapartida, d\u00edvidas com garantia real, como financiamentos imobili\u00e1rios e de ve\u00edculos, ou de origem tribut\u00e1ria ou alimentar, como multas e pens\u00f5es, n\u00e3o s\u00e3o englobadas pela lei.<\/p>\n","protected":false},"excerpt":{"rendered":"<p>De acordo com dados do Instituto Nacional do Seguro Social (INSS), mais de 28 milh\u00f5es de segurados recebem o piso previdenci\u00e1rio, que equivale ao valor do sal\u00e1rio m\u00ednimo vigente (R$ 1.518). Somando este fato ao cen\u00e1rio econ\u00f4mico de 2025, muitos idosos brasileiros podem enfrentar dificuldades para manter o equil\u00edbrio financeiro. Contudo, a exposi\u00e7\u00e3o ao risco [&hellip;]<\/p>\n","protected":false},"author":3,"featured_media":4571,"comment_status":"open","ping_status":"open","sticky":false,"template":"","format":"standard","meta":{"jnews-multi-image_gallery":[],"jnews_single_post":{"format":"standard"},"jnews_primary_category":[],"jnews_social_meta":[],"jnews_post_split":[],"footnotes":""},"categories":[1],"tags":[],"class_list":["post-4570","post","type-post","status-publish","format-standard","has-post-thumbnail","hentry","category-dinheiro"],"yoast_head":"<!-- This site is optimized with the Yoast SEO plugin v25.6 - https:\/\/yoast.com\/wordpress\/plugins\/seo\/ -->\n<title>Idosos agora podem se livrar das d\u00edvidas com nova regra que protege renda essencial<\/title>\n<meta name=\"robots\" content=\"index, follow, max-snippet:-1, max-image-preview:large, max-video-preview:-1\" \/>\n<link rel=\"canonical\" href=\"https:\/\/tribunademinas.audiencelabs.com.br\/idosos-agora-podem-se-livrar-das-dividas-com-nova-regra-que-protege-renda-essencial\/\" \/>\n<meta property=\"og:locale\" content=\"pt_BR\" \/>\n<meta property=\"og:type\" content=\"article\" \/>\n<meta property=\"og:title\" content=\"Idosos agora podem se livrar das d\u00edvidas com nova regra que protege renda essencial\" \/>\n<meta property=\"og:description\" content=\"De acordo com dados do Instituto Nacional do Seguro Social (INSS), mais de 28 milh\u00f5es de segurados recebem o piso previdenci\u00e1rio, que equivale ao valor do sal\u00e1rio m\u00ednimo vigente (R$ 1.518). Somando este fato ao cen\u00e1rio econ\u00f4mico de 2025, muitos idosos brasileiros podem enfrentar dificuldades para manter o equil\u00edbrio financeiro. Contudo, a exposi\u00e7\u00e3o ao risco [&hellip;]\" \/>\n<meta property=\"og:url\" content=\"https:\/\/tribunademinas.audiencelabs.com.br\/idosos-agora-podem-se-livrar-das-dividas-com-nova-regra-que-protege-renda-essencial\/\" \/>\n<meta property=\"og:site_name\" content=\"Tribuna de Minas - Dinheiro e Cidadania\" \/>\n<meta property=\"article:publisher\" content=\"https:\/\/www.facebook.com\/tribunademinas\/\" \/>\n<meta property=\"article:published_time\" content=\"2025-11-27T21:00:00+00:00\" \/>\n<meta property=\"article:modified_time\" content=\"2025-11-28T15:16:27+00:00\" \/>\n<meta property=\"og:image\" content=\"https:\/\/tribunademinas.audiencelabs.com.br\/wp-content\/uploads\/2025\/11\/idosos-se-livrar-dividas-nova-regra-protege-renda-essencial.jpg\" \/>\n\t<meta property=\"og:image:width\" content=\"2000\" \/>\n\t<meta property=\"og:image:height\" content=\"1125\" \/>\n\t<meta property=\"og:image:type\" content=\"image\/jpeg\" \/>\n<meta name=\"author\" content=\"Jo\u00e3o Carlos Gomes\" \/>\n<meta name=\"twitter:card\" content=\"summary_large_image\" \/>\n<meta name=\"twitter:creator\" content=\"@tribunademinas\" \/>\n<meta name=\"twitter:site\" content=\"@tribunademinas\" \/>\n<meta name=\"twitter:label1\" content=\"Escrito por\" \/>\n\t<meta name=\"twitter:data1\" content=\"Jo\u00e3o Carlos Gomes\" \/>\n\t<meta name=\"twitter:label2\" content=\"Est. tempo de leitura\" \/>\n\t<meta name=\"twitter:data2\" content=\"3 minutos\" \/>\n<!-- \/ Yoast SEO plugin. -->","yoast_head_json":{"title":"Idosos agora podem se livrar das d\u00edvidas com nova regra que protege renda essencial","robots":{"index":"index","follow":"follow","max-snippet":"max-snippet:-1","max-image-preview":"max-image-preview:large","max-video-preview":"max-video-preview:-1"},"canonical":"https:\/\/tribunademinas.audiencelabs.com.br\/idosos-agora-podem-se-livrar-das-dividas-com-nova-regra-que-protege-renda-essencial\/","og_locale":"pt_BR","og_type":"article","og_title":"Idosos agora podem se livrar das d\u00edvidas com nova regra que protege renda essencial","og_description":"De acordo com dados do Instituto Nacional do Seguro Social (INSS), mais de 28 milh\u00f5es de segurados recebem o piso previdenci\u00e1rio, que equivale ao valor do sal\u00e1rio m\u00ednimo vigente (R$ 1.518). Somando este fato ao cen\u00e1rio econ\u00f4mico de 2025, muitos idosos brasileiros podem enfrentar dificuldades para manter o equil\u00edbrio financeiro. Contudo, a exposi\u00e7\u00e3o ao risco [&hellip;]","og_url":"https:\/\/tribunademinas.audiencelabs.com.br\/idosos-agora-podem-se-livrar-das-dividas-com-nova-regra-que-protege-renda-essencial\/","og_site_name":"Tribuna de Minas - Dinheiro e Cidadania","article_publisher":"https:\/\/www.facebook.com\/tribunademinas\/","article_published_time":"2025-11-27T21:00:00+00:00","article_modified_time":"2025-11-28T15:16:27+00:00","og_image":[{"width":2000,"height":1125,"url":"https:\/\/tribunademinas.audiencelabs.com.br\/wp-content\/uploads\/2025\/11\/idosos-se-livrar-dividas-nova-regra-protege-renda-essencial.jpg","type":"image\/jpeg"}],"author":"Jo\u00e3o Carlos Gomes","twitter_card":"summary_large_image","twitter_creator":"@tribunademinas","twitter_site":"@tribunademinas","twitter_misc":{"Escrito por":"Jo\u00e3o Carlos Gomes","Est. tempo de leitura":"3 minutos"},"schema":{"@context":"https:\/\/schema.org","@graph":[{"@type":"Article","@id":"https:\/\/tribunademinas.audiencelabs.com.br\/idosos-agora-podem-se-livrar-das-dividas-com-nova-regra-que-protege-renda-essencial\/#article","isPartOf":{"@id":"https:\/\/tribunademinas.audiencelabs.com.br\/idosos-agora-podem-se-livrar-das-dividas-com-nova-regra-que-protege-renda-essencial\/"},"author":{"name":"Jo\u00e3o Carlos Gomes","@id":"https:\/\/tribunademinas.audiencelabs.com.br\/#\/schema\/person\/37af466a64a722fadb8ef6841c52114f"},"headline":"Idosos agora podem se livrar das d\u00edvidas com nova regra que protege renda essencial","datePublished":"2025-11-27T21:00:00+00:00","dateModified":"2025-11-28T15:16:27+00:00","mainEntityOfPage":{"@id":"https:\/\/tribunademinas.audiencelabs.com.br\/idosos-agora-podem-se-livrar-das-dividas-com-nova-regra-que-protege-renda-essencial\/"},"wordCount":429,"commentCount":0,"publisher":{"@id":"https:\/\/tribunademinas.audiencelabs.com.br\/#organization"},"image":{"@id":"https:\/\/tribunademinas.audiencelabs.com.br\/idosos-agora-podem-se-livrar-das-dividas-com-nova-regra-que-protege-renda-essencial\/#primaryimage"},"thumbnailUrl":"https:\/\/tribunademinas.audiencelabs.com.br\/wp-content\/uploads\/2025\/11\/idosos-se-livrar-dividas-nova-regra-protege-renda-essencial.jpg","articleSection":["Dinheiro"],"inLanguage":"pt-BR","potentialAction":[{"@type":"CommentAction","name":"Comment","target":["https:\/\/tribunademinas.audiencelabs.com.br\/idosos-agora-podem-se-livrar-das-dividas-com-nova-regra-que-protege-renda-essencial\/#respond"]}]},{"@type":"WebPage","@id":"https:\/\/tribunademinas.audiencelabs.com.br\/idosos-agora-podem-se-livrar-das-dividas-com-nova-regra-que-protege-renda-essencial\/","url":"https:\/\/tribunademinas.audiencelabs.com.br\/idosos-agora-podem-se-livrar-das-dividas-com-nova-regra-que-protege-renda-essencial\/","name":"Idosos agora podem se livrar das d\u00edvidas com nova regra que protege renda essencial","isPartOf":{"@id":"https:\/\/tribunademinas.audiencelabs.com.br\/#website"},"primaryImageOfPage":{"@id":"https:\/\/tribunademinas.audiencelabs.com.br\/idosos-agora-podem-se-livrar-das-dividas-com-nova-regra-que-protege-renda-essencial\/#primaryimage"},"image":{"@id":"https:\/\/tribunademinas.audiencelabs.com.br\/idosos-agora-podem-se-livrar-das-dividas-com-nova-regra-que-protege-renda-essencial\/#primaryimage"},"thumbnailUrl":"https:\/\/tribunademinas.audiencelabs.com.br\/wp-content\/uploads\/2025\/11\/idosos-se-livrar-dividas-nova-regra-protege-renda-essencial.jpg","datePublished":"2025-11-27T21:00:00+00:00","dateModified":"2025-11-28T15:16:27+00:00","breadcrumb":{"@id":"https:\/\/tribunademinas.audiencelabs.com.br\/idosos-agora-podem-se-livrar-das-dividas-com-nova-regra-que-protege-renda-essencial\/#breadcrumb"},"inLanguage":"pt-BR","potentialAction":[{"@type":"ReadAction","target":["https:\/\/tribunademinas.audiencelabs.com.br\/idosos-agora-podem-se-livrar-das-dividas-com-nova-regra-que-protege-renda-essencial\/"]}]},{"@type":"ImageObject","inLanguage":"pt-BR","@id":"https:\/\/tribunademinas.audiencelabs.com.br\/idosos-agora-podem-se-livrar-das-dividas-com-nova-regra-que-protege-renda-essencial\/#primaryimage","url":"https:\/\/tribunademinas.audiencelabs.com.br\/wp-content\/uploads\/2025\/11\/idosos-se-livrar-dividas-nova-regra-protege-renda-essencial.jpg","contentUrl":"https:\/\/tribunademinas.audiencelabs.com.br\/wp-content\/uploads\/2025\/11\/idosos-se-livrar-dividas-nova-regra-protege-renda-essencial.jpg","width":2000,"height":1125,"caption":"Foto: Freepik"},{"@type":"BreadcrumbList","@id":"https:\/\/tribunademinas.audiencelabs.com.br\/idosos-agora-podem-se-livrar-das-dividas-com-nova-regra-que-protege-renda-essencial\/#breadcrumb","itemListElement":[{"@type":"ListItem","position":1,"name":"In\u00edcio","item":"https:\/\/tribunademinas.audiencelabs.com.br\/"},{"@type":"ListItem","position":2,"name":"Idosos agora podem se livrar das d\u00edvidas com nova regra que protege renda essencial"}]},{"@type":"WebSite","@id":"https:\/\/tribunademinas.audiencelabs.com.br\/#website","url":"https:\/\/tribunademinas.audiencelabs.com.br\/","name":"Tribuna de Minas - Dinheiro e Cidadania","description":"","publisher":{"@id":"https:\/\/tribunademinas.audiencelabs.com.br\/#organization"},"potentialAction":[{"@type":"SearchAction","target":{"@type":"EntryPoint","urlTemplate":"https:\/\/tribunademinas.audiencelabs.com.br\/?s={search_term_string}"},"query-input":{"@type":"PropertyValueSpecification","valueRequired":true,"valueName":"search_term_string"}}],"inLanguage":"pt-BR"},{"@type":"Organization","@id":"https:\/\/tribunademinas.audiencelabs.com.br\/#organization","name":"Tribuna de Minas - Dinheiro e Cidadania","url":"https:\/\/tribunademinas.audiencelabs.com.br\/","logo":{"@type":"ImageObject","inLanguage":"pt-BR","@id":"https:\/\/tribunademinas.audiencelabs.com.br\/#\/schema\/logo\/image\/","url":"https:\/\/tribunademinas.audiencelabs.com.br\/wp-content\/uploads\/2025\/08\/cropped-Tribuna_512x512-96x96-1.png","contentUrl":"https:\/\/tribunademinas.audiencelabs.com.br\/wp-content\/uploads\/2025\/08\/cropped-Tribuna_512x512-96x96-1.png","width":96,"height":96,"caption":"Tribuna de Minas - Dinheiro e Cidadania"},"image":{"@id":"https:\/\/tribunademinas.audiencelabs.com.br\/#\/schema\/logo\/image\/"},"sameAs":["https:\/\/www.facebook.com\/tribunademinas\/","https:\/\/x.com\/tribunademinas","https:\/\/www.instagram.com\/tribunademinas\/","https:\/\/www.youtube.com\/user\/TribunadeMinasJF"]},{"@type":"Person","@id":"https:\/\/tribunademinas.audiencelabs.com.br\/#\/schema\/person\/37af466a64a722fadb8ef6841c52114f","name":"Jo\u00e3o Carlos Gomes","image":{"@type":"ImageObject","inLanguage":"pt-BR","@id":"https:\/\/tribunademinas.audiencelabs.com.br\/#\/schema\/person\/image\/","url":"https:\/\/secure.gravatar.com\/avatar\/4ce4672dbdd694b329cd6fdb51bee7d1409be1f0ff76a537e4c4a737b2c7d1a9?s=96&d=mm&r=g","contentUrl":"https:\/\/secure.gravatar.com\/avatar\/4ce4672dbdd694b329cd6fdb51bee7d1409be1f0ff76a537e4c4a737b2c7d1a9?s=96&d=mm&r=g","caption":"Jo\u00e3o Carlos Gomes"},"description":"Jornalista formado pelo Centro Universit\u00e1rio Carioca, apreciador da Bossa Nova ao Metal Extremo, criador de conte\u00fado e m\u00fasico independente nas horas vagas.","url":"https:\/\/tribunademinas.audiencelabs.com.br\/author\/joaoc-junior\/"}]}},"amp_enabled":true,"_links":{"self":[{"href":"https:\/\/tribunademinas.audiencelabs.com.br\/wp-json\/wp\/v2\/posts\/4570","targetHints":{"allow":["GET"]}}],"collection":[{"href":"https:\/\/tribunademinas.audiencelabs.com.br\/wp-json\/wp\/v2\/posts"}],"about":[{"href":"https:\/\/tribunademinas.audiencelabs.com.br\/wp-json\/wp\/v2\/types\/post"}],"author":[{"embeddable":true,"href":"https:\/\/tribunademinas.audiencelabs.com.br\/wp-json\/wp\/v2\/users\/3"}],"replies":[{"embeddable":true,"href":"https:\/\/tribunademinas.audiencelabs.com.br\/wp-json\/wp\/v2\/comments?post=4570"}],"version-history":[{"count":2,"href":"https:\/\/tribunademinas.audiencelabs.com.br\/wp-json\/wp\/v2\/posts\/4570\/revisions"}],"predecessor-version":[{"id":4636,"href":"https:\/\/tribunademinas.audiencelabs.com.br\/wp-json\/wp\/v2\/posts\/4570\/revisions\/4636"}],"wp:featuredmedia":[{"embeddable":true,"href":"https:\/\/tribunademinas.audiencelabs.com.br\/wp-json\/wp\/v2\/media\/4571"}],"wp:attachment":[{"href":"https:\/\/tribunademinas.audiencelabs.com.br\/wp-json\/wp\/v2\/media?parent=4570"}],"wp:term":[{"taxonomy":"category","embeddable":true,"href":"https:\/\/tribunademinas.audiencelabs.com.br\/wp-json\/wp\/v2\/categories?post=4570"},{"taxonomy":"post_tag","embeddable":true,"href":"https:\/\/tribunademinas.audiencelabs.com.br\/wp-json\/wp\/v2\/tags?post=4570"}],"curies":[{"name":"wp","href":"https:\/\/api.w.org\/{rel}","templated":true}]}}