{"id":4567,"date":"2025-11-27T16:00:00","date_gmt":"2025-11-27T19:00:00","guid":{"rendered":"https:\/\/tribunademinas.audiencelabs.com.br\/?p=4567"},"modified":"2025-11-26T15:28:19","modified_gmt":"2025-11-26T18:28:19","slug":"mudanca-no-ir-permite-reavaliar-bens-e-veiculos-conforme-mercado","status":"publish","type":"post","link":"https:\/\/tribunademinas.audiencelabs.com.br\/mudanca-no-ir-permite-reavaliar-bens-e-veiculos-conforme-mercado\/","title":{"rendered":"Mudan\u00e7a no IR permite reavaliar bens e ve\u00edculos conforme mercado"},"content":{"rendered":"\n<p>Nesta segunda-feira (24), o presidente Luiz In\u00e1cio Lula da Silva sancionou a Lei n\u00ba 15.265\/2025, que institui o <strong>Regime Especial de Atualiza\u00e7\u00e3o e Regulariza\u00e7\u00e3o Patrimonial (REARP)<\/strong>, mecanismo que pode redesenhar o planejamento fiscal de propriet\u00e1rios de im\u00f3veis e ve\u00edculos junto \u00e0 Receita Federal.<\/p>\n\n\n\n<p>Isso porque a medida autoriza a atualiza\u00e7\u00e3o do valor declarado dos bens no Imposto de Renda (IR) <strong>de acordo com o valor de mercado<\/strong>, refletindo assim a situa\u00e7\u00e3o patrimonial do contribuinte de forma mais realista.<\/p>\n\n\n\n<p>Vale lembrar que, at\u00e9 ent\u00e3o, pessoas f\u00edsicas n\u00e3o podiam atualizar o valor de aquisi\u00e7\u00e3o de bens de longa dura\u00e7\u00e3o em suas declara\u00e7\u00f5es anuais. Contudo, gra\u00e7as ao REARP, isso ser\u00e1 poss\u00edvel mediante o <strong>pagamento de uma al\u00edquota definitiva de 4% <\/strong>sobre a diferen\u00e7a entre os valores.<\/p>\n\n\n\n<p>Desta forma, o governo federal pretende corrigir uma distor\u00e7\u00e3o hist\u00f3rica do sistema tribut\u00e1rio brasileiro enquanto estimula a conformidade fiscal, criando uma alternativa para que bens n\u00e3o declarados sejam finalmente inclu\u00eddos no Imposto de Renda.<\/p>\n\n\n\n<h2 class=\"wp-block-heading\">Bens contemplados pelo REARP: confira a lista<\/h2>\n\n\n<style>@media (min-width: 992px) {\n    .recomendadorV2Area1 {\n        width: 280px;\n    }\n    .recomendadorV2Area2 {\n        padding: 0px 20px;\n        width: calc(100% - 280px);\n    }\n}\n\n@media (max-width: 992px) {\n    .recomendadorV2Button {\n        margin: 0 auto;\n    }\n    .recomendadorV2Area {\n        flex-direction: column;\n        text-align: center;\n    }\n    .recomendadorV2Area2 {\n        padding: 0px 20px;\n    }\n}\n\n.recomendadorV2Area {\n    background: #eeeeee3d;\n    border-radius: 10px;\n    padding: 15px;\n    display: flex;\n    margin: 15px auto;\n    border: 1px solid #00000014;\n    max-width: 800px;\n}\n\n.recomendadorV2Area1 img {\n    width: 280px;\n    height: auto;\n    border-radius: 8px;\n}\n\n.linkrecomendadorv2 {\n    text-decoration: none !important;\n}\n\n.recomendadorV2Area2 .recomendadorV2Type {\n    text-transform: uppercase;\n    font-weight: 500;\n    font-size: 11px;\n    letter-spacing: 2px;\n    color: #666;\n    margin: 12px 0;\n    display: block;\n}\n\n.recomendadorV2Title h2 {\n    padding-top: 0px !important;\n    margin: 0px !important;\n    border-left: none !important;\n    padding-left: 0px !important;\n    line-height: 1.3;\n    color: #000 !important;\n    font-size: 24px;\n    margin-bottom: 12px !important;\n}\n\n.recomendadorV2Desc {\n    color: #333;\n    margin: 12px 0px !important;\n    font-size: 15px;\n    line-height: 1.5;\n}\n\n.recomendadorV2Button {\n    width: auto;\n    max-width: 200px;\n    margin: 0;\n    display: inline-flex;\n    align-items: center;\n    background: #1D3557;\n    border-radius: 8px;\n    color: #fff;\n    height: 36px;\n    justify-content: center;\n    text-align: center;\n    font-size: 14px;\n    padding: 0 20px;\n    transition: background-color 0.2s ease;\n}\n\n.recomendadorV2Button:hover {\n    background: #2a4d7a;\n}\n\n.recomendadorV2Button:after {\n    margin-top: -2px;\n    content: \"\u2192\";\n    padding: 0px 0px 0px 8px;\n}\n\n.recomendadorV2Alert {\n    text-align: left;\n    font-size: 11px;\n    margin-top: 8px;\n    color: #666;\n}\n\n.recomendadorFixedArea {\n    width: 100%;\n    display: flex;\n    justify-content: center;\n    align-items: center;\n}\n\n@media (min-width: 992px) {\n    #recomendadorFixed {\n        width: 32% !important;\n        left: 5%;\n    }\n    .recomendadorCloseFixed{\n        right: inherit !important;\n        left: 378px !important;\n    }\n}\n\n#recomendadorFixed {\n    width: 90%;\n    box-shadow: 0 10px 20px 0px #00000057;\n    display: none;\n    height: 90px;\n    background: #F6F6F6;\n    position: fixed;\n    flex-direction: row;\n    bottom: 10px;\n    z-index: 9999;\n    border-radius: 16px;\n    padding: 7px 10px;\n}\n\n.recomendadorLeftArea {\n    width: 160px;\n}\n\n.recomendadorRightArea h2 {\n    padding-top: 0px;\n    margin: 2px 0px 4px 0px !important;\n    font-weight: 400;\n    text-align: center;\n    padding-left: 0px !important;\n    color: #000 !important;\n    border-left: none !important;\n    line-height: 20px;\n    font-size: 12px !important;\n}\n\n.recomendadorImgFixed {\n    overflow: hidden;\n    padding: 8px 6px;\n    height: 100%;\n}\n\n.recomendadorImgFixed img {\n    height: 100% !important;\n    border-radius: 16px;\n}\n\n.recomendadorRightArea {\n    padding-top: 6px;\n    display: flex;\n    width: calc(100% - 130px);\n    justify-content: space-between;\n    align-items: center;\n    flex-direction: column;\n}\n\n.recomendadorButtonFixed {\n    margin: 0 auto;\n    background: #1D3557;\n    width: 80%;\n    text-align: center;\n    font-size: 10px;\n    color: #FFF;\n    padding: 2px 10px;\n    border-radius: 3px;\n}\n\n.recomendadorButtonFixed:after {\n    margin-top: -3px;\n    content: \"\u2192\";\n    padding: 0px 0px 0px 10px;\n}\n\n.recomendadorAlertFixed {\n    font-weight: 400;\n    text-align: center;\n    color: #484848;\n    font-size: 8px;\n}\n\n.recomendadorCloseFixed {\n    z-index: 99999;\n    display: none;\n    right: 0px;\n    left: inherit;\n    bottom: 99px;\n    position: fixed;\n    justify-content: center;\n    background: #F6F6F6;\n    width: 25px;\n    align-items: center;\n    height: 25px;\n    font-weight: 800;\n    border-radius: 50%;\n    border: 1px solid #EBEBEB;\n}\n\n.recomendadorV2Desc{\n    color: #000000;\n    margin: 20px 0px;\n}\n\n@media (max-width: 576px) {\n    .recomendadorV2Area {\n      padding: 10px;\n      max-width: 100%;\n    }\n  \n    .recomendadorV2Area1 img {\n      width: 100%;\n      border-radius: 6px;\n    }\n  \n    .recomendadorV2Area2 .recomendadorV2Type {\n      font-size: 9px;\n      letter-spacing: 1px;\n      margin: 8px 0;\n    }\n  \n    .recomendadorV2Title h2 {\n      font-size: 18px !important;\n      margin-bottom: 8px !important;\n      line-height: 1.2;\n    }\n  \n    .recomendadorV2Desc {\n      font-size: 14px;\n      margin: 8px 0 !important;\n      line-height: 1.4;\n    }\n  \n    .recomendadorV2Button {\n      font-size: 12px;\n      height: 30px;\n      padding: 0 12px;\n      max-width: 160px;\n    }\n  \n    .recomendadorV2Button:after {\n      padding-left: 6px;\n    }\n  }\n  <\/style>\n        <div class=\"lazyblock-recomendador-v2-2jDGz wp-block-lazyblock-recomendador-v2\">\n        <a class=\"linkrecomendadorv2\" href=\"https:\/\/tribunademinas.com.br\/colunas\/dinheiroecidadania\/desenquadramento-de-mei-pode-gerar-imposto-alto-mesmo-sem-atingir-r-81-mil\/?utm_source=lazy\">\n            <div class=\"recomendadorV2Area\">\n            <div class=\"recomendadorV2Area1\">\n                <div class=\"recomendadorV2Img\">\n                <img class=\"lazyloaded\" decoding=\"async\" src=\"https:\/\/tribunademinas.com.br\/colunas\/dinheiroecidadania\/wp-content\/uploads\/2025\/11\/desenquadramento-de-mei-gerar-imposto-alto-mesmo-sem-atingir-81-mil-750x375.jpg\" data-src=\"https:\/\/tribunademinas.com.br\/colunas\/dinheiroecidadania\/wp-content\/uploads\/2025\/11\/desenquadramento-de-mei-gerar-imposto-alto-mesmo-sem-atingir-81-mil-750x375.jpg\" alt=\"\">\n                <\/div>\n            <\/div>\n            <div class=\"recomendadorV2Area2\">\n                <div class=\"recomendadorV2Type\">\n                    <span>Alerta MEI<\/span>\n                <\/div>\n                <div class=\"recomendadorV2Title\">\n                <h2><span>Imposto alto \u26a0\ufe0f<\/span><\/h2>\n                <\/div>\n                <div class=\"recomendadorV2Desc\">\n                <span>Desenquadramento pode ocorrer sem atingir 81 mil<\/span>\n                <\/div>\n                <div class=\"recomendadorV2Button\">Entender regra<\/div>\n                <div class=\"recomendadorV2Alert\"><\/div>\n            <\/div>\n            <\/div>\n        <\/a>\n        <div>\n            <div style=\"z-index:99999;\" id=\"buttonClose\" onclick=\"closeRecomendadorFixed()\">\n            <div class=\"recomendadorCloseFixed\">X<\/div>\n            <\/div>\n            <a href=\"https:\/\/tribunademinas.com.br\/colunas\/dinheiroecidadania\/desenquadramento-de-mei-pode-gerar-imposto-alto-mesmo-sem-atingir-r-81-mil\/?utm_source=lazy\">\n            <div class=\"recomendadorFixedArea\">\n                <div id=\"recomendadorFixed\">\n                <div class=\"recomendadorLeftArea\">\n                    <div class=\"recomendadorImgFixed\">\n                    <img class=\"lazyload\" decoding=\"async\" src=\"https:\/\/tribunademinas.com.br\/colunas\/dinheiroecidadania\/wp-content\/uploads\/2025\/11\/desenquadramento-de-mei-gerar-imposto-alto-mesmo-sem-atingir-81-mil-750x375.jpg\" alt=\"\">\n                    <\/div>\n                <\/div>\n                <div class=\"recomendadorRightArea\">\n                    <div class=\"recomendadorTitleFixed\">\n                    <h2><span>Imposto alto \u26a0\ufe0f<\/span><\/h2>\n                    <\/div>\n                    <div class=\"recomendadorButtonFixed\">Entender regra<\/div>\n                    <div class=\"recomendadorAlertFixed\"><\/div>\n                <\/div>\n                <\/div>\n            <\/div>\n            <\/a>\n        <\/div>\n        <\/div>\n\n\n\n<p>A atualiza\u00e7\u00e3o de bens pelo REARP \u00e9 voltada exclusivamente para bens adquiridos com recursos de origem l\u00edcita at\u00e9 31 de dezembro de 2024, desde que . De acordo com o portal <em>Andere Advogados<\/em>, est\u00e3o inclu\u00eddos os seguintes itens:<\/p>\n\n\n\n<ul class=\"wp-block-list\">\n<li>Im\u00f3veis localizados no Brasil ou no exterior, incluindo casas, apartamentos, terrenos, entre outros;<\/li>\n\n\n\n<li>Bens m\u00f3veis automotores sujeitos a registro p\u00fablico, como ve\u00edculos terrestres, embarca\u00e7\u00f5es (barcos) e aeronaves.<\/li>\n<\/ul>\n\n\n\n<h2 class=\"wp-block-heading\">CNPJs tamb\u00e9m poder\u00e3o atualizar o valor de bens<\/h2>\n\n\n\n<p>\u00c9 importante destacar que a nova lei tamb\u00e9m abriu a possibilidade&nbsp;de<strong> pessoas jur\u00eddicas reavaliarem seus ativos<\/strong>, atualizando assim os valores de im\u00f3veis e ve\u00edculos no balan\u00e7o patrimonial.<\/p>\n\n\n\n<p>No entanto, para isso, as empresas precisar\u00e3o arcar com o pagamento de&nbsp;4,8%&nbsp;de IRPJ (Imposto sobre a Renda de Pessoas Jur\u00eddicas)  e&nbsp;3,2%&nbsp;de Contribui\u00e7\u00e3o Social sobre o Lucro L\u00edquido (CSLL) sobre a diferen\u00e7a apurada.&nbsp;<\/p>\n","protected":false},"excerpt":{"rendered":"<p>Nesta segunda-feira (24), o presidente Luiz In\u00e1cio Lula da Silva sancionou a Lei n\u00ba 15.265\/2025, que institui o Regime Especial de Atualiza\u00e7\u00e3o e Regulariza\u00e7\u00e3o Patrimonial (REARP), mecanismo que pode redesenhar o planejamento fiscal de propriet\u00e1rios de im\u00f3veis e ve\u00edculos junto \u00e0 Receita Federal. Isso porque a medida autoriza a atualiza\u00e7\u00e3o do valor declarado dos bens [&hellip;]<\/p>\n","protected":false},"author":3,"featured_media":4568,"comment_status":"open","ping_status":"open","sticky":false,"template":"","format":"standard","meta":{"jnews-multi-image_gallery":[],"jnews_single_post":{"format":"standard"},"jnews_primary_category":[],"jnews_social_meta":[],"jnews_post_split":[],"footnotes":""},"categories":[1],"tags":[],"class_list":["post-4567","post","type-post","status-publish","format-standard","has-post-thumbnail","hentry","category-dinheiro"],"yoast_head":"<!-- This site is optimized with the Yoast SEO plugin v25.6 - https:\/\/yoast.com\/wordpress\/plugins\/seo\/ -->\n<title>Mudan\u00e7a no IR permite reavaliar bens e ve\u00edculos conforme mercado<\/title>\n<meta name=\"robots\" content=\"index, follow, max-snippet:-1, max-image-preview:large, max-video-preview:-1\" \/>\n<link rel=\"canonical\" href=\"https:\/\/tribunademinas.audiencelabs.com.br\/mudanca-no-ir-permite-reavaliar-bens-e-veiculos-conforme-mercado\/\" \/>\n<meta property=\"og:locale\" content=\"pt_BR\" \/>\n<meta property=\"og:type\" content=\"article\" \/>\n<meta property=\"og:title\" content=\"Mudan\u00e7a no IR permite reavaliar bens e ve\u00edculos conforme mercado\" \/>\n<meta property=\"og:description\" content=\"Nesta segunda-feira (24), o presidente Luiz In\u00e1cio Lula da Silva sancionou a Lei n\u00ba 15.265\/2025, que institui o Regime Especial de Atualiza\u00e7\u00e3o e Regulariza\u00e7\u00e3o Patrimonial (REARP), mecanismo que pode redesenhar o planejamento fiscal de propriet\u00e1rios de im\u00f3veis e ve\u00edculos junto \u00e0 Receita Federal. Isso porque a medida autoriza a atualiza\u00e7\u00e3o do valor declarado dos bens [&hellip;]\" \/>\n<meta property=\"og:url\" content=\"https:\/\/tribunademinas.audiencelabs.com.br\/mudanca-no-ir-permite-reavaliar-bens-e-veiculos-conforme-mercado\/\" \/>\n<meta property=\"og:site_name\" content=\"Tribuna de Minas - Dinheiro e Cidadania\" \/>\n<meta property=\"article:publisher\" content=\"https:\/\/www.facebook.com\/tribunademinas\/\" \/>\n<meta property=\"article:published_time\" content=\"2025-11-27T19:00:00+00:00\" \/>\n<meta property=\"og:image\" content=\"https:\/\/tribunademinas.audiencelabs.com.br\/wp-content\/uploads\/2025\/11\/mudanca-ir-permite-reavaliar-bens-veiculos-conforme-mercado.jpg\" \/>\n\t<meta property=\"og:image:width\" content=\"2000\" \/>\n\t<meta property=\"og:image:height\" content=\"1125\" \/>\n\t<meta property=\"og:image:type\" content=\"image\/jpeg\" \/>\n<meta name=\"author\" content=\"Jo\u00e3o Carlos Gomes\" \/>\n<meta name=\"twitter:card\" content=\"summary_large_image\" \/>\n<meta name=\"twitter:creator\" content=\"@tribunademinas\" \/>\n<meta name=\"twitter:site\" content=\"@tribunademinas\" \/>\n<meta name=\"twitter:label1\" content=\"Escrito por\" \/>\n\t<meta name=\"twitter:data1\" content=\"Jo\u00e3o Carlos Gomes\" \/>\n\t<meta name=\"twitter:label2\" content=\"Est. tempo de leitura\" \/>\n\t<meta name=\"twitter:data2\" content=\"2 minutos\" \/>\n<!-- \/ Yoast SEO plugin. -->","yoast_head_json":{"title":"Mudan\u00e7a no IR permite reavaliar bens e ve\u00edculos conforme mercado","robots":{"index":"index","follow":"follow","max-snippet":"max-snippet:-1","max-image-preview":"max-image-preview:large","max-video-preview":"max-video-preview:-1"},"canonical":"https:\/\/tribunademinas.audiencelabs.com.br\/mudanca-no-ir-permite-reavaliar-bens-e-veiculos-conforme-mercado\/","og_locale":"pt_BR","og_type":"article","og_title":"Mudan\u00e7a no IR permite reavaliar bens e ve\u00edculos conforme mercado","og_description":"Nesta segunda-feira (24), o presidente Luiz In\u00e1cio Lula da Silva sancionou a Lei n\u00ba 15.265\/2025, que institui o Regime Especial de Atualiza\u00e7\u00e3o e Regulariza\u00e7\u00e3o Patrimonial (REARP), mecanismo que pode redesenhar o planejamento fiscal de propriet\u00e1rios de im\u00f3veis e ve\u00edculos junto \u00e0 Receita Federal. Isso porque a medida autoriza a atualiza\u00e7\u00e3o do valor declarado dos bens [&hellip;]","og_url":"https:\/\/tribunademinas.audiencelabs.com.br\/mudanca-no-ir-permite-reavaliar-bens-e-veiculos-conforme-mercado\/","og_site_name":"Tribuna de Minas - Dinheiro e Cidadania","article_publisher":"https:\/\/www.facebook.com\/tribunademinas\/","article_published_time":"2025-11-27T19:00:00+00:00","og_image":[{"width":2000,"height":1125,"url":"https:\/\/tribunademinas.audiencelabs.com.br\/wp-content\/uploads\/2025\/11\/mudanca-ir-permite-reavaliar-bens-veiculos-conforme-mercado.jpg","type":"image\/jpeg"}],"author":"Jo\u00e3o Carlos Gomes","twitter_card":"summary_large_image","twitter_creator":"@tribunademinas","twitter_site":"@tribunademinas","twitter_misc":{"Escrito por":"Jo\u00e3o Carlos Gomes","Est. tempo de leitura":"2 minutos"},"schema":{"@context":"https:\/\/schema.org","@graph":[{"@type":"Article","@id":"https:\/\/tribunademinas.audiencelabs.com.br\/mudanca-no-ir-permite-reavaliar-bens-e-veiculos-conforme-mercado\/#article","isPartOf":{"@id":"https:\/\/tribunademinas.audiencelabs.com.br\/mudanca-no-ir-permite-reavaliar-bens-e-veiculos-conforme-mercado\/"},"author":{"name":"Jo\u00e3o Carlos Gomes","@id":"https:\/\/tribunademinas.audiencelabs.com.br\/#\/schema\/person\/37af466a64a722fadb8ef6841c52114f"},"headline":"Mudan\u00e7a no IR permite reavaliar bens e ve\u00edculos conforme mercado","datePublished":"2025-11-27T19:00:00+00:00","mainEntityOfPage":{"@id":"https:\/\/tribunademinas.audiencelabs.com.br\/mudanca-no-ir-permite-reavaliar-bens-e-veiculos-conforme-mercado\/"},"wordCount":405,"commentCount":0,"publisher":{"@id":"https:\/\/tribunademinas.audiencelabs.com.br\/#organization"},"image":{"@id":"https:\/\/tribunademinas.audiencelabs.com.br\/mudanca-no-ir-permite-reavaliar-bens-e-veiculos-conforme-mercado\/#primaryimage"},"thumbnailUrl":"https:\/\/tribunademinas.audiencelabs.com.br\/wp-content\/uploads\/2025\/11\/mudanca-ir-permite-reavaliar-bens-veiculos-conforme-mercado.jpg","articleSection":["Dinheiro"],"inLanguage":"pt-BR","potentialAction":[{"@type":"CommentAction","name":"Comment","target":["https:\/\/tribunademinas.audiencelabs.com.br\/mudanca-no-ir-permite-reavaliar-bens-e-veiculos-conforme-mercado\/#respond"]}]},{"@type":"WebPage","@id":"https:\/\/tribunademinas.audiencelabs.com.br\/mudanca-no-ir-permite-reavaliar-bens-e-veiculos-conforme-mercado\/","url":"https:\/\/tribunademinas.audiencelabs.com.br\/mudanca-no-ir-permite-reavaliar-bens-e-veiculos-conforme-mercado\/","name":"Mudan\u00e7a no IR permite reavaliar bens e ve\u00edculos conforme mercado","isPartOf":{"@id":"https:\/\/tribunademinas.audiencelabs.com.br\/#website"},"primaryImageOfPage":{"@id":"https:\/\/tribunademinas.audiencelabs.com.br\/mudanca-no-ir-permite-reavaliar-bens-e-veiculos-conforme-mercado\/#primaryimage"},"image":{"@id":"https:\/\/tribunademinas.audiencelabs.com.br\/mudanca-no-ir-permite-reavaliar-bens-e-veiculos-conforme-mercado\/#primaryimage"},"thumbnailUrl":"https:\/\/tribunademinas.audiencelabs.com.br\/wp-content\/uploads\/2025\/11\/mudanca-ir-permite-reavaliar-bens-veiculos-conforme-mercado.jpg","datePublished":"2025-11-27T19:00:00+00:00","breadcrumb":{"@id":"https:\/\/tribunademinas.audiencelabs.com.br\/mudanca-no-ir-permite-reavaliar-bens-e-veiculos-conforme-mercado\/#breadcrumb"},"inLanguage":"pt-BR","potentialAction":[{"@type":"ReadAction","target":["https:\/\/tribunademinas.audiencelabs.com.br\/mudanca-no-ir-permite-reavaliar-bens-e-veiculos-conforme-mercado\/"]}]},{"@type":"ImageObject","inLanguage":"pt-BR","@id":"https:\/\/tribunademinas.audiencelabs.com.br\/mudanca-no-ir-permite-reavaliar-bens-e-veiculos-conforme-mercado\/#primaryimage","url":"https:\/\/tribunademinas.audiencelabs.com.br\/wp-content\/uploads\/2025\/11\/mudanca-ir-permite-reavaliar-bens-veiculos-conforme-mercado.jpg","contentUrl":"https:\/\/tribunademinas.audiencelabs.com.br\/wp-content\/uploads\/2025\/11\/mudanca-ir-permite-reavaliar-bens-veiculos-conforme-mercado.jpg","width":2000,"height":1125,"caption":"Foto: jcomp\/Freepik"},{"@type":"BreadcrumbList","@id":"https:\/\/tribunademinas.audiencelabs.com.br\/mudanca-no-ir-permite-reavaliar-bens-e-veiculos-conforme-mercado\/#breadcrumb","itemListElement":[{"@type":"ListItem","position":1,"name":"In\u00edcio","item":"https:\/\/tribunademinas.audiencelabs.com.br\/"},{"@type":"ListItem","position":2,"name":"Mudan\u00e7a no IR permite reavaliar bens e ve\u00edculos conforme mercado"}]},{"@type":"WebSite","@id":"https:\/\/tribunademinas.audiencelabs.com.br\/#website","url":"https:\/\/tribunademinas.audiencelabs.com.br\/","name":"Tribuna de Minas - Dinheiro e Cidadania","description":"","publisher":{"@id":"https:\/\/tribunademinas.audiencelabs.com.br\/#organization"},"potentialAction":[{"@type":"SearchAction","target":{"@type":"EntryPoint","urlTemplate":"https:\/\/tribunademinas.audiencelabs.com.br\/?s={search_term_string}"},"query-input":{"@type":"PropertyValueSpecification","valueRequired":true,"valueName":"search_term_string"}}],"inLanguage":"pt-BR"},{"@type":"Organization","@id":"https:\/\/tribunademinas.audiencelabs.com.br\/#organization","name":"Tribuna de Minas - Dinheiro e Cidadania","url":"https:\/\/tribunademinas.audiencelabs.com.br\/","logo":{"@type":"ImageObject","inLanguage":"pt-BR","@id":"https:\/\/tribunademinas.audiencelabs.com.br\/#\/schema\/logo\/image\/","url":"https:\/\/tribunademinas.audiencelabs.com.br\/wp-content\/uploads\/2025\/08\/cropped-Tribuna_512x512-96x96-1.png","contentUrl":"https:\/\/tribunademinas.audiencelabs.com.br\/wp-content\/uploads\/2025\/08\/cropped-Tribuna_512x512-96x96-1.png","width":96,"height":96,"caption":"Tribuna de Minas - Dinheiro e Cidadania"},"image":{"@id":"https:\/\/tribunademinas.audiencelabs.com.br\/#\/schema\/logo\/image\/"},"sameAs":["https:\/\/www.facebook.com\/tribunademinas\/","https:\/\/x.com\/tribunademinas","https:\/\/www.instagram.com\/tribunademinas\/","https:\/\/www.youtube.com\/user\/TribunadeMinasJF"]},{"@type":"Person","@id":"https:\/\/tribunademinas.audiencelabs.com.br\/#\/schema\/person\/37af466a64a722fadb8ef6841c52114f","name":"Jo\u00e3o Carlos Gomes","image":{"@type":"ImageObject","inLanguage":"pt-BR","@id":"https:\/\/tribunademinas.audiencelabs.com.br\/#\/schema\/person\/image\/","url":"https:\/\/secure.gravatar.com\/avatar\/4ce4672dbdd694b329cd6fdb51bee7d1409be1f0ff76a537e4c4a737b2c7d1a9?s=96&d=mm&r=g","contentUrl":"https:\/\/secure.gravatar.com\/avatar\/4ce4672dbdd694b329cd6fdb51bee7d1409be1f0ff76a537e4c4a737b2c7d1a9?s=96&d=mm&r=g","caption":"Jo\u00e3o Carlos Gomes"},"description":"Jornalista formado pelo Centro Universit\u00e1rio Carioca, apreciador da Bossa Nova ao Metal Extremo, criador de conte\u00fado e m\u00fasico independente nas horas vagas.","url":"https:\/\/tribunademinas.audiencelabs.com.br\/author\/joaoc-junior\/"}]}},"amp_enabled":true,"_links":{"self":[{"href":"https:\/\/tribunademinas.audiencelabs.com.br\/wp-json\/wp\/v2\/posts\/4567","targetHints":{"allow":["GET"]}}],"collection":[{"href":"https:\/\/tribunademinas.audiencelabs.com.br\/wp-json\/wp\/v2\/posts"}],"about":[{"href":"https:\/\/tribunademinas.audiencelabs.com.br\/wp-json\/wp\/v2\/types\/post"}],"author":[{"embeddable":true,"href":"https:\/\/tribunademinas.audiencelabs.com.br\/wp-json\/wp\/v2\/users\/3"}],"replies":[{"embeddable":true,"href":"https:\/\/tribunademinas.audiencelabs.com.br\/wp-json\/wp\/v2\/comments?post=4567"}],"version-history":[{"count":2,"href":"https:\/\/tribunademinas.audiencelabs.com.br\/wp-json\/wp\/v2\/posts\/4567\/revisions"}],"predecessor-version":[{"id":4582,"href":"https:\/\/tribunademinas.audiencelabs.com.br\/wp-json\/wp\/v2\/posts\/4567\/revisions\/4582"}],"wp:featuredmedia":[{"embeddable":true,"href":"https:\/\/tribunademinas.audiencelabs.com.br\/wp-json\/wp\/v2\/media\/4568"}],"wp:attachment":[{"href":"https:\/\/tribunademinas.audiencelabs.com.br\/wp-json\/wp\/v2\/media?parent=4567"}],"wp:term":[{"taxonomy":"category","embeddable":true,"href":"https:\/\/tribunademinas.audiencelabs.com.br\/wp-json\/wp\/v2\/categories?post=4567"},{"taxonomy":"post_tag","embeddable":true,"href":"https:\/\/tribunademinas.audiencelabs.com.br\/wp-json\/wp\/v2\/tags?post=4567"}],"curies":[{"name":"wp","href":"https:\/\/api.w.org\/{rel}","templated":true}]}}