{"id":4558,"date":"2025-11-29T16:45:00","date_gmt":"2025-11-29T19:45:00","guid":{"rendered":"https:\/\/tribunademinas.audiencelabs.com.br\/?p=4558"},"modified":"2025-11-25T19:34:58","modified_gmt":"2025-11-25T22:34:58","slug":"patrimonio-de-luciano-hang-parece-pequeno-ao-lado-do-que-eike-batista-acumulou","status":"publish","type":"post","link":"https:\/\/tribunademinas.audiencelabs.com.br\/patrimonio-de-luciano-hang-parece-pequeno-ao-lado-do-que-eike-batista-acumulou\/","title":{"rendered":"Patrim\u00f4nio de Luciano Hang parece pequeno ao lado do que Eike Batista acumulou"},"content":{"rendered":"\n<p>O patrim\u00f4nio de Luciano Hang, figura conhecida no varejo brasileiro e popularmente chamado de v\u00e9io da Havan, parece modesto quando comparado ao que Eike Batista reuniu ao longo de sua trajet\u00f3ria empresarial. <\/p>\n\n\n\n<p>Embora Hang seja hoje um dos nomes mais citados entre os bilion\u00e1rios do pa\u00eds, os n\u00fameros mostram que sua fortuna est\u00e1 longe dos valores alcan\u00e7ados pelo ex-magnata do setor de minera\u00e7\u00e3o e energia em seu auge. <\/p>\n\n\n\n<p>A compara\u00e7\u00e3o entre os dois ajuda a entender n\u00e3o s\u00f3 diferen\u00e7as de montante, mas tamb\u00e9m de caminhos percorridos e estrat\u00e9gias adotadas.<\/p>\n\n\n\n<h2 class=\"wp-block-heading\">Patrim\u00f4nio de Luciano Hang parece pequeno ao lado do que Eike Batista acumulou<\/h2>\n\n\n\n<p>Eike Batista chegou ao topo do capitalismo brasileiro em 2010, per\u00edodo em que seus empreendimentos despertavam entusiasmo no mercado internacional. <\/p>\n\n\n\n<p>Naquele ano, a revista Forbes registrou sua fortuna em 27 bilh\u00f5es de d\u00f3lares. Corrigido pelo c\u00e2mbio atual, esse montante ultrapassaria 140 bilh\u00f5es de reais. <\/p>\n\n\n\n<p>Sua ascens\u00e3o se apoiou em projetos ligados a petr\u00f3leo, g\u00e1s, minera\u00e7\u00e3o e log\u00edstica. <\/p>\n\n\n\n<p>Foram setores de risco elevado e de retorno imprevis\u00edvel, mas que, durante a d\u00e9cada de 2000, alimentaram proje\u00e7\u00f5es otimistas sobre a capacidade do Brasil de se tornar um grande polo de produ\u00e7\u00e3o energ\u00e9tica e mineral. <\/p>\n\n\n\n<p>Esse cen\u00e1rio sustentou o crescimento das empresas do grupo X, que chegaram a movimentar investimentos gigantescos e atrair aten\u00e7\u00e3o global.<\/p>\n\n\n\n<p>O desmoronamento veio na mesma velocidade em que o entusiasmo havia sido constru\u00eddo. A combina\u00e7\u00e3o de falhas de gest\u00e3o, expectativas n\u00e3o cumpridas e crises econ\u00f4micas corroeu a base financeira das companhias de Eike. <\/p>\n\n\n\n<p>O empres\u00e1rio perdeu praticamente tudo o que havia acumulado, saiu da lista de bilion\u00e1rios e enfrentou batalhas judiciais que refor\u00e7aram a dimens\u00e3o do colapso.<\/p>\n\n\n\n<h3 class=\"wp-block-heading\">Ac\u00famulo de fortuna de Luciano Hang foi diferente de Eike Batista<\/h3>\n\n\n\n<p>Luciano Hang trilhou um caminho bem diferente. Sua fortuna, estimada em 3,2 bilh\u00f5es de d\u00f3lares, o coloca entre os empres\u00e1rios mais ricos do pa\u00eds, mas ainda distante da cifra alcan\u00e7ada por Eike no auge. <\/p>\n\n\n\n<p>Enquanto o ex-magnata apostou em setores de alta volatilidade, Hang preferiu <a href=\"https:\/\/tribunademinas.com.br\/colunas\/dinheiroecidadania\/luciano-hang-o-veio-da-havan-mudou-de-ramo-no-trabalho-e-iniciou-nova-investida\/\"><strong>fortalecer a Havan<\/strong><\/a> em ritmo gradual. A expans\u00e3o de suas lojas, distribu\u00eddas por todas as regi\u00f5es do Brasil, garantiu fluxo de caixa constante e previs\u00edvel. <\/p>\n\n\n\n<p>O empres\u00e1rio tamb\u00e9m investiu em pequenas centrais hidrel\u00e9tricas e direcionou parte do capital para o exterior, uma forma de proteger seu patrim\u00f4nio das oscila\u00e7\u00f5es da moeda brasileira.<\/p>\n\n\n\n<p>A Havan, hoje, registra faturamento robusto e figura entre as maiores redes de varejo do pa\u00eds. <\/p>\n\n\n\n<p>Mesmo assim, quando colocadas lado a lado, as fortunas de Hang e Eike mostram que, apesar da estabilidade do primeiro, o segundo alcan\u00e7ou um patamar que ainda marca a hist\u00f3ria recente do empresariado brasileiro.<\/p>\n\n\n\n<p><\/p>\n","protected":false},"excerpt":{"rendered":"<p>O patrim\u00f4nio de Luciano Hang, figura conhecida no varejo brasileiro e popularmente chamado de v\u00e9io da Havan, parece modesto quando comparado ao que Eike Batista reuniu ao longo de sua trajet\u00f3ria empresarial. Embora Hang seja hoje um dos nomes mais citados entre os bilion\u00e1rios do pa\u00eds, os n\u00fameros mostram que sua fortuna est\u00e1 longe dos [&hellip;]<\/p>\n","protected":false},"author":5,"featured_media":4559,"comment_status":"open","ping_status":"open","sticky":false,"template":"","format":"standard","meta":{"jnews-multi-image_gallery":[],"jnews_single_post":{"format":"standard"},"jnews_primary_category":[],"jnews_social_meta":[],"jnews_post_split":[],"footnotes":""},"categories":[1],"tags":[],"class_list":["post-4558","post","type-post","status-publish","format-standard","has-post-thumbnail","hentry","category-dinheiro"],"yoast_head":"<!-- This site is optimized with the Yoast SEO plugin v25.6 - https:\/\/yoast.com\/wordpress\/plugins\/seo\/ -->\n<title>Patrim\u00f4nio de Luciano Hang parece pequeno ao lado do que Eike Batista acumulou<\/title>\n<meta name=\"description\" content=\"Patrim\u00f4nio de Luciano Hang parece modesto quando comparado ao que Eike Batista reuniu ao longo de sua trajet\u00f3ria empresarial.\" \/>\n<meta name=\"robots\" content=\"index, follow, max-snippet:-1, max-image-preview:large, max-video-preview:-1\" \/>\n<link rel=\"canonical\" href=\"https:\/\/tribunademinas.audiencelabs.com.br\/patrimonio-de-luciano-hang-parece-pequeno-ao-lado-do-que-eike-batista-acumulou\/\" \/>\n<meta property=\"og:locale\" content=\"pt_BR\" \/>\n<meta property=\"og:type\" content=\"article\" \/>\n<meta property=\"og:title\" content=\"Patrim\u00f4nio de Luciano Hang parece pequeno ao lado do que Eike Batista acumulou\" \/>\n<meta property=\"og:description\" content=\"Patrim\u00f4nio de Luciano Hang parece modesto quando comparado ao que Eike Batista reuniu ao longo de sua trajet\u00f3ria empresarial.\" \/>\n<meta property=\"og:url\" content=\"https:\/\/tribunademinas.audiencelabs.com.br\/patrimonio-de-luciano-hang-parece-pequeno-ao-lado-do-que-eike-batista-acumulou\/\" \/>\n<meta property=\"og:site_name\" content=\"Tribuna de Minas - Dinheiro e Cidadania\" \/>\n<meta property=\"article:publisher\" content=\"https:\/\/www.facebook.com\/tribunademinas\/\" \/>\n<meta property=\"article:published_time\" content=\"2025-11-29T19:45:00+00:00\" \/>\n<meta property=\"og:image\" content=\"https:\/\/tribunademinas.audiencelabs.com.br\/wp-content\/uploads\/2025\/11\/Luciano-Hang.webp\" \/>\n\t<meta property=\"og:image:width\" content=\"1170\" \/>\n\t<meta property=\"og:image:height\" content=\"700\" \/>\n\t<meta property=\"og:image:type\" content=\"image\/webp\" \/>\n<meta name=\"author\" content=\"Jeferson Carvalho\" \/>\n<meta name=\"twitter:card\" content=\"summary_large_image\" \/>\n<meta name=\"twitter:creator\" content=\"@tribunademinas\" \/>\n<meta name=\"twitter:site\" content=\"@tribunademinas\" \/>\n<meta name=\"twitter:label1\" content=\"Escrito por\" \/>\n\t<meta name=\"twitter:data1\" content=\"Jeferson Carvalho\" \/>\n\t<meta name=\"twitter:label2\" content=\"Est. tempo de leitura\" \/>\n\t<meta name=\"twitter:data2\" content=\"3 minutos\" \/>\n<!-- \/ Yoast SEO plugin. -->","yoast_head_json":{"title":"Patrim\u00f4nio de Luciano Hang parece pequeno ao lado do que Eike Batista acumulou","description":"Patrim\u00f4nio de Luciano Hang parece modesto quando comparado ao que Eike Batista reuniu ao longo de sua trajet\u00f3ria empresarial.","robots":{"index":"index","follow":"follow","max-snippet":"max-snippet:-1","max-image-preview":"max-image-preview:large","max-video-preview":"max-video-preview:-1"},"canonical":"https:\/\/tribunademinas.audiencelabs.com.br\/patrimonio-de-luciano-hang-parece-pequeno-ao-lado-do-que-eike-batista-acumulou\/","og_locale":"pt_BR","og_type":"article","og_title":"Patrim\u00f4nio de Luciano Hang parece pequeno ao lado do que Eike Batista acumulou","og_description":"Patrim\u00f4nio de Luciano Hang parece modesto quando comparado ao que Eike Batista reuniu ao longo de sua trajet\u00f3ria empresarial.","og_url":"https:\/\/tribunademinas.audiencelabs.com.br\/patrimonio-de-luciano-hang-parece-pequeno-ao-lado-do-que-eike-batista-acumulou\/","og_site_name":"Tribuna de Minas - Dinheiro e Cidadania","article_publisher":"https:\/\/www.facebook.com\/tribunademinas\/","article_published_time":"2025-11-29T19:45:00+00:00","og_image":[{"width":1170,"height":700,"url":"https:\/\/tribunademinas.audiencelabs.com.br\/wp-content\/uploads\/2025\/11\/Luciano-Hang.webp","type":"image\/webp"}],"author":"Jeferson Carvalho","twitter_card":"summary_large_image","twitter_creator":"@tribunademinas","twitter_site":"@tribunademinas","twitter_misc":{"Escrito por":"Jeferson Carvalho","Est. tempo de leitura":"3 minutos"},"schema":{"@context":"https:\/\/schema.org","@graph":[{"@type":"Article","@id":"https:\/\/tribunademinas.audiencelabs.com.br\/patrimonio-de-luciano-hang-parece-pequeno-ao-lado-do-que-eike-batista-acumulou\/#article","isPartOf":{"@id":"https:\/\/tribunademinas.audiencelabs.com.br\/patrimonio-de-luciano-hang-parece-pequeno-ao-lado-do-que-eike-batista-acumulou\/"},"author":{"name":"Jeferson Carvalho","@id":"https:\/\/tribunademinas.audiencelabs.com.br\/#\/schema\/person\/db18fc40307804bacef94213aa68fd9d"},"headline":"Patrim\u00f4nio de Luciano Hang parece pequeno ao lado do que Eike Batista acumulou","datePublished":"2025-11-29T19:45:00+00:00","mainEntityOfPage":{"@id":"https:\/\/tribunademinas.audiencelabs.com.br\/patrimonio-de-luciano-hang-parece-pequeno-ao-lado-do-que-eike-batista-acumulou\/"},"wordCount":496,"commentCount":0,"publisher":{"@id":"https:\/\/tribunademinas.audiencelabs.com.br\/#organization"},"image":{"@id":"https:\/\/tribunademinas.audiencelabs.com.br\/patrimonio-de-luciano-hang-parece-pequeno-ao-lado-do-que-eike-batista-acumulou\/#primaryimage"},"thumbnailUrl":"https:\/\/tribunademinas.audiencelabs.com.br\/wp-content\/uploads\/2025\/11\/Luciano-Hang.webp","articleSection":["Dinheiro"],"inLanguage":"pt-BR","potentialAction":[{"@type":"CommentAction","name":"Comment","target":["https:\/\/tribunademinas.audiencelabs.com.br\/patrimonio-de-luciano-hang-parece-pequeno-ao-lado-do-que-eike-batista-acumulou\/#respond"]}]},{"@type":"WebPage","@id":"https:\/\/tribunademinas.audiencelabs.com.br\/patrimonio-de-luciano-hang-parece-pequeno-ao-lado-do-que-eike-batista-acumulou\/","url":"https:\/\/tribunademinas.audiencelabs.com.br\/patrimonio-de-luciano-hang-parece-pequeno-ao-lado-do-que-eike-batista-acumulou\/","name":"Patrim\u00f4nio de Luciano Hang parece pequeno ao lado do que Eike Batista acumulou","isPartOf":{"@id":"https:\/\/tribunademinas.audiencelabs.com.br\/#website"},"primaryImageOfPage":{"@id":"https:\/\/tribunademinas.audiencelabs.com.br\/patrimonio-de-luciano-hang-parece-pequeno-ao-lado-do-que-eike-batista-acumulou\/#primaryimage"},"image":{"@id":"https:\/\/tribunademinas.audiencelabs.com.br\/patrimonio-de-luciano-hang-parece-pequeno-ao-lado-do-que-eike-batista-acumulou\/#primaryimage"},"thumbnailUrl":"https:\/\/tribunademinas.audiencelabs.com.br\/wp-content\/uploads\/2025\/11\/Luciano-Hang.webp","datePublished":"2025-11-29T19:45:00+00:00","description":"Patrim\u00f4nio de Luciano Hang parece modesto quando comparado ao que Eike Batista reuniu ao longo de sua trajet\u00f3ria empresarial.","breadcrumb":{"@id":"https:\/\/tribunademinas.audiencelabs.com.br\/patrimonio-de-luciano-hang-parece-pequeno-ao-lado-do-que-eike-batista-acumulou\/#breadcrumb"},"inLanguage":"pt-BR","potentialAction":[{"@type":"ReadAction","target":["https:\/\/tribunademinas.audiencelabs.com.br\/patrimonio-de-luciano-hang-parece-pequeno-ao-lado-do-que-eike-batista-acumulou\/"]}]},{"@type":"ImageObject","inLanguage":"pt-BR","@id":"https:\/\/tribunademinas.audiencelabs.com.br\/patrimonio-de-luciano-hang-parece-pequeno-ao-lado-do-que-eike-batista-acumulou\/#primaryimage","url":"https:\/\/tribunademinas.audiencelabs.com.br\/wp-content\/uploads\/2025\/11\/Luciano-Hang.webp","contentUrl":"https:\/\/tribunademinas.audiencelabs.com.br\/wp-content\/uploads\/2025\/11\/Luciano-Hang.webp","width":1170,"height":700,"caption":"Patrim\u00f4nio de Luciano Hang parece pequeno ao lado do que Eike Batista acumulou - Imagem: Edilson Rodrigues\/Ag\u00eancia Senado"},{"@type":"BreadcrumbList","@id":"https:\/\/tribunademinas.audiencelabs.com.br\/patrimonio-de-luciano-hang-parece-pequeno-ao-lado-do-que-eike-batista-acumulou\/#breadcrumb","itemListElement":[{"@type":"ListItem","position":1,"name":"In\u00edcio","item":"https:\/\/tribunademinas.audiencelabs.com.br\/"},{"@type":"ListItem","position":2,"name":"Patrim\u00f4nio de Luciano Hang parece pequeno ao lado do que Eike Batista acumulou"}]},{"@type":"WebSite","@id":"https:\/\/tribunademinas.audiencelabs.com.br\/#website","url":"https:\/\/tribunademinas.audiencelabs.com.br\/","name":"Tribuna de Minas - Dinheiro e Cidadania","description":"","publisher":{"@id":"https:\/\/tribunademinas.audiencelabs.com.br\/#organization"},"potentialAction":[{"@type":"SearchAction","target":{"@type":"EntryPoint","urlTemplate":"https:\/\/tribunademinas.audiencelabs.com.br\/?s={search_term_string}"},"query-input":{"@type":"PropertyValueSpecification","valueRequired":true,"valueName":"search_term_string"}}],"inLanguage":"pt-BR"},{"@type":"Organization","@id":"https:\/\/tribunademinas.audiencelabs.com.br\/#organization","name":"Tribuna de Minas - Dinheiro e Cidadania","url":"https:\/\/tribunademinas.audiencelabs.com.br\/","logo":{"@type":"ImageObject","inLanguage":"pt-BR","@id":"https:\/\/tribunademinas.audiencelabs.com.br\/#\/schema\/logo\/image\/","url":"https:\/\/tribunademinas.audiencelabs.com.br\/wp-content\/uploads\/2025\/08\/cropped-Tribuna_512x512-96x96-1.png","contentUrl":"https:\/\/tribunademinas.audiencelabs.com.br\/wp-content\/uploads\/2025\/08\/cropped-Tribuna_512x512-96x96-1.png","width":96,"height":96,"caption":"Tribuna de Minas - Dinheiro e Cidadania"},"image":{"@id":"https:\/\/tribunademinas.audiencelabs.com.br\/#\/schema\/logo\/image\/"},"sameAs":["https:\/\/www.facebook.com\/tribunademinas\/","https:\/\/x.com\/tribunademinas","https:\/\/www.instagram.com\/tribunademinas\/","https:\/\/www.youtube.com\/user\/TribunadeMinasJF"]},{"@type":"Person","@id":"https:\/\/tribunademinas.audiencelabs.com.br\/#\/schema\/person\/db18fc40307804bacef94213aa68fd9d","name":"Jeferson Carvalho","image":{"@type":"ImageObject","inLanguage":"pt-BR","@id":"https:\/\/tribunademinas.audiencelabs.com.br\/#\/schema\/person\/image\/","url":"https:\/\/secure.gravatar.com\/avatar\/cd7646e328d9670dad7dea8698522e522745eeffcff5b9d08be858e377ce326b?s=96&d=mm&r=g","contentUrl":"https:\/\/secure.gravatar.com\/avatar\/cd7646e328d9670dad7dea8698522e522745eeffcff5b9d08be858e377ce326b?s=96&d=mm&r=g","caption":"Jeferson Carvalho"},"description":"Jornalista apaixonado pela profiss\u00e3o!","url":"https:\/\/tribunademinas.audiencelabs.com.br\/author\/jeferson\/"}]}},"amp_enabled":true,"_links":{"self":[{"href":"https:\/\/tribunademinas.audiencelabs.com.br\/wp-json\/wp\/v2\/posts\/4558","targetHints":{"allow":["GET"]}}],"collection":[{"href":"https:\/\/tribunademinas.audiencelabs.com.br\/wp-json\/wp\/v2\/posts"}],"about":[{"href":"https:\/\/tribunademinas.audiencelabs.com.br\/wp-json\/wp\/v2\/types\/post"}],"author":[{"embeddable":true,"href":"https:\/\/tribunademinas.audiencelabs.com.br\/wp-json\/wp\/v2\/users\/5"}],"replies":[{"embeddable":true,"href":"https:\/\/tribunademinas.audiencelabs.com.br\/wp-json\/wp\/v2\/comments?post=4558"}],"version-history":[{"count":1,"href":"https:\/\/tribunademinas.audiencelabs.com.br\/wp-json\/wp\/v2\/posts\/4558\/revisions"}],"predecessor-version":[{"id":4560,"href":"https:\/\/tribunademinas.audiencelabs.com.br\/wp-json\/wp\/v2\/posts\/4558\/revisions\/4560"}],"wp:featuredmedia":[{"embeddable":true,"href":"https:\/\/tribunademinas.audiencelabs.com.br\/wp-json\/wp\/v2\/media\/4559"}],"wp:attachment":[{"href":"https:\/\/tribunademinas.audiencelabs.com.br\/wp-json\/wp\/v2\/media?parent=4558"}],"wp:term":[{"taxonomy":"category","embeddable":true,"href":"https:\/\/tribunademinas.audiencelabs.com.br\/wp-json\/wp\/v2\/categories?post=4558"},{"taxonomy":"post_tag","embeddable":true,"href":"https:\/\/tribunademinas.audiencelabs.com.br\/wp-json\/wp\/v2\/tags?post=4558"}],"curies":[{"name":"wp","href":"https:\/\/api.w.org\/{rel}","templated":true}]}}