{"id":453,"date":"2025-08-14T14:00:00","date_gmt":"2025-08-14T17:00:00","guid":{"rendered":"https:\/\/tribunademinas.audiencelabs.com.br\/?p=453"},"modified":"2025-08-13T14:13:48","modified_gmt":"2025-08-13T17:13:48","slug":"bonus-de-r-100-em-agosto-sera-pago-para-inscritos-do-bolsa-familia","status":"publish","type":"post","link":"https:\/\/tribunademinas.audiencelabs.com.br\/bonus-de-r-100-em-agosto-sera-pago-para-inscritos-do-bolsa-familia\/","title":{"rendered":"B\u00f4nus de R$ 100 em agosto ser\u00e1 pago para inscritos do Bolsa Fam\u00edlia"},"content":{"rendered":"\n<p>Neste m\u00eas de agosto, muitos benefici\u00e1rios do <strong>programa Bolsa Fam\u00edlia <\/strong>notar\u00e3o uma diferen\u00e7a no pagamento mensal, j\u00e1 que um <strong>b\u00f4nus de R$ 100<\/strong> ser\u00e1 depositado para complementar o valor do benef\u00edcio.<\/p>\n\n\n\n<p>Trata-se do <strong>Aux\u00edlio G\u00e1s<\/strong>, que tem como objetivo apoiar fam\u00edlias na aquisi\u00e7\u00e3o do botij\u00e3o, garantindo que o custo n\u00e3o prejudique o or\u00e7amento para outras necessidades essenciais, incluindo a alimenta\u00e7\u00e3o.<\/p>\n\n\n\n<p>Vale lembrar que, atualmente, o pre\u00e7o m\u00e9dio do GLP tem ficado acima de R$ 100 em v\u00e1rias regi\u00f5es, o que faz com que o gasto com um botij\u00e3o acabe colocando em risco as contas de benefici\u00e1rios em situa\u00e7\u00e3o de vulnerabilidade.<\/p>\n\n\n\n<p>Sendo assim, para contornar este problema, o Aux\u00edlio G\u00e1s garante um acr\u00e9scimo de cerca de R$ 108 no pagamento, que ser\u00e1 depositado junto de benef\u00edcios como o Bolsa Fam\u00edlia.<\/p>\n\n\n\n<p>Inclusive, por conta disso, o valor \u00e9 distribu\u00eddo de forma escalonada, utilizando o N\u00famero de Identifica\u00e7\u00e3o Social (NIS) como refer\u00eancia. Por conta disso, os pagamentos do Aux\u00edlio G\u00e1s em agosto ser\u00e3o realizados nas seguintes datas:<\/p>\n\n\n\n<ul class=\"wp-block-list\">\n<li>NIS final 1: 18 de agosto<\/li>\n\n\n\n<li>NIS final 2: 19 de agosto<\/li>\n\n\n\n<li>NIS final 3: 20 de agosto<\/li>\n\n\n\n<li>NIS final 4: 21 de agosto<\/li>\n\n\n\n<li>NIS final 5: 22 de agosto<\/li>\n\n\n\n<li>NIS final 6: 25 de agosto<\/li>\n\n\n\n<li>NIS final 7: 26 de agosto<\/li>\n\n\n\n<li>NIS final 8: 27 de agosto<\/li>\n\n\n\n<li>NIS final 9: 28 de agosto<\/li>\n\n\n\n<li>NIS final 0: 29 de agosto<\/li>\n<\/ul>\n\n\n\n<h2 class=\"wp-block-heading\">Como solicitar o Aux\u00edlio G\u00e1s?<\/h2>\n\n\n\n<p>O Minist\u00e9rio do Desenvolvimento e Assist\u00eancia Social realiza automaticamente a sele\u00e7\u00e3o das fam\u00edlias para o Aux\u00edlio G\u00e1s, respeitando a disponibilidade de recursos. E para garantir acesso ao benef\u00edcio, \u00e9 essencial manter as informa\u00e7\u00f5es do Cadastro \u00danico (Cad\u00danico) sempre atualizadas.<\/p>\n\n\n\n<p>No entanto, \u00e9 importante destacar que mulheres chefes de fam\u00edlia, pessoas com defici\u00eancia e idosos recebem prioridade na concess\u00e3o do benef\u00edcio.<\/p>\n\n\n\n<h2 class=\"wp-block-heading\">Calend\u00e1rio do Aux\u00edlio G\u00e1s de 2025: datas de pagamento do benef\u00edcio<\/h2>\n\n\n\n<p>O Aux\u00edlio G\u00e1s \u00e9 pago bimestralmente a milh\u00f5es de benefici\u00e1rios. E considerando que ainda faltam quatro meses para o fim do ano, outras parcelas est\u00e3o programadas para as seguintes datas:<\/p>\n\n\n\n<ul class=\"wp-block-list\">\n<li>Outubro: 20 a 31 de outubro<\/li>\n\n\n\n<li>Dezembro: 10 a 23 de dezembro<\/li>\n<\/ul>\n","protected":false},"excerpt":{"rendered":"<p>Neste m\u00eas de agosto, muitos benefici\u00e1rios do programa Bolsa Fam\u00edlia notar\u00e3o uma diferen\u00e7a no pagamento mensal, j\u00e1 que um b\u00f4nus de R$ 100 ser\u00e1 depositado para complementar o valor do benef\u00edcio. Trata-se do Aux\u00edlio G\u00e1s, que tem como objetivo apoiar fam\u00edlias na aquisi\u00e7\u00e3o do botij\u00e3o, garantindo que o custo n\u00e3o prejudique o or\u00e7amento para outras [&hellip;]<\/p>\n","protected":false},"author":3,"featured_media":454,"comment_status":"open","ping_status":"open","sticky":false,"template":"","format":"standard","meta":{"jnews-multi-image_gallery":[],"jnews_single_post":{"format":"standard"},"jnews_primary_category":[],"jnews_social_meta":[],"jnews_post_split":[],"footnotes":""},"categories":[159],"tags":[],"class_list":["post-453","post","type-post","status-publish","format-standard","has-post-thumbnail","hentry","category-cidadania"],"yoast_head":"<!-- This site is optimized with the Yoast SEO plugin v25.6 - https:\/\/yoast.com\/wordpress\/plugins\/seo\/ -->\n<title>B\u00f4nus de R$ 100 em agosto ser\u00e1 pago para inscritos do Bolsa Fam\u00edlia<\/title>\n<meta name=\"robots\" content=\"index, follow, max-snippet:-1, max-image-preview:large, max-video-preview:-1\" \/>\n<link rel=\"canonical\" href=\"https:\/\/tribunademinas.audiencelabs.com.br\/bonus-de-r-100-em-agosto-sera-pago-para-inscritos-do-bolsa-familia\/\" \/>\n<meta property=\"og:locale\" content=\"pt_BR\" \/>\n<meta property=\"og:type\" content=\"article\" \/>\n<meta property=\"og:title\" content=\"B\u00f4nus de R$ 100 em agosto ser\u00e1 pago para inscritos do Bolsa Fam\u00edlia\" \/>\n<meta property=\"og:description\" content=\"Neste m\u00eas de agosto, muitos benefici\u00e1rios do programa Bolsa Fam\u00edlia notar\u00e3o uma diferen\u00e7a no pagamento mensal, j\u00e1 que um b\u00f4nus de R$ 100 ser\u00e1 depositado para complementar o valor do benef\u00edcio. Trata-se do Aux\u00edlio G\u00e1s, que tem como objetivo apoiar fam\u00edlias na aquisi\u00e7\u00e3o do botij\u00e3o, garantindo que o custo n\u00e3o prejudique o or\u00e7amento para outras [&hellip;]\" \/>\n<meta property=\"og:url\" content=\"https:\/\/tribunademinas.audiencelabs.com.br\/bonus-de-r-100-em-agosto-sera-pago-para-inscritos-do-bolsa-familia\/\" \/>\n<meta property=\"og:site_name\" content=\"Tribuna de Minas - Dinheiro e Cidadania\" \/>\n<meta property=\"article:publisher\" content=\"https:\/\/www.facebook.com\/tribunademinas\/\" \/>\n<meta property=\"article:published_time\" content=\"2025-08-14T17:00:00+00:00\" \/>\n<meta property=\"og:image\" content=\"https:\/\/tribunademinas.audiencelabs.com.br\/wp-content\/uploads\/2025\/08\/bonus-agosto-inscritos-bolsa-familia.webp\" \/>\n\t<meta property=\"og:image:width\" content=\"1280\" \/>\n\t<meta property=\"og:image:height\" content=\"720\" \/>\n\t<meta property=\"og:image:type\" content=\"image\/webp\" \/>\n<meta name=\"author\" content=\"Jo\u00e3o Carlos Gomes\" \/>\n<meta name=\"twitter:card\" content=\"summary_large_image\" \/>\n<meta name=\"twitter:creator\" content=\"@tribunademinas\" \/>\n<meta name=\"twitter:site\" content=\"@tribunademinas\" \/>\n<meta name=\"twitter:label1\" content=\"Escrito por\" \/>\n\t<meta name=\"twitter:data1\" content=\"Jo\u00e3o Carlos Gomes\" \/>\n\t<meta name=\"twitter:label2\" content=\"Est. tempo de leitura\" \/>\n\t<meta name=\"twitter:data2\" content=\"3 minutos\" \/>\n<!-- \/ Yoast SEO plugin. -->","yoast_head_json":{"title":"B\u00f4nus de R$ 100 em agosto ser\u00e1 pago para inscritos do Bolsa Fam\u00edlia","robots":{"index":"index","follow":"follow","max-snippet":"max-snippet:-1","max-image-preview":"max-image-preview:large","max-video-preview":"max-video-preview:-1"},"canonical":"https:\/\/tribunademinas.audiencelabs.com.br\/bonus-de-r-100-em-agosto-sera-pago-para-inscritos-do-bolsa-familia\/","og_locale":"pt_BR","og_type":"article","og_title":"B\u00f4nus de R$ 100 em agosto ser\u00e1 pago para inscritos do Bolsa Fam\u00edlia","og_description":"Neste m\u00eas de agosto, muitos benefici\u00e1rios do programa Bolsa Fam\u00edlia notar\u00e3o uma diferen\u00e7a no pagamento mensal, j\u00e1 que um b\u00f4nus de R$ 100 ser\u00e1 depositado para complementar o valor do benef\u00edcio. Trata-se do Aux\u00edlio G\u00e1s, que tem como objetivo apoiar fam\u00edlias na aquisi\u00e7\u00e3o do botij\u00e3o, garantindo que o custo n\u00e3o prejudique o or\u00e7amento para outras [&hellip;]","og_url":"https:\/\/tribunademinas.audiencelabs.com.br\/bonus-de-r-100-em-agosto-sera-pago-para-inscritos-do-bolsa-familia\/","og_site_name":"Tribuna de Minas - Dinheiro e Cidadania","article_publisher":"https:\/\/www.facebook.com\/tribunademinas\/","article_published_time":"2025-08-14T17:00:00+00:00","og_image":[{"width":1280,"height":720,"url":"https:\/\/tribunademinas.audiencelabs.com.br\/wp-content\/uploads\/2025\/08\/bonus-agosto-inscritos-bolsa-familia.webp","type":"image\/webp"}],"author":"Jo\u00e3o Carlos Gomes","twitter_card":"summary_large_image","twitter_creator":"@tribunademinas","twitter_site":"@tribunademinas","twitter_misc":{"Escrito por":"Jo\u00e3o Carlos Gomes","Est. tempo de leitura":"3 minutos"},"schema":{"@context":"https:\/\/schema.org","@graph":[{"@type":"Article","@id":"https:\/\/tribunademinas.audiencelabs.com.br\/bonus-de-r-100-em-agosto-sera-pago-para-inscritos-do-bolsa-familia\/#article","isPartOf":{"@id":"https:\/\/tribunademinas.audiencelabs.com.br\/bonus-de-r-100-em-agosto-sera-pago-para-inscritos-do-bolsa-familia\/"},"author":{"name":"Jo\u00e3o Carlos Gomes","@id":"https:\/\/tribunademinas.audiencelabs.com.br\/#\/schema\/person\/37af466a64a722fadb8ef6841c52114f"},"headline":"B\u00f4nus de R$ 100 em agosto ser\u00e1 pago para inscritos do Bolsa Fam\u00edlia","datePublished":"2025-08-14T17:00:00+00:00","mainEntityOfPage":{"@id":"https:\/\/tribunademinas.audiencelabs.com.br\/bonus-de-r-100-em-agosto-sera-pago-para-inscritos-do-bolsa-familia\/"},"wordCount":382,"commentCount":0,"publisher":{"@id":"https:\/\/tribunademinas.audiencelabs.com.br\/#organization"},"image":{"@id":"https:\/\/tribunademinas.audiencelabs.com.br\/bonus-de-r-100-em-agosto-sera-pago-para-inscritos-do-bolsa-familia\/#primaryimage"},"thumbnailUrl":"https:\/\/tribunademinas.audiencelabs.com.br\/wp-content\/uploads\/2025\/08\/bonus-agosto-inscritos-bolsa-familia.webp","articleSection":["Cidadania"],"inLanguage":"pt-BR","potentialAction":[{"@type":"CommentAction","name":"Comment","target":["https:\/\/tribunademinas.audiencelabs.com.br\/bonus-de-r-100-em-agosto-sera-pago-para-inscritos-do-bolsa-familia\/#respond"]}]},{"@type":"WebPage","@id":"https:\/\/tribunademinas.audiencelabs.com.br\/bonus-de-r-100-em-agosto-sera-pago-para-inscritos-do-bolsa-familia\/","url":"https:\/\/tribunademinas.audiencelabs.com.br\/bonus-de-r-100-em-agosto-sera-pago-para-inscritos-do-bolsa-familia\/","name":"B\u00f4nus de R$ 100 em agosto ser\u00e1 pago para inscritos do Bolsa Fam\u00edlia","isPartOf":{"@id":"https:\/\/tribunademinas.audiencelabs.com.br\/#website"},"primaryImageOfPage":{"@id":"https:\/\/tribunademinas.audiencelabs.com.br\/bonus-de-r-100-em-agosto-sera-pago-para-inscritos-do-bolsa-familia\/#primaryimage"},"image":{"@id":"https:\/\/tribunademinas.audiencelabs.com.br\/bonus-de-r-100-em-agosto-sera-pago-para-inscritos-do-bolsa-familia\/#primaryimage"},"thumbnailUrl":"https:\/\/tribunademinas.audiencelabs.com.br\/wp-content\/uploads\/2025\/08\/bonus-agosto-inscritos-bolsa-familia.webp","datePublished":"2025-08-14T17:00:00+00:00","breadcrumb":{"@id":"https:\/\/tribunademinas.audiencelabs.com.br\/bonus-de-r-100-em-agosto-sera-pago-para-inscritos-do-bolsa-familia\/#breadcrumb"},"inLanguage":"pt-BR","potentialAction":[{"@type":"ReadAction","target":["https:\/\/tribunademinas.audiencelabs.com.br\/bonus-de-r-100-em-agosto-sera-pago-para-inscritos-do-bolsa-familia\/"]}]},{"@type":"ImageObject","inLanguage":"pt-BR","@id":"https:\/\/tribunademinas.audiencelabs.com.br\/bonus-de-r-100-em-agosto-sera-pago-para-inscritos-do-bolsa-familia\/#primaryimage","url":"https:\/\/tribunademinas.audiencelabs.com.br\/wp-content\/uploads\/2025\/08\/bonus-agosto-inscritos-bolsa-familia.webp","contentUrl":"https:\/\/tribunademinas.audiencelabs.com.br\/wp-content\/uploads\/2025\/08\/bonus-agosto-inscritos-bolsa-familia.webp","width":1280,"height":720,"caption":"Foto: Lyon Santos\/MDS"},{"@type":"BreadcrumbList","@id":"https:\/\/tribunademinas.audiencelabs.com.br\/bonus-de-r-100-em-agosto-sera-pago-para-inscritos-do-bolsa-familia\/#breadcrumb","itemListElement":[{"@type":"ListItem","position":1,"name":"In\u00edcio","item":"https:\/\/tribunademinas.audiencelabs.com.br\/"},{"@type":"ListItem","position":2,"name":"B\u00f4nus de R$ 100 em agosto ser\u00e1 pago para inscritos do Bolsa Fam\u00edlia"}]},{"@type":"WebSite","@id":"https:\/\/tribunademinas.audiencelabs.com.br\/#website","url":"https:\/\/tribunademinas.audiencelabs.com.br\/","name":"Tribuna de Minas - Dinheiro e Cidadania","description":"","publisher":{"@id":"https:\/\/tribunademinas.audiencelabs.com.br\/#organization"},"potentialAction":[{"@type":"SearchAction","target":{"@type":"EntryPoint","urlTemplate":"https:\/\/tribunademinas.audiencelabs.com.br\/?s={search_term_string}"},"query-input":{"@type":"PropertyValueSpecification","valueRequired":true,"valueName":"search_term_string"}}],"inLanguage":"pt-BR"},{"@type":"Organization","@id":"https:\/\/tribunademinas.audiencelabs.com.br\/#organization","name":"Tribuna de Minas - Dinheiro e Cidadania","url":"https:\/\/tribunademinas.audiencelabs.com.br\/","logo":{"@type":"ImageObject","inLanguage":"pt-BR","@id":"https:\/\/tribunademinas.audiencelabs.com.br\/#\/schema\/logo\/image\/","url":"https:\/\/tribunademinas.audiencelabs.com.br\/wp-content\/uploads\/2025\/08\/cropped-Tribuna_512x512-96x96-1.png","contentUrl":"https:\/\/tribunademinas.audiencelabs.com.br\/wp-content\/uploads\/2025\/08\/cropped-Tribuna_512x512-96x96-1.png","width":96,"height":96,"caption":"Tribuna de Minas - Dinheiro e Cidadania"},"image":{"@id":"https:\/\/tribunademinas.audiencelabs.com.br\/#\/schema\/logo\/image\/"},"sameAs":["https:\/\/www.facebook.com\/tribunademinas\/","https:\/\/x.com\/tribunademinas","https:\/\/www.instagram.com\/tribunademinas\/","https:\/\/www.youtube.com\/user\/TribunadeMinasJF"]},{"@type":"Person","@id":"https:\/\/tribunademinas.audiencelabs.com.br\/#\/schema\/person\/37af466a64a722fadb8ef6841c52114f","name":"Jo\u00e3o Carlos Gomes","image":{"@type":"ImageObject","inLanguage":"pt-BR","@id":"https:\/\/tribunademinas.audiencelabs.com.br\/#\/schema\/person\/image\/","url":"https:\/\/secure.gravatar.com\/avatar\/4ce4672dbdd694b329cd6fdb51bee7d1409be1f0ff76a537e4c4a737b2c7d1a9?s=96&d=mm&r=g","contentUrl":"https:\/\/secure.gravatar.com\/avatar\/4ce4672dbdd694b329cd6fdb51bee7d1409be1f0ff76a537e4c4a737b2c7d1a9?s=96&d=mm&r=g","caption":"Jo\u00e3o Carlos Gomes"},"description":"Jornalista formado pelo Centro Universit\u00e1rio Carioca, apreciador da Bossa Nova ao Metal Extremo, criador de conte\u00fado e m\u00fasico independente nas horas vagas.","url":"https:\/\/tribunademinas.audiencelabs.com.br\/author\/joaoc-junior\/"}]}},"amp_enabled":true,"_links":{"self":[{"href":"https:\/\/tribunademinas.audiencelabs.com.br\/wp-json\/wp\/v2\/posts\/453","targetHints":{"allow":["GET"]}}],"collection":[{"href":"https:\/\/tribunademinas.audiencelabs.com.br\/wp-json\/wp\/v2\/posts"}],"about":[{"href":"https:\/\/tribunademinas.audiencelabs.com.br\/wp-json\/wp\/v2\/types\/post"}],"author":[{"embeddable":true,"href":"https:\/\/tribunademinas.audiencelabs.com.br\/wp-json\/wp\/v2\/users\/3"}],"replies":[{"embeddable":true,"href":"https:\/\/tribunademinas.audiencelabs.com.br\/wp-json\/wp\/v2\/comments?post=453"}],"version-history":[{"count":1,"href":"https:\/\/tribunademinas.audiencelabs.com.br\/wp-json\/wp\/v2\/posts\/453\/revisions"}],"predecessor-version":[{"id":455,"href":"https:\/\/tribunademinas.audiencelabs.com.br\/wp-json\/wp\/v2\/posts\/453\/revisions\/455"}],"wp:featuredmedia":[{"embeddable":true,"href":"https:\/\/tribunademinas.audiencelabs.com.br\/wp-json\/wp\/v2\/media\/454"}],"wp:attachment":[{"href":"https:\/\/tribunademinas.audiencelabs.com.br\/wp-json\/wp\/v2\/media?parent=453"}],"wp:term":[{"taxonomy":"category","embeddable":true,"href":"https:\/\/tribunademinas.audiencelabs.com.br\/wp-json\/wp\/v2\/categories?post=453"},{"taxonomy":"post_tag","embeddable":true,"href":"https:\/\/tribunademinas.audiencelabs.com.br\/wp-json\/wp\/v2\/tags?post=453"}],"curies":[{"name":"wp","href":"https:\/\/api.w.org\/{rel}","templated":true}]}}