{"id":450,"date":"2025-08-14T12:00:00","date_gmt":"2025-08-14T15:00:00","guid":{"rendered":"https:\/\/tribunademinas.audiencelabs.com.br\/?p=450"},"modified":"2025-08-13T13:46:08","modified_gmt":"2025-08-13T16:46:08","slug":"familias-deixam-o-bolsa-familia-apos-2-anos-na-regra-de-protecao","status":"publish","type":"post","link":"https:\/\/tribunademinas.audiencelabs.com.br\/familias-deixam-o-bolsa-familia-apos-2-anos-na-regra-de-protecao\/","title":{"rendered":"Fam\u00edlias deixam o Bolsa Fam\u00edlia ap\u00f3s 2 anos na Regra de Prote\u00e7\u00e3o"},"content":{"rendered":"\n<p>De acordo com o Minist\u00e9rio do Desenvolvimento e Assist\u00eancia Social, Fam\u00edlia e Combate \u00e0 Fome (MDS), s\u00f3 no \u00faltimo m\u00eas, cerca de 958 mil de fam\u00edlias deixaram de ser beneficiadas pelo\u00a0<strong>programa Bolsa Fam\u00edlia<\/strong> s\u00f3 no \u00faltimo m\u00eas.<\/p>\n\n\n\n<p>E em entrevista ao programa <em>Bom Dia, Ministro<\/em>, da Empresa Brasil de Comunica\u00e7\u00e3o (EBC), o ministro respons\u00e1vel pela pasta, Wellington Dias, afirmou que mais de 50% deste total atingiu o limite da <strong>Regra de Prote\u00e7\u00e3o<\/strong> do benef\u00edcio, que originalmente, durava 24 meses.<\/p>\n\n\n\n<p>Levando em considera\u00e7\u00e3o que os benefici\u00e1rios entram na Regra de Prote\u00e7\u00e3o ao ultrapassarem a renda m\u00ednima de R$ 218 per capita estabelecida pelo programa, a not\u00edcia \u00e9 extremamente positiva, pois indica que muitas fam\u00edlias finalmente conseguiram obter um aumento em seu or\u00e7amento mensal.<\/p>\n\n\n\n<p>Desta forma, o benef\u00edcio \u00e9 reduzido para 50% do valor original, passando a funcionar apenas como uma renda complementar durante seu prazo de vig\u00eancia, em vez de representar a principal fonte de sustento, como ocorria antes da melhora na renda.<\/p>\n\n\n\n<h2 class=\"wp-block-heading\">Mudan\u00e7as na Regra de Prote\u00e7\u00e3o do Bolsa Fam\u00edlia<\/h2>\n\n\n\n<p>Conforme mencionado anteriormente, a Regra de Prote\u00e7\u00e3o do Bolsa Fam\u00edlia permitia que benefici\u00e1rios que ultrapassassem a renda m\u00ednima de R$ 218, estabelecida pelo programa, continuassem recebendo o aux\u00edlio de forma parcial por, no m\u00ednimo, dois anos. No entanto, em <strong>junho deste ano<\/strong>, ocorreram grandes mudan\u00e7as.<\/p>\n\n\n\n<p>Isso porque a dura\u00e7\u00e3o da Regra de Prote\u00e7\u00e3o foi <strong>reduzida para apenas 12 meses<\/strong> para fam\u00edlias com renda vari\u00e1vel. No entanto, por se tratar de uma altera\u00e7\u00e3o recente, por hora ela s\u00f3 \u00e9 v\u00e1lida para novos benefici\u00e1rios.<\/p>\n\n\n\n<p>Desta forma, fam\u00edlias que j\u00e1 estavam inclu\u00eddas na regra at\u00e9 junho de 2025 permanecer\u00e3o com os crit\u00e9rios anteriores, incluindo os 24 meses de dura\u00e7\u00e3o da Regra de Prote\u00e7\u00e3o.<\/p>\n\n\n\n<h2 class=\"wp-block-heading\">Retorno facilitado ao Bolsa Fam\u00edlia<\/h2>\n\n\n\n<p>Ao fim do prazo ou se houver supera\u00e7\u00e3o do limite de renda de R$ 759 da Regra de Prote\u00e7\u00e3o do Bolsa Fam\u00edlia, o benef\u00edcio ser\u00e1 oficialmente encerrado. Contudo, as fam\u00edlias n\u00e3o ser\u00e3o definitivamente descadastradas.<\/p>\n\n\n\n<p>Isso significa que, caso ainda sejam consideradas eleg\u00edveis e voltem a ter renda per capita inferior a R$ 218 dentro de at\u00e9 36 meses, elas poder\u00e3o retornar ao programa com prioridade.<\/p>\n","protected":false},"excerpt":{"rendered":"<p>De acordo com o Minist\u00e9rio do Desenvolvimento e Assist\u00eancia Social, Fam\u00edlia e Combate \u00e0 Fome (MDS), s\u00f3 no \u00faltimo m\u00eas, cerca de 958 mil de fam\u00edlias deixaram de ser beneficiadas pelo\u00a0programa Bolsa Fam\u00edlia s\u00f3 no \u00faltimo m\u00eas. E em entrevista ao programa Bom Dia, Ministro, da Empresa Brasil de Comunica\u00e7\u00e3o (EBC), o ministro respons\u00e1vel pela [&hellip;]<\/p>\n","protected":false},"author":3,"featured_media":451,"comment_status":"open","ping_status":"open","sticky":false,"template":"","format":"standard","meta":{"jnews-multi-image_gallery":[],"jnews_single_post":{"format":"standard"},"jnews_primary_category":[],"jnews_social_meta":[],"jnews_post_split":[],"footnotes":""},"categories":[159],"tags":[],"class_list":["post-450","post","type-post","status-publish","format-standard","has-post-thumbnail","hentry","category-cidadania"],"yoast_head":"<!-- This site is optimized with the Yoast SEO plugin v25.6 - https:\/\/yoast.com\/wordpress\/plugins\/seo\/ -->\n<title>Fam\u00edlias deixam o Bolsa Fam\u00edlia ap\u00f3s 2 anos na Regra de Prote\u00e7\u00e3o<\/title>\n<meta name=\"robots\" content=\"index, follow, max-snippet:-1, max-image-preview:large, max-video-preview:-1\" \/>\n<link rel=\"canonical\" href=\"https:\/\/tribunademinas.audiencelabs.com.br\/familias-deixam-o-bolsa-familia-apos-2-anos-na-regra-de-protecao\/\" \/>\n<meta property=\"og:locale\" content=\"pt_BR\" \/>\n<meta property=\"og:type\" content=\"article\" \/>\n<meta property=\"og:title\" content=\"Fam\u00edlias deixam o Bolsa Fam\u00edlia ap\u00f3s 2 anos na Regra de Prote\u00e7\u00e3o\" \/>\n<meta property=\"og:description\" content=\"De acordo com o Minist\u00e9rio do Desenvolvimento e Assist\u00eancia Social, Fam\u00edlia e Combate \u00e0 Fome (MDS), s\u00f3 no \u00faltimo m\u00eas, cerca de 958 mil de fam\u00edlias deixaram de ser beneficiadas pelo\u00a0programa Bolsa Fam\u00edlia s\u00f3 no \u00faltimo m\u00eas. E em entrevista ao programa Bom Dia, Ministro, da Empresa Brasil de Comunica\u00e7\u00e3o (EBC), o ministro respons\u00e1vel pela [&hellip;]\" \/>\n<meta property=\"og:url\" content=\"https:\/\/tribunademinas.audiencelabs.com.br\/familias-deixam-o-bolsa-familia-apos-2-anos-na-regra-de-protecao\/\" \/>\n<meta property=\"og:site_name\" content=\"Tribuna de Minas - Dinheiro e Cidadania\" \/>\n<meta property=\"article:publisher\" content=\"https:\/\/www.facebook.com\/tribunademinas\/\" \/>\n<meta property=\"article:published_time\" content=\"2025-08-14T15:00:00+00:00\" \/>\n<meta property=\"og:image\" content=\"https:\/\/tribunademinas.audiencelabs.com.br\/wp-content\/uploads\/2025\/08\/familias-deixam-bolsa-familia-regra-de-protecao.webp\" \/>\n\t<meta property=\"og:image:width\" content=\"1280\" \/>\n\t<meta property=\"og:image:height\" content=\"720\" \/>\n\t<meta property=\"og:image:type\" content=\"image\/webp\" \/>\n<meta name=\"author\" content=\"Jo\u00e3o Carlos Gomes\" \/>\n<meta name=\"twitter:card\" content=\"summary_large_image\" \/>\n<meta name=\"twitter:creator\" content=\"@tribunademinas\" \/>\n<meta name=\"twitter:site\" content=\"@tribunademinas\" \/>\n<meta name=\"twitter:label1\" content=\"Escrito por\" \/>\n\t<meta name=\"twitter:data1\" content=\"Jo\u00e3o Carlos Gomes\" \/>\n\t<meta name=\"twitter:label2\" content=\"Est. tempo de leitura\" \/>\n\t<meta name=\"twitter:data2\" content=\"3 minutos\" \/>\n<!-- \/ Yoast SEO plugin. -->","yoast_head_json":{"title":"Fam\u00edlias deixam o Bolsa Fam\u00edlia ap\u00f3s 2 anos na Regra de Prote\u00e7\u00e3o","robots":{"index":"index","follow":"follow","max-snippet":"max-snippet:-1","max-image-preview":"max-image-preview:large","max-video-preview":"max-video-preview:-1"},"canonical":"https:\/\/tribunademinas.audiencelabs.com.br\/familias-deixam-o-bolsa-familia-apos-2-anos-na-regra-de-protecao\/","og_locale":"pt_BR","og_type":"article","og_title":"Fam\u00edlias deixam o Bolsa Fam\u00edlia ap\u00f3s 2 anos na Regra de Prote\u00e7\u00e3o","og_description":"De acordo com o Minist\u00e9rio do Desenvolvimento e Assist\u00eancia Social, Fam\u00edlia e Combate \u00e0 Fome (MDS), s\u00f3 no \u00faltimo m\u00eas, cerca de 958 mil de fam\u00edlias deixaram de ser beneficiadas pelo\u00a0programa Bolsa Fam\u00edlia s\u00f3 no \u00faltimo m\u00eas. E em entrevista ao programa Bom Dia, Ministro, da Empresa Brasil de Comunica\u00e7\u00e3o (EBC), o ministro respons\u00e1vel pela [&hellip;]","og_url":"https:\/\/tribunademinas.audiencelabs.com.br\/familias-deixam-o-bolsa-familia-apos-2-anos-na-regra-de-protecao\/","og_site_name":"Tribuna de Minas - Dinheiro e Cidadania","article_publisher":"https:\/\/www.facebook.com\/tribunademinas\/","article_published_time":"2025-08-14T15:00:00+00:00","og_image":[{"width":1280,"height":720,"url":"https:\/\/tribunademinas.audiencelabs.com.br\/wp-content\/uploads\/2025\/08\/familias-deixam-bolsa-familia-regra-de-protecao.webp","type":"image\/webp"}],"author":"Jo\u00e3o Carlos Gomes","twitter_card":"summary_large_image","twitter_creator":"@tribunademinas","twitter_site":"@tribunademinas","twitter_misc":{"Escrito por":"Jo\u00e3o Carlos Gomes","Est. tempo de leitura":"3 minutos"},"schema":{"@context":"https:\/\/schema.org","@graph":[{"@type":"Article","@id":"https:\/\/tribunademinas.audiencelabs.com.br\/familias-deixam-o-bolsa-familia-apos-2-anos-na-regra-de-protecao\/#article","isPartOf":{"@id":"https:\/\/tribunademinas.audiencelabs.com.br\/familias-deixam-o-bolsa-familia-apos-2-anos-na-regra-de-protecao\/"},"author":{"name":"Jo\u00e3o Carlos Gomes","@id":"https:\/\/tribunademinas.audiencelabs.com.br\/#\/schema\/person\/37af466a64a722fadb8ef6841c52114f"},"headline":"Fam\u00edlias deixam o Bolsa Fam\u00edlia ap\u00f3s 2 anos na Regra de Prote\u00e7\u00e3o","datePublished":"2025-08-14T15:00:00+00:00","mainEntityOfPage":{"@id":"https:\/\/tribunademinas.audiencelabs.com.br\/familias-deixam-o-bolsa-familia-apos-2-anos-na-regra-de-protecao\/"},"wordCount":403,"commentCount":0,"publisher":{"@id":"https:\/\/tribunademinas.audiencelabs.com.br\/#organization"},"image":{"@id":"https:\/\/tribunademinas.audiencelabs.com.br\/familias-deixam-o-bolsa-familia-apos-2-anos-na-regra-de-protecao\/#primaryimage"},"thumbnailUrl":"https:\/\/tribunademinas.audiencelabs.com.br\/wp-content\/uploads\/2025\/08\/familias-deixam-bolsa-familia-regra-de-protecao.webp","articleSection":["Cidadania"],"inLanguage":"pt-BR","potentialAction":[{"@type":"CommentAction","name":"Comment","target":["https:\/\/tribunademinas.audiencelabs.com.br\/familias-deixam-o-bolsa-familia-apos-2-anos-na-regra-de-protecao\/#respond"]}]},{"@type":"WebPage","@id":"https:\/\/tribunademinas.audiencelabs.com.br\/familias-deixam-o-bolsa-familia-apos-2-anos-na-regra-de-protecao\/","url":"https:\/\/tribunademinas.audiencelabs.com.br\/familias-deixam-o-bolsa-familia-apos-2-anos-na-regra-de-protecao\/","name":"Fam\u00edlias deixam o Bolsa Fam\u00edlia ap\u00f3s 2 anos na Regra de Prote\u00e7\u00e3o","isPartOf":{"@id":"https:\/\/tribunademinas.audiencelabs.com.br\/#website"},"primaryImageOfPage":{"@id":"https:\/\/tribunademinas.audiencelabs.com.br\/familias-deixam-o-bolsa-familia-apos-2-anos-na-regra-de-protecao\/#primaryimage"},"image":{"@id":"https:\/\/tribunademinas.audiencelabs.com.br\/familias-deixam-o-bolsa-familia-apos-2-anos-na-regra-de-protecao\/#primaryimage"},"thumbnailUrl":"https:\/\/tribunademinas.audiencelabs.com.br\/wp-content\/uploads\/2025\/08\/familias-deixam-bolsa-familia-regra-de-protecao.webp","datePublished":"2025-08-14T15:00:00+00:00","breadcrumb":{"@id":"https:\/\/tribunademinas.audiencelabs.com.br\/familias-deixam-o-bolsa-familia-apos-2-anos-na-regra-de-protecao\/#breadcrumb"},"inLanguage":"pt-BR","potentialAction":[{"@type":"ReadAction","target":["https:\/\/tribunademinas.audiencelabs.com.br\/familias-deixam-o-bolsa-familia-apos-2-anos-na-regra-de-protecao\/"]}]},{"@type":"ImageObject","inLanguage":"pt-BR","@id":"https:\/\/tribunademinas.audiencelabs.com.br\/familias-deixam-o-bolsa-familia-apos-2-anos-na-regra-de-protecao\/#primaryimage","url":"https:\/\/tribunademinas.audiencelabs.com.br\/wp-content\/uploads\/2025\/08\/familias-deixam-bolsa-familia-regra-de-protecao.webp","contentUrl":"https:\/\/tribunademinas.audiencelabs.com.br\/wp-content\/uploads\/2025\/08\/familias-deixam-bolsa-familia-regra-de-protecao.webp","width":1280,"height":720,"caption":"Foto: Lyon Santos\/MDS"},{"@type":"BreadcrumbList","@id":"https:\/\/tribunademinas.audiencelabs.com.br\/familias-deixam-o-bolsa-familia-apos-2-anos-na-regra-de-protecao\/#breadcrumb","itemListElement":[{"@type":"ListItem","position":1,"name":"In\u00edcio","item":"https:\/\/tribunademinas.audiencelabs.com.br\/"},{"@type":"ListItem","position":2,"name":"Fam\u00edlias deixam o Bolsa Fam\u00edlia ap\u00f3s 2 anos na Regra de Prote\u00e7\u00e3o"}]},{"@type":"WebSite","@id":"https:\/\/tribunademinas.audiencelabs.com.br\/#website","url":"https:\/\/tribunademinas.audiencelabs.com.br\/","name":"Tribuna de Minas - Dinheiro e Cidadania","description":"","publisher":{"@id":"https:\/\/tribunademinas.audiencelabs.com.br\/#organization"},"potentialAction":[{"@type":"SearchAction","target":{"@type":"EntryPoint","urlTemplate":"https:\/\/tribunademinas.audiencelabs.com.br\/?s={search_term_string}"},"query-input":{"@type":"PropertyValueSpecification","valueRequired":true,"valueName":"search_term_string"}}],"inLanguage":"pt-BR"},{"@type":"Organization","@id":"https:\/\/tribunademinas.audiencelabs.com.br\/#organization","name":"Tribuna de Minas - Dinheiro e Cidadania","url":"https:\/\/tribunademinas.audiencelabs.com.br\/","logo":{"@type":"ImageObject","inLanguage":"pt-BR","@id":"https:\/\/tribunademinas.audiencelabs.com.br\/#\/schema\/logo\/image\/","url":"https:\/\/tribunademinas.audiencelabs.com.br\/wp-content\/uploads\/2025\/08\/cropped-Tribuna_512x512-96x96-1.png","contentUrl":"https:\/\/tribunademinas.audiencelabs.com.br\/wp-content\/uploads\/2025\/08\/cropped-Tribuna_512x512-96x96-1.png","width":96,"height":96,"caption":"Tribuna de Minas - Dinheiro e Cidadania"},"image":{"@id":"https:\/\/tribunademinas.audiencelabs.com.br\/#\/schema\/logo\/image\/"},"sameAs":["https:\/\/www.facebook.com\/tribunademinas\/","https:\/\/x.com\/tribunademinas","https:\/\/www.instagram.com\/tribunademinas\/","https:\/\/www.youtube.com\/user\/TribunadeMinasJF"]},{"@type":"Person","@id":"https:\/\/tribunademinas.audiencelabs.com.br\/#\/schema\/person\/37af466a64a722fadb8ef6841c52114f","name":"Jo\u00e3o Carlos Gomes","image":{"@type":"ImageObject","inLanguage":"pt-BR","@id":"https:\/\/tribunademinas.audiencelabs.com.br\/#\/schema\/person\/image\/","url":"https:\/\/secure.gravatar.com\/avatar\/4ce4672dbdd694b329cd6fdb51bee7d1409be1f0ff76a537e4c4a737b2c7d1a9?s=96&d=mm&r=g","contentUrl":"https:\/\/secure.gravatar.com\/avatar\/4ce4672dbdd694b329cd6fdb51bee7d1409be1f0ff76a537e4c4a737b2c7d1a9?s=96&d=mm&r=g","caption":"Jo\u00e3o Carlos Gomes"},"description":"Jornalista formado pelo Centro Universit\u00e1rio Carioca, apreciador da Bossa Nova ao Metal Extremo, criador de conte\u00fado e m\u00fasico independente nas horas vagas.","url":"https:\/\/tribunademinas.audiencelabs.com.br\/author\/joaoc-junior\/"}]}},"amp_enabled":true,"_links":{"self":[{"href":"https:\/\/tribunademinas.audiencelabs.com.br\/wp-json\/wp\/v2\/posts\/450","targetHints":{"allow":["GET"]}}],"collection":[{"href":"https:\/\/tribunademinas.audiencelabs.com.br\/wp-json\/wp\/v2\/posts"}],"about":[{"href":"https:\/\/tribunademinas.audiencelabs.com.br\/wp-json\/wp\/v2\/types\/post"}],"author":[{"embeddable":true,"href":"https:\/\/tribunademinas.audiencelabs.com.br\/wp-json\/wp\/v2\/users\/3"}],"replies":[{"embeddable":true,"href":"https:\/\/tribunademinas.audiencelabs.com.br\/wp-json\/wp\/v2\/comments?post=450"}],"version-history":[{"count":1,"href":"https:\/\/tribunademinas.audiencelabs.com.br\/wp-json\/wp\/v2\/posts\/450\/revisions"}],"predecessor-version":[{"id":452,"href":"https:\/\/tribunademinas.audiencelabs.com.br\/wp-json\/wp\/v2\/posts\/450\/revisions\/452"}],"wp:featuredmedia":[{"embeddable":true,"href":"https:\/\/tribunademinas.audiencelabs.com.br\/wp-json\/wp\/v2\/media\/451"}],"wp:attachment":[{"href":"https:\/\/tribunademinas.audiencelabs.com.br\/wp-json\/wp\/v2\/media?parent=450"}],"wp:term":[{"taxonomy":"category","embeddable":true,"href":"https:\/\/tribunademinas.audiencelabs.com.br\/wp-json\/wp\/v2\/categories?post=450"},{"taxonomy":"post_tag","embeddable":true,"href":"https:\/\/tribunademinas.audiencelabs.com.br\/wp-json\/wp\/v2\/tags?post=450"}],"curies":[{"name":"wp","href":"https:\/\/api.w.org\/{rel}","templated":true}]}}