{"id":4487,"date":"2025-11-29T09:00:00","date_gmt":"2025-11-29T12:00:00","guid":{"rendered":"https:\/\/tribunademinas.audiencelabs.com.br\/?p=4487"},"modified":"2025-11-28T12:38:14","modified_gmt":"2025-11-28T15:38:14","slug":"idosos-de-60-61-62-anos-ou-mais-podem-ter-mudanca-na-validade-da-cnh","status":"publish","type":"post","link":"https:\/\/tribunademinas.audiencelabs.com.br\/idosos-de-60-61-62-anos-ou-mais-podem-ter-mudanca-na-validade-da-cnh\/","title":{"rendered":"Idosos de 60, 61, 62 anos ou mais podem ter mudan\u00e7a na validade da CNH"},"content":{"rendered":"\n<p>Ao cruzar a marca dos 60 anos, o motorista passa a conviver com regras diferentes das aplicadas aos condutores mais jovens, principalmente no que diz respeito a CNH. <\/p>\n\n\n\n<p>A validade da <a href=\"https:\/\/tribunademinas.com.br\/colunas\/dinheiroecidadania\/cnh-sob-nova-regra-reforcada-saiba-o-que-mudou-com-a-lei\/\"><strong>Carteira Nacional de Habilita\u00e7\u00e3o<\/strong><\/a> muda conforme a idade, e quem entra na faixa dos 60, 61, 62 anos ou mais precisa ficar atento para n\u00e3o perder prazos e evitar transtornos. <\/p>\n\n\n\n<p>As normas foram ajustadas para acompanhar eventuais altera\u00e7\u00f5es na sa\u00fade do condutor e garantir que a capacidade de dirigir seja avaliada com regularidade.<\/p>\n\n\n\n<h2 class=\"wp-block-heading\">Idosos de 60, 61, 62 anos ou mais podem ter mudan\u00e7a na validade da CNH<\/h2>\n\n\n\n<p>A legisla\u00e7\u00e3o atual estabelece ciclos de renova\u00e7\u00e3o distintos. Enquanto os motoristas com menos de 50 anos contam com validade de at\u00e9 dez anos, esse intervalo diminui para quem ultrapassa essa faixa et\u00e1ria. <\/p>\n\n\n\n<p>A partir dos 50 anos e at\u00e9 os 69, a CNH passa a valer por cinco anos. J\u00e1 os motoristas com 70 anos ou mais precisam renovar o documento a cada tr\u00eas anos. <\/p>\n\n\n\n<p>Para quem est\u00e1 no grupo a partir dos 60 anos, isso significa que o per\u00edodo de validade j\u00e1 n\u00e3o acompanha o dos mais jovens, o que exige aten\u00e7\u00e3o redobrada aos prazos.<\/p>\n\n\n<style>@media (min-width: 992px) {\n    .recomendadorV2Area1 {\n        width: 280px;\n    }\n    .recomendadorV2Area2 {\n        padding: 0px 20px;\n        width: calc(100% - 280px);\n    }\n}\n\n@media (max-width: 992px) {\n    .recomendadorV2Button {\n        margin: 0 auto;\n    }\n    .recomendadorV2Area {\n        flex-direction: column;\n        text-align: center;\n    }\n    .recomendadorV2Area2 {\n        padding: 0px 20px;\n    }\n}\n\n.recomendadorV2Area {\n    background: #eeeeee3d;\n    border-radius: 10px;\n    padding: 15px;\n    display: flex;\n    margin: 15px auto;\n    border: 1px solid #00000014;\n    max-width: 800px;\n}\n\n.recomendadorV2Area1 img {\n    width: 280px;\n    height: auto;\n    border-radius: 8px;\n}\n\n.linkrecomendadorv2 {\n    text-decoration: none !important;\n}\n\n.recomendadorV2Area2 .recomendadorV2Type {\n    text-transform: uppercase;\n    font-weight: 500;\n    font-size: 11px;\n    letter-spacing: 2px;\n    color: #666;\n    margin: 12px 0;\n    display: block;\n}\n\n.recomendadorV2Title h2 {\n    padding-top: 0px !important;\n    margin: 0px !important;\n    border-left: none !important;\n    padding-left: 0px !important;\n    line-height: 1.3;\n    color: #000 !important;\n    font-size: 24px;\n    margin-bottom: 12px !important;\n}\n\n.recomendadorV2Desc {\n    color: #333;\n    margin: 12px 0px !important;\n    font-size: 15px;\n    line-height: 1.5;\n}\n\n.recomendadorV2Button {\n    width: auto;\n    max-width: 200px;\n    margin: 0;\n    display: inline-flex;\n    align-items: center;\n    background: #1D3557;\n    border-radius: 8px;\n    color: #fff;\n    height: 36px;\n    justify-content: center;\n    text-align: center;\n    font-size: 14px;\n    padding: 0 20px;\n    transition: background-color 0.2s ease;\n}\n\n.recomendadorV2Button:hover {\n    background: #2a4d7a;\n}\n\n.recomendadorV2Button:after {\n    margin-top: -2px;\n    content: \"\u2192\";\n    padding: 0px 0px 0px 8px;\n}\n\n.recomendadorV2Alert {\n    text-align: left;\n    font-size: 11px;\n    margin-top: 8px;\n    color: #666;\n}\n\n.recomendadorFixedArea {\n    width: 100%;\n    display: flex;\n    justify-content: center;\n    align-items: center;\n}\n\n@media (min-width: 992px) {\n    #recomendadorFixed {\n        width: 32% !important;\n        left: 5%;\n    }\n    .recomendadorCloseFixed{\n        right: inherit !important;\n        left: 378px !important;\n    }\n}\n\n#recomendadorFixed {\n    width: 90%;\n    box-shadow: 0 10px 20px 0px #00000057;\n    display: none;\n    height: 90px;\n    background: #F6F6F6;\n    position: fixed;\n    flex-direction: row;\n    bottom: 10px;\n    z-index: 9999;\n    border-radius: 16px;\n    padding: 7px 10px;\n}\n\n.recomendadorLeftArea {\n    width: 160px;\n}\n\n.recomendadorRightArea h2 {\n    padding-top: 0px;\n    margin: 2px 0px 4px 0px !important;\n    font-weight: 400;\n    text-align: center;\n    padding-left: 0px !important;\n    color: #000 !important;\n    border-left: none !important;\n    line-height: 20px;\n    font-size: 12px !important;\n}\n\n.recomendadorImgFixed {\n    overflow: hidden;\n    padding: 8px 6px;\n    height: 100%;\n}\n\n.recomendadorImgFixed img {\n    height: 100% !important;\n    border-radius: 16px;\n}\n\n.recomendadorRightArea {\n    padding-top: 6px;\n    display: flex;\n    width: calc(100% - 130px);\n    justify-content: space-between;\n    align-items: center;\n    flex-direction: column;\n}\n\n.recomendadorButtonFixed {\n    margin: 0 auto;\n    background: #1D3557;\n    width: 80%;\n    text-align: center;\n    font-size: 10px;\n    color: #FFF;\n    padding: 2px 10px;\n    border-radius: 3px;\n}\n\n.recomendadorButtonFixed:after {\n    margin-top: -3px;\n    content: \"\u2192\";\n    padding: 0px 0px 0px 10px;\n}\n\n.recomendadorAlertFixed {\n    font-weight: 400;\n    text-align: center;\n    color: #484848;\n    font-size: 8px;\n}\n\n.recomendadorCloseFixed {\n    z-index: 99999;\n    display: none;\n    right: 0px;\n    left: inherit;\n    bottom: 99px;\n    position: fixed;\n    justify-content: center;\n    background: #F6F6F6;\n    width: 25px;\n    align-items: center;\n    height: 25px;\n    font-weight: 800;\n    border-radius: 50%;\n    border: 1px solid #EBEBEB;\n}\n\n.recomendadorV2Desc{\n    color: #000000;\n    margin: 20px 0px;\n}\n\n@media (max-width: 576px) {\n    .recomendadorV2Area {\n      padding: 10px;\n      max-width: 100%;\n    }\n  \n    .recomendadorV2Area1 img {\n      width: 100%;\n      border-radius: 6px;\n    }\n  \n    .recomendadorV2Area2 .recomendadorV2Type {\n      font-size: 9px;\n      letter-spacing: 1px;\n      margin: 8px 0;\n    }\n  \n    .recomendadorV2Title h2 {\n      font-size: 18px !important;\n      margin-bottom: 8px !important;\n      line-height: 1.2;\n    }\n  \n    .recomendadorV2Desc {\n      font-size: 14px;\n      margin: 8px 0 !important;\n      line-height: 1.4;\n    }\n  \n    .recomendadorV2Button {\n      font-size: 12px;\n      height: 30px;\n      padding: 0 12px;\n      max-width: 160px;\n    }\n  \n    .recomendadorV2Button:after {\n      padding-left: 6px;\n    }\n  }\n  <\/style>\n        <div class=\"lazyblock-recomendador-v2-2jDGz wp-block-lazyblock-recomendador-v2\">\n        <a class=\"linkrecomendadorv2\" href=\"https:\/\/tribunademinas.com.br\/colunas\/maistendencias\/calendario-do-bolsa-familia-2025-de-dezembro-com-nis-final-0-a-9\/?utm_source=lazy\">\n            <div class=\"recomendadorV2Area\">\n            <div class=\"recomendadorV2Area1\">\n                <div class=\"recomendadorV2Img\">\n                <img class=\"lazyloaded\" decoding=\"async\" src=\"https:\/\/tribunademinas.com.br\/colunas\/maistendencias\/wp-content\/uploads\/2025\/11\/Bolsa-Familia-750x375.jpg\" data-src=\"https:\/\/tribunademinas.com.br\/colunas\/maistendencias\/wp-content\/uploads\/2025\/11\/Bolsa-Familia-750x375.jpg\" alt=\"\">\n                <\/div>\n            <\/div>\n            <div class=\"recomendadorV2Area2\">\n                <div class=\"recomendadorV2Type\">\n                    <span>Bolsa Fam\u00edlia<\/span>\n                <\/div>\n                <div class=\"recomendadorV2Title\">\n                <h2><span>Calend\u00e1rio 2025 \ud83d\udcc5<\/span><\/h2>\n                <\/div>\n                <div class=\"recomendadorV2Desc\">\n                <span>Veja datas de pagamento para NIS final 0 a 9<\/span>\n                <\/div>\n                <div class=\"recomendadorV2Button\">Consulte agora<\/div>\n                <div class=\"recomendadorV2Alert\"><\/div>\n            <\/div>\n            <\/div>\n        <\/a>\n        <div>\n            <div style=\"z-index:99999;\" id=\"buttonClose\" onclick=\"closeRecomendadorFixed()\">\n            <div class=\"recomendadorCloseFixed\">X<\/div>\n            <\/div>\n            <a href=\"https:\/\/tribunademinas.com.br\/colunas\/maistendencias\/calendario-do-bolsa-familia-2025-de-dezembro-com-nis-final-0-a-9\/?utm_source=lazy\">\n            <div class=\"recomendadorFixedArea\">\n                <div id=\"recomendadorFixed\">\n                <div class=\"recomendadorLeftArea\">\n                    <div class=\"recomendadorImgFixed\">\n                    <img class=\"lazyload\" decoding=\"async\" src=\"https:\/\/tribunademinas.com.br\/colunas\/maistendencias\/wp-content\/uploads\/2025\/11\/Bolsa-Familia-750x375.jpg\" alt=\"\">\n                    <\/div>\n                <\/div>\n                <div class=\"recomendadorRightArea\">\n                    <div class=\"recomendadorTitleFixed\">\n                    <h2><span>Calend\u00e1rio 2025 \ud83d\udcc5<\/span><\/h2>\n                    <\/div>\n                    <div class=\"recomendadorButtonFixed\">Consulte agora<\/div>\n                    <div class=\"recomendadorAlertFixed\"><\/div>\n                <\/div>\n                <\/div>\n            <\/div>\n            <\/a>\n        <\/div>\n        <\/div>\n\n\n\n<p>O processo de renova\u00e7\u00e3o para idosos mant\u00e9m as etapas b\u00e1sicas, mas exige cuidados espec\u00edficos. Tudo come\u00e7a com o agendamento do exame m\u00e9dico, que \u00e9 obrigat\u00f3rio e deve ser feito com um profissional credenciado ao Detran do estado onde a habilita\u00e7\u00e3o est\u00e1 registrada. <\/p>\n\n\n\n<p>Nessa consulta, s\u00e3o avaliados aspectos como vis\u00e3o, coordena\u00e7\u00e3o e condi\u00e7\u00f5es cognitivas que influenciam diretamente o ato de dirigir. <\/p>\n\n\n\n<p>Caso o m\u00e9dico considere necess\u00e1rio, a validade pode ser ainda menor que o limite previsto por lei. H\u00e1 situa\u00e7\u00f5es em que o prazo cai para um ano ou at\u00e9 seis meses, sempre baseado na avalia\u00e7\u00e3o cl\u00ednica.<\/p>\n\n\n\n<h3 class=\"wp-block-heading\">Renova\u00e7\u00e3o da CNH para idosos envolve etapa m\u00e9dica e de atualiza\u00e7\u00e3o de dados<\/h3>\n\n\n\n<p>Depois da etapa m\u00e9dica, o motorista deve atualizar seus dados no sistema do Detran e efetuar o pagamento das taxas correspondentes. Os valores variam de acordo com cada estado, e a emiss\u00e3o do novo documento s\u00f3 \u00e9 liberada ap\u00f3s a quita\u00e7\u00e3o. <\/p>\n\n\n\n<p>Esse procedimento pode ser iniciado pela internet, o que facilita o fluxo para quem prefere evitar deslocamentos.<\/p>\n\n\n\n<p>Outro ponto importante \u00e9 o prazo de toler\u00e2ncia. Mesmo ap\u00f3s o vencimento da CNH, o motorista tem at\u00e9 30 dias para regularizar a situa\u00e7\u00e3o sem sofrer penalidades. Passado esse per\u00edodo, dirigir com documento vencido se torna infra\u00e7\u00e3o grav\u00edssima, sujeita a multa e pontos na carteira.<\/p>\n\n\n\n<p>Conhecer essas regras \u00e9 essencial para qualquer idoso que pretende continuar dirigindo com tranquilidade e dentro da legalidade.<\/p>\n","protected":false},"excerpt":{"rendered":"<p>Ao cruzar a marca dos 60 anos, o motorista passa a conviver com regras diferentes das aplicadas aos condutores mais jovens, principalmente no que diz respeito a CNH. A validade da Carteira Nacional de Habilita\u00e7\u00e3o muda conforme a idade, e quem entra na faixa dos 60, 61, 62 anos ou mais precisa ficar atento para [&hellip;]<\/p>\n","protected":false},"author":5,"featured_media":4488,"comment_status":"open","ping_status":"open","sticky":false,"template":"","format":"standard","meta":{"jnews-multi-image_gallery":[],"jnews_single_post":{"format":"standard"},"jnews_primary_category":[],"jnews_social_meta":[],"jnews_post_split":[],"footnotes":""},"categories":[159],"tags":[],"class_list":["post-4487","post","type-post","status-publish","format-standard","has-post-thumbnail","hentry","category-cidadania"],"yoast_head":"<!-- This site is optimized with the Yoast SEO plugin v25.6 - https:\/\/yoast.com\/wordpress\/plugins\/seo\/ -->\n<title>Idosos de 60, 61, 62 anos ou mais podem ter mudan\u00e7a na validade da CNH<\/title>\n<meta name=\"description\" content=\"O motorista idoso passa a conviver com regras diferentes das aplicadas aos condutores mais jovens, principalmente no que diz respeito a CNH.\" \/>\n<meta name=\"robots\" content=\"index, follow, max-snippet:-1, max-image-preview:large, max-video-preview:-1\" \/>\n<link rel=\"canonical\" href=\"https:\/\/tribunademinas.audiencelabs.com.br\/idosos-de-60-61-62-anos-ou-mais-podem-ter-mudanca-na-validade-da-cnh\/\" \/>\n<meta property=\"og:locale\" content=\"pt_BR\" \/>\n<meta property=\"og:type\" content=\"article\" \/>\n<meta property=\"og:title\" content=\"Idosos de 60, 61, 62 anos ou mais podem ter mudan\u00e7a na validade da CNH\" \/>\n<meta property=\"og:description\" content=\"O motorista idoso passa a conviver com regras diferentes das aplicadas aos condutores mais jovens, principalmente no que diz respeito a CNH.\" \/>\n<meta property=\"og:url\" content=\"https:\/\/tribunademinas.audiencelabs.com.br\/idosos-de-60-61-62-anos-ou-mais-podem-ter-mudanca-na-validade-da-cnh\/\" \/>\n<meta property=\"og:site_name\" content=\"Tribuna de Minas - Dinheiro e Cidadania\" \/>\n<meta property=\"article:publisher\" content=\"https:\/\/www.facebook.com\/tribunademinas\/\" \/>\n<meta property=\"article:published_time\" content=\"2025-11-29T12:00:00+00:00\" \/>\n<meta property=\"og:image\" content=\"https:\/\/tribunademinas.audiencelabs.com.br\/wp-content\/uploads\/2025\/11\/CNH-5.webp\" \/>\n\t<meta property=\"og:image:width\" content=\"1170\" \/>\n\t<meta property=\"og:image:height\" content=\"700\" \/>\n\t<meta property=\"og:image:type\" content=\"image\/webp\" \/>\n<meta name=\"author\" content=\"Jeferson Carvalho\" \/>\n<meta name=\"twitter:card\" content=\"summary_large_image\" \/>\n<meta name=\"twitter:creator\" content=\"@tribunademinas\" \/>\n<meta name=\"twitter:site\" content=\"@tribunademinas\" \/>\n<meta name=\"twitter:label1\" content=\"Escrito por\" \/>\n\t<meta name=\"twitter:data1\" content=\"Jeferson Carvalho\" \/>\n\t<meta name=\"twitter:label2\" content=\"Est. tempo de leitura\" \/>\n\t<meta name=\"twitter:data2\" content=\"3 minutos\" \/>\n<!-- \/ Yoast SEO plugin. -->","yoast_head_json":{"title":"Idosos de 60, 61, 62 anos ou mais podem ter mudan\u00e7a na validade da CNH","description":"O motorista idoso passa a conviver com regras diferentes das aplicadas aos condutores mais jovens, principalmente no que diz respeito a CNH.","robots":{"index":"index","follow":"follow","max-snippet":"max-snippet:-1","max-image-preview":"max-image-preview:large","max-video-preview":"max-video-preview:-1"},"canonical":"https:\/\/tribunademinas.audiencelabs.com.br\/idosos-de-60-61-62-anos-ou-mais-podem-ter-mudanca-na-validade-da-cnh\/","og_locale":"pt_BR","og_type":"article","og_title":"Idosos de 60, 61, 62 anos ou mais podem ter mudan\u00e7a na validade da CNH","og_description":"O motorista idoso passa a conviver com regras diferentes das aplicadas aos condutores mais jovens, principalmente no que diz respeito a CNH.","og_url":"https:\/\/tribunademinas.audiencelabs.com.br\/idosos-de-60-61-62-anos-ou-mais-podem-ter-mudanca-na-validade-da-cnh\/","og_site_name":"Tribuna de Minas - Dinheiro e Cidadania","article_publisher":"https:\/\/www.facebook.com\/tribunademinas\/","article_published_time":"2025-11-29T12:00:00+00:00","og_image":[{"width":1170,"height":700,"url":"https:\/\/tribunademinas.audiencelabs.com.br\/wp-content\/uploads\/2025\/11\/CNH-5.webp","type":"image\/webp"}],"author":"Jeferson Carvalho","twitter_card":"summary_large_image","twitter_creator":"@tribunademinas","twitter_site":"@tribunademinas","twitter_misc":{"Escrito por":"Jeferson Carvalho","Est. tempo de leitura":"3 minutos"},"schema":{"@context":"https:\/\/schema.org","@graph":[{"@type":"Article","@id":"https:\/\/tribunademinas.audiencelabs.com.br\/idosos-de-60-61-62-anos-ou-mais-podem-ter-mudanca-na-validade-da-cnh\/#article","isPartOf":{"@id":"https:\/\/tribunademinas.audiencelabs.com.br\/idosos-de-60-61-62-anos-ou-mais-podem-ter-mudanca-na-validade-da-cnh\/"},"author":{"name":"Jeferson Carvalho","@id":"https:\/\/tribunademinas.audiencelabs.com.br\/#\/schema\/person\/db18fc40307804bacef94213aa68fd9d"},"headline":"Idosos de 60, 61, 62 anos ou mais podem ter mudan\u00e7a na validade da CNH","datePublished":"2025-11-29T12:00:00+00:00","mainEntityOfPage":{"@id":"https:\/\/tribunademinas.audiencelabs.com.br\/idosos-de-60-61-62-anos-ou-mais-podem-ter-mudanca-na-validade-da-cnh\/"},"wordCount":519,"commentCount":0,"publisher":{"@id":"https:\/\/tribunademinas.audiencelabs.com.br\/#organization"},"image":{"@id":"https:\/\/tribunademinas.audiencelabs.com.br\/idosos-de-60-61-62-anos-ou-mais-podem-ter-mudanca-na-validade-da-cnh\/#primaryimage"},"thumbnailUrl":"https:\/\/tribunademinas.audiencelabs.com.br\/wp-content\/uploads\/2025\/11\/CNH-5.webp","articleSection":["Cidadania"],"inLanguage":"pt-BR","potentialAction":[{"@type":"CommentAction","name":"Comment","target":["https:\/\/tribunademinas.audiencelabs.com.br\/idosos-de-60-61-62-anos-ou-mais-podem-ter-mudanca-na-validade-da-cnh\/#respond"]}]},{"@type":"WebPage","@id":"https:\/\/tribunademinas.audiencelabs.com.br\/idosos-de-60-61-62-anos-ou-mais-podem-ter-mudanca-na-validade-da-cnh\/","url":"https:\/\/tribunademinas.audiencelabs.com.br\/idosos-de-60-61-62-anos-ou-mais-podem-ter-mudanca-na-validade-da-cnh\/","name":"Idosos de 60, 61, 62 anos ou mais podem ter mudan\u00e7a na validade da CNH","isPartOf":{"@id":"https:\/\/tribunademinas.audiencelabs.com.br\/#website"},"primaryImageOfPage":{"@id":"https:\/\/tribunademinas.audiencelabs.com.br\/idosos-de-60-61-62-anos-ou-mais-podem-ter-mudanca-na-validade-da-cnh\/#primaryimage"},"image":{"@id":"https:\/\/tribunademinas.audiencelabs.com.br\/idosos-de-60-61-62-anos-ou-mais-podem-ter-mudanca-na-validade-da-cnh\/#primaryimage"},"thumbnailUrl":"https:\/\/tribunademinas.audiencelabs.com.br\/wp-content\/uploads\/2025\/11\/CNH-5.webp","datePublished":"2025-11-29T12:00:00+00:00","description":"O motorista idoso passa a conviver com regras diferentes das aplicadas aos condutores mais jovens, principalmente no que diz respeito a CNH.","breadcrumb":{"@id":"https:\/\/tribunademinas.audiencelabs.com.br\/idosos-de-60-61-62-anos-ou-mais-podem-ter-mudanca-na-validade-da-cnh\/#breadcrumb"},"inLanguage":"pt-BR","potentialAction":[{"@type":"ReadAction","target":["https:\/\/tribunademinas.audiencelabs.com.br\/idosos-de-60-61-62-anos-ou-mais-podem-ter-mudanca-na-validade-da-cnh\/"]}]},{"@type":"ImageObject","inLanguage":"pt-BR","@id":"https:\/\/tribunademinas.audiencelabs.com.br\/idosos-de-60-61-62-anos-ou-mais-podem-ter-mudanca-na-validade-da-cnh\/#primaryimage","url":"https:\/\/tribunademinas.audiencelabs.com.br\/wp-content\/uploads\/2025\/11\/CNH-5.webp","contentUrl":"https:\/\/tribunademinas.audiencelabs.com.br\/wp-content\/uploads\/2025\/11\/CNH-5.webp","width":1170,"height":700,"caption":"Idosos de 60, 61, 62 anos ou mais podem ter mudan\u00e7a na validade da CNH - Imagem: Marcello Casal Jr\/Ag\u00eancia Brasil"},{"@type":"BreadcrumbList","@id":"https:\/\/tribunademinas.audiencelabs.com.br\/idosos-de-60-61-62-anos-ou-mais-podem-ter-mudanca-na-validade-da-cnh\/#breadcrumb","itemListElement":[{"@type":"ListItem","position":1,"name":"In\u00edcio","item":"https:\/\/tribunademinas.audiencelabs.com.br\/"},{"@type":"ListItem","position":2,"name":"Idosos de 60, 61, 62 anos ou mais podem ter mudan\u00e7a na validade da CNH"}]},{"@type":"WebSite","@id":"https:\/\/tribunademinas.audiencelabs.com.br\/#website","url":"https:\/\/tribunademinas.audiencelabs.com.br\/","name":"Tribuna de Minas - Dinheiro e Cidadania","description":"","publisher":{"@id":"https:\/\/tribunademinas.audiencelabs.com.br\/#organization"},"potentialAction":[{"@type":"SearchAction","target":{"@type":"EntryPoint","urlTemplate":"https:\/\/tribunademinas.audiencelabs.com.br\/?s={search_term_string}"},"query-input":{"@type":"PropertyValueSpecification","valueRequired":true,"valueName":"search_term_string"}}],"inLanguage":"pt-BR"},{"@type":"Organization","@id":"https:\/\/tribunademinas.audiencelabs.com.br\/#organization","name":"Tribuna de Minas - Dinheiro e Cidadania","url":"https:\/\/tribunademinas.audiencelabs.com.br\/","logo":{"@type":"ImageObject","inLanguage":"pt-BR","@id":"https:\/\/tribunademinas.audiencelabs.com.br\/#\/schema\/logo\/image\/","url":"https:\/\/tribunademinas.audiencelabs.com.br\/wp-content\/uploads\/2025\/08\/cropped-Tribuna_512x512-96x96-1.png","contentUrl":"https:\/\/tribunademinas.audiencelabs.com.br\/wp-content\/uploads\/2025\/08\/cropped-Tribuna_512x512-96x96-1.png","width":96,"height":96,"caption":"Tribuna de Minas - Dinheiro e Cidadania"},"image":{"@id":"https:\/\/tribunademinas.audiencelabs.com.br\/#\/schema\/logo\/image\/"},"sameAs":["https:\/\/www.facebook.com\/tribunademinas\/","https:\/\/x.com\/tribunademinas","https:\/\/www.instagram.com\/tribunademinas\/","https:\/\/www.youtube.com\/user\/TribunadeMinasJF"]},{"@type":"Person","@id":"https:\/\/tribunademinas.audiencelabs.com.br\/#\/schema\/person\/db18fc40307804bacef94213aa68fd9d","name":"Jeferson Carvalho","image":{"@type":"ImageObject","inLanguage":"pt-BR","@id":"https:\/\/tribunademinas.audiencelabs.com.br\/#\/schema\/person\/image\/","url":"https:\/\/secure.gravatar.com\/avatar\/cd7646e328d9670dad7dea8698522e522745eeffcff5b9d08be858e377ce326b?s=96&d=mm&r=g","contentUrl":"https:\/\/secure.gravatar.com\/avatar\/cd7646e328d9670dad7dea8698522e522745eeffcff5b9d08be858e377ce326b?s=96&d=mm&r=g","caption":"Jeferson Carvalho"},"description":"Jornalista apaixonado pela profiss\u00e3o!","url":"https:\/\/tribunademinas.audiencelabs.com.br\/author\/jeferson\/"}]}},"amp_enabled":true,"_links":{"self":[{"href":"https:\/\/tribunademinas.audiencelabs.com.br\/wp-json\/wp\/v2\/posts\/4487","targetHints":{"allow":["GET"]}}],"collection":[{"href":"https:\/\/tribunademinas.audiencelabs.com.br\/wp-json\/wp\/v2\/posts"}],"about":[{"href":"https:\/\/tribunademinas.audiencelabs.com.br\/wp-json\/wp\/v2\/types\/post"}],"author":[{"embeddable":true,"href":"https:\/\/tribunademinas.audiencelabs.com.br\/wp-json\/wp\/v2\/users\/5"}],"replies":[{"embeddable":true,"href":"https:\/\/tribunademinas.audiencelabs.com.br\/wp-json\/wp\/v2\/comments?post=4487"}],"version-history":[{"count":3,"href":"https:\/\/tribunademinas.audiencelabs.com.br\/wp-json\/wp\/v2\/posts\/4487\/revisions"}],"predecessor-version":[{"id":4643,"href":"https:\/\/tribunademinas.audiencelabs.com.br\/wp-json\/wp\/v2\/posts\/4487\/revisions\/4643"}],"wp:featuredmedia":[{"embeddable":true,"href":"https:\/\/tribunademinas.audiencelabs.com.br\/wp-json\/wp\/v2\/media\/4488"}],"wp:attachment":[{"href":"https:\/\/tribunademinas.audiencelabs.com.br\/wp-json\/wp\/v2\/media?parent=4487"}],"wp:term":[{"taxonomy":"category","embeddable":true,"href":"https:\/\/tribunademinas.audiencelabs.com.br\/wp-json\/wp\/v2\/categories?post=4487"},{"taxonomy":"post_tag","embeddable":true,"href":"https:\/\/tribunademinas.audiencelabs.com.br\/wp-json\/wp\/v2\/tags?post=4487"}],"curies":[{"name":"wp","href":"https:\/\/api.w.org\/{rel}","templated":true}]}}