{"id":4474,"date":"2025-11-30T12:04:00","date_gmt":"2025-11-30T15:04:00","guid":{"rendered":"https:\/\/tribunademinas.audiencelabs.com.br\/?p=4474"},"modified":"2025-11-24T17:51:39","modified_gmt":"2025-11-24T20:51:39","slug":"apos-acusacoes-de-golpes-apresentador-retorna-a-tv-pedindo-pix","status":"publish","type":"post","link":"https:\/\/tribunademinas.audiencelabs.com.br\/apos-acusacoes-de-golpes-apresentador-retorna-a-tv-pedindo-pix\/","title":{"rendered":"Ap\u00f3s acusa\u00e7\u00f5es de golpes, apresentador retorna \u00e0 TV pedindo Pix"},"content":{"rendered":"\n<p>Apesar de ser r\u00e9u na Justi\u00e7a da Bahia por ter sido acusado de integrar um grupo que teria desviado quantias milion\u00e1rias, enviadas por telespectadores do programa <em>Balan\u00e7o Geral Bahia<\/em>, o <strong>apresentador Marcelo Castro<\/strong> teria voltado a pedir contribui\u00e7\u00f5es via Pix na televis\u00e3o.<\/p>\n\n\n\n<p>Atualmente \u00e0 frente do programa <em>Al\u00f4 Juca<\/em> na TV Aratu, afiliada baiana do SBT, durante a edi\u00e7\u00e3o exibida na \u00faltima sexta-feira (21), Marcelo alegou estar solicitando doa\u00e7\u00f5es para uma moradora do bairro Lobato, em Salvador, que de acordo com ele, teria perdido seus m\u00f3veis por conta de uma enchente.<\/p>\n\n\n\n<p>A situa\u00e7\u00e3o acabou atraindo a aten\u00e7\u00e3o n\u00e3o apenas do Minist\u00e9rio P\u00fablico da Bahia, mas tamb\u00e9m <strong>da Record TV<\/strong>, que \u00e9 parte interessada no processo envolvendo Castro, uma vez que a fraude original foi registrada em um de seus programas de maior sucesso.<\/p>\n\n\n\n<p>A emissora solicitou que a campanha seja investigada, especialmente porque <strong>ainda h\u00e1 uma a\u00e7\u00e3o em andamento<\/strong> sobre as doa\u00e7\u00f5es anteriores. At\u00e9 o momento, nem o apresentador nem sua defesa se manifestaram sobre o ocorrido.<\/p>\n\n\n\n<h2 class=\"wp-block-heading\">Desvio de doa\u00e7\u00f5es via Pix: entenda o caso envolvendo apresentador<\/h2>\n\n\n\n<p>Conforme denunciado pela pr\u00f3pria Record durante uma reportagem do programa<em> Domingo Espetacular<\/em>, Marcelo Castro e outros associados teriam desviado mais de R$ 400 mil entre 2022 e 2023, de um montante de doa\u00e7\u00f5es feitas pelo p\u00fablico via Pix.<\/p>\n\n\n\n<p>De acordo com a investiga\u00e7\u00e3o, o apresentador teria arrecadado <strong>cerca de R$ 146,2 mil<\/strong>, enquanto Jamerson Oliveira, ex-editor do <em>Balan\u00e7o Geral Bahia<\/em>, teria recebido<strong> aproximadamente R$ 145,7 mil<\/strong>.<\/p>\n\n\n\n<h2 class=\"wp-block-heading\">Apresentador afirma estar sendo alvo de boicote<\/h2>\n\n\n\n<p>Apesar de ainda n\u00e3o ter comentado publicamente sobre o caso, o portal <em>Metr\u00f3poles<\/em> noticiou que, em uma edi\u00e7\u00e3o recente do Al\u00f4 Juca, Marcelo Castro desabafou de forma discreta sobre o ocorrido, sem citar o nome de sua ex-emissora.<\/p>\n\n\n\n<p><strong>&#8220;Querem me calar, mas eu tenho aqui comigo Deus, o Esp\u00edrito Santo para mostrar isso aqui de segunda a segunda&#8221;<\/strong>, disse ele, ap\u00f3s a exibi\u00e7\u00e3o de uma reportagem sobre demoli\u00e7\u00f5es de casas na Vila de Abrantes.<\/p>\n\n\n\n<p>Em outro momento, o apresentador ainda insinuou que traficantes estariam envolvidos em uma tentativa de tir\u00e1-lo do ar. Contudo, reiterou seu apelo popular, afirmando ser l\u00edder de audi\u00eancia no estado da Bahia.<\/p>\n","protected":false},"excerpt":{"rendered":"<p>Apesar de ser r\u00e9u na Justi\u00e7a da Bahia por ter sido acusado de integrar um grupo que teria desviado quantias milion\u00e1rias, enviadas por telespectadores do programa Balan\u00e7o Geral Bahia, o apresentador Marcelo Castro teria voltado a pedir contribui\u00e7\u00f5es via Pix na televis\u00e3o. Atualmente \u00e0 frente do programa Al\u00f4 Juca na TV Aratu, afiliada baiana do [&hellip;]<\/p>\n","protected":false},"author":3,"featured_media":4475,"comment_status":"open","ping_status":"open","sticky":false,"template":"","format":"standard","meta":{"jnews-multi-image_gallery":[],"jnews_single_post":{"format":"standard"},"jnews_primary_category":[],"jnews_social_meta":[],"jnews_post_split":[],"footnotes":""},"categories":[1],"tags":[],"class_list":["post-4474","post","type-post","status-publish","format-standard","has-post-thumbnail","hentry","category-dinheiro"],"yoast_head":"<!-- This site is optimized with the Yoast SEO plugin v25.6 - https:\/\/yoast.com\/wordpress\/plugins\/seo\/ -->\n<title>Ap\u00f3s acusa\u00e7\u00f5es de golpes, apresentador retorna \u00e0 TV pedindo Pix<\/title>\n<meta name=\"robots\" content=\"index, follow, max-snippet:-1, max-image-preview:large, max-video-preview:-1\" \/>\n<link rel=\"canonical\" href=\"https:\/\/tribunademinas.audiencelabs.com.br\/apos-acusacoes-de-golpes-apresentador-retorna-a-tv-pedindo-pix\/\" \/>\n<meta property=\"og:locale\" content=\"pt_BR\" \/>\n<meta property=\"og:type\" content=\"article\" \/>\n<meta property=\"og:title\" content=\"Ap\u00f3s acusa\u00e7\u00f5es de golpes, apresentador retorna \u00e0 TV pedindo Pix\" \/>\n<meta property=\"og:description\" content=\"Apesar de ser r\u00e9u na Justi\u00e7a da Bahia por ter sido acusado de integrar um grupo que teria desviado quantias milion\u00e1rias, enviadas por telespectadores do programa Balan\u00e7o Geral Bahia, o apresentador Marcelo Castro teria voltado a pedir contribui\u00e7\u00f5es via Pix na televis\u00e3o. Atualmente \u00e0 frente do programa Al\u00f4 Juca na TV Aratu, afiliada baiana do [&hellip;]\" \/>\n<meta property=\"og:url\" content=\"https:\/\/tribunademinas.audiencelabs.com.br\/apos-acusacoes-de-golpes-apresentador-retorna-a-tv-pedindo-pix\/\" \/>\n<meta property=\"og:site_name\" content=\"Tribuna de Minas - Dinheiro e Cidadania\" \/>\n<meta property=\"article:publisher\" content=\"https:\/\/www.facebook.com\/tribunademinas\/\" \/>\n<meta property=\"article:published_time\" content=\"2025-11-30T15:04:00+00:00\" \/>\n<meta property=\"og:image\" content=\"https:\/\/tribunademinas.audiencelabs.com.br\/wp-content\/uploads\/2025\/11\/apos-acusacoes-golpes-apresentador-retorna-a-tv-pedindo-pix.jpg\" \/>\n\t<meta property=\"og:image:width\" content=\"1920\" \/>\n\t<meta property=\"og:image:height\" content=\"1080\" \/>\n\t<meta property=\"og:image:type\" content=\"image\/jpeg\" \/>\n<meta name=\"author\" content=\"Jo\u00e3o Carlos Gomes\" \/>\n<meta name=\"twitter:card\" content=\"summary_large_image\" \/>\n<meta name=\"twitter:creator\" content=\"@tribunademinas\" \/>\n<meta name=\"twitter:site\" content=\"@tribunademinas\" \/>\n<meta name=\"twitter:label1\" content=\"Escrito por\" \/>\n\t<meta name=\"twitter:data1\" content=\"Jo\u00e3o Carlos Gomes\" \/>\n\t<meta name=\"twitter:label2\" content=\"Est. tempo de leitura\" \/>\n\t<meta name=\"twitter:data2\" content=\"3 minutos\" \/>\n<!-- \/ Yoast SEO plugin. -->","yoast_head_json":{"title":"Ap\u00f3s acusa\u00e7\u00f5es de golpes, apresentador retorna \u00e0 TV pedindo Pix","robots":{"index":"index","follow":"follow","max-snippet":"max-snippet:-1","max-image-preview":"max-image-preview:large","max-video-preview":"max-video-preview:-1"},"canonical":"https:\/\/tribunademinas.audiencelabs.com.br\/apos-acusacoes-de-golpes-apresentador-retorna-a-tv-pedindo-pix\/","og_locale":"pt_BR","og_type":"article","og_title":"Ap\u00f3s acusa\u00e7\u00f5es de golpes, apresentador retorna \u00e0 TV pedindo Pix","og_description":"Apesar de ser r\u00e9u na Justi\u00e7a da Bahia por ter sido acusado de integrar um grupo que teria desviado quantias milion\u00e1rias, enviadas por telespectadores do programa Balan\u00e7o Geral Bahia, o apresentador Marcelo Castro teria voltado a pedir contribui\u00e7\u00f5es via Pix na televis\u00e3o. Atualmente \u00e0 frente do programa Al\u00f4 Juca na TV Aratu, afiliada baiana do [&hellip;]","og_url":"https:\/\/tribunademinas.audiencelabs.com.br\/apos-acusacoes-de-golpes-apresentador-retorna-a-tv-pedindo-pix\/","og_site_name":"Tribuna de Minas - Dinheiro e Cidadania","article_publisher":"https:\/\/www.facebook.com\/tribunademinas\/","article_published_time":"2025-11-30T15:04:00+00:00","og_image":[{"width":1920,"height":1080,"url":"https:\/\/tribunademinas.audiencelabs.com.br\/wp-content\/uploads\/2025\/11\/apos-acusacoes-golpes-apresentador-retorna-a-tv-pedindo-pix.jpg","type":"image\/jpeg"}],"author":"Jo\u00e3o Carlos Gomes","twitter_card":"summary_large_image","twitter_creator":"@tribunademinas","twitter_site":"@tribunademinas","twitter_misc":{"Escrito por":"Jo\u00e3o Carlos Gomes","Est. tempo de leitura":"3 minutos"},"schema":{"@context":"https:\/\/schema.org","@graph":[{"@type":"Article","@id":"https:\/\/tribunademinas.audiencelabs.com.br\/apos-acusacoes-de-golpes-apresentador-retorna-a-tv-pedindo-pix\/#article","isPartOf":{"@id":"https:\/\/tribunademinas.audiencelabs.com.br\/apos-acusacoes-de-golpes-apresentador-retorna-a-tv-pedindo-pix\/"},"author":{"name":"Jo\u00e3o Carlos Gomes","@id":"https:\/\/tribunademinas.audiencelabs.com.br\/#\/schema\/person\/37af466a64a722fadb8ef6841c52114f"},"headline":"Ap\u00f3s acusa\u00e7\u00f5es de golpes, apresentador retorna \u00e0 TV pedindo Pix","datePublished":"2025-11-30T15:04:00+00:00","mainEntityOfPage":{"@id":"https:\/\/tribunademinas.audiencelabs.com.br\/apos-acusacoes-de-golpes-apresentador-retorna-a-tv-pedindo-pix\/"},"wordCount":392,"commentCount":0,"publisher":{"@id":"https:\/\/tribunademinas.audiencelabs.com.br\/#organization"},"image":{"@id":"https:\/\/tribunademinas.audiencelabs.com.br\/apos-acusacoes-de-golpes-apresentador-retorna-a-tv-pedindo-pix\/#primaryimage"},"thumbnailUrl":"https:\/\/tribunademinas.audiencelabs.com.br\/wp-content\/uploads\/2025\/11\/apos-acusacoes-golpes-apresentador-retorna-a-tv-pedindo-pix.jpg","articleSection":["Dinheiro"],"inLanguage":"pt-BR","potentialAction":[{"@type":"CommentAction","name":"Comment","target":["https:\/\/tribunademinas.audiencelabs.com.br\/apos-acusacoes-de-golpes-apresentador-retorna-a-tv-pedindo-pix\/#respond"]}]},{"@type":"WebPage","@id":"https:\/\/tribunademinas.audiencelabs.com.br\/apos-acusacoes-de-golpes-apresentador-retorna-a-tv-pedindo-pix\/","url":"https:\/\/tribunademinas.audiencelabs.com.br\/apos-acusacoes-de-golpes-apresentador-retorna-a-tv-pedindo-pix\/","name":"Ap\u00f3s acusa\u00e7\u00f5es de golpes, apresentador retorna \u00e0 TV pedindo Pix","isPartOf":{"@id":"https:\/\/tribunademinas.audiencelabs.com.br\/#website"},"primaryImageOfPage":{"@id":"https:\/\/tribunademinas.audiencelabs.com.br\/apos-acusacoes-de-golpes-apresentador-retorna-a-tv-pedindo-pix\/#primaryimage"},"image":{"@id":"https:\/\/tribunademinas.audiencelabs.com.br\/apos-acusacoes-de-golpes-apresentador-retorna-a-tv-pedindo-pix\/#primaryimage"},"thumbnailUrl":"https:\/\/tribunademinas.audiencelabs.com.br\/wp-content\/uploads\/2025\/11\/apos-acusacoes-golpes-apresentador-retorna-a-tv-pedindo-pix.jpg","datePublished":"2025-11-30T15:04:00+00:00","breadcrumb":{"@id":"https:\/\/tribunademinas.audiencelabs.com.br\/apos-acusacoes-de-golpes-apresentador-retorna-a-tv-pedindo-pix\/#breadcrumb"},"inLanguage":"pt-BR","potentialAction":[{"@type":"ReadAction","target":["https:\/\/tribunademinas.audiencelabs.com.br\/apos-acusacoes-de-golpes-apresentador-retorna-a-tv-pedindo-pix\/"]}]},{"@type":"ImageObject","inLanguage":"pt-BR","@id":"https:\/\/tribunademinas.audiencelabs.com.br\/apos-acusacoes-de-golpes-apresentador-retorna-a-tv-pedindo-pix\/#primaryimage","url":"https:\/\/tribunademinas.audiencelabs.com.br\/wp-content\/uploads\/2025\/11\/apos-acusacoes-golpes-apresentador-retorna-a-tv-pedindo-pix.jpg","contentUrl":"https:\/\/tribunademinas.audiencelabs.com.br\/wp-content\/uploads\/2025\/11\/apos-acusacoes-golpes-apresentador-retorna-a-tv-pedindo-pix.jpg","width":1920,"height":1080,"caption":"Foto: Donald Tong\/Pexels"},{"@type":"BreadcrumbList","@id":"https:\/\/tribunademinas.audiencelabs.com.br\/apos-acusacoes-de-golpes-apresentador-retorna-a-tv-pedindo-pix\/#breadcrumb","itemListElement":[{"@type":"ListItem","position":1,"name":"In\u00edcio","item":"https:\/\/tribunademinas.audiencelabs.com.br\/"},{"@type":"ListItem","position":2,"name":"Ap\u00f3s acusa\u00e7\u00f5es de golpes, apresentador retorna \u00e0 TV pedindo Pix"}]},{"@type":"WebSite","@id":"https:\/\/tribunademinas.audiencelabs.com.br\/#website","url":"https:\/\/tribunademinas.audiencelabs.com.br\/","name":"Tribuna de Minas - Dinheiro e Cidadania","description":"","publisher":{"@id":"https:\/\/tribunademinas.audiencelabs.com.br\/#organization"},"potentialAction":[{"@type":"SearchAction","target":{"@type":"EntryPoint","urlTemplate":"https:\/\/tribunademinas.audiencelabs.com.br\/?s={search_term_string}"},"query-input":{"@type":"PropertyValueSpecification","valueRequired":true,"valueName":"search_term_string"}}],"inLanguage":"pt-BR"},{"@type":"Organization","@id":"https:\/\/tribunademinas.audiencelabs.com.br\/#organization","name":"Tribuna de Minas - Dinheiro e Cidadania","url":"https:\/\/tribunademinas.audiencelabs.com.br\/","logo":{"@type":"ImageObject","inLanguage":"pt-BR","@id":"https:\/\/tribunademinas.audiencelabs.com.br\/#\/schema\/logo\/image\/","url":"https:\/\/tribunademinas.audiencelabs.com.br\/wp-content\/uploads\/2025\/08\/cropped-Tribuna_512x512-96x96-1.png","contentUrl":"https:\/\/tribunademinas.audiencelabs.com.br\/wp-content\/uploads\/2025\/08\/cropped-Tribuna_512x512-96x96-1.png","width":96,"height":96,"caption":"Tribuna de Minas - Dinheiro e Cidadania"},"image":{"@id":"https:\/\/tribunademinas.audiencelabs.com.br\/#\/schema\/logo\/image\/"},"sameAs":["https:\/\/www.facebook.com\/tribunademinas\/","https:\/\/x.com\/tribunademinas","https:\/\/www.instagram.com\/tribunademinas\/","https:\/\/www.youtube.com\/user\/TribunadeMinasJF"]},{"@type":"Person","@id":"https:\/\/tribunademinas.audiencelabs.com.br\/#\/schema\/person\/37af466a64a722fadb8ef6841c52114f","name":"Jo\u00e3o Carlos Gomes","image":{"@type":"ImageObject","inLanguage":"pt-BR","@id":"https:\/\/tribunademinas.audiencelabs.com.br\/#\/schema\/person\/image\/","url":"https:\/\/secure.gravatar.com\/avatar\/4ce4672dbdd694b329cd6fdb51bee7d1409be1f0ff76a537e4c4a737b2c7d1a9?s=96&d=mm&r=g","contentUrl":"https:\/\/secure.gravatar.com\/avatar\/4ce4672dbdd694b329cd6fdb51bee7d1409be1f0ff76a537e4c4a737b2c7d1a9?s=96&d=mm&r=g","caption":"Jo\u00e3o Carlos Gomes"},"description":"Jornalista formado pelo Centro Universit\u00e1rio Carioca, apreciador da Bossa Nova ao Metal Extremo, criador de conte\u00fado e m\u00fasico independente nas horas vagas.","url":"https:\/\/tribunademinas.audiencelabs.com.br\/author\/joaoc-junior\/"}]}},"amp_enabled":true,"_links":{"self":[{"href":"https:\/\/tribunademinas.audiencelabs.com.br\/wp-json\/wp\/v2\/posts\/4474","targetHints":{"allow":["GET"]}}],"collection":[{"href":"https:\/\/tribunademinas.audiencelabs.com.br\/wp-json\/wp\/v2\/posts"}],"about":[{"href":"https:\/\/tribunademinas.audiencelabs.com.br\/wp-json\/wp\/v2\/types\/post"}],"author":[{"embeddable":true,"href":"https:\/\/tribunademinas.audiencelabs.com.br\/wp-json\/wp\/v2\/users\/3"}],"replies":[{"embeddable":true,"href":"https:\/\/tribunademinas.audiencelabs.com.br\/wp-json\/wp\/v2\/comments?post=4474"}],"version-history":[{"count":1,"href":"https:\/\/tribunademinas.audiencelabs.com.br\/wp-json\/wp\/v2\/posts\/4474\/revisions"}],"predecessor-version":[{"id":4480,"href":"https:\/\/tribunademinas.audiencelabs.com.br\/wp-json\/wp\/v2\/posts\/4474\/revisions\/4480"}],"wp:featuredmedia":[{"embeddable":true,"href":"https:\/\/tribunademinas.audiencelabs.com.br\/wp-json\/wp\/v2\/media\/4475"}],"wp:attachment":[{"href":"https:\/\/tribunademinas.audiencelabs.com.br\/wp-json\/wp\/v2\/media?parent=4474"}],"wp:term":[{"taxonomy":"category","embeddable":true,"href":"https:\/\/tribunademinas.audiencelabs.com.br\/wp-json\/wp\/v2\/categories?post=4474"},{"taxonomy":"post_tag","embeddable":true,"href":"https:\/\/tribunademinas.audiencelabs.com.br\/wp-json\/wp\/v2\/tags?post=4474"}],"curies":[{"name":"wp","href":"https:\/\/api.w.org\/{rel}","templated":true}]}}