{"id":4346,"date":"2025-11-20T12:00:00","date_gmt":"2025-11-20T15:00:00","guid":{"rendered":"https:\/\/tribunademinas.audiencelabs.com.br\/?p=4346"},"modified":"2025-11-19T20:57:59","modified_gmt":"2025-11-19T23:57:59","slug":"aposentadoria-aos-40-anos-e-possivel-se-seguir-estes-criterios","status":"publish","type":"post","link":"https:\/\/tribunademinas.audiencelabs.com.br\/aposentadoria-aos-40-anos-e-possivel-se-seguir-estes-criterios\/","title":{"rendered":"Aposentadoria aos 40 anos \u00e9 poss\u00edvel se seguir estes crit\u00e9rios"},"content":{"rendered":"\n<p>A possibilidade de um trabalhador brasileiro conquistar a aposentadoria aos 40 anos de idade voltou ao debate nacional em 2025. O tema ganhou for\u00e7a por causa de uma proposta que altera as regras da aposentadoria especial, criando novas faixas de idade m\u00ednima. <\/p>\n\n\n\n<p>Se o projeto for aprovado e o segurado cumprir requisitos espec\u00edficos ligados \u00e0 exposi\u00e7\u00e3o a agentes nocivos, o benef\u00edcio poder\u00e1 ser liberado bem antes do que ocorre hoje. <\/p>\n\n\n\n<p>Trata-se de uma mudan\u00e7a relevante, j\u00e1 que, no modelo atual, apenas quem trabalhou por pelo menos 15 anos em atividades prejudiciais pode se aposentar a partir dos 55 anos.<\/p>\n\n\n\n<h2 class=\"wp-block-heading\">Aposentadoria aos 40 anos \u00e9 poss\u00edvel se seguir estes crit\u00e9rios<\/h2>\n\n\n\n<p>A aposentadoria <a href=\"https:\/\/tribunademinas.com.br\/colunas\/dinheiroecidadania\/regras-para-aposentadoria-especial-que-muitos-tem-direito-e-nao-sabem\/\"><strong>especial<\/strong><\/a> \u00e9 um mecanismo que reconhece o impacto do ambiente de trabalho na sa\u00fade e na capacidade laboral ao longo do tempo. <\/p>\n\n\n\n<p>Ela existe para proteger profissionais que passaram anos submetidos a ru\u00eddos intensos, produtos qu\u00edmicos, radia\u00e7\u00e3o, agentes biol\u00f3gicos ou outras condi\u00e7\u00f5es que aceleram o desgaste f\u00edsico. <\/p>\n\n\n\n<p>Para comprovar esse risco, o segurado precisa apresentar documenta\u00e7\u00e3o t\u00e9cnica, como registros das empresas e laudos que demonstrem a exposi\u00e7\u00e3o cont\u00ednua. Essa etapa costuma ser cuidadosa porque define se o direito ao benef\u00edcio realmente existe.<\/p>\n\n\n\n<p>Pelas regras em vigor, o tempo de contribui\u00e7\u00e3o necess\u00e1rio varia conforme o grau de risco. H\u00e1 situa\u00e7\u00f5es em que o trabalhador precisa comprovar 15 anos de atividade especial, enquanto outras exigem 20 ou 25 anos. <\/p>\n\n\n\n<p>O fator decisivo \u00e9 o tipo de agente nocivo e o n\u00edvel de amea\u00e7a que ele representa. Assim, mesmo antes da discuss\u00e3o atual, a aposentadoria especial j\u00e1 funcionava como uma ferramenta de compensa\u00e7\u00e3o para quem enfrentou ambientes severos ao longo da carreira.<\/p>\n\n\n\n<h3 class=\"wp-block-heading\">Novo projeto de lei pode liberar aposentadoria especial aos 40 anos de idade<\/h3>\n\n\n\n<p>A proposta que est\u00e1 em an\u00e1lise na C\u00e2mara dos Deputados pretende alterar justamente as idades m\u00ednimas. <\/p>\n\n\n\n<p>O texto prev\u00ea tr\u00eas possibilidades: aposentadoria aos 40 anos para quem comprovar 15 anos de exposi\u00e7\u00e3o intensa, aos 45 anos para quem somar 20 anos nessas condi\u00e7\u00f5es e aos 48 anos para quem trabalhar 25 anos sob risco. <\/p>\n\n\n\n<p>Al\u00e9m da redu\u00e7\u00e3o das idades, o projeto tamb\u00e9m sugere que o valor do benef\u00edcio seja equivalente a 100 por cento da m\u00e9dia salarial, o que tornaria o pagamento mais vantajoso em rela\u00e7\u00e3o ao modelo atual.<\/p>\n\n\n\n<p>Apesar da repercuss\u00e3o, nada muda por enquanto. A proposta segue em tramita\u00e7\u00e3o, ainda precisa ser votada em plen\u00e1rio e pode sofrer ajustes. <\/p>\n\n\n\n<p>S\u00f3 haver\u00e1 qualquer altera\u00e7\u00e3o nas regras quando o Congresso aprovar o texto e ele entrar oficialmente em vigor. At\u00e9 l\u00e1, a aposentadoria especial continua funcionando conforme a legisla\u00e7\u00e3o atual.<\/p>\n\n\n\n<p><\/p>\n","protected":false},"excerpt":{"rendered":"<p>A possibilidade de um trabalhador brasileiro conquistar a aposentadoria aos 40 anos de idade voltou ao debate nacional em 2025. O tema ganhou for\u00e7a por causa de uma proposta que altera as regras da aposentadoria especial, criando novas faixas de idade m\u00ednima. Se o projeto for aprovado e o segurado cumprir requisitos espec\u00edficos ligados \u00e0 [&hellip;]<\/p>\n","protected":false},"author":5,"featured_media":4347,"comment_status":"open","ping_status":"open","sticky":false,"template":"","format":"standard","meta":{"jnews-multi-image_gallery":[],"jnews_single_post":{"format":"standard"},"jnews_primary_category":[],"jnews_social_meta":[],"jnews_post_split":[],"footnotes":""},"categories":[159],"tags":[],"class_list":["post-4346","post","type-post","status-publish","format-standard","has-post-thumbnail","hentry","category-cidadania"],"yoast_head":"<!-- This site is optimized with the Yoast SEO plugin v25.6 - https:\/\/yoast.com\/wordpress\/plugins\/seo\/ -->\n<title>Aposentadoria aos 40 anos \u00e9 poss\u00edvel se seguir estes crit\u00e9rios<\/title>\n<meta name=\"description\" content=\"A possibilidade de um trabalhador brasileiro conquistar a aposentadoria aos 40 anos de idade voltou ao debate nacional em 2025.\" \/>\n<meta name=\"robots\" content=\"index, follow, max-snippet:-1, max-image-preview:large, max-video-preview:-1\" \/>\n<link rel=\"canonical\" href=\"https:\/\/tribunademinas.audiencelabs.com.br\/aposentadoria-aos-40-anos-e-possivel-se-seguir-estes-criterios\/\" \/>\n<meta property=\"og:locale\" content=\"pt_BR\" \/>\n<meta property=\"og:type\" content=\"article\" \/>\n<meta property=\"og:title\" content=\"Aposentadoria aos 40 anos \u00e9 poss\u00edvel se seguir estes crit\u00e9rios\" \/>\n<meta property=\"og:description\" content=\"A possibilidade de um trabalhador brasileiro conquistar a aposentadoria aos 40 anos de idade voltou ao debate nacional em 2025.\" \/>\n<meta property=\"og:url\" content=\"https:\/\/tribunademinas.audiencelabs.com.br\/aposentadoria-aos-40-anos-e-possivel-se-seguir-estes-criterios\/\" \/>\n<meta property=\"og:site_name\" content=\"Tribuna de Minas - Dinheiro e Cidadania\" \/>\n<meta property=\"article:publisher\" content=\"https:\/\/www.facebook.com\/tribunademinas\/\" \/>\n<meta property=\"article:published_time\" content=\"2025-11-20T15:00:00+00:00\" \/>\n<meta property=\"og:image\" content=\"https:\/\/tribunademinas.audiencelabs.com.br\/wp-content\/uploads\/2025\/11\/aposentadoria.webp\" \/>\n\t<meta property=\"og:image:width\" content=\"1170\" \/>\n\t<meta property=\"og:image:height\" content=\"700\" \/>\n\t<meta property=\"og:image:type\" content=\"image\/webp\" \/>\n<meta name=\"author\" content=\"Jeferson Carvalho\" \/>\n<meta name=\"twitter:card\" content=\"summary_large_image\" \/>\n<meta name=\"twitter:creator\" content=\"@tribunademinas\" \/>\n<meta name=\"twitter:site\" content=\"@tribunademinas\" \/>\n<meta name=\"twitter:label1\" content=\"Escrito por\" \/>\n\t<meta name=\"twitter:data1\" content=\"Jeferson Carvalho\" \/>\n\t<meta name=\"twitter:label2\" content=\"Est. tempo de leitura\" \/>\n\t<meta name=\"twitter:data2\" content=\"3 minutos\" \/>\n<!-- \/ Yoast SEO plugin. -->","yoast_head_json":{"title":"Aposentadoria aos 40 anos \u00e9 poss\u00edvel se seguir estes crit\u00e9rios","description":"A possibilidade de um trabalhador brasileiro conquistar a aposentadoria aos 40 anos de idade voltou ao debate nacional em 2025.","robots":{"index":"index","follow":"follow","max-snippet":"max-snippet:-1","max-image-preview":"max-image-preview:large","max-video-preview":"max-video-preview:-1"},"canonical":"https:\/\/tribunademinas.audiencelabs.com.br\/aposentadoria-aos-40-anos-e-possivel-se-seguir-estes-criterios\/","og_locale":"pt_BR","og_type":"article","og_title":"Aposentadoria aos 40 anos \u00e9 poss\u00edvel se seguir estes crit\u00e9rios","og_description":"A possibilidade de um trabalhador brasileiro conquistar a aposentadoria aos 40 anos de idade voltou ao debate nacional em 2025.","og_url":"https:\/\/tribunademinas.audiencelabs.com.br\/aposentadoria-aos-40-anos-e-possivel-se-seguir-estes-criterios\/","og_site_name":"Tribuna de Minas - Dinheiro e Cidadania","article_publisher":"https:\/\/www.facebook.com\/tribunademinas\/","article_published_time":"2025-11-20T15:00:00+00:00","og_image":[{"width":1170,"height":700,"url":"https:\/\/tribunademinas.audiencelabs.com.br\/wp-content\/uploads\/2025\/11\/aposentadoria.webp","type":"image\/webp"}],"author":"Jeferson Carvalho","twitter_card":"summary_large_image","twitter_creator":"@tribunademinas","twitter_site":"@tribunademinas","twitter_misc":{"Escrito por":"Jeferson Carvalho","Est. tempo de leitura":"3 minutos"},"schema":{"@context":"https:\/\/schema.org","@graph":[{"@type":"Article","@id":"https:\/\/tribunademinas.audiencelabs.com.br\/aposentadoria-aos-40-anos-e-possivel-se-seguir-estes-criterios\/#article","isPartOf":{"@id":"https:\/\/tribunademinas.audiencelabs.com.br\/aposentadoria-aos-40-anos-e-possivel-se-seguir-estes-criterios\/"},"author":{"name":"Jeferson Carvalho","@id":"https:\/\/tribunademinas.audiencelabs.com.br\/#\/schema\/person\/db18fc40307804bacef94213aa68fd9d"},"headline":"Aposentadoria aos 40 anos \u00e9 poss\u00edvel se seguir estes crit\u00e9rios","datePublished":"2025-11-20T15:00:00+00:00","mainEntityOfPage":{"@id":"https:\/\/tribunademinas.audiencelabs.com.br\/aposentadoria-aos-40-anos-e-possivel-se-seguir-estes-criterios\/"},"wordCount":457,"commentCount":0,"publisher":{"@id":"https:\/\/tribunademinas.audiencelabs.com.br\/#organization"},"image":{"@id":"https:\/\/tribunademinas.audiencelabs.com.br\/aposentadoria-aos-40-anos-e-possivel-se-seguir-estes-criterios\/#primaryimage"},"thumbnailUrl":"https:\/\/tribunademinas.audiencelabs.com.br\/wp-content\/uploads\/2025\/11\/aposentadoria.webp","articleSection":["Cidadania"],"inLanguage":"pt-BR","potentialAction":[{"@type":"CommentAction","name":"Comment","target":["https:\/\/tribunademinas.audiencelabs.com.br\/aposentadoria-aos-40-anos-e-possivel-se-seguir-estes-criterios\/#respond"]}]},{"@type":"WebPage","@id":"https:\/\/tribunademinas.audiencelabs.com.br\/aposentadoria-aos-40-anos-e-possivel-se-seguir-estes-criterios\/","url":"https:\/\/tribunademinas.audiencelabs.com.br\/aposentadoria-aos-40-anos-e-possivel-se-seguir-estes-criterios\/","name":"Aposentadoria aos 40 anos \u00e9 poss\u00edvel se seguir estes crit\u00e9rios","isPartOf":{"@id":"https:\/\/tribunademinas.audiencelabs.com.br\/#website"},"primaryImageOfPage":{"@id":"https:\/\/tribunademinas.audiencelabs.com.br\/aposentadoria-aos-40-anos-e-possivel-se-seguir-estes-criterios\/#primaryimage"},"image":{"@id":"https:\/\/tribunademinas.audiencelabs.com.br\/aposentadoria-aos-40-anos-e-possivel-se-seguir-estes-criterios\/#primaryimage"},"thumbnailUrl":"https:\/\/tribunademinas.audiencelabs.com.br\/wp-content\/uploads\/2025\/11\/aposentadoria.webp","datePublished":"2025-11-20T15:00:00+00:00","description":"A possibilidade de um trabalhador brasileiro conquistar a aposentadoria aos 40 anos de idade voltou ao debate nacional em 2025.","breadcrumb":{"@id":"https:\/\/tribunademinas.audiencelabs.com.br\/aposentadoria-aos-40-anos-e-possivel-se-seguir-estes-criterios\/#breadcrumb"},"inLanguage":"pt-BR","potentialAction":[{"@type":"ReadAction","target":["https:\/\/tribunademinas.audiencelabs.com.br\/aposentadoria-aos-40-anos-e-possivel-se-seguir-estes-criterios\/"]}]},{"@type":"ImageObject","inLanguage":"pt-BR","@id":"https:\/\/tribunademinas.audiencelabs.com.br\/aposentadoria-aos-40-anos-e-possivel-se-seguir-estes-criterios\/#primaryimage","url":"https:\/\/tribunademinas.audiencelabs.com.br\/wp-content\/uploads\/2025\/11\/aposentadoria.webp","contentUrl":"https:\/\/tribunademinas.audiencelabs.com.br\/wp-content\/uploads\/2025\/11\/aposentadoria.webp","width":1170,"height":700,"caption":"Aposentadoria aos 40 anos \u00e9 poss\u00edvel se seguir estes crit\u00e9rios - Imagem: Divulga\u00e7\u00e3o\/INSS"},{"@type":"BreadcrumbList","@id":"https:\/\/tribunademinas.audiencelabs.com.br\/aposentadoria-aos-40-anos-e-possivel-se-seguir-estes-criterios\/#breadcrumb","itemListElement":[{"@type":"ListItem","position":1,"name":"In\u00edcio","item":"https:\/\/tribunademinas.audiencelabs.com.br\/"},{"@type":"ListItem","position":2,"name":"Aposentadoria aos 40 anos \u00e9 poss\u00edvel se seguir estes crit\u00e9rios"}]},{"@type":"WebSite","@id":"https:\/\/tribunademinas.audiencelabs.com.br\/#website","url":"https:\/\/tribunademinas.audiencelabs.com.br\/","name":"Tribuna de Minas - Dinheiro e Cidadania","description":"","publisher":{"@id":"https:\/\/tribunademinas.audiencelabs.com.br\/#organization"},"potentialAction":[{"@type":"SearchAction","target":{"@type":"EntryPoint","urlTemplate":"https:\/\/tribunademinas.audiencelabs.com.br\/?s={search_term_string}"},"query-input":{"@type":"PropertyValueSpecification","valueRequired":true,"valueName":"search_term_string"}}],"inLanguage":"pt-BR"},{"@type":"Organization","@id":"https:\/\/tribunademinas.audiencelabs.com.br\/#organization","name":"Tribuna de Minas - Dinheiro e Cidadania","url":"https:\/\/tribunademinas.audiencelabs.com.br\/","logo":{"@type":"ImageObject","inLanguage":"pt-BR","@id":"https:\/\/tribunademinas.audiencelabs.com.br\/#\/schema\/logo\/image\/","url":"https:\/\/tribunademinas.audiencelabs.com.br\/wp-content\/uploads\/2025\/08\/cropped-Tribuna_512x512-96x96-1.png","contentUrl":"https:\/\/tribunademinas.audiencelabs.com.br\/wp-content\/uploads\/2025\/08\/cropped-Tribuna_512x512-96x96-1.png","width":96,"height":96,"caption":"Tribuna de Minas - Dinheiro e Cidadania"},"image":{"@id":"https:\/\/tribunademinas.audiencelabs.com.br\/#\/schema\/logo\/image\/"},"sameAs":["https:\/\/www.facebook.com\/tribunademinas\/","https:\/\/x.com\/tribunademinas","https:\/\/www.instagram.com\/tribunademinas\/","https:\/\/www.youtube.com\/user\/TribunadeMinasJF"]},{"@type":"Person","@id":"https:\/\/tribunademinas.audiencelabs.com.br\/#\/schema\/person\/db18fc40307804bacef94213aa68fd9d","name":"Jeferson Carvalho","image":{"@type":"ImageObject","inLanguage":"pt-BR","@id":"https:\/\/tribunademinas.audiencelabs.com.br\/#\/schema\/person\/image\/","url":"https:\/\/secure.gravatar.com\/avatar\/cd7646e328d9670dad7dea8698522e522745eeffcff5b9d08be858e377ce326b?s=96&d=mm&r=g","contentUrl":"https:\/\/secure.gravatar.com\/avatar\/cd7646e328d9670dad7dea8698522e522745eeffcff5b9d08be858e377ce326b?s=96&d=mm&r=g","caption":"Jeferson Carvalho"},"description":"Jornalista apaixonado pela profiss\u00e3o!","url":"https:\/\/tribunademinas.audiencelabs.com.br\/author\/jeferson\/"}]}},"amp_enabled":true,"_links":{"self":[{"href":"https:\/\/tribunademinas.audiencelabs.com.br\/wp-json\/wp\/v2\/posts\/4346","targetHints":{"allow":["GET"]}}],"collection":[{"href":"https:\/\/tribunademinas.audiencelabs.com.br\/wp-json\/wp\/v2\/posts"}],"about":[{"href":"https:\/\/tribunademinas.audiencelabs.com.br\/wp-json\/wp\/v2\/types\/post"}],"author":[{"embeddable":true,"href":"https:\/\/tribunademinas.audiencelabs.com.br\/wp-json\/wp\/v2\/users\/5"}],"replies":[{"embeddable":true,"href":"https:\/\/tribunademinas.audiencelabs.com.br\/wp-json\/wp\/v2\/comments?post=4346"}],"version-history":[{"count":1,"href":"https:\/\/tribunademinas.audiencelabs.com.br\/wp-json\/wp\/v2\/posts\/4346\/revisions"}],"predecessor-version":[{"id":4348,"href":"https:\/\/tribunademinas.audiencelabs.com.br\/wp-json\/wp\/v2\/posts\/4346\/revisions\/4348"}],"wp:featuredmedia":[{"embeddable":true,"href":"https:\/\/tribunademinas.audiencelabs.com.br\/wp-json\/wp\/v2\/media\/4347"}],"wp:attachment":[{"href":"https:\/\/tribunademinas.audiencelabs.com.br\/wp-json\/wp\/v2\/media?parent=4346"}],"wp:term":[{"taxonomy":"category","embeddable":true,"href":"https:\/\/tribunademinas.audiencelabs.com.br\/wp-json\/wp\/v2\/categories?post=4346"},{"taxonomy":"post_tag","embeddable":true,"href":"https:\/\/tribunademinas.audiencelabs.com.br\/wp-json\/wp\/v2\/tags?post=4346"}],"curies":[{"name":"wp","href":"https:\/\/api.w.org\/{rel}","templated":true}]}}