{"id":4301,"date":"2025-11-19T18:26:27","date_gmt":"2025-11-19T21:26:27","guid":{"rendered":"https:\/\/tribunademinas.audiencelabs.com.br\/?p=4301"},"modified":"2025-11-19T18:26:32","modified_gmt":"2025-11-19T21:26:32","slug":"todo-trabalhador-precisa-saber-de-nova-medida-sobre-13o-salario","status":"publish","type":"post","link":"https:\/\/tribunademinas.audiencelabs.com.br\/todo-trabalhador-precisa-saber-de-nova-medida-sobre-13o-salario\/","title":{"rendered":"Todo trabalhador precisa saber de nova medida sobre 13\u00ba sal\u00e1rio"},"content":{"rendered":"\n<p>Com a chegada da segunda metade de novembro, cresce a expectativa entre os trabalhadores com carteira assinada. O pagamento do 13\u00ba sal\u00e1rio costuma marcar o fim do ano e refor\u00e7ar o or\u00e7amento de milh\u00f5es de fam\u00edlias. <\/p>\n\n\n\n<p>Mesmo assim, muitos ainda n\u00e3o foram informados de que o calend\u00e1rio de 2025 ter\u00e1 uma mudan\u00e7a importante na libera\u00e7\u00e3o da primeira parcela do benef\u00edcio.<\/p>\n\n\n\n<h2 class=\"wp-block-heading\">Todo trabalhador precisa saber de nova medida sobre 13\u00ba sal\u00e1rio<\/h2>\n\n\n\n<p>O 13\u00ba sal\u00e1rio \u00e9 uma gratifica\u00e7\u00e3o anual prevista em lei, calculada a partir da remunera\u00e7\u00e3o mensal de cada empregado. Ele garante ao trabalhador o direito de receber o equivalente a um doze avos do sal\u00e1rio por m\u00eas trabalhado ao longo do ano. <\/p>\n\n\n\n<p>O valor final \u00e9 dividido em duas partes. Em condi\u00e7\u00f5es normais, a primeira parcela deve ser paga at\u00e9 30 de novembro. A segunda deve ser quitada at\u00e9 20 de dezembro. Esse formato se mant\u00e9m h\u00e1 d\u00e9cadas e faz parte do planejamento financeiro de empresas e funcion\u00e1rios.<\/p>\n\n\n\n<p>Em 2025, por\u00e9m, a data tradicional da primeira parcela cai em um domingo. Como opera\u00e7\u00f5es banc\u00e1rias n\u00e3o funcionam no fim de semana, o dep\u00f3sito n\u00e3o pode ser deixado para o dia \u00fatil seguinte, j\u00e1 que isso ultrapassaria o limite legal. <\/p>\n\n\n\n<p>Para cumprir a regra, o pagamento ser\u00e1 antecipado para sexta-feira, 28 de novembro. <\/p>\n\n\n\n<p>Em algumas empresas, a libera\u00e7\u00e3o vir\u00e1 ainda mais cedo. H\u00e1 relatos de empregadores organizando o cr\u00e9dito j\u00e1 a partir de 20 de novembro, sobretudo para evitar ac\u00famulo de compromissos perto do encerramento do m\u00eas.<\/p>\n\n\n\n<p>A segunda parcela n\u00e3o passa por mudan\u00e7as e permanece prevista para<a href=\"https:\/\/tribunademinas.com.br\/colunas\/dinheiroecidadania\/empregadores-tem-opcao-de-quitar-13o-salario-em-parcela-unica\/\"><strong> 20 de dezembro<\/strong><\/a>. Como \u00e9 a parte final do benef\u00edcio, ela chega j\u00e1 com os descontos de impostos e contribui\u00e7\u00f5es, enquanto a primeira parcela \u00e9 paga sem dedu\u00e7\u00f5es.<\/p>\n\n\n\n<h3 class=\"wp-block-heading\">Quem recebe o 13\u00ba sal\u00e1rio em 2025?<\/h3>\n\n\n\n<p>O direito ao 13\u00ba sal\u00e1rio \u00e9 assegurado a trabalhadores do setor privado e servidores p\u00fablicos que atuem sob v\u00ednculo formal. Aposentados e pensionistas do INSS tamb\u00e9m recebem o benef\u00edcio, seguindo calend\u00e1rio pr\u00f3prio definido pelo governo federal. <\/p>\n\n\n\n<p>Por outro lado, n\u00e3o est\u00e3o inclu\u00eddos trabalhadores tempor\u00e1rios, estagi\u00e1rios e profissionais aut\u00f4nomos. <\/p>\n\n\n\n<p>A legisla\u00e7\u00e3o ainda estabelece que \u00e9 preciso ter trabalhado ao menos 15 dias no ano para receber a quantia proporcional. Quem teve o contrato encerrado por decis\u00e3o da empresa, salvo por justa causa, tamb\u00e9m recebe o valor devido no momento da rescis\u00e3o.<\/p>\n\n\n\n<p>O montante exato varia conforme o sal\u00e1rio e o tempo de servi\u00e7o no ano. Para quem trabalhou todos os meses, o pagamento corresponde ao valor integral. Para quem entrou ao longo do ano, o c\u00e1lculo considera apenas os meses efetivamente trabalhados.<\/p>\n\n\n\n<p>A antecipa\u00e7\u00e3o da primeira parcela em 2025 exige aten\u00e7\u00e3o. O dinheiro chegar\u00e1 antes do habitual, o que pode ajudar muitos or\u00e7amentos, mas tamb\u00e9m pede cautela em um per\u00edodo marcado por promo\u00e7\u00f5es e aumento do consumo.<\/p>\n\n\n\n<p><\/p>\n","protected":false},"excerpt":{"rendered":"<p>Com a chegada da segunda metade de novembro, cresce a expectativa entre os trabalhadores com carteira assinada. O pagamento do 13\u00ba sal\u00e1rio costuma marcar o fim do ano e refor\u00e7ar o or\u00e7amento de milh\u00f5es de fam\u00edlias. Mesmo assim, muitos ainda n\u00e3o foram informados de que o calend\u00e1rio de 2025 ter\u00e1 uma mudan\u00e7a importante na libera\u00e7\u00e3o [&hellip;]<\/p>\n","protected":false},"author":5,"featured_media":4303,"comment_status":"open","ping_status":"open","sticky":false,"template":"","format":"standard","meta":{"jnews-multi-image_gallery":[],"jnews_single_post":{"format":"standard"},"jnews_primary_category":[],"jnews_social_meta":[],"jnews_post_split":[],"footnotes":""},"categories":[1],"tags":[],"class_list":["post-4301","post","type-post","status-publish","format-standard","has-post-thumbnail","hentry","category-dinheiro"],"yoast_head":"<!-- This site is optimized with the Yoast SEO plugin v25.6 - https:\/\/yoast.com\/wordpress\/plugins\/seo\/ -->\n<title>Todo trabalhador precisa saber de nova medida sobre 13\u00ba sal\u00e1rio<\/title>\n<meta name=\"description\" content=\"O pagamento do 13\u00ba sal\u00e1rio costuma marcar o fim do ano e refor\u00e7ar o or\u00e7amento de milh\u00f5es de fam\u00edlias brasileiras.\" \/>\n<meta name=\"robots\" content=\"index, follow, max-snippet:-1, max-image-preview:large, max-video-preview:-1\" \/>\n<link rel=\"canonical\" href=\"https:\/\/tribunademinas.audiencelabs.com.br\/todo-trabalhador-precisa-saber-de-nova-medida-sobre-13o-salario\/\" \/>\n<meta property=\"og:locale\" content=\"pt_BR\" \/>\n<meta property=\"og:type\" content=\"article\" \/>\n<meta property=\"og:title\" content=\"Todo trabalhador precisa saber de nova medida sobre 13\u00ba sal\u00e1rio\" \/>\n<meta property=\"og:description\" content=\"O pagamento do 13\u00ba sal\u00e1rio costuma marcar o fim do ano e refor\u00e7ar o or\u00e7amento de milh\u00f5es de fam\u00edlias brasileiras.\" \/>\n<meta property=\"og:url\" content=\"https:\/\/tribunademinas.audiencelabs.com.br\/todo-trabalhador-precisa-saber-de-nova-medida-sobre-13o-salario\/\" \/>\n<meta property=\"og:site_name\" content=\"Tribuna de Minas - Dinheiro e Cidadania\" \/>\n<meta property=\"article:publisher\" content=\"https:\/\/www.facebook.com\/tribunademinas\/\" \/>\n<meta property=\"article:published_time\" content=\"2025-11-19T21:26:27+00:00\" \/>\n<meta property=\"article:modified_time\" content=\"2025-11-19T21:26:32+00:00\" \/>\n<meta property=\"og:image\" content=\"https:\/\/tribunademinas.audiencelabs.com.br\/wp-content\/uploads\/2025\/11\/13o-salario-1.webp\" \/>\n\t<meta property=\"og:image:width\" content=\"1170\" \/>\n\t<meta property=\"og:image:height\" content=\"700\" \/>\n\t<meta property=\"og:image:type\" content=\"image\/webp\" \/>\n<meta name=\"author\" content=\"Jeferson Carvalho\" \/>\n<meta name=\"twitter:card\" content=\"summary_large_image\" \/>\n<meta name=\"twitter:creator\" content=\"@tribunademinas\" \/>\n<meta name=\"twitter:site\" content=\"@tribunademinas\" \/>\n<meta name=\"twitter:label1\" content=\"Escrito por\" \/>\n\t<meta name=\"twitter:data1\" content=\"Jeferson Carvalho\" \/>\n\t<meta name=\"twitter:label2\" content=\"Est. tempo de leitura\" \/>\n\t<meta name=\"twitter:data2\" content=\"3 minutos\" \/>\n<!-- \/ Yoast SEO plugin. -->","yoast_head_json":{"title":"Todo trabalhador precisa saber de nova medida sobre 13\u00ba sal\u00e1rio","description":"O pagamento do 13\u00ba sal\u00e1rio costuma marcar o fim do ano e refor\u00e7ar o or\u00e7amento de milh\u00f5es de fam\u00edlias brasileiras.","robots":{"index":"index","follow":"follow","max-snippet":"max-snippet:-1","max-image-preview":"max-image-preview:large","max-video-preview":"max-video-preview:-1"},"canonical":"https:\/\/tribunademinas.audiencelabs.com.br\/todo-trabalhador-precisa-saber-de-nova-medida-sobre-13o-salario\/","og_locale":"pt_BR","og_type":"article","og_title":"Todo trabalhador precisa saber de nova medida sobre 13\u00ba sal\u00e1rio","og_description":"O pagamento do 13\u00ba sal\u00e1rio costuma marcar o fim do ano e refor\u00e7ar o or\u00e7amento de milh\u00f5es de fam\u00edlias brasileiras.","og_url":"https:\/\/tribunademinas.audiencelabs.com.br\/todo-trabalhador-precisa-saber-de-nova-medida-sobre-13o-salario\/","og_site_name":"Tribuna de Minas - Dinheiro e Cidadania","article_publisher":"https:\/\/www.facebook.com\/tribunademinas\/","article_published_time":"2025-11-19T21:26:27+00:00","article_modified_time":"2025-11-19T21:26:32+00:00","og_image":[{"width":1170,"height":700,"url":"https:\/\/tribunademinas.audiencelabs.com.br\/wp-content\/uploads\/2025\/11\/13o-salario-1.webp","type":"image\/webp"}],"author":"Jeferson Carvalho","twitter_card":"summary_large_image","twitter_creator":"@tribunademinas","twitter_site":"@tribunademinas","twitter_misc":{"Escrito por":"Jeferson Carvalho","Est. tempo de leitura":"3 minutos"},"schema":{"@context":"https:\/\/schema.org","@graph":[{"@type":"Article","@id":"https:\/\/tribunademinas.audiencelabs.com.br\/todo-trabalhador-precisa-saber-de-nova-medida-sobre-13o-salario\/#article","isPartOf":{"@id":"https:\/\/tribunademinas.audiencelabs.com.br\/todo-trabalhador-precisa-saber-de-nova-medida-sobre-13o-salario\/"},"author":{"name":"Jeferson Carvalho","@id":"https:\/\/tribunademinas.audiencelabs.com.br\/#\/schema\/person\/db18fc40307804bacef94213aa68fd9d"},"headline":"Todo trabalhador precisa saber de nova medida sobre 13\u00ba sal\u00e1rio","datePublished":"2025-11-19T21:26:27+00:00","dateModified":"2025-11-19T21:26:32+00:00","mainEntityOfPage":{"@id":"https:\/\/tribunademinas.audiencelabs.com.br\/todo-trabalhador-precisa-saber-de-nova-medida-sobre-13o-salario\/"},"wordCount":508,"commentCount":0,"publisher":{"@id":"https:\/\/tribunademinas.audiencelabs.com.br\/#organization"},"image":{"@id":"https:\/\/tribunademinas.audiencelabs.com.br\/todo-trabalhador-precisa-saber-de-nova-medida-sobre-13o-salario\/#primaryimage"},"thumbnailUrl":"https:\/\/tribunademinas.audiencelabs.com.br\/wp-content\/uploads\/2025\/11\/13o-salario-1.webp","articleSection":["Dinheiro"],"inLanguage":"pt-BR","potentialAction":[{"@type":"CommentAction","name":"Comment","target":["https:\/\/tribunademinas.audiencelabs.com.br\/todo-trabalhador-precisa-saber-de-nova-medida-sobre-13o-salario\/#respond"]}]},{"@type":"WebPage","@id":"https:\/\/tribunademinas.audiencelabs.com.br\/todo-trabalhador-precisa-saber-de-nova-medida-sobre-13o-salario\/","url":"https:\/\/tribunademinas.audiencelabs.com.br\/todo-trabalhador-precisa-saber-de-nova-medida-sobre-13o-salario\/","name":"Todo trabalhador precisa saber de nova medida sobre 13\u00ba sal\u00e1rio","isPartOf":{"@id":"https:\/\/tribunademinas.audiencelabs.com.br\/#website"},"primaryImageOfPage":{"@id":"https:\/\/tribunademinas.audiencelabs.com.br\/todo-trabalhador-precisa-saber-de-nova-medida-sobre-13o-salario\/#primaryimage"},"image":{"@id":"https:\/\/tribunademinas.audiencelabs.com.br\/todo-trabalhador-precisa-saber-de-nova-medida-sobre-13o-salario\/#primaryimage"},"thumbnailUrl":"https:\/\/tribunademinas.audiencelabs.com.br\/wp-content\/uploads\/2025\/11\/13o-salario-1.webp","datePublished":"2025-11-19T21:26:27+00:00","dateModified":"2025-11-19T21:26:32+00:00","description":"O pagamento do 13\u00ba sal\u00e1rio costuma marcar o fim do ano e refor\u00e7ar o or\u00e7amento de milh\u00f5es de fam\u00edlias brasileiras.","breadcrumb":{"@id":"https:\/\/tribunademinas.audiencelabs.com.br\/todo-trabalhador-precisa-saber-de-nova-medida-sobre-13o-salario\/#breadcrumb"},"inLanguage":"pt-BR","potentialAction":[{"@type":"ReadAction","target":["https:\/\/tribunademinas.audiencelabs.com.br\/todo-trabalhador-precisa-saber-de-nova-medida-sobre-13o-salario\/"]}]},{"@type":"ImageObject","inLanguage":"pt-BR","@id":"https:\/\/tribunademinas.audiencelabs.com.br\/todo-trabalhador-precisa-saber-de-nova-medida-sobre-13o-salario\/#primaryimage","url":"https:\/\/tribunademinas.audiencelabs.com.br\/wp-content\/uploads\/2025\/11\/13o-salario-1.webp","contentUrl":"https:\/\/tribunademinas.audiencelabs.com.br\/wp-content\/uploads\/2025\/11\/13o-salario-1.webp","width":1170,"height":700,"caption":"Todo trabalhador precisa saber de nova medida sobre 13\u00ba sal\u00e1rio - Imagem: Jos\u00e9 Cruz\/Ag\u00eancia Brasil"},{"@type":"BreadcrumbList","@id":"https:\/\/tribunademinas.audiencelabs.com.br\/todo-trabalhador-precisa-saber-de-nova-medida-sobre-13o-salario\/#breadcrumb","itemListElement":[{"@type":"ListItem","position":1,"name":"In\u00edcio","item":"https:\/\/tribunademinas.audiencelabs.com.br\/"},{"@type":"ListItem","position":2,"name":"Todo trabalhador precisa saber de nova medida sobre 13\u00ba sal\u00e1rio"}]},{"@type":"WebSite","@id":"https:\/\/tribunademinas.audiencelabs.com.br\/#website","url":"https:\/\/tribunademinas.audiencelabs.com.br\/","name":"Tribuna de Minas - Dinheiro e Cidadania","description":"","publisher":{"@id":"https:\/\/tribunademinas.audiencelabs.com.br\/#organization"},"potentialAction":[{"@type":"SearchAction","target":{"@type":"EntryPoint","urlTemplate":"https:\/\/tribunademinas.audiencelabs.com.br\/?s={search_term_string}"},"query-input":{"@type":"PropertyValueSpecification","valueRequired":true,"valueName":"search_term_string"}}],"inLanguage":"pt-BR"},{"@type":"Organization","@id":"https:\/\/tribunademinas.audiencelabs.com.br\/#organization","name":"Tribuna de Minas - Dinheiro e Cidadania","url":"https:\/\/tribunademinas.audiencelabs.com.br\/","logo":{"@type":"ImageObject","inLanguage":"pt-BR","@id":"https:\/\/tribunademinas.audiencelabs.com.br\/#\/schema\/logo\/image\/","url":"https:\/\/tribunademinas.audiencelabs.com.br\/wp-content\/uploads\/2025\/08\/cropped-Tribuna_512x512-96x96-1.png","contentUrl":"https:\/\/tribunademinas.audiencelabs.com.br\/wp-content\/uploads\/2025\/08\/cropped-Tribuna_512x512-96x96-1.png","width":96,"height":96,"caption":"Tribuna de Minas - Dinheiro e Cidadania"},"image":{"@id":"https:\/\/tribunademinas.audiencelabs.com.br\/#\/schema\/logo\/image\/"},"sameAs":["https:\/\/www.facebook.com\/tribunademinas\/","https:\/\/x.com\/tribunademinas","https:\/\/www.instagram.com\/tribunademinas\/","https:\/\/www.youtube.com\/user\/TribunadeMinasJF"]},{"@type":"Person","@id":"https:\/\/tribunademinas.audiencelabs.com.br\/#\/schema\/person\/db18fc40307804bacef94213aa68fd9d","name":"Jeferson Carvalho","image":{"@type":"ImageObject","inLanguage":"pt-BR","@id":"https:\/\/tribunademinas.audiencelabs.com.br\/#\/schema\/person\/image\/","url":"https:\/\/secure.gravatar.com\/avatar\/cd7646e328d9670dad7dea8698522e522745eeffcff5b9d08be858e377ce326b?s=96&d=mm&r=g","contentUrl":"https:\/\/secure.gravatar.com\/avatar\/cd7646e328d9670dad7dea8698522e522745eeffcff5b9d08be858e377ce326b?s=96&d=mm&r=g","caption":"Jeferson Carvalho"},"description":"Jornalista apaixonado pela profiss\u00e3o!","url":"https:\/\/tribunademinas.audiencelabs.com.br\/author\/jeferson\/"}]}},"amp_enabled":true,"_links":{"self":[{"href":"https:\/\/tribunademinas.audiencelabs.com.br\/wp-json\/wp\/v2\/posts\/4301","targetHints":{"allow":["GET"]}}],"collection":[{"href":"https:\/\/tribunademinas.audiencelabs.com.br\/wp-json\/wp\/v2\/posts"}],"about":[{"href":"https:\/\/tribunademinas.audiencelabs.com.br\/wp-json\/wp\/v2\/types\/post"}],"author":[{"embeddable":true,"href":"https:\/\/tribunademinas.audiencelabs.com.br\/wp-json\/wp\/v2\/users\/5"}],"replies":[{"embeddable":true,"href":"https:\/\/tribunademinas.audiencelabs.com.br\/wp-json\/wp\/v2\/comments?post=4301"}],"version-history":[{"count":1,"href":"https:\/\/tribunademinas.audiencelabs.com.br\/wp-json\/wp\/v2\/posts\/4301\/revisions"}],"predecessor-version":[{"id":4307,"href":"https:\/\/tribunademinas.audiencelabs.com.br\/wp-json\/wp\/v2\/posts\/4301\/revisions\/4307"}],"wp:featuredmedia":[{"embeddable":true,"href":"https:\/\/tribunademinas.audiencelabs.com.br\/wp-json\/wp\/v2\/media\/4303"}],"wp:attachment":[{"href":"https:\/\/tribunademinas.audiencelabs.com.br\/wp-json\/wp\/v2\/media?parent=4301"}],"wp:term":[{"taxonomy":"category","embeddable":true,"href":"https:\/\/tribunademinas.audiencelabs.com.br\/wp-json\/wp\/v2\/categories?post=4301"},{"taxonomy":"post_tag","embeddable":true,"href":"https:\/\/tribunademinas.audiencelabs.com.br\/wp-json\/wp\/v2\/tags?post=4301"}],"curies":[{"name":"wp","href":"https:\/\/api.w.org\/{rel}","templated":true}]}}