{"id":426,"date":"2025-08-13T12:00:00","date_gmt":"2025-08-13T15:00:00","guid":{"rendered":"https:\/\/tribunademinas.audiencelabs.com.br\/?p=426"},"modified":"2025-08-12T13:36:57","modified_gmt":"2025-08-12T16:36:57","slug":"migrar-de-mei-para-nanoempreendedor-vale-a-pena-entenda","status":"publish","type":"post","link":"https:\/\/tribunademinas.audiencelabs.com.br\/migrar-de-mei-para-nanoempreendedor-vale-a-pena-entenda\/","title":{"rendered":"Migrar de MEI para nanoempreendedor vale a pena? Entenda"},"content":{"rendered":"\n<p>Pensada para abranger profissionais de baixa renda e que possuem um faturamento bruto anual abaixo de R$ 40,5 mil, a categoria de <strong>nanoempreendedor<\/strong> foi anunciada como parte da Reforma Tribut\u00e1ria sancionada neste ano, e n\u00e3o demorou a chamar aten\u00e7\u00e3o.<\/p>\n\n\n\n<p>Afinal, al\u00e9m de oferecer a possibilidade de arcar com uma <strong>carga tribut\u00e1ria reduzida<\/strong> e <strong>menos obriga\u00e7\u00f5es burocr\u00e1ticas<\/strong>, a novidade, que entrar\u00e1 em vigor somente a partir de janeiro de 2026, ainda <strong>dispensa a necessidade de CNPJ<\/strong>.<\/p>\n\n\n\n<p>Por conta destes fatores, muitos microempreendedores individuais (MEIs) que possuem um faturamento abaixo do limite (R$ 81 mil) demonstraram interesse em migrar para a categoria. Mas h\u00e1 alguns aspectos a serem considerados antes da decis\u00e3o final ser tomada.<\/p>\n\n\n\n<p>De acordo com K\u00e1lyta Caetano, head de Contabilidade da MaisMei, para aut\u00f4nomos que <strong>utilizam o CNPJ apenas para formaliza\u00e7\u00e3o e acesso a benef\u00edcios previdenci\u00e1rios<\/strong>, a mudan\u00e7a pode ser extremamente vantajosa. No entanto, para quem visa expandir seus neg\u00f3cios, o MEI pode continuar sendo a melhor op\u00e7\u00e3o.<\/p>\n\n\n\n<p>Afinal, al\u00e9m de tamb\u00e9m oferecer uma tributa\u00e7\u00e3o relativamente simplificada e acesso a diversos benef\u00edcios, como sal\u00e1rio maternidade, aux\u00edlio por incapacidade e aposentadoria, o teto de R$ 81 mil d\u00e1 mais liberdade para que os microempreendedores expandam sua receita tranquilamente.<\/p>\n\n\n\n<h2 class=\"wp-block-heading\">O que \u00e9 o &#8220;nanoempreendedor&#8221;: entenda a nova categoria<\/h2>\n\n\n\n<p>Conforme j\u00e1 mencionado, a nova categoria s\u00f3 entrar\u00e1 em vigor no pr\u00f3ximo ano e, por isso, alguns crit\u00e9rios ainda est\u00e3o em defini\u00e7\u00e3o. Contudo, sabe-se que, o regime dever\u00e1 prever isen\u00e7\u00e3o do Imposto sobre Bens e Servi\u00e7os (IBS) e da Contribui\u00e7\u00e3o sobre Bens e Servi\u00e7os (CBS), conforme j\u00e1 estabelecido na Reforma.<\/p>\n\n\n\n<p>Al\u00e9m disso, o nanoempreendedor tamb\u00e9m ter\u00e1 a op\u00e7\u00e3o de trabalhar como pessoa f\u00edsica, sem a necessidade de gerar um CNPJ, o que pode ser ideal para profissionais como diaristas, vendedores ambulantes e mototaxistas.<\/p>\n\n\n\n<p>Mas vale destacar que, al\u00e9m de carecer de credibilidade, a aus\u00eancia de um CNPJ tamb\u00e9m bloquear\u00e1 o acesso a diversas outras vantagens, como a compra de ve\u00edculos com desconto, participa\u00e7\u00e3o em licita\u00e7\u00f5es e acesso facilitado a servi\u00e7os financeiros e planos de sa\u00fade.<\/p>\n","protected":false},"excerpt":{"rendered":"<p>Pensada para abranger profissionais de baixa renda e que possuem um faturamento bruto anual abaixo de R$ 40,5 mil, a categoria de nanoempreendedor foi anunciada como parte da Reforma Tribut\u00e1ria sancionada neste ano, e n\u00e3o demorou a chamar aten\u00e7\u00e3o. Afinal, al\u00e9m de oferecer a possibilidade de arcar com uma carga tribut\u00e1ria reduzida e menos obriga\u00e7\u00f5es [&hellip;]<\/p>\n","protected":false},"author":3,"featured_media":427,"comment_status":"open","ping_status":"open","sticky":false,"template":"","format":"standard","meta":{"jnews-multi-image_gallery":[],"jnews_single_post":{"format":"standard"},"jnews_primary_category":[],"jnews_social_meta":[],"jnews_post_split":[],"footnotes":""},"categories":[159],"tags":[],"class_list":["post-426","post","type-post","status-publish","format-standard","has-post-thumbnail","hentry","category-cidadania"],"yoast_head":"<!-- This site is optimized with the Yoast SEO plugin v25.6 - https:\/\/yoast.com\/wordpress\/plugins\/seo\/ -->\n<title>Migrar de MEI para nanoempreendedor vale a pena? Entenda<\/title>\n<meta name=\"robots\" content=\"index, follow, max-snippet:-1, max-image-preview:large, max-video-preview:-1\" \/>\n<link rel=\"canonical\" href=\"https:\/\/tribunademinas.audiencelabs.com.br\/migrar-de-mei-para-nanoempreendedor-vale-a-pena-entenda\/\" \/>\n<meta property=\"og:locale\" content=\"pt_BR\" \/>\n<meta property=\"og:type\" content=\"article\" \/>\n<meta property=\"og:title\" content=\"Migrar de MEI para nanoempreendedor vale a pena? Entenda\" \/>\n<meta property=\"og:description\" content=\"Pensada para abranger profissionais de baixa renda e que possuem um faturamento bruto anual abaixo de R$ 40,5 mil, a categoria de nanoempreendedor foi anunciada como parte da Reforma Tribut\u00e1ria sancionada neste ano, e n\u00e3o demorou a chamar aten\u00e7\u00e3o. Afinal, al\u00e9m de oferecer a possibilidade de arcar com uma carga tribut\u00e1ria reduzida e menos obriga\u00e7\u00f5es [&hellip;]\" \/>\n<meta property=\"og:url\" content=\"https:\/\/tribunademinas.audiencelabs.com.br\/migrar-de-mei-para-nanoempreendedor-vale-a-pena-entenda\/\" \/>\n<meta property=\"og:site_name\" content=\"Tribuna de Minas - Dinheiro e Cidadania\" \/>\n<meta property=\"article:publisher\" content=\"https:\/\/www.facebook.com\/tribunademinas\/\" \/>\n<meta property=\"article:published_time\" content=\"2025-08-13T15:00:00+00:00\" \/>\n<meta property=\"og:image\" content=\"https:\/\/tribunademinas.audiencelabs.com.br\/wp-content\/uploads\/2025\/08\/migrar-mei-nanoempreendedor-vale-a-pena.jpg\" \/>\n\t<meta property=\"og:image:width\" content=\"1280\" \/>\n\t<meta property=\"og:image:height\" content=\"720\" \/>\n\t<meta property=\"og:image:type\" content=\"image\/jpeg\" \/>\n<meta name=\"author\" content=\"Jo\u00e3o Carlos Gomes\" \/>\n<meta name=\"twitter:card\" content=\"summary_large_image\" \/>\n<meta name=\"twitter:creator\" content=\"@tribunademinas\" \/>\n<meta name=\"twitter:site\" content=\"@tribunademinas\" \/>\n<meta name=\"twitter:label1\" content=\"Escrito por\" \/>\n\t<meta name=\"twitter:data1\" content=\"Jo\u00e3o Carlos Gomes\" \/>\n\t<meta name=\"twitter:label2\" content=\"Est. tempo de leitura\" \/>\n\t<meta name=\"twitter:data2\" content=\"3 minutos\" \/>\n<!-- \/ Yoast SEO plugin. -->","yoast_head_json":{"title":"Migrar de MEI para nanoempreendedor vale a pena? Entenda","robots":{"index":"index","follow":"follow","max-snippet":"max-snippet:-1","max-image-preview":"max-image-preview:large","max-video-preview":"max-video-preview:-1"},"canonical":"https:\/\/tribunademinas.audiencelabs.com.br\/migrar-de-mei-para-nanoempreendedor-vale-a-pena-entenda\/","og_locale":"pt_BR","og_type":"article","og_title":"Migrar de MEI para nanoempreendedor vale a pena? Entenda","og_description":"Pensada para abranger profissionais de baixa renda e que possuem um faturamento bruto anual abaixo de R$ 40,5 mil, a categoria de nanoempreendedor foi anunciada como parte da Reforma Tribut\u00e1ria sancionada neste ano, e n\u00e3o demorou a chamar aten\u00e7\u00e3o. Afinal, al\u00e9m de oferecer a possibilidade de arcar com uma carga tribut\u00e1ria reduzida e menos obriga\u00e7\u00f5es [&hellip;]","og_url":"https:\/\/tribunademinas.audiencelabs.com.br\/migrar-de-mei-para-nanoempreendedor-vale-a-pena-entenda\/","og_site_name":"Tribuna de Minas - Dinheiro e Cidadania","article_publisher":"https:\/\/www.facebook.com\/tribunademinas\/","article_published_time":"2025-08-13T15:00:00+00:00","og_image":[{"width":1280,"height":720,"url":"https:\/\/tribunademinas.audiencelabs.com.br\/wp-content\/uploads\/2025\/08\/migrar-mei-nanoempreendedor-vale-a-pena.jpg","type":"image\/jpeg"}],"author":"Jo\u00e3o Carlos Gomes","twitter_card":"summary_large_image","twitter_creator":"@tribunademinas","twitter_site":"@tribunademinas","twitter_misc":{"Escrito por":"Jo\u00e3o Carlos Gomes","Est. tempo de leitura":"3 minutos"},"schema":{"@context":"https:\/\/schema.org","@graph":[{"@type":"Article","@id":"https:\/\/tribunademinas.audiencelabs.com.br\/migrar-de-mei-para-nanoempreendedor-vale-a-pena-entenda\/#article","isPartOf":{"@id":"https:\/\/tribunademinas.audiencelabs.com.br\/migrar-de-mei-para-nanoempreendedor-vale-a-pena-entenda\/"},"author":{"name":"Jo\u00e3o Carlos Gomes","@id":"https:\/\/tribunademinas.audiencelabs.com.br\/#\/schema\/person\/37af466a64a722fadb8ef6841c52114f"},"headline":"Migrar de MEI para nanoempreendedor vale a pena? Entenda","datePublished":"2025-08-13T15:00:00+00:00","mainEntityOfPage":{"@id":"https:\/\/tribunademinas.audiencelabs.com.br\/migrar-de-mei-para-nanoempreendedor-vale-a-pena-entenda\/"},"wordCount":378,"commentCount":0,"publisher":{"@id":"https:\/\/tribunademinas.audiencelabs.com.br\/#organization"},"image":{"@id":"https:\/\/tribunademinas.audiencelabs.com.br\/migrar-de-mei-para-nanoempreendedor-vale-a-pena-entenda\/#primaryimage"},"thumbnailUrl":"https:\/\/tribunademinas.audiencelabs.com.br\/wp-content\/uploads\/2025\/08\/migrar-mei-nanoempreendedor-vale-a-pena.jpg","articleSection":["Cidadania"],"inLanguage":"pt-BR","potentialAction":[{"@type":"CommentAction","name":"Comment","target":["https:\/\/tribunademinas.audiencelabs.com.br\/migrar-de-mei-para-nanoempreendedor-vale-a-pena-entenda\/#respond"]}]},{"@type":"WebPage","@id":"https:\/\/tribunademinas.audiencelabs.com.br\/migrar-de-mei-para-nanoempreendedor-vale-a-pena-entenda\/","url":"https:\/\/tribunademinas.audiencelabs.com.br\/migrar-de-mei-para-nanoempreendedor-vale-a-pena-entenda\/","name":"Migrar de MEI para nanoempreendedor vale a pena? Entenda","isPartOf":{"@id":"https:\/\/tribunademinas.audiencelabs.com.br\/#website"},"primaryImageOfPage":{"@id":"https:\/\/tribunademinas.audiencelabs.com.br\/migrar-de-mei-para-nanoempreendedor-vale-a-pena-entenda\/#primaryimage"},"image":{"@id":"https:\/\/tribunademinas.audiencelabs.com.br\/migrar-de-mei-para-nanoempreendedor-vale-a-pena-entenda\/#primaryimage"},"thumbnailUrl":"https:\/\/tribunademinas.audiencelabs.com.br\/wp-content\/uploads\/2025\/08\/migrar-mei-nanoempreendedor-vale-a-pena.jpg","datePublished":"2025-08-13T15:00:00+00:00","breadcrumb":{"@id":"https:\/\/tribunademinas.audiencelabs.com.br\/migrar-de-mei-para-nanoempreendedor-vale-a-pena-entenda\/#breadcrumb"},"inLanguage":"pt-BR","potentialAction":[{"@type":"ReadAction","target":["https:\/\/tribunademinas.audiencelabs.com.br\/migrar-de-mei-para-nanoempreendedor-vale-a-pena-entenda\/"]}]},{"@type":"ImageObject","inLanguage":"pt-BR","@id":"https:\/\/tribunademinas.audiencelabs.com.br\/migrar-de-mei-para-nanoempreendedor-vale-a-pena-entenda\/#primaryimage","url":"https:\/\/tribunademinas.audiencelabs.com.br\/wp-content\/uploads\/2025\/08\/migrar-mei-nanoempreendedor-vale-a-pena.jpg","contentUrl":"https:\/\/tribunademinas.audiencelabs.com.br\/wp-content\/uploads\/2025\/08\/migrar-mei-nanoempreendedor-vale-a-pena.jpg","width":1280,"height":720,"caption":"Foto: Andrea Piacquadio\/Pexels"},{"@type":"BreadcrumbList","@id":"https:\/\/tribunademinas.audiencelabs.com.br\/migrar-de-mei-para-nanoempreendedor-vale-a-pena-entenda\/#breadcrumb","itemListElement":[{"@type":"ListItem","position":1,"name":"In\u00edcio","item":"https:\/\/tribunademinas.audiencelabs.com.br\/"},{"@type":"ListItem","position":2,"name":"Migrar de MEI para nanoempreendedor vale a pena? Entenda"}]},{"@type":"WebSite","@id":"https:\/\/tribunademinas.audiencelabs.com.br\/#website","url":"https:\/\/tribunademinas.audiencelabs.com.br\/","name":"Tribuna de Minas - Dinheiro e Cidadania","description":"","publisher":{"@id":"https:\/\/tribunademinas.audiencelabs.com.br\/#organization"},"potentialAction":[{"@type":"SearchAction","target":{"@type":"EntryPoint","urlTemplate":"https:\/\/tribunademinas.audiencelabs.com.br\/?s={search_term_string}"},"query-input":{"@type":"PropertyValueSpecification","valueRequired":true,"valueName":"search_term_string"}}],"inLanguage":"pt-BR"},{"@type":"Organization","@id":"https:\/\/tribunademinas.audiencelabs.com.br\/#organization","name":"Tribuna de Minas - Dinheiro e Cidadania","url":"https:\/\/tribunademinas.audiencelabs.com.br\/","logo":{"@type":"ImageObject","inLanguage":"pt-BR","@id":"https:\/\/tribunademinas.audiencelabs.com.br\/#\/schema\/logo\/image\/","url":"https:\/\/tribunademinas.audiencelabs.com.br\/wp-content\/uploads\/2025\/08\/cropped-Tribuna_512x512-96x96-1.png","contentUrl":"https:\/\/tribunademinas.audiencelabs.com.br\/wp-content\/uploads\/2025\/08\/cropped-Tribuna_512x512-96x96-1.png","width":96,"height":96,"caption":"Tribuna de Minas - Dinheiro e Cidadania"},"image":{"@id":"https:\/\/tribunademinas.audiencelabs.com.br\/#\/schema\/logo\/image\/"},"sameAs":["https:\/\/www.facebook.com\/tribunademinas\/","https:\/\/x.com\/tribunademinas","https:\/\/www.instagram.com\/tribunademinas\/","https:\/\/www.youtube.com\/user\/TribunadeMinasJF"]},{"@type":"Person","@id":"https:\/\/tribunademinas.audiencelabs.com.br\/#\/schema\/person\/37af466a64a722fadb8ef6841c52114f","name":"Jo\u00e3o Carlos Gomes","image":{"@type":"ImageObject","inLanguage":"pt-BR","@id":"https:\/\/tribunademinas.audiencelabs.com.br\/#\/schema\/person\/image\/","url":"https:\/\/secure.gravatar.com\/avatar\/4ce4672dbdd694b329cd6fdb51bee7d1409be1f0ff76a537e4c4a737b2c7d1a9?s=96&d=mm&r=g","contentUrl":"https:\/\/secure.gravatar.com\/avatar\/4ce4672dbdd694b329cd6fdb51bee7d1409be1f0ff76a537e4c4a737b2c7d1a9?s=96&d=mm&r=g","caption":"Jo\u00e3o Carlos Gomes"},"description":"Jornalista formado pelo Centro Universit\u00e1rio Carioca, apreciador da Bossa Nova ao Metal Extremo, criador de conte\u00fado e m\u00fasico independente nas horas vagas.","url":"https:\/\/tribunademinas.audiencelabs.com.br\/author\/joaoc-junior\/"}]}},"amp_enabled":true,"_links":{"self":[{"href":"https:\/\/tribunademinas.audiencelabs.com.br\/wp-json\/wp\/v2\/posts\/426","targetHints":{"allow":["GET"]}}],"collection":[{"href":"https:\/\/tribunademinas.audiencelabs.com.br\/wp-json\/wp\/v2\/posts"}],"about":[{"href":"https:\/\/tribunademinas.audiencelabs.com.br\/wp-json\/wp\/v2\/types\/post"}],"author":[{"embeddable":true,"href":"https:\/\/tribunademinas.audiencelabs.com.br\/wp-json\/wp\/v2\/users\/3"}],"replies":[{"embeddable":true,"href":"https:\/\/tribunademinas.audiencelabs.com.br\/wp-json\/wp\/v2\/comments?post=426"}],"version-history":[{"count":1,"href":"https:\/\/tribunademinas.audiencelabs.com.br\/wp-json\/wp\/v2\/posts\/426\/revisions"}],"predecessor-version":[{"id":428,"href":"https:\/\/tribunademinas.audiencelabs.com.br\/wp-json\/wp\/v2\/posts\/426\/revisions\/428"}],"wp:featuredmedia":[{"embeddable":true,"href":"https:\/\/tribunademinas.audiencelabs.com.br\/wp-json\/wp\/v2\/media\/427"}],"wp:attachment":[{"href":"https:\/\/tribunademinas.audiencelabs.com.br\/wp-json\/wp\/v2\/media?parent=426"}],"wp:term":[{"taxonomy":"category","embeddable":true,"href":"https:\/\/tribunademinas.audiencelabs.com.br\/wp-json\/wp\/v2\/categories?post=426"},{"taxonomy":"post_tag","embeddable":true,"href":"https:\/\/tribunademinas.audiencelabs.com.br\/wp-json\/wp\/v2\/tags?post=426"}],"curies":[{"name":"wp","href":"https:\/\/api.w.org\/{rel}","templated":true}]}}