{"id":4246,"date":"2025-11-19T07:45:00","date_gmt":"2025-11-19T10:45:00","guid":{"rendered":"https:\/\/tribunademinas.audiencelabs.com.br\/?p=4246"},"modified":"2025-11-19T10:42:40","modified_gmt":"2025-11-19T13:42:40","slug":"banco-itau-anunciou-fechamento-e-deixa-20-mil-clientes-de-maos-vazias","status":"publish","type":"post","link":"https:\/\/tribunademinas.audiencelabs.com.br\/banco-itau-anunciou-fechamento-e-deixa-20-mil-clientes-de-maos-vazias\/","title":{"rendered":"Banco Ita\u00fa anunciou fechamento e deixa 20 mil clientes de m\u00e3os vazias nesta ag\u00eancia"},"content":{"rendered":"\n<p>O Ita\u00fa informou, no in\u00edcio de novembro, o encerramento de uma de suas unidades em Salvador, deixando cerca de 20 mil clientes diante da necessidade de reorganizar sua rotina banc\u00e1ria. <\/p>\n\n\n\n<p>A ag\u00eancia localizada no <a href=\"https:\/\/tribunademinas.com.br\/colunas\/dinheiroecidadania\/setembro-historico-itau-anuncia-fim-do-ciclo\/\"><strong>bairro Caminho das \u00c1rvores<\/strong><\/a> deixou de funcionar ap\u00f3s decis\u00e3o estrat\u00e9gica ligada ao avan\u00e7o da digitaliza\u00e7\u00e3o no setor financeiro. <\/p>\n\n\n\n<p>Com a porta fechada, correntistas se viram obrigados a buscar um novo ponto de atendimento enquanto tentam entender como seguir com seus servi\u00e7os cotidianos.<\/p>\n\n\n\n<h2 class=\"wp-block-heading\">Banco Ita\u00fa anunciou fechamento e deixa 20 mil clientes de m\u00e3os vazias<\/h2>\n\n\n\n<p>A antiga unidade ficava em uma \u00e1rea de forte circula\u00e7\u00e3o comercial no bairro Caminho das \u00c1rvores e atendia um p\u00fablico variado, desde aposentados que dependiam do atendimento presencial at\u00e9 empres\u00e1rios da regi\u00e3o. <\/p>\n\n\n<style>@media (min-width: 992px) {\n    .recomendadorV2Area1 {\n        width: 280px;\n    }\n    .recomendadorV2Area2 {\n        padding: 0px 20px;\n        width: calc(100% - 280px);\n    }\n}\n\n@media (max-width: 992px) {\n    .recomendadorV2Button {\n        margin: 0 auto;\n    }\n    .recomendadorV2Area {\n        flex-direction: column;\n        text-align: center;\n    }\n    .recomendadorV2Area2 {\n        padding: 0px 20px;\n    }\n}\n\n.recomendadorV2Area {\n    background: #eeeeee3d;\n    border-radius: 10px;\n    padding: 15px;\n    display: flex;\n    margin: 15px auto;\n    border: 1px solid #00000014;\n    max-width: 800px;\n}\n\n.recomendadorV2Area1 img {\n    width: 280px;\n    height: auto;\n    border-radius: 8px;\n}\n\n.linkrecomendadorv2 {\n    text-decoration: none !important;\n}\n\n.recomendadorV2Area2 .recomendadorV2Type {\n    text-transform: uppercase;\n    font-weight: 500;\n    font-size: 11px;\n    letter-spacing: 2px;\n    color: #666;\n    margin: 12px 0;\n    display: block;\n}\n\n.recomendadorV2Title h2 {\n    padding-top: 0px !important;\n    margin: 0px !important;\n    border-left: none !important;\n    padding-left: 0px !important;\n    line-height: 1.3;\n    color: #000 !important;\n    font-size: 24px;\n    margin-bottom: 12px !important;\n}\n\n.recomendadorV2Desc {\n    color: #333;\n    margin: 12px 0px !important;\n    font-size: 15px;\n    line-height: 1.5;\n}\n\n.recomendadorV2Button {\n    width: auto;\n    max-width: 200px;\n    margin: 0;\n    display: inline-flex;\n    align-items: center;\n    background: #1D3557;\n    border-radius: 8px;\n    color: #fff;\n    height: 36px;\n    justify-content: center;\n    text-align: center;\n    font-size: 14px;\n    padding: 0 20px;\n    transition: background-color 0.2s ease;\n}\n\n.recomendadorV2Button:hover {\n    background: #2a4d7a;\n}\n\n.recomendadorV2Button:after {\n    margin-top: -2px;\n    content: \"\u2192\";\n    padding: 0px 0px 0px 8px;\n}\n\n.recomendadorV2Alert {\n    text-align: left;\n    font-size: 11px;\n    margin-top: 8px;\n    color: #666;\n}\n\n.recomendadorFixedArea {\n    width: 100%;\n    display: flex;\n    justify-content: center;\n    align-items: center;\n}\n\n@media (min-width: 992px) {\n    #recomendadorFixed {\n        width: 32% !important;\n        left: 5%;\n    }\n    .recomendadorCloseFixed{\n        right: inherit !important;\n        left: 378px !important;\n    }\n}\n\n#recomendadorFixed {\n    width: 90%;\n    box-shadow: 0 10px 20px 0px #00000057;\n    display: none;\n    height: 90px;\n    background: #F6F6F6;\n    position: fixed;\n    flex-direction: row;\n    bottom: 10px;\n    z-index: 9999;\n    border-radius: 16px;\n    padding: 7px 10px;\n}\n\n.recomendadorLeftArea {\n    width: 160px;\n}\n\n.recomendadorRightArea h2 {\n    padding-top: 0px;\n    margin: 2px 0px 4px 0px !important;\n    font-weight: 400;\n    text-align: center;\n    padding-left: 0px !important;\n    color: #000 !important;\n    border-left: none !important;\n    line-height: 20px;\n    font-size: 12px !important;\n}\n\n.recomendadorImgFixed {\n    overflow: hidden;\n    padding: 8px 6px;\n    height: 100%;\n}\n\n.recomendadorImgFixed img {\n    height: 100% !important;\n    border-radius: 16px;\n}\n\n.recomendadorRightArea {\n    padding-top: 6px;\n    display: flex;\n    width: calc(100% - 130px);\n    justify-content: space-between;\n    align-items: center;\n    flex-direction: column;\n}\n\n.recomendadorButtonFixed {\n    margin: 0 auto;\n    background: #1D3557;\n    width: 80%;\n    text-align: center;\n    font-size: 10px;\n    color: #FFF;\n    padding: 2px 10px;\n    border-radius: 3px;\n}\n\n.recomendadorButtonFixed:after {\n    margin-top: -3px;\n    content: \"\u2192\";\n    padding: 0px 0px 0px 10px;\n}\n\n.recomendadorAlertFixed {\n    font-weight: 400;\n    text-align: center;\n    color: #484848;\n    font-size: 8px;\n}\n\n.recomendadorCloseFixed {\n    z-index: 99999;\n    display: none;\n    right: 0px;\n    left: inherit;\n    bottom: 99px;\n    position: fixed;\n    justify-content: center;\n    background: #F6F6F6;\n    width: 25px;\n    align-items: center;\n    height: 25px;\n    font-weight: 800;\n    border-radius: 50%;\n    border: 1px solid #EBEBEB;\n}\n\n.recomendadorV2Desc{\n    color: #000000;\n    margin: 20px 0px;\n}\n\n@media (max-width: 576px) {\n    .recomendadorV2Area {\n      padding: 10px;\n      max-width: 100%;\n    }\n  \n    .recomendadorV2Area1 img {\n      width: 100%;\n      border-radius: 6px;\n    }\n  \n    .recomendadorV2Area2 .recomendadorV2Type {\n      font-size: 9px;\n      letter-spacing: 1px;\n      margin: 8px 0;\n    }\n  \n    .recomendadorV2Title h2 {\n      font-size: 18px !important;\n      margin-bottom: 8px !important;\n      line-height: 1.2;\n    }\n  \n    .recomendadorV2Desc {\n      font-size: 14px;\n      margin: 8px 0 !important;\n      line-height: 1.4;\n    }\n  \n    .recomendadorV2Button {\n      font-size: 12px;\n      height: 30px;\n      padding: 0 12px;\n      max-width: 160px;\n    }\n  \n    .recomendadorV2Button:after {\n      padding-left: 6px;\n    }\n  }\n  <\/style>\n        <div class=\"lazyblock-recomendador-v2-2jDGz wp-block-lazyblock-recomendador-v2\">\n        <a class=\"linkrecomendadorv2\" href=\"https:\/\/tribunademinas.com.br\/colunas\/dinheiroecidadania\/tabela-do-13o-salario-dos-aposentados-2025-atualizada\/?utm_source=lazy\">\n            <div class=\"recomendadorV2Area\">\n            <div class=\"recomendadorV2Area1\">\n                <div class=\"recomendadorV2Img\">\n                <img class=\"lazyloaded\" decoding=\"async\" src=\"https:\/\/tribunademinas.com.br\/colunas\/dinheiroecidadania\/wp-content\/uploads\/2025\/11\/tabela-13-salario-aposentados-2025-atualizada-750x375.jpg\" data-src=\"https:\/\/tribunademinas.com.br\/colunas\/dinheiroecidadania\/wp-content\/uploads\/2025\/11\/tabela-13-salario-aposentados-2025-atualizada-750x375.jpg\" alt=\"\">\n                <\/div>\n            <\/div>\n            <div class=\"recomendadorV2Area2\">\n                <div class=\"recomendadorV2Type\">\n                    <span>Guia F\u00e1cil<\/span>\n                <\/div>\n                <div class=\"recomendadorV2Title\">\n                <h2><span>13\u00ba atualizado \ud83d\udcb0<\/span><\/h2>\n                <\/div>\n                <div class=\"recomendadorV2Desc\">\n                <span>Veja a nova tabela do 13\u00ba dos aposentados<\/span>\n                <\/div>\n                <div class=\"recomendadorV2Button\">Conferir agora<\/div>\n                <div class=\"recomendadorV2Alert\"><\/div>\n            <\/div>\n            <\/div>\n        <\/a>\n        <div>\n            <div style=\"z-index:99999;\" id=\"buttonClose\" onclick=\"closeRecomendadorFixed()\">\n            <div class=\"recomendadorCloseFixed\">X<\/div>\n            <\/div>\n            <a href=\"https:\/\/tribunademinas.com.br\/colunas\/dinheiroecidadania\/tabela-do-13o-salario-dos-aposentados-2025-atualizada\/?utm_source=lazy\">\n            <div class=\"recomendadorFixedArea\">\n                <div id=\"recomendadorFixed\">\n                <div class=\"recomendadorLeftArea\">\n                    <div class=\"recomendadorImgFixed\">\n                    <img class=\"lazyload\" decoding=\"async\" src=\"https:\/\/tribunademinas.com.br\/colunas\/dinheiroecidadania\/wp-content\/uploads\/2025\/11\/tabela-13-salario-aposentados-2025-atualizada-750x375.jpg\" alt=\"\">\n                    <\/div>\n                <\/div>\n                <div class=\"recomendadorRightArea\">\n                    <div class=\"recomendadorTitleFixed\">\n                    <h2><span>13\u00ba atualizado \ud83d\udcb0<\/span><\/h2>\n                    <\/div>\n                    <div class=\"recomendadorButtonFixed\">Conferir agora<\/div>\n                    <div class=\"recomendadorAlertFixed\"><\/div>\n                <\/div>\n                <\/div>\n            <\/div>\n            <\/a>\n        <\/div>\n        <\/div>\n\n\n\n<p>O an\u00fancio do fechamento movimentou a comunidade local, j\u00e1 que muitos clientes tinham a ag\u00eancia como refer\u00eancia para resolver quest\u00f5es que ainda exigem contato direto com funcion\u00e1rios. <\/p>\n\n\n\n<p>Para eles, a mudan\u00e7a n\u00e3o se resume a um deslocamento maior. Ela representa a quebra de uma rotina constru\u00edda ao longo de anos.<\/p>\n\n\n\n<p>Com o encerramento das atividades, o banco encaminhou todo o p\u00fablico para a ag\u00eancia do Iguatemi, que fica em um dos polos empresariais de Salvador. <\/p>\n\n\n\n<p>\u00c9 para l\u00e1 que os correntistas devem se dirigir caso precisem de atendimento presencial, abertura de servi\u00e7os espec\u00edficos ou orienta\u00e7\u00e3o sobre o uso dos canais digitais. <\/p>\n\n\n\n<p>Segundo o Ita\u00fa, a escolha dessa unidade ocorreu por causa da estrutura mais ampla, da localiza\u00e7\u00e3o estrat\u00e9gica e da capacidade de absorver a nova demanda. <\/p>\n\n\n\n<p>A institui\u00e7\u00e3o afirma ter refor\u00e7ado equipes e ampliado o suporte para garantir que a transi\u00e7\u00e3o seja menos turbulenta.<\/p>\n\n\n\n<h3 class=\"wp-block-heading\">Clientes do banco sem intimidade com a tecnologia s\u00e3o os mais prejudicados pela mudan\u00e7a<\/h3>\n\n\n\n<p>A mudan\u00e7a atinge especialmente quem ainda tem dificuldade com opera\u00e7\u00f5es online. Muitos clientes, em especial idosos, dependem de acompanhamento direto para lidar com aplicativos ou para realizar transa\u00e7\u00f5es simples no Internet Banking. <\/p>\n\n\n\n<p>Para esse grupo, o banco afirma que est\u00e1 oferecendo apoio presencial na ag\u00eancia do Iguatemi, al\u00e9m de materiais explicativos e orienta\u00e7\u00e3o por telefone. <\/p>\n\n\n\n<p>A institui\u00e7\u00e3o tamb\u00e9m incentiva a participa\u00e7\u00e3o de pessoas pr\u00f3ximas que possam auxiliar no uso das ferramentas digitais, ajudando na adapta\u00e7\u00e3o ao novo cen\u00e1rio.<\/p>\n\n\n\n<p>O Ita\u00fa sustenta que a digitaliza\u00e7\u00e3o do atendimento segue sendo uma prioridade e que continuar\u00e1 investindo em canais remotos para facilitar a vida dos clientes. <\/p>\n\n\n\n<p>Mesmo assim, o fechamento da unidade no Caminho das \u00c1rvores deixa um per\u00edodo de adapta\u00e7\u00e3o inevit\u00e1vel para milhares de usu\u00e1rios, que agora precisam reorganizar seus h\u00e1bitos enquanto se ajustam \u00e0 nova realidade de atendimento.<\/p>\n\n\n\n<p><\/p>\n","protected":false},"excerpt":{"rendered":"<p>O Ita\u00fa informou, no in\u00edcio de novembro, o encerramento de uma de suas unidades em Salvador, deixando cerca de 20 mil clientes diante da necessidade de reorganizar sua rotina banc\u00e1ria. A ag\u00eancia localizada no bairro Caminho das \u00c1rvores deixou de funcionar ap\u00f3s decis\u00e3o estrat\u00e9gica ligada ao avan\u00e7o da digitaliza\u00e7\u00e3o no setor financeiro. Com a porta [&hellip;]<\/p>\n","protected":false},"author":5,"featured_media":4247,"comment_status":"open","ping_status":"open","sticky":false,"template":"","format":"standard","meta":{"jnews-multi-image_gallery":[],"jnews_single_post":{"format":"standard"},"jnews_primary_category":[],"jnews_social_meta":[],"jnews_post_split":[],"footnotes":""},"categories":[1],"tags":[],"class_list":["post-4246","post","type-post","status-publish","format-standard","has-post-thumbnail","hentry","category-dinheiro"],"yoast_head":"<!-- This site is optimized with the Yoast SEO plugin v25.6 - https:\/\/yoast.com\/wordpress\/plugins\/seo\/ -->\n<title>Banco Ita\u00fa anunciou fechamento e deixa 20 mil clientes de m\u00e3os vazias nesta ag\u00eancia<\/title>\n<meta name=\"description\" content=\"O Ita\u00fa informou, no in\u00edcio de novembro, o encerramento de uma de suas unidades, afetando cerca de 20 mil clientes da cidade.\" \/>\n<meta name=\"robots\" content=\"index, follow, max-snippet:-1, max-image-preview:large, max-video-preview:-1\" \/>\n<link rel=\"canonical\" href=\"https:\/\/tribunademinas.audiencelabs.com.br\/banco-itau-anunciou-fechamento-e-deixa-20-mil-clientes-de-maos-vazias\/\" \/>\n<meta property=\"og:locale\" content=\"pt_BR\" \/>\n<meta property=\"og:type\" content=\"article\" \/>\n<meta property=\"og:title\" content=\"Banco Ita\u00fa anunciou fechamento e deixa 20 mil clientes de m\u00e3os vazias nesta ag\u00eancia\" \/>\n<meta property=\"og:description\" content=\"O Ita\u00fa informou, no in\u00edcio de novembro, o encerramento de uma de suas unidades, afetando cerca de 20 mil clientes da cidade.\" \/>\n<meta property=\"og:url\" content=\"https:\/\/tribunademinas.audiencelabs.com.br\/banco-itau-anunciou-fechamento-e-deixa-20-mil-clientes-de-maos-vazias\/\" \/>\n<meta property=\"og:site_name\" content=\"Tribuna de Minas - Dinheiro e Cidadania\" \/>\n<meta property=\"article:publisher\" content=\"https:\/\/www.facebook.com\/tribunademinas\/\" \/>\n<meta property=\"article:published_time\" content=\"2025-11-19T10:45:00+00:00\" \/>\n<meta property=\"article:modified_time\" content=\"2025-11-19T13:42:40+00:00\" \/>\n<meta property=\"og:image\" content=\"https:\/\/tribunademinas.audiencelabs.com.br\/wp-content\/uploads\/2025\/11\/Itau.webp\" \/>\n\t<meta property=\"og:image:width\" content=\"1920\" \/>\n\t<meta property=\"og:image:height\" content=\"1080\" \/>\n\t<meta property=\"og:image:type\" content=\"image\/webp\" \/>\n<meta name=\"author\" content=\"Jeferson Carvalho\" \/>\n<meta name=\"twitter:card\" content=\"summary_large_image\" \/>\n<meta name=\"twitter:creator\" content=\"@tribunademinas\" \/>\n<meta name=\"twitter:site\" content=\"@tribunademinas\" \/>\n<meta name=\"twitter:label1\" content=\"Escrito por\" \/>\n\t<meta name=\"twitter:data1\" content=\"Jeferson Carvalho\" \/>\n\t<meta name=\"twitter:label2\" content=\"Est. tempo de leitura\" \/>\n\t<meta name=\"twitter:data2\" content=\"3 minutos\" \/>\n<!-- \/ Yoast SEO plugin. -->","yoast_head_json":{"title":"Banco Ita\u00fa anunciou fechamento e deixa 20 mil clientes de m\u00e3os vazias nesta ag\u00eancia","description":"O Ita\u00fa informou, no in\u00edcio de novembro, o encerramento de uma de suas unidades, afetando cerca de 20 mil clientes da cidade.","robots":{"index":"index","follow":"follow","max-snippet":"max-snippet:-1","max-image-preview":"max-image-preview:large","max-video-preview":"max-video-preview:-1"},"canonical":"https:\/\/tribunademinas.audiencelabs.com.br\/banco-itau-anunciou-fechamento-e-deixa-20-mil-clientes-de-maos-vazias\/","og_locale":"pt_BR","og_type":"article","og_title":"Banco Ita\u00fa anunciou fechamento e deixa 20 mil clientes de m\u00e3os vazias nesta ag\u00eancia","og_description":"O Ita\u00fa informou, no in\u00edcio de novembro, o encerramento de uma de suas unidades, afetando cerca de 20 mil clientes da cidade.","og_url":"https:\/\/tribunademinas.audiencelabs.com.br\/banco-itau-anunciou-fechamento-e-deixa-20-mil-clientes-de-maos-vazias\/","og_site_name":"Tribuna de Minas - Dinheiro e Cidadania","article_publisher":"https:\/\/www.facebook.com\/tribunademinas\/","article_published_time":"2025-11-19T10:45:00+00:00","article_modified_time":"2025-11-19T13:42:40+00:00","og_image":[{"width":1920,"height":1080,"url":"https:\/\/tribunademinas.audiencelabs.com.br\/wp-content\/uploads\/2025\/11\/Itau.webp","type":"image\/webp"}],"author":"Jeferson Carvalho","twitter_card":"summary_large_image","twitter_creator":"@tribunademinas","twitter_site":"@tribunademinas","twitter_misc":{"Escrito por":"Jeferson Carvalho","Est. tempo de leitura":"3 minutos"},"schema":{"@context":"https:\/\/schema.org","@graph":[{"@type":"Article","@id":"https:\/\/tribunademinas.audiencelabs.com.br\/banco-itau-anunciou-fechamento-e-deixa-20-mil-clientes-de-maos-vazias\/#article","isPartOf":{"@id":"https:\/\/tribunademinas.audiencelabs.com.br\/banco-itau-anunciou-fechamento-e-deixa-20-mil-clientes-de-maos-vazias\/"},"author":{"name":"Jeferson Carvalho","@id":"https:\/\/tribunademinas.audiencelabs.com.br\/#\/schema\/person\/db18fc40307804bacef94213aa68fd9d"},"headline":"Banco Ita\u00fa anunciou fechamento e deixa 20 mil clientes de m\u00e3os vazias nesta ag\u00eancia","datePublished":"2025-11-19T10:45:00+00:00","dateModified":"2025-11-19T13:42:40+00:00","mainEntityOfPage":{"@id":"https:\/\/tribunademinas.audiencelabs.com.br\/banco-itau-anunciou-fechamento-e-deixa-20-mil-clientes-de-maos-vazias\/"},"wordCount":534,"commentCount":0,"publisher":{"@id":"https:\/\/tribunademinas.audiencelabs.com.br\/#organization"},"image":{"@id":"https:\/\/tribunademinas.audiencelabs.com.br\/banco-itau-anunciou-fechamento-e-deixa-20-mil-clientes-de-maos-vazias\/#primaryimage"},"thumbnailUrl":"https:\/\/tribunademinas.audiencelabs.com.br\/wp-content\/uploads\/2025\/11\/Itau.webp","articleSection":["Dinheiro"],"inLanguage":"pt-BR","potentialAction":[{"@type":"CommentAction","name":"Comment","target":["https:\/\/tribunademinas.audiencelabs.com.br\/banco-itau-anunciou-fechamento-e-deixa-20-mil-clientes-de-maos-vazias\/#respond"]}]},{"@type":"WebPage","@id":"https:\/\/tribunademinas.audiencelabs.com.br\/banco-itau-anunciou-fechamento-e-deixa-20-mil-clientes-de-maos-vazias\/","url":"https:\/\/tribunademinas.audiencelabs.com.br\/banco-itau-anunciou-fechamento-e-deixa-20-mil-clientes-de-maos-vazias\/","name":"Banco Ita\u00fa anunciou fechamento e deixa 20 mil clientes de m\u00e3os vazias nesta ag\u00eancia","isPartOf":{"@id":"https:\/\/tribunademinas.audiencelabs.com.br\/#website"},"primaryImageOfPage":{"@id":"https:\/\/tribunademinas.audiencelabs.com.br\/banco-itau-anunciou-fechamento-e-deixa-20-mil-clientes-de-maos-vazias\/#primaryimage"},"image":{"@id":"https:\/\/tribunademinas.audiencelabs.com.br\/banco-itau-anunciou-fechamento-e-deixa-20-mil-clientes-de-maos-vazias\/#primaryimage"},"thumbnailUrl":"https:\/\/tribunademinas.audiencelabs.com.br\/wp-content\/uploads\/2025\/11\/Itau.webp","datePublished":"2025-11-19T10:45:00+00:00","dateModified":"2025-11-19T13:42:40+00:00","description":"O Ita\u00fa informou, no in\u00edcio de novembro, o encerramento de uma de suas unidades, afetando cerca de 20 mil clientes da cidade.","breadcrumb":{"@id":"https:\/\/tribunademinas.audiencelabs.com.br\/banco-itau-anunciou-fechamento-e-deixa-20-mil-clientes-de-maos-vazias\/#breadcrumb"},"inLanguage":"pt-BR","potentialAction":[{"@type":"ReadAction","target":["https:\/\/tribunademinas.audiencelabs.com.br\/banco-itau-anunciou-fechamento-e-deixa-20-mil-clientes-de-maos-vazias\/"]}]},{"@type":"ImageObject","inLanguage":"pt-BR","@id":"https:\/\/tribunademinas.audiencelabs.com.br\/banco-itau-anunciou-fechamento-e-deixa-20-mil-clientes-de-maos-vazias\/#primaryimage","url":"https:\/\/tribunademinas.audiencelabs.com.br\/wp-content\/uploads\/2025\/11\/Itau.webp","contentUrl":"https:\/\/tribunademinas.audiencelabs.com.br\/wp-content\/uploads\/2025\/11\/Itau.webp","width":1920,"height":1080,"caption":"Banco Ita\u00fa anunciou fechamento e deixa 20 mil clientes de m\u00e3os vazias - Imagem: Divulga\u00e7\u00e3o\/Ita\u00fa"},{"@type":"BreadcrumbList","@id":"https:\/\/tribunademinas.audiencelabs.com.br\/banco-itau-anunciou-fechamento-e-deixa-20-mil-clientes-de-maos-vazias\/#breadcrumb","itemListElement":[{"@type":"ListItem","position":1,"name":"In\u00edcio","item":"https:\/\/tribunademinas.audiencelabs.com.br\/"},{"@type":"ListItem","position":2,"name":"Banco Ita\u00fa anunciou fechamento e deixa 20 mil clientes de m\u00e3os vazias nesta ag\u00eancia"}]},{"@type":"WebSite","@id":"https:\/\/tribunademinas.audiencelabs.com.br\/#website","url":"https:\/\/tribunademinas.audiencelabs.com.br\/","name":"Tribuna de Minas - Dinheiro e Cidadania","description":"","publisher":{"@id":"https:\/\/tribunademinas.audiencelabs.com.br\/#organization"},"potentialAction":[{"@type":"SearchAction","target":{"@type":"EntryPoint","urlTemplate":"https:\/\/tribunademinas.audiencelabs.com.br\/?s={search_term_string}"},"query-input":{"@type":"PropertyValueSpecification","valueRequired":true,"valueName":"search_term_string"}}],"inLanguage":"pt-BR"},{"@type":"Organization","@id":"https:\/\/tribunademinas.audiencelabs.com.br\/#organization","name":"Tribuna de Minas - Dinheiro e Cidadania","url":"https:\/\/tribunademinas.audiencelabs.com.br\/","logo":{"@type":"ImageObject","inLanguage":"pt-BR","@id":"https:\/\/tribunademinas.audiencelabs.com.br\/#\/schema\/logo\/image\/","url":"https:\/\/tribunademinas.audiencelabs.com.br\/wp-content\/uploads\/2025\/08\/cropped-Tribuna_512x512-96x96-1.png","contentUrl":"https:\/\/tribunademinas.audiencelabs.com.br\/wp-content\/uploads\/2025\/08\/cropped-Tribuna_512x512-96x96-1.png","width":96,"height":96,"caption":"Tribuna de Minas - Dinheiro e Cidadania"},"image":{"@id":"https:\/\/tribunademinas.audiencelabs.com.br\/#\/schema\/logo\/image\/"},"sameAs":["https:\/\/www.facebook.com\/tribunademinas\/","https:\/\/x.com\/tribunademinas","https:\/\/www.instagram.com\/tribunademinas\/","https:\/\/www.youtube.com\/user\/TribunadeMinasJF"]},{"@type":"Person","@id":"https:\/\/tribunademinas.audiencelabs.com.br\/#\/schema\/person\/db18fc40307804bacef94213aa68fd9d","name":"Jeferson Carvalho","image":{"@type":"ImageObject","inLanguage":"pt-BR","@id":"https:\/\/tribunademinas.audiencelabs.com.br\/#\/schema\/person\/image\/","url":"https:\/\/secure.gravatar.com\/avatar\/cd7646e328d9670dad7dea8698522e522745eeffcff5b9d08be858e377ce326b?s=96&d=mm&r=g","contentUrl":"https:\/\/secure.gravatar.com\/avatar\/cd7646e328d9670dad7dea8698522e522745eeffcff5b9d08be858e377ce326b?s=96&d=mm&r=g","caption":"Jeferson Carvalho"},"description":"Jornalista apaixonado pela profiss\u00e3o!","url":"https:\/\/tribunademinas.audiencelabs.com.br\/author\/jeferson\/"}]}},"amp_enabled":true,"_links":{"self":[{"href":"https:\/\/tribunademinas.audiencelabs.com.br\/wp-json\/wp\/v2\/posts\/4246","targetHints":{"allow":["GET"]}}],"collection":[{"href":"https:\/\/tribunademinas.audiencelabs.com.br\/wp-json\/wp\/v2\/posts"}],"about":[{"href":"https:\/\/tribunademinas.audiencelabs.com.br\/wp-json\/wp\/v2\/types\/post"}],"author":[{"embeddable":true,"href":"https:\/\/tribunademinas.audiencelabs.com.br\/wp-json\/wp\/v2\/users\/5"}],"replies":[{"embeddable":true,"href":"https:\/\/tribunademinas.audiencelabs.com.br\/wp-json\/wp\/v2\/comments?post=4246"}],"version-history":[{"count":4,"href":"https:\/\/tribunademinas.audiencelabs.com.br\/wp-json\/wp\/v2\/posts\/4246\/revisions"}],"predecessor-version":[{"id":4274,"href":"https:\/\/tribunademinas.audiencelabs.com.br\/wp-json\/wp\/v2\/posts\/4246\/revisions\/4274"}],"wp:featuredmedia":[{"embeddable":true,"href":"https:\/\/tribunademinas.audiencelabs.com.br\/wp-json\/wp\/v2\/media\/4247"}],"wp:attachment":[{"href":"https:\/\/tribunademinas.audiencelabs.com.br\/wp-json\/wp\/v2\/media?parent=4246"}],"wp:term":[{"taxonomy":"category","embeddable":true,"href":"https:\/\/tribunademinas.audiencelabs.com.br\/wp-json\/wp\/v2\/categories?post=4246"},{"taxonomy":"post_tag","embeddable":true,"href":"https:\/\/tribunademinas.audiencelabs.com.br\/wp-json\/wp\/v2\/tags?post=4246"}],"curies":[{"name":"wp","href":"https:\/\/api.w.org\/{rel}","templated":true}]}}