{"id":420,"date":"2025-08-13T08:00:00","date_gmt":"2025-08-13T11:00:00","guid":{"rendered":"https:\/\/tribunademinas.audiencelabs.com.br\/?p=420"},"modified":"2025-08-12T12:32:03","modified_gmt":"2025-08-12T15:32:03","slug":"inss-2025-calendario-de-agosto-liberado-pelo-governo-lula","status":"publish","type":"post","link":"https:\/\/tribunademinas.audiencelabs.com.br\/inss-2025-calendario-de-agosto-liberado-pelo-governo-lula\/","title":{"rendered":"INSS 2025: calend\u00e1rio de agosto liberado pelo governo Lula"},"content":{"rendered":"\n<p>Com o avan\u00e7o da segunda semana de agosto, os aposentados e pensionistas do <strong>Instituto Nacional do Seguro Social (INSS)<\/strong> aguardam pacientemente pela chegada da pr\u00f3xima data de pagamento do benef\u00edcio, que j\u00e1 foi definida pelo governo federal.<\/p>\n\n\n\n<p>Vale lembrar que, na \u00faltima quinta-feira (7), os segurados remanescentes receberam a \u00faltima parcela referente ao m\u00eas de julho. Contudo, como os per\u00edodos de pagamento s\u00e3o pr\u00e9-estabelecidos pelo\u00a0<strong>Minist\u00e9rio da Previd\u00eancia Social<\/strong>, os benefici\u00e1rios j\u00e1 podem saber quando o valor ser\u00e1 depositado.<\/p>\n\n\n\n<p>Vale lembrar que aposentados e pensionistas que recebem at\u00e9 um sal\u00e1rio m\u00ednimo (R$ 1.518) <strong>t\u00eam prioridade no pagamento<\/strong>. Portanto, seguindo a ordem escalonada baseada no pen\u00faltimo n\u00famero do benef\u00edcio, esse grupo receber\u00e1 nas seguintes datas:<\/p>\n\n\n\n<ul class=\"wp-block-list\">\n<li><strong>Final 1 \u2013 25 de agosto<\/strong><\/li>\n\n\n\n<li><strong>Final 2 \u2013 26 de agosto<\/strong><\/li>\n\n\n\n<li><strong>Final 3 \u2013 27 de agosto<\/strong><\/li>\n\n\n\n<li><strong>Final 4 \u2013 28 de agosto<\/strong><\/li>\n\n\n\n<li><strong>Final 5 \u2013 29 de agosto<\/strong><\/li>\n\n\n\n<li><strong>Final 6 \u2013 1\u00ba de setembro<\/strong><\/li>\n\n\n\n<li><strong>Final 7 \u2013 2 de setembro<\/strong><\/li>\n\n\n\n<li><strong>Final 8 \u2013 3 de setembro<\/strong><\/li>\n\n\n\n<li><strong>Final 9 \u2013 4 de setembro<\/strong><\/li>\n\n\n\n<li><strong>Final 0 \u2013 5 de setembro<\/strong><\/li>\n<\/ul>\n\n\n\n<p>Por sua vez, os benefici\u00e1rios com renda superior a um sal\u00e1rio m\u00ednimo receber\u00e3o seus pagamentos em lotes que contemplam v\u00e1rios cadastros de uma s\u00f3 vez, a partir das datas a seguir:<\/p>\n\n\n\n<ul class=\"wp-block-list\">\n<li><strong>Final 1 e 6 \u2013 1\u00ba de setembro<\/strong><\/li>\n\n\n\n<li><strong>Final 2 e 7 \u2013 2 de setembro<\/strong><\/li>\n\n\n\n<li><strong>Final 3 e 8 \u2013 3 de setembro<\/strong><\/li>\n\n\n\n<li><strong>Final 4 e 9 \u2013 4 de setembro<\/strong><\/li>\n\n\n\n<li><strong>Final 5 e 0 \u2013 5 de setembro<\/strong><\/li>\n<\/ul>\n\n\n\n<h2 class=\"wp-block-heading\">\u00c9 poss\u00edvel confirmar a data de pagamento do INSS?<\/h2>\n\n\n\n<p>Infelizmente, n\u00e3o \u00e9 poss\u00edvel consultar a data de pagamento no extrato do INSS at\u00e9 que o dep\u00f3sito seja feito na conta do benefici\u00e1rio. Mas vale destacar que a autarquia costuma honrar as datas previstas.<\/p>\n\n\n\n<p>Contudo, para confirmar se o valor foi encaminhado na data correta, os segurados podem consultar todas as informa\u00e7\u00f5es diretamente<strong>\u00a0no site ou aplicativo Meu INSS<\/strong>\u00a0utilizando o seguinte passo a passo:<\/p>\n\n\n\n<ul class=\"wp-block-list\">\n<li>Acesse o site ou app Meu INSS utilizando as credenciais da conta Gov.br (CPF e senha);<\/li>\n\n\n\n<li>Na tela inicial ou no menu, localize a op\u00e7\u00e3o \u201cExtrato de Pagamento\u201d e selecione-a;<\/li>\n\n\n\n<li>Verifique todos os detalhes, confirmando as datas e o banco onde o benef\u00edcio foi depositado, al\u00e9m de poss\u00edveis descontos.<\/li>\n<\/ul>\n","protected":false},"excerpt":{"rendered":"<p>Com o avan\u00e7o da segunda semana de agosto, os aposentados e pensionistas do Instituto Nacional do Seguro Social (INSS) aguardam pacientemente pela chegada da pr\u00f3xima data de pagamento do benef\u00edcio, que j\u00e1 foi definida pelo governo federal. Vale lembrar que, na \u00faltima quinta-feira (7), os segurados remanescentes receberam a \u00faltima parcela referente ao m\u00eas de [&hellip;]<\/p>\n","protected":false},"author":3,"featured_media":421,"comment_status":"open","ping_status":"open","sticky":false,"template":"","format":"standard","meta":{"jnews-multi-image_gallery":[],"jnews_single_post":{"format":"standard"},"jnews_primary_category":[],"jnews_social_meta":[],"jnews_post_split":[],"footnotes":""},"categories":[159],"tags":[],"class_list":["post-420","post","type-post","status-publish","format-standard","has-post-thumbnail","hentry","category-cidadania"],"yoast_head":"<!-- This site is optimized with the Yoast SEO plugin v25.6 - https:\/\/yoast.com\/wordpress\/plugins\/seo\/ -->\n<title>INSS 2025: calend\u00e1rio de agosto liberado pelo governo Lula<\/title>\n<meta name=\"robots\" content=\"index, follow, max-snippet:-1, max-image-preview:large, max-video-preview:-1\" \/>\n<link rel=\"canonical\" href=\"https:\/\/tribunademinas.audiencelabs.com.br\/inss-2025-calendario-de-agosto-liberado-pelo-governo-lula\/\" \/>\n<meta property=\"og:locale\" content=\"pt_BR\" \/>\n<meta property=\"og:type\" content=\"article\" \/>\n<meta property=\"og:title\" content=\"INSS 2025: calend\u00e1rio de agosto liberado pelo governo Lula\" \/>\n<meta property=\"og:description\" content=\"Com o avan\u00e7o da segunda semana de agosto, os aposentados e pensionistas do Instituto Nacional do Seguro Social (INSS) aguardam pacientemente pela chegada da pr\u00f3xima data de pagamento do benef\u00edcio, que j\u00e1 foi definida pelo governo federal. Vale lembrar que, na \u00faltima quinta-feira (7), os segurados remanescentes receberam a \u00faltima parcela referente ao m\u00eas de [&hellip;]\" \/>\n<meta property=\"og:url\" content=\"https:\/\/tribunademinas.audiencelabs.com.br\/inss-2025-calendario-de-agosto-liberado-pelo-governo-lula\/\" \/>\n<meta property=\"og:site_name\" content=\"Tribuna de Minas - Dinheiro e Cidadania\" \/>\n<meta property=\"article:publisher\" content=\"https:\/\/www.facebook.com\/tribunademinas\/\" \/>\n<meta property=\"article:published_time\" content=\"2025-08-13T11:00:00+00:00\" \/>\n<meta property=\"og:image\" content=\"https:\/\/tribunademinas.audiencelabs.com.br\/wp-content\/uploads\/2025\/08\/inss-calendario-agosto.webp\" \/>\n\t<meta property=\"og:image:width\" content=\"1280\" \/>\n\t<meta property=\"og:image:height\" content=\"720\" \/>\n\t<meta property=\"og:image:type\" content=\"image\/webp\" \/>\n<meta name=\"author\" content=\"Jo\u00e3o Carlos Gomes\" \/>\n<meta name=\"twitter:card\" content=\"summary_large_image\" \/>\n<meta name=\"twitter:creator\" content=\"@tribunademinas\" \/>\n<meta name=\"twitter:site\" content=\"@tribunademinas\" \/>\n<meta name=\"twitter:label1\" content=\"Escrito por\" \/>\n\t<meta name=\"twitter:data1\" content=\"Jo\u00e3o Carlos Gomes\" \/>\n\t<meta name=\"twitter:label2\" content=\"Est. tempo de leitura\" \/>\n\t<meta name=\"twitter:data2\" content=\"3 minutos\" \/>\n<!-- \/ Yoast SEO plugin. -->","yoast_head_json":{"title":"INSS 2025: calend\u00e1rio de agosto liberado pelo governo Lula","robots":{"index":"index","follow":"follow","max-snippet":"max-snippet:-1","max-image-preview":"max-image-preview:large","max-video-preview":"max-video-preview:-1"},"canonical":"https:\/\/tribunademinas.audiencelabs.com.br\/inss-2025-calendario-de-agosto-liberado-pelo-governo-lula\/","og_locale":"pt_BR","og_type":"article","og_title":"INSS 2025: calend\u00e1rio de agosto liberado pelo governo Lula","og_description":"Com o avan\u00e7o da segunda semana de agosto, os aposentados e pensionistas do Instituto Nacional do Seguro Social (INSS) aguardam pacientemente pela chegada da pr\u00f3xima data de pagamento do benef\u00edcio, que j\u00e1 foi definida pelo governo federal. Vale lembrar que, na \u00faltima quinta-feira (7), os segurados remanescentes receberam a \u00faltima parcela referente ao m\u00eas de [&hellip;]","og_url":"https:\/\/tribunademinas.audiencelabs.com.br\/inss-2025-calendario-de-agosto-liberado-pelo-governo-lula\/","og_site_name":"Tribuna de Minas - Dinheiro e Cidadania","article_publisher":"https:\/\/www.facebook.com\/tribunademinas\/","article_published_time":"2025-08-13T11:00:00+00:00","og_image":[{"width":1280,"height":720,"url":"https:\/\/tribunademinas.audiencelabs.com.br\/wp-content\/uploads\/2025\/08\/inss-calendario-agosto.webp","type":"image\/webp"}],"author":"Jo\u00e3o Carlos Gomes","twitter_card":"summary_large_image","twitter_creator":"@tribunademinas","twitter_site":"@tribunademinas","twitter_misc":{"Escrito por":"Jo\u00e3o Carlos Gomes","Est. tempo de leitura":"3 minutos"},"schema":{"@context":"https:\/\/schema.org","@graph":[{"@type":"Article","@id":"https:\/\/tribunademinas.audiencelabs.com.br\/inss-2025-calendario-de-agosto-liberado-pelo-governo-lula\/#article","isPartOf":{"@id":"https:\/\/tribunademinas.audiencelabs.com.br\/inss-2025-calendario-de-agosto-liberado-pelo-governo-lula\/"},"author":{"name":"Jo\u00e3o Carlos Gomes","@id":"https:\/\/tribunademinas.audiencelabs.com.br\/#\/schema\/person\/37af466a64a722fadb8ef6841c52114f"},"headline":"INSS 2025: calend\u00e1rio de agosto liberado pelo governo Lula","datePublished":"2025-08-13T11:00:00+00:00","mainEntityOfPage":{"@id":"https:\/\/tribunademinas.audiencelabs.com.br\/inss-2025-calendario-de-agosto-liberado-pelo-governo-lula\/"},"wordCount":355,"commentCount":0,"publisher":{"@id":"https:\/\/tribunademinas.audiencelabs.com.br\/#organization"},"image":{"@id":"https:\/\/tribunademinas.audiencelabs.com.br\/inss-2025-calendario-de-agosto-liberado-pelo-governo-lula\/#primaryimage"},"thumbnailUrl":"https:\/\/tribunademinas.audiencelabs.com.br\/wp-content\/uploads\/2025\/08\/inss-calendario-agosto.webp","articleSection":["Cidadania"],"inLanguage":"pt-BR","potentialAction":[{"@type":"CommentAction","name":"Comment","target":["https:\/\/tribunademinas.audiencelabs.com.br\/inss-2025-calendario-de-agosto-liberado-pelo-governo-lula\/#respond"]}]},{"@type":"WebPage","@id":"https:\/\/tribunademinas.audiencelabs.com.br\/inss-2025-calendario-de-agosto-liberado-pelo-governo-lula\/","url":"https:\/\/tribunademinas.audiencelabs.com.br\/inss-2025-calendario-de-agosto-liberado-pelo-governo-lula\/","name":"INSS 2025: calend\u00e1rio de agosto liberado pelo governo Lula","isPartOf":{"@id":"https:\/\/tribunademinas.audiencelabs.com.br\/#website"},"primaryImageOfPage":{"@id":"https:\/\/tribunademinas.audiencelabs.com.br\/inss-2025-calendario-de-agosto-liberado-pelo-governo-lula\/#primaryimage"},"image":{"@id":"https:\/\/tribunademinas.audiencelabs.com.br\/inss-2025-calendario-de-agosto-liberado-pelo-governo-lula\/#primaryimage"},"thumbnailUrl":"https:\/\/tribunademinas.audiencelabs.com.br\/wp-content\/uploads\/2025\/08\/inss-calendario-agosto.webp","datePublished":"2025-08-13T11:00:00+00:00","breadcrumb":{"@id":"https:\/\/tribunademinas.audiencelabs.com.br\/inss-2025-calendario-de-agosto-liberado-pelo-governo-lula\/#breadcrumb"},"inLanguage":"pt-BR","potentialAction":[{"@type":"ReadAction","target":["https:\/\/tribunademinas.audiencelabs.com.br\/inss-2025-calendario-de-agosto-liberado-pelo-governo-lula\/"]}]},{"@type":"ImageObject","inLanguage":"pt-BR","@id":"https:\/\/tribunademinas.audiencelabs.com.br\/inss-2025-calendario-de-agosto-liberado-pelo-governo-lula\/#primaryimage","url":"https:\/\/tribunademinas.audiencelabs.com.br\/wp-content\/uploads\/2025\/08\/inss-calendario-agosto.webp","contentUrl":"https:\/\/tribunademinas.audiencelabs.com.br\/wp-content\/uploads\/2025\/08\/inss-calendario-agosto.webp","width":1280,"height":720,"caption":"Foto: Jos\u00e9 Cruz\/Ag\u00eancia Brasil"},{"@type":"BreadcrumbList","@id":"https:\/\/tribunademinas.audiencelabs.com.br\/inss-2025-calendario-de-agosto-liberado-pelo-governo-lula\/#breadcrumb","itemListElement":[{"@type":"ListItem","position":1,"name":"In\u00edcio","item":"https:\/\/tribunademinas.audiencelabs.com.br\/"},{"@type":"ListItem","position":2,"name":"INSS 2025: calend\u00e1rio de agosto liberado pelo governo Lula"}]},{"@type":"WebSite","@id":"https:\/\/tribunademinas.audiencelabs.com.br\/#website","url":"https:\/\/tribunademinas.audiencelabs.com.br\/","name":"Tribuna de Minas - Dinheiro e Cidadania","description":"","publisher":{"@id":"https:\/\/tribunademinas.audiencelabs.com.br\/#organization"},"potentialAction":[{"@type":"SearchAction","target":{"@type":"EntryPoint","urlTemplate":"https:\/\/tribunademinas.audiencelabs.com.br\/?s={search_term_string}"},"query-input":{"@type":"PropertyValueSpecification","valueRequired":true,"valueName":"search_term_string"}}],"inLanguage":"pt-BR"},{"@type":"Organization","@id":"https:\/\/tribunademinas.audiencelabs.com.br\/#organization","name":"Tribuna de Minas - Dinheiro e Cidadania","url":"https:\/\/tribunademinas.audiencelabs.com.br\/","logo":{"@type":"ImageObject","inLanguage":"pt-BR","@id":"https:\/\/tribunademinas.audiencelabs.com.br\/#\/schema\/logo\/image\/","url":"https:\/\/tribunademinas.audiencelabs.com.br\/wp-content\/uploads\/2025\/08\/cropped-Tribuna_512x512-96x96-1.png","contentUrl":"https:\/\/tribunademinas.audiencelabs.com.br\/wp-content\/uploads\/2025\/08\/cropped-Tribuna_512x512-96x96-1.png","width":96,"height":96,"caption":"Tribuna de Minas - Dinheiro e Cidadania"},"image":{"@id":"https:\/\/tribunademinas.audiencelabs.com.br\/#\/schema\/logo\/image\/"},"sameAs":["https:\/\/www.facebook.com\/tribunademinas\/","https:\/\/x.com\/tribunademinas","https:\/\/www.instagram.com\/tribunademinas\/","https:\/\/www.youtube.com\/user\/TribunadeMinasJF"]},{"@type":"Person","@id":"https:\/\/tribunademinas.audiencelabs.com.br\/#\/schema\/person\/37af466a64a722fadb8ef6841c52114f","name":"Jo\u00e3o Carlos Gomes","image":{"@type":"ImageObject","inLanguage":"pt-BR","@id":"https:\/\/tribunademinas.audiencelabs.com.br\/#\/schema\/person\/image\/","url":"https:\/\/secure.gravatar.com\/avatar\/4ce4672dbdd694b329cd6fdb51bee7d1409be1f0ff76a537e4c4a737b2c7d1a9?s=96&d=mm&r=g","contentUrl":"https:\/\/secure.gravatar.com\/avatar\/4ce4672dbdd694b329cd6fdb51bee7d1409be1f0ff76a537e4c4a737b2c7d1a9?s=96&d=mm&r=g","caption":"Jo\u00e3o Carlos Gomes"},"description":"Jornalista formado pelo Centro Universit\u00e1rio Carioca, apreciador da Bossa Nova ao Metal Extremo, criador de conte\u00fado e m\u00fasico independente nas horas vagas.","url":"https:\/\/tribunademinas.audiencelabs.com.br\/author\/joaoc-junior\/"}]}},"amp_enabled":true,"_links":{"self":[{"href":"https:\/\/tribunademinas.audiencelabs.com.br\/wp-json\/wp\/v2\/posts\/420","targetHints":{"allow":["GET"]}}],"collection":[{"href":"https:\/\/tribunademinas.audiencelabs.com.br\/wp-json\/wp\/v2\/posts"}],"about":[{"href":"https:\/\/tribunademinas.audiencelabs.com.br\/wp-json\/wp\/v2\/types\/post"}],"author":[{"embeddable":true,"href":"https:\/\/tribunademinas.audiencelabs.com.br\/wp-json\/wp\/v2\/users\/3"}],"replies":[{"embeddable":true,"href":"https:\/\/tribunademinas.audiencelabs.com.br\/wp-json\/wp\/v2\/comments?post=420"}],"version-history":[{"count":1,"href":"https:\/\/tribunademinas.audiencelabs.com.br\/wp-json\/wp\/v2\/posts\/420\/revisions"}],"predecessor-version":[{"id":422,"href":"https:\/\/tribunademinas.audiencelabs.com.br\/wp-json\/wp\/v2\/posts\/420\/revisions\/422"}],"wp:featuredmedia":[{"embeddable":true,"href":"https:\/\/tribunademinas.audiencelabs.com.br\/wp-json\/wp\/v2\/media\/421"}],"wp:attachment":[{"href":"https:\/\/tribunademinas.audiencelabs.com.br\/wp-json\/wp\/v2\/media?parent=420"}],"wp:term":[{"taxonomy":"category","embeddable":true,"href":"https:\/\/tribunademinas.audiencelabs.com.br\/wp-json\/wp\/v2\/categories?post=420"},{"taxonomy":"post_tag","embeddable":true,"href":"https:\/\/tribunademinas.audiencelabs.com.br\/wp-json\/wp\/v2\/tags?post=420"}],"curies":[{"name":"wp","href":"https:\/\/api.w.org\/{rel}","templated":true}]}}