{"id":4195,"date":"2025-11-19T08:00:00","date_gmt":"2025-11-19T11:00:00","guid":{"rendered":"https:\/\/tribunademinas.audiencelabs.com.br\/?p=4195"},"modified":"2025-11-19T10:34:10","modified_gmt":"2025-11-19T13:34:10","slug":"tabela-do-13o-salario-dos-aposentados-2025-atualizada","status":"publish","type":"post","link":"https:\/\/tribunademinas.audiencelabs.com.br\/tabela-do-13o-salario-dos-aposentados-2025-atualizada\/","title":{"rendered":"Tabela do 13\u00ba sal\u00e1rio dos aposentados 2025 ATUALIZADA"},"content":{"rendered":"\n<p>Embora aposentados e pensionistas do Instituto Nacional do Seguro Social (INSS) tamb\u00e9m <strong>tenham direito ao 13\u00ba sal\u00e1rio<\/strong>, o pagamento segue um calend\u00e1rio pr\u00f3prio, distinto das datas tradicionalmente aplicadas aos trabalhadores com carteira assinada.<\/p>\n\n\n\n<p>Inclusive, vale destacar que, neste ano, os dep\u00f3sitos foram antecipados para uma grande parcela dos segurados, sendo efetuados em duas parcelas <strong>pagas entre abril e junho<\/strong>. Entretanto, um n\u00famero significativo de pessoas se aposentou apenas ap\u00f3s esse intervalo.<\/p>\n\n\n\n<p>Por conta disso, o INSS dar\u00e1 in\u00edcio <strong>a mais uma rodada de pagamentos do 13\u00ba<\/strong>, que ser\u00e3o destinados a cidad\u00e3os que s\u00f3 come\u00e7aram a receber seus benef\u00edcios a partir do m\u00eas de junho, e ser\u00e3o encaminhados em parcela \u00fanica.<\/p>\n\n\n\n<p>Vale destacar que n\u00e3o ser\u00e1 necess\u00e1rio realizar nenhum tipo de solicita\u00e7\u00e3o, uma vez que o valor ser\u00e1 <strong>depositado junto com o pagamento mensal regular<\/strong>. Sendo assim, o 13\u00ba seguir\u00e1 o cronograma de pagamento padr\u00e3o do INSS, que \u00e9 organizado pelo n\u00famero final do benef\u00edcio, sem considerar o d\u00edgito.<\/p>\n\n\n\n<p>De acordo com o que foi divulgado, os dep\u00f3sitos ser\u00e3o iniciados ainda neste m\u00eas de novembro, e contemplar\u00e1 primeiramente os segurados que recebem at\u00e9 um sal\u00e1rio m\u00ednimo (R$ 1.518). Confira o calend\u00e1rio abaixo:<\/p>\n\n\n\n<ul class=\"wp-block-list\">\n<li><strong>Final 1: 25 de novembro<\/strong><\/li>\n\n\n\n<li><strong>Final 2: 26 de novembro<\/strong><\/li>\n\n\n\n<li><strong>Final 3: 27 de novembro<\/strong><\/li>\n\n\n\n<li><strong>Final 4: 28 de novembro<\/strong><\/li>\n\n\n\n<li><strong>Final 5: 29 de novembro<\/strong><\/li>\n\n\n\n<li><strong>Final 6: 01 de dezembro<\/strong><\/li>\n\n\n\n<li><strong>Final 7: 02 de dezembro<\/strong><\/li>\n\n\n\n<li><strong>Final 8: 03 de dezembro<\/strong><\/li>\n\n\n\n<li><strong>Final 9: 04 de dezembro<\/strong><\/li>\n\n\n\n<li><strong>Final 0: 05 de dezembro<\/strong><\/li>\n<\/ul>\n\n\n\n<p>J\u00e1 benefici\u00e1rios que recebem valores superiores s\u00f3 come\u00e7ar\u00e3o a receber o 13\u00ba sal\u00e1rio a partir de dezembro, com dois n\u00fameros de benef\u00edcio sendo favorecidos simultaneamente nas seguintes datas:<\/p>\n\n\n\n<ul class=\"wp-block-list\">\n<li><strong>Final 1 e 6: 01 de dezembro<\/strong><\/li>\n\n\n\n<li><strong>Final 2 e 7: 02 de dezembro<\/strong><\/li>\n\n\n\n<li><strong>Final 3 e 8: 03 de dezembro<\/strong><\/li>\n\n\n\n<li><strong>Final 4 e 9: 04 de dezembro<\/strong><\/li>\n\n\n\n<li><strong>Final 5 e 0: 05 de dezembro<\/strong><\/li>\n<\/ul>\n\n\n\n<h2 class=\"wp-block-heading\">Informa\u00e7\u00f5es sobre o 13\u00ba sal\u00e1rio do INSS: onde conferir?<\/h2>\n\n\n\n<p>\u00c9 importante destacar que o pagamento do 13\u00ba sal\u00e1rio ser\u00e1 proporcional ao per\u00edodo em que o segurado passou a integrar o quadro do INSS. Contudo, para n\u00e3o haver d\u00favidas sobre o valor, \u00e9 poss\u00edvel conferir informa\u00e7\u00f5es atrav\u00e9s do <strong>aplicativo oficial da autarquia<\/strong>.<\/p>\n\n\n\n<p>O Meu INSS oferecer\u00e1 uma vis\u00e3o mais abrangente sobre o pagamento, confirmando n\u00e3o apenas o valor total e a data exata, mas tamb\u00e9m se o benef\u00edcio realmente ser\u00e1 depositado, considerando que benef\u00edcios como o Benef\u00edcio de Presta\u00e7\u00e3o Continuada (BPC) n\u00e3o d\u00e3o direito ao 13\u00ba.<\/p>\n","protected":false},"excerpt":{"rendered":"<p>Embora aposentados e pensionistas do Instituto Nacional do Seguro Social (INSS) tamb\u00e9m tenham direito ao 13\u00ba sal\u00e1rio, o pagamento segue um calend\u00e1rio pr\u00f3prio, distinto das datas tradicionalmente aplicadas aos trabalhadores com carteira assinada. Inclusive, vale destacar que, neste ano, os dep\u00f3sitos foram antecipados para uma grande parcela dos segurados, sendo efetuados em duas parcelas pagas [&hellip;]<\/p>\n","protected":false},"author":3,"featured_media":4196,"comment_status":"open","ping_status":"open","sticky":false,"template":"","format":"standard","meta":{"jnews-multi-image_gallery":[],"jnews_single_post":{"format":"standard"},"jnews_primary_category":[],"jnews_social_meta":[],"jnews_post_split":[],"footnotes":""},"categories":[1],"tags":[],"class_list":["post-4195","post","type-post","status-publish","format-standard","has-post-thumbnail","hentry","category-dinheiro"],"yoast_head":"<!-- This site is optimized with the Yoast SEO plugin v25.6 - https:\/\/yoast.com\/wordpress\/plugins\/seo\/ -->\n<title>Tabela do 13\u00ba sal\u00e1rio dos aposentados 2025 ATUALIZADA<\/title>\n<meta name=\"description\" content=\"O pagamento do 13\u00ba sal\u00e1rio segue um calend\u00e1rio pr\u00f3prio, distinto das datas tradicionalmente aplicadas aos trabalhadores com carteira assinada\" \/>\n<meta name=\"robots\" content=\"index, follow, max-snippet:-1, max-image-preview:large, max-video-preview:-1\" \/>\n<link rel=\"canonical\" href=\"https:\/\/tribunademinas.audiencelabs.com.br\/tabela-do-13o-salario-dos-aposentados-2025-atualizada\/\" \/>\n<meta property=\"og:locale\" content=\"pt_BR\" \/>\n<meta property=\"og:type\" content=\"article\" \/>\n<meta property=\"og:title\" content=\"Tabela do 13\u00ba sal\u00e1rio dos aposentados 2025 ATUALIZADA\" \/>\n<meta property=\"og:description\" content=\"O pagamento do 13\u00ba sal\u00e1rio segue um calend\u00e1rio pr\u00f3prio, distinto das datas tradicionalmente aplicadas aos trabalhadores com carteira assinada\" \/>\n<meta property=\"og:url\" content=\"https:\/\/tribunademinas.audiencelabs.com.br\/tabela-do-13o-salario-dos-aposentados-2025-atualizada\/\" \/>\n<meta property=\"og:site_name\" content=\"Tribuna de Minas - Dinheiro e Cidadania\" \/>\n<meta property=\"article:publisher\" content=\"https:\/\/www.facebook.com\/tribunademinas\/\" \/>\n<meta property=\"article:published_time\" content=\"2025-11-19T11:00:00+00:00\" \/>\n<meta property=\"article:modified_time\" content=\"2025-11-19T13:34:10+00:00\" \/>\n<meta property=\"og:image\" content=\"https:\/\/tribunademinas.audiencelabs.com.br\/wp-content\/uploads\/2025\/11\/tabela-13-salario-aposentados-2025-atualizada.jpg\" \/>\n\t<meta property=\"og:image:width\" content=\"1280\" \/>\n\t<meta property=\"og:image:height\" content=\"720\" \/>\n\t<meta property=\"og:image:type\" content=\"image\/jpeg\" \/>\n<meta name=\"author\" content=\"Jo\u00e3o Carlos Gomes\" \/>\n<meta name=\"twitter:card\" content=\"summary_large_image\" \/>\n<meta name=\"twitter:creator\" content=\"@tribunademinas\" \/>\n<meta name=\"twitter:site\" content=\"@tribunademinas\" \/>\n<meta name=\"twitter:label1\" content=\"Escrito por\" \/>\n\t<meta name=\"twitter:data1\" content=\"Jo\u00e3o Carlos Gomes\" \/>\n\t<meta name=\"twitter:label2\" content=\"Est. tempo de leitura\" \/>\n\t<meta name=\"twitter:data2\" content=\"3 minutos\" \/>\n<!-- \/ Yoast SEO plugin. -->","yoast_head_json":{"title":"Tabela do 13\u00ba sal\u00e1rio dos aposentados 2025 ATUALIZADA","description":"O pagamento do 13\u00ba sal\u00e1rio segue um calend\u00e1rio pr\u00f3prio, distinto das datas tradicionalmente aplicadas aos trabalhadores com carteira assinada","robots":{"index":"index","follow":"follow","max-snippet":"max-snippet:-1","max-image-preview":"max-image-preview:large","max-video-preview":"max-video-preview:-1"},"canonical":"https:\/\/tribunademinas.audiencelabs.com.br\/tabela-do-13o-salario-dos-aposentados-2025-atualizada\/","og_locale":"pt_BR","og_type":"article","og_title":"Tabela do 13\u00ba sal\u00e1rio dos aposentados 2025 ATUALIZADA","og_description":"O pagamento do 13\u00ba sal\u00e1rio segue um calend\u00e1rio pr\u00f3prio, distinto das datas tradicionalmente aplicadas aos trabalhadores com carteira assinada","og_url":"https:\/\/tribunademinas.audiencelabs.com.br\/tabela-do-13o-salario-dos-aposentados-2025-atualizada\/","og_site_name":"Tribuna de Minas - Dinheiro e Cidadania","article_publisher":"https:\/\/www.facebook.com\/tribunademinas\/","article_published_time":"2025-11-19T11:00:00+00:00","article_modified_time":"2025-11-19T13:34:10+00:00","og_image":[{"width":1280,"height":720,"url":"https:\/\/tribunademinas.audiencelabs.com.br\/wp-content\/uploads\/2025\/11\/tabela-13-salario-aposentados-2025-atualizada.jpg","type":"image\/jpeg"}],"author":"Jo\u00e3o Carlos Gomes","twitter_card":"summary_large_image","twitter_creator":"@tribunademinas","twitter_site":"@tribunademinas","twitter_misc":{"Escrito por":"Jo\u00e3o Carlos Gomes","Est. tempo de leitura":"3 minutos"},"schema":{"@context":"https:\/\/schema.org","@graph":[{"@type":"Article","@id":"https:\/\/tribunademinas.audiencelabs.com.br\/tabela-do-13o-salario-dos-aposentados-2025-atualizada\/#article","isPartOf":{"@id":"https:\/\/tribunademinas.audiencelabs.com.br\/tabela-do-13o-salario-dos-aposentados-2025-atualizada\/"},"author":{"name":"Jo\u00e3o Carlos Gomes","@id":"https:\/\/tribunademinas.audiencelabs.com.br\/#\/schema\/person\/37af466a64a722fadb8ef6841c52114f"},"headline":"Tabela do 13\u00ba sal\u00e1rio dos aposentados 2025 ATUALIZADA","datePublished":"2025-11-19T11:00:00+00:00","dateModified":"2025-11-19T13:34:10+00:00","mainEntityOfPage":{"@id":"https:\/\/tribunademinas.audiencelabs.com.br\/tabela-do-13o-salario-dos-aposentados-2025-atualizada\/"},"wordCount":411,"commentCount":0,"publisher":{"@id":"https:\/\/tribunademinas.audiencelabs.com.br\/#organization"},"image":{"@id":"https:\/\/tribunademinas.audiencelabs.com.br\/tabela-do-13o-salario-dos-aposentados-2025-atualizada\/#primaryimage"},"thumbnailUrl":"https:\/\/tribunademinas.audiencelabs.com.br\/wp-content\/uploads\/2025\/11\/tabela-13-salario-aposentados-2025-atualizada.jpg","articleSection":["Dinheiro"],"inLanguage":"pt-BR","potentialAction":[{"@type":"CommentAction","name":"Comment","target":["https:\/\/tribunademinas.audiencelabs.com.br\/tabela-do-13o-salario-dos-aposentados-2025-atualizada\/#respond"]}]},{"@type":"WebPage","@id":"https:\/\/tribunademinas.audiencelabs.com.br\/tabela-do-13o-salario-dos-aposentados-2025-atualizada\/","url":"https:\/\/tribunademinas.audiencelabs.com.br\/tabela-do-13o-salario-dos-aposentados-2025-atualizada\/","name":"Tabela do 13\u00ba sal\u00e1rio dos aposentados 2025 ATUALIZADA","isPartOf":{"@id":"https:\/\/tribunademinas.audiencelabs.com.br\/#website"},"primaryImageOfPage":{"@id":"https:\/\/tribunademinas.audiencelabs.com.br\/tabela-do-13o-salario-dos-aposentados-2025-atualizada\/#primaryimage"},"image":{"@id":"https:\/\/tribunademinas.audiencelabs.com.br\/tabela-do-13o-salario-dos-aposentados-2025-atualizada\/#primaryimage"},"thumbnailUrl":"https:\/\/tribunademinas.audiencelabs.com.br\/wp-content\/uploads\/2025\/11\/tabela-13-salario-aposentados-2025-atualizada.jpg","datePublished":"2025-11-19T11:00:00+00:00","dateModified":"2025-11-19T13:34:10+00:00","description":"O pagamento do 13\u00ba sal\u00e1rio segue um calend\u00e1rio pr\u00f3prio, distinto das datas tradicionalmente aplicadas aos trabalhadores com carteira assinada","breadcrumb":{"@id":"https:\/\/tribunademinas.audiencelabs.com.br\/tabela-do-13o-salario-dos-aposentados-2025-atualizada\/#breadcrumb"},"inLanguage":"pt-BR","potentialAction":[{"@type":"ReadAction","target":["https:\/\/tribunademinas.audiencelabs.com.br\/tabela-do-13o-salario-dos-aposentados-2025-atualizada\/"]}]},{"@type":"ImageObject","inLanguage":"pt-BR","@id":"https:\/\/tribunademinas.audiencelabs.com.br\/tabela-do-13o-salario-dos-aposentados-2025-atualizada\/#primaryimage","url":"https:\/\/tribunademinas.audiencelabs.com.br\/wp-content\/uploads\/2025\/11\/tabela-13-salario-aposentados-2025-atualizada.jpg","contentUrl":"https:\/\/tribunademinas.audiencelabs.com.br\/wp-content\/uploads\/2025\/11\/tabela-13-salario-aposentados-2025-atualizada.jpg","width":1280,"height":720,"caption":"Foto: Jos\u00e9 Cruz\/Ag\u00eancia Brasil"},{"@type":"BreadcrumbList","@id":"https:\/\/tribunademinas.audiencelabs.com.br\/tabela-do-13o-salario-dos-aposentados-2025-atualizada\/#breadcrumb","itemListElement":[{"@type":"ListItem","position":1,"name":"In\u00edcio","item":"https:\/\/tribunademinas.audiencelabs.com.br\/"},{"@type":"ListItem","position":2,"name":"Tabela do 13\u00ba sal\u00e1rio dos aposentados 2025 ATUALIZADA"}]},{"@type":"WebSite","@id":"https:\/\/tribunademinas.audiencelabs.com.br\/#website","url":"https:\/\/tribunademinas.audiencelabs.com.br\/","name":"Tribuna de Minas - Dinheiro e Cidadania","description":"","publisher":{"@id":"https:\/\/tribunademinas.audiencelabs.com.br\/#organization"},"potentialAction":[{"@type":"SearchAction","target":{"@type":"EntryPoint","urlTemplate":"https:\/\/tribunademinas.audiencelabs.com.br\/?s={search_term_string}"},"query-input":{"@type":"PropertyValueSpecification","valueRequired":true,"valueName":"search_term_string"}}],"inLanguage":"pt-BR"},{"@type":"Organization","@id":"https:\/\/tribunademinas.audiencelabs.com.br\/#organization","name":"Tribuna de Minas - Dinheiro e Cidadania","url":"https:\/\/tribunademinas.audiencelabs.com.br\/","logo":{"@type":"ImageObject","inLanguage":"pt-BR","@id":"https:\/\/tribunademinas.audiencelabs.com.br\/#\/schema\/logo\/image\/","url":"https:\/\/tribunademinas.audiencelabs.com.br\/wp-content\/uploads\/2025\/08\/cropped-Tribuna_512x512-96x96-1.png","contentUrl":"https:\/\/tribunademinas.audiencelabs.com.br\/wp-content\/uploads\/2025\/08\/cropped-Tribuna_512x512-96x96-1.png","width":96,"height":96,"caption":"Tribuna de Minas - Dinheiro e Cidadania"},"image":{"@id":"https:\/\/tribunademinas.audiencelabs.com.br\/#\/schema\/logo\/image\/"},"sameAs":["https:\/\/www.facebook.com\/tribunademinas\/","https:\/\/x.com\/tribunademinas","https:\/\/www.instagram.com\/tribunademinas\/","https:\/\/www.youtube.com\/user\/TribunadeMinasJF"]},{"@type":"Person","@id":"https:\/\/tribunademinas.audiencelabs.com.br\/#\/schema\/person\/37af466a64a722fadb8ef6841c52114f","name":"Jo\u00e3o Carlos Gomes","image":{"@type":"ImageObject","inLanguage":"pt-BR","@id":"https:\/\/tribunademinas.audiencelabs.com.br\/#\/schema\/person\/image\/","url":"https:\/\/secure.gravatar.com\/avatar\/4ce4672dbdd694b329cd6fdb51bee7d1409be1f0ff76a537e4c4a737b2c7d1a9?s=96&d=mm&r=g","contentUrl":"https:\/\/secure.gravatar.com\/avatar\/4ce4672dbdd694b329cd6fdb51bee7d1409be1f0ff76a537e4c4a737b2c7d1a9?s=96&d=mm&r=g","caption":"Jo\u00e3o Carlos Gomes"},"description":"Jornalista formado pelo Centro Universit\u00e1rio Carioca, apreciador da Bossa Nova ao Metal Extremo, criador de conte\u00fado e m\u00fasico independente nas horas vagas.","url":"https:\/\/tribunademinas.audiencelabs.com.br\/author\/joaoc-junior\/"}]}},"amp_enabled":true,"_links":{"self":[{"href":"https:\/\/tribunademinas.audiencelabs.com.br\/wp-json\/wp\/v2\/posts\/4195","targetHints":{"allow":["GET"]}}],"collection":[{"href":"https:\/\/tribunademinas.audiencelabs.com.br\/wp-json\/wp\/v2\/posts"}],"about":[{"href":"https:\/\/tribunademinas.audiencelabs.com.br\/wp-json\/wp\/v2\/types\/post"}],"author":[{"embeddable":true,"href":"https:\/\/tribunademinas.audiencelabs.com.br\/wp-json\/wp\/v2\/users\/3"}],"replies":[{"embeddable":true,"href":"https:\/\/tribunademinas.audiencelabs.com.br\/wp-json\/wp\/v2\/comments?post=4195"}],"version-history":[{"count":1,"href":"https:\/\/tribunademinas.audiencelabs.com.br\/wp-json\/wp\/v2\/posts\/4195\/revisions"}],"predecessor-version":[{"id":4197,"href":"https:\/\/tribunademinas.audiencelabs.com.br\/wp-json\/wp\/v2\/posts\/4195\/revisions\/4197"}],"wp:featuredmedia":[{"embeddable":true,"href":"https:\/\/tribunademinas.audiencelabs.com.br\/wp-json\/wp\/v2\/media\/4196"}],"wp:attachment":[{"href":"https:\/\/tribunademinas.audiencelabs.com.br\/wp-json\/wp\/v2\/media?parent=4195"}],"wp:term":[{"taxonomy":"category","embeddable":true,"href":"https:\/\/tribunademinas.audiencelabs.com.br\/wp-json\/wp\/v2\/categories?post=4195"},{"taxonomy":"post_tag","embeddable":true,"href":"https:\/\/tribunademinas.audiencelabs.com.br\/wp-json\/wp\/v2\/tags?post=4195"}],"curies":[{"name":"wp","href":"https:\/\/api.w.org\/{rel}","templated":true}]}}