{"id":4149,"date":"2025-11-18T18:00:00","date_gmt":"2025-11-18T21:00:00","guid":{"rendered":"https:\/\/tribunademinas.audiencelabs.com.br\/?p=4149"},"modified":"2025-11-17T14:41:30","modified_gmt":"2025-11-17T17:41:30","slug":"mei-enfrenta-dificuldade-para-fechar-as-contas-apesar-de-teto-de-r-81-mil","status":"publish","type":"post","link":"https:\/\/tribunademinas.audiencelabs.com.br\/mei-enfrenta-dificuldade-para-fechar-as-contas-apesar-de-teto-de-r-81-mil\/","title":{"rendered":"MEI enfrenta dificuldade para fechar as contas apesar de teto de R$ 81 mil"},"content":{"rendered":"\n<p>Criado para garantir a legaliza\u00e7\u00e3o de pequenos empreendedores aut\u00f4nomos, fornecendo-lhes CNPJ e benef\u00edcios previdenci\u00e1rios, o regime de<strong> Microempreendedor Individual (MEI)<\/strong> j\u00e1 conta com mais de 15 milh\u00f5es de trabalhadores.<\/p>\n\n\n\n<p>Entretanto, mesmo com todos os benef\u00edcios que oferece, o programa permanece envolto em controv\u00e9rsias, decorrentes sobretudo do teto de faturamento, atualmente <strong>limitado a R$ 81 mil anuais<\/strong>.<\/p>\n\n\n\n<p>Embora o montante seja razo\u00e1vel para o p\u00fablico atendido, ele tamb\u00e9m pode gerar impactos financeiros significativos, uma vez que os custos podem ficar muito acima da limita\u00e7\u00e3o por conta de diversos fatores.<\/p>\n\n\n\n<p>Afinal, vale lembrar que MEIs podem contratar um funcion\u00e1rio que receba um sal\u00e1rio m\u00ednimo ou o piso da categoria, o que por sua vez j\u00e1 resulta em um gasto de no m\u00ednimo <strong>R$ 18,2 mil anuais\u00a0<\/strong>por conta do pagamento.<\/p>\n\n\n\n<p>Somando o gasto com os custos de vida, insumos e capital de giro do MEI, restam ainda<strong> R$ 62,8 mil de renda<\/strong>, que pode ser ultrapassada de forma involunt\u00e1ria e, desta forma, acabar resultando em uma s\u00e9rie de consequ\u00eancias fiscais e burocr\u00e1ticas.<\/p>\n\n\n\n<h2 class=\"wp-block-heading\">Penalidades: o que ocorre se ultrapassar o teto do MEI?<\/h2>\n\n\n\n<p>Ao ultrapassar o limite de faturamento, ainda que de forma m\u00ednima, o MEI passa a estar sujeito a uma s\u00e9rie de penalidades que podem gerar preju\u00edzos significativos, a depender do contexto. Entre elas, est\u00e3o:<\/p>\n\n\n\n<ul class=\"wp-block-list\">\n<li><strong>Desenquadramento: <\/strong>o microempreendedor pode ser obrigado a migrar para a categoria de Microempresa (ME) ou outro regime tribut\u00e1rio, que por sua vez pode implicar em obriga\u00e7\u00f5es e cobran\u00e7as mais complexas e caras;<\/li>\n\n\n\n<li><strong>Pagamento retroativo de impostos e multas: <\/strong>caso o excesso de faturamento seja identificado e n\u00e3o regularizado a tempo, o microempreendedor pode ser orientado a arcar com os impostos devidos desde o in\u00edcio do per\u00edodo em que o limite foi excedido.<\/li>\n<\/ul>\n\n\n\n<h2 class=\"wp-block-heading\">Orienta\u00e7\u00f5es para MEIs: como evitar ultrapassar o teto do regime<\/h2>\n\n\n\n<p>\u00c9 fundamental que que trabalhadores do regime MEI estejam atentos ao pr\u00f3prio faturamento, acompanhando de perto suas receitas e movimenta\u00e7\u00f5es banc\u00e1rias para garantir que tudo esteja dentro das regras do programa. Dentre os pontos de aten\u00e7\u00e3o, destacam-se:<\/p>\n\n\n\n<ul class=\"wp-block-list\">\n<li>Se atentar \u00e0s informa\u00e7\u00f5es de notas fiscais, movimenta\u00e7\u00f5es em m\u00e1quinas de cart\u00e3o e, principalmente, movimenta\u00e7\u00f5es banc\u00e1rias para verificar se o faturamento declarado est\u00e1 de acordo;<\/li>\n\n\n\n<li>Separar contas banc\u00e1rias pessoais do faturamento do CNPJ;<\/li>\n\n\n\n<li>Em caso de abertura parcial, verificar se o faturamento est\u00e1 dentro do limite ao longo dos meses trabalhados.<\/li>\n<\/ul>\n","protected":false},"excerpt":{"rendered":"<p>Criado para garantir a legaliza\u00e7\u00e3o de pequenos empreendedores aut\u00f4nomos, fornecendo-lhes CNPJ e benef\u00edcios previdenci\u00e1rios, o regime de Microempreendedor Individual (MEI) j\u00e1 conta com mais de 15 milh\u00f5es de trabalhadores. Entretanto, mesmo com todos os benef\u00edcios que oferece, o programa permanece envolto em controv\u00e9rsias, decorrentes sobretudo do teto de faturamento, atualmente limitado a R$ 81 mil [&hellip;]<\/p>\n","protected":false},"author":3,"featured_media":4150,"comment_status":"open","ping_status":"open","sticky":false,"template":"","format":"standard","meta":{"jnews-multi-image_gallery":[],"jnews_single_post":{"format":"standard"},"jnews_primary_category":[],"jnews_social_meta":[],"jnews_post_split":[],"footnotes":""},"categories":[159],"tags":[],"class_list":["post-4149","post","type-post","status-publish","format-standard","has-post-thumbnail","hentry","category-cidadania"],"yoast_head":"<!-- This site is optimized with the Yoast SEO plugin v25.6 - https:\/\/yoast.com\/wordpress\/plugins\/seo\/ -->\n<title>MEI enfrenta dificuldade para fechar as contas apesar de teto de R$ 81 mil<\/title>\n<meta name=\"robots\" content=\"index, follow, max-snippet:-1, max-image-preview:large, max-video-preview:-1\" \/>\n<link rel=\"canonical\" href=\"https:\/\/tribunademinas.audiencelabs.com.br\/mei-enfrenta-dificuldade-para-fechar-as-contas-apesar-de-teto-de-r-81-mil\/\" \/>\n<meta property=\"og:locale\" content=\"pt_BR\" \/>\n<meta property=\"og:type\" content=\"article\" \/>\n<meta property=\"og:title\" content=\"MEI enfrenta dificuldade para fechar as contas apesar de teto de R$ 81 mil\" \/>\n<meta property=\"og:description\" content=\"Criado para garantir a legaliza\u00e7\u00e3o de pequenos empreendedores aut\u00f4nomos, fornecendo-lhes CNPJ e benef\u00edcios previdenci\u00e1rios, o regime de Microempreendedor Individual (MEI) j\u00e1 conta com mais de 15 milh\u00f5es de trabalhadores. Entretanto, mesmo com todos os benef\u00edcios que oferece, o programa permanece envolto em controv\u00e9rsias, decorrentes sobretudo do teto de faturamento, atualmente limitado a R$ 81 mil [&hellip;]\" \/>\n<meta property=\"og:url\" content=\"https:\/\/tribunademinas.audiencelabs.com.br\/mei-enfrenta-dificuldade-para-fechar-as-contas-apesar-de-teto-de-r-81-mil\/\" \/>\n<meta property=\"og:site_name\" content=\"Tribuna de Minas - Dinheiro e Cidadania\" \/>\n<meta property=\"article:publisher\" content=\"https:\/\/www.facebook.com\/tribunademinas\/\" \/>\n<meta property=\"article:published_time\" content=\"2025-11-18T21:00:00+00:00\" \/>\n<meta property=\"og:image\" content=\"https:\/\/tribunademinas.audiencelabs.com.br\/wp-content\/uploads\/2025\/11\/mei-enfrenta-dificuldade-fechar-contas-apesar-teto-81-mil.jpg\" \/>\n\t<meta property=\"og:image:width\" content=\"2000\" \/>\n\t<meta property=\"og:image:height\" content=\"1125\" \/>\n\t<meta property=\"og:image:type\" content=\"image\/jpeg\" \/>\n<meta name=\"author\" content=\"Jo\u00e3o Carlos Gomes\" \/>\n<meta name=\"twitter:card\" content=\"summary_large_image\" \/>\n<meta name=\"twitter:creator\" content=\"@tribunademinas\" \/>\n<meta name=\"twitter:site\" content=\"@tribunademinas\" \/>\n<meta name=\"twitter:label1\" content=\"Escrito por\" \/>\n\t<meta name=\"twitter:data1\" content=\"Jo\u00e3o Carlos Gomes\" \/>\n\t<meta name=\"twitter:label2\" content=\"Est. tempo de leitura\" \/>\n\t<meta name=\"twitter:data2\" content=\"3 minutos\" \/>\n<!-- \/ Yoast SEO plugin. -->","yoast_head_json":{"title":"MEI enfrenta dificuldade para fechar as contas apesar de teto de R$ 81 mil","robots":{"index":"index","follow":"follow","max-snippet":"max-snippet:-1","max-image-preview":"max-image-preview:large","max-video-preview":"max-video-preview:-1"},"canonical":"https:\/\/tribunademinas.audiencelabs.com.br\/mei-enfrenta-dificuldade-para-fechar-as-contas-apesar-de-teto-de-r-81-mil\/","og_locale":"pt_BR","og_type":"article","og_title":"MEI enfrenta dificuldade para fechar as contas apesar de teto de R$ 81 mil","og_description":"Criado para garantir a legaliza\u00e7\u00e3o de pequenos empreendedores aut\u00f4nomos, fornecendo-lhes CNPJ e benef\u00edcios previdenci\u00e1rios, o regime de Microempreendedor Individual (MEI) j\u00e1 conta com mais de 15 milh\u00f5es de trabalhadores. Entretanto, mesmo com todos os benef\u00edcios que oferece, o programa permanece envolto em controv\u00e9rsias, decorrentes sobretudo do teto de faturamento, atualmente limitado a R$ 81 mil [&hellip;]","og_url":"https:\/\/tribunademinas.audiencelabs.com.br\/mei-enfrenta-dificuldade-para-fechar-as-contas-apesar-de-teto-de-r-81-mil\/","og_site_name":"Tribuna de Minas - Dinheiro e Cidadania","article_publisher":"https:\/\/www.facebook.com\/tribunademinas\/","article_published_time":"2025-11-18T21:00:00+00:00","og_image":[{"width":2000,"height":1125,"url":"https:\/\/tribunademinas.audiencelabs.com.br\/wp-content\/uploads\/2025\/11\/mei-enfrenta-dificuldade-fechar-contas-apesar-teto-81-mil.jpg","type":"image\/jpeg"}],"author":"Jo\u00e3o Carlos Gomes","twitter_card":"summary_large_image","twitter_creator":"@tribunademinas","twitter_site":"@tribunademinas","twitter_misc":{"Escrito por":"Jo\u00e3o Carlos Gomes","Est. tempo de leitura":"3 minutos"},"schema":{"@context":"https:\/\/schema.org","@graph":[{"@type":"Article","@id":"https:\/\/tribunademinas.audiencelabs.com.br\/mei-enfrenta-dificuldade-para-fechar-as-contas-apesar-de-teto-de-r-81-mil\/#article","isPartOf":{"@id":"https:\/\/tribunademinas.audiencelabs.com.br\/mei-enfrenta-dificuldade-para-fechar-as-contas-apesar-de-teto-de-r-81-mil\/"},"author":{"name":"Jo\u00e3o Carlos Gomes","@id":"https:\/\/tribunademinas.audiencelabs.com.br\/#\/schema\/person\/37af466a64a722fadb8ef6841c52114f"},"headline":"MEI enfrenta dificuldade para fechar as contas apesar de teto de R$ 81 mil","datePublished":"2025-11-18T21:00:00+00:00","mainEntityOfPage":{"@id":"https:\/\/tribunademinas.audiencelabs.com.br\/mei-enfrenta-dificuldade-para-fechar-as-contas-apesar-de-teto-de-r-81-mil\/"},"wordCount":433,"commentCount":0,"publisher":{"@id":"https:\/\/tribunademinas.audiencelabs.com.br\/#organization"},"image":{"@id":"https:\/\/tribunademinas.audiencelabs.com.br\/mei-enfrenta-dificuldade-para-fechar-as-contas-apesar-de-teto-de-r-81-mil\/#primaryimage"},"thumbnailUrl":"https:\/\/tribunademinas.audiencelabs.com.br\/wp-content\/uploads\/2025\/11\/mei-enfrenta-dificuldade-fechar-contas-apesar-teto-81-mil.jpg","articleSection":["Cidadania"],"inLanguage":"pt-BR","potentialAction":[{"@type":"CommentAction","name":"Comment","target":["https:\/\/tribunademinas.audiencelabs.com.br\/mei-enfrenta-dificuldade-para-fechar-as-contas-apesar-de-teto-de-r-81-mil\/#respond"]}]},{"@type":"WebPage","@id":"https:\/\/tribunademinas.audiencelabs.com.br\/mei-enfrenta-dificuldade-para-fechar-as-contas-apesar-de-teto-de-r-81-mil\/","url":"https:\/\/tribunademinas.audiencelabs.com.br\/mei-enfrenta-dificuldade-para-fechar-as-contas-apesar-de-teto-de-r-81-mil\/","name":"MEI enfrenta dificuldade para fechar as contas apesar de teto de R$ 81 mil","isPartOf":{"@id":"https:\/\/tribunademinas.audiencelabs.com.br\/#website"},"primaryImageOfPage":{"@id":"https:\/\/tribunademinas.audiencelabs.com.br\/mei-enfrenta-dificuldade-para-fechar-as-contas-apesar-de-teto-de-r-81-mil\/#primaryimage"},"image":{"@id":"https:\/\/tribunademinas.audiencelabs.com.br\/mei-enfrenta-dificuldade-para-fechar-as-contas-apesar-de-teto-de-r-81-mil\/#primaryimage"},"thumbnailUrl":"https:\/\/tribunademinas.audiencelabs.com.br\/wp-content\/uploads\/2025\/11\/mei-enfrenta-dificuldade-fechar-contas-apesar-teto-81-mil.jpg","datePublished":"2025-11-18T21:00:00+00:00","breadcrumb":{"@id":"https:\/\/tribunademinas.audiencelabs.com.br\/mei-enfrenta-dificuldade-para-fechar-as-contas-apesar-de-teto-de-r-81-mil\/#breadcrumb"},"inLanguage":"pt-BR","potentialAction":[{"@type":"ReadAction","target":["https:\/\/tribunademinas.audiencelabs.com.br\/mei-enfrenta-dificuldade-para-fechar-as-contas-apesar-de-teto-de-r-81-mil\/"]}]},{"@type":"ImageObject","inLanguage":"pt-BR","@id":"https:\/\/tribunademinas.audiencelabs.com.br\/mei-enfrenta-dificuldade-para-fechar-as-contas-apesar-de-teto-de-r-81-mil\/#primaryimage","url":"https:\/\/tribunademinas.audiencelabs.com.br\/wp-content\/uploads\/2025\/11\/mei-enfrenta-dificuldade-fechar-contas-apesar-teto-81-mil.jpg","contentUrl":"https:\/\/tribunademinas.audiencelabs.com.br\/wp-content\/uploads\/2025\/11\/mei-enfrenta-dificuldade-fechar-contas-apesar-teto-81-mil.jpg","width":2000,"height":1125,"caption":"Foto: gpointstudio\/Freepik"},{"@type":"BreadcrumbList","@id":"https:\/\/tribunademinas.audiencelabs.com.br\/mei-enfrenta-dificuldade-para-fechar-as-contas-apesar-de-teto-de-r-81-mil\/#breadcrumb","itemListElement":[{"@type":"ListItem","position":1,"name":"In\u00edcio","item":"https:\/\/tribunademinas.audiencelabs.com.br\/"},{"@type":"ListItem","position":2,"name":"MEI enfrenta dificuldade para fechar as contas apesar de teto de R$ 81 mil"}]},{"@type":"WebSite","@id":"https:\/\/tribunademinas.audiencelabs.com.br\/#website","url":"https:\/\/tribunademinas.audiencelabs.com.br\/","name":"Tribuna de Minas - Dinheiro e Cidadania","description":"","publisher":{"@id":"https:\/\/tribunademinas.audiencelabs.com.br\/#organization"},"potentialAction":[{"@type":"SearchAction","target":{"@type":"EntryPoint","urlTemplate":"https:\/\/tribunademinas.audiencelabs.com.br\/?s={search_term_string}"},"query-input":{"@type":"PropertyValueSpecification","valueRequired":true,"valueName":"search_term_string"}}],"inLanguage":"pt-BR"},{"@type":"Organization","@id":"https:\/\/tribunademinas.audiencelabs.com.br\/#organization","name":"Tribuna de Minas - Dinheiro e Cidadania","url":"https:\/\/tribunademinas.audiencelabs.com.br\/","logo":{"@type":"ImageObject","inLanguage":"pt-BR","@id":"https:\/\/tribunademinas.audiencelabs.com.br\/#\/schema\/logo\/image\/","url":"https:\/\/tribunademinas.audiencelabs.com.br\/wp-content\/uploads\/2025\/08\/cropped-Tribuna_512x512-96x96-1.png","contentUrl":"https:\/\/tribunademinas.audiencelabs.com.br\/wp-content\/uploads\/2025\/08\/cropped-Tribuna_512x512-96x96-1.png","width":96,"height":96,"caption":"Tribuna de Minas - Dinheiro e Cidadania"},"image":{"@id":"https:\/\/tribunademinas.audiencelabs.com.br\/#\/schema\/logo\/image\/"},"sameAs":["https:\/\/www.facebook.com\/tribunademinas\/","https:\/\/x.com\/tribunademinas","https:\/\/www.instagram.com\/tribunademinas\/","https:\/\/www.youtube.com\/user\/TribunadeMinasJF"]},{"@type":"Person","@id":"https:\/\/tribunademinas.audiencelabs.com.br\/#\/schema\/person\/37af466a64a722fadb8ef6841c52114f","name":"Jo\u00e3o Carlos Gomes","image":{"@type":"ImageObject","inLanguage":"pt-BR","@id":"https:\/\/tribunademinas.audiencelabs.com.br\/#\/schema\/person\/image\/","url":"https:\/\/secure.gravatar.com\/avatar\/4ce4672dbdd694b329cd6fdb51bee7d1409be1f0ff76a537e4c4a737b2c7d1a9?s=96&d=mm&r=g","contentUrl":"https:\/\/secure.gravatar.com\/avatar\/4ce4672dbdd694b329cd6fdb51bee7d1409be1f0ff76a537e4c4a737b2c7d1a9?s=96&d=mm&r=g","caption":"Jo\u00e3o Carlos Gomes"},"description":"Jornalista formado pelo Centro Universit\u00e1rio Carioca, apreciador da Bossa Nova ao Metal Extremo, criador de conte\u00fado e m\u00fasico independente nas horas vagas.","url":"https:\/\/tribunademinas.audiencelabs.com.br\/author\/joaoc-junior\/"}]}},"amp_enabled":true,"_links":{"self":[{"href":"https:\/\/tribunademinas.audiencelabs.com.br\/wp-json\/wp\/v2\/posts\/4149","targetHints":{"allow":["GET"]}}],"collection":[{"href":"https:\/\/tribunademinas.audiencelabs.com.br\/wp-json\/wp\/v2\/posts"}],"about":[{"href":"https:\/\/tribunademinas.audiencelabs.com.br\/wp-json\/wp\/v2\/types\/post"}],"author":[{"embeddable":true,"href":"https:\/\/tribunademinas.audiencelabs.com.br\/wp-json\/wp\/v2\/users\/3"}],"replies":[{"embeddable":true,"href":"https:\/\/tribunademinas.audiencelabs.com.br\/wp-json\/wp\/v2\/comments?post=4149"}],"version-history":[{"count":1,"href":"https:\/\/tribunademinas.audiencelabs.com.br\/wp-json\/wp\/v2\/posts\/4149\/revisions"}],"predecessor-version":[{"id":4151,"href":"https:\/\/tribunademinas.audiencelabs.com.br\/wp-json\/wp\/v2\/posts\/4149\/revisions\/4151"}],"wp:featuredmedia":[{"embeddable":true,"href":"https:\/\/tribunademinas.audiencelabs.com.br\/wp-json\/wp\/v2\/media\/4150"}],"wp:attachment":[{"href":"https:\/\/tribunademinas.audiencelabs.com.br\/wp-json\/wp\/v2\/media?parent=4149"}],"wp:term":[{"taxonomy":"category","embeddable":true,"href":"https:\/\/tribunademinas.audiencelabs.com.br\/wp-json\/wp\/v2\/categories?post=4149"},{"taxonomy":"post_tag","embeddable":true,"href":"https:\/\/tribunademinas.audiencelabs.com.br\/wp-json\/wp\/v2\/tags?post=4149"}],"curies":[{"name":"wp","href":"https:\/\/api.w.org\/{rel}","templated":true}]}}