{"id":4114,"date":"2025-11-17T08:45:00","date_gmt":"2025-11-17T11:45:00","guid":{"rendered":"https:\/\/tribunademinas.audiencelabs.com.br\/?p=4114"},"modified":"2025-11-17T12:10:20","modified_gmt":"2025-11-17T15:10:20","slug":"montadora-japonesa-surpreende-e-desiste-de-carros-eletricos","status":"publish","type":"post","link":"https:\/\/tribunademinas.audiencelabs.com.br\/montadora-japonesa-surpreende-e-desiste-de-carros-eletricos\/","title":{"rendered":"Montadora japonesa surpreende e desiste de carros el\u00e9tricos"},"content":{"rendered":"\n<p>O mercado automotivo foi novamente pego de surpresa por uma mudan\u00e7a estrat\u00e9gica de peso. A Subaru, tradicional montadora japonesa, anunciou que vai desacelerar significativamente seus projetos voltados \u00e0 produ\u00e7\u00e3o de carros el\u00e9tricos.<\/p>\n\n\n\n<p>A decis\u00e3o contraria a tend\u00eancia global de eletrifica\u00e7\u00e3o da frota e sinaliza um recuo que j\u00e1 come\u00e7a a se tornar padr\u00e3o entre fabricantes do Jap\u00e3o.<\/p>\n\n\n\n<h2 class=\"wp-block-heading\">Montadora japonesa surpreende e desiste de carros el\u00e9tricos<\/h2>\n\n\n\n<p>A decis\u00e3o veio a p\u00fablico ap\u00f3s a divulga\u00e7\u00e3o dos resultados do segundo trimestre de 2025, quando o presidente da empresa, Atsushi Osaki, confirmou que os investimentos originalmente previstos para acelerar a transi\u00e7\u00e3o da Subaru para os EVs (ve\u00edculos el\u00e9tricos) ser\u00e3o revistos. <\/p>\n\n\n\n<p>Dos 1,5 trilh\u00e3o de ienes reservados inicialmente para essa transforma\u00e7\u00e3o, o equivalente a cerca de R$ 96 bilh\u00f5es, apenas uma fra\u00e7\u00e3o foi efetivamente utilizada at\u00e9 o momento. <\/p>\n\n\n\n<p>A maior parte do capital, agora, ser\u00e1 redirecionada para o desenvolvimento de motores a combust\u00e3o mais eficientes e novas tecnologias h\u00edbridas.<\/p>\n\n\n<style>@media (min-width: 992px) {\n    .recomendadorV2Area1 {\n        width: 280px;\n    }\n    .recomendadorV2Area2 {\n        padding: 0px 20px;\n        width: calc(100% - 280px);\n    }\n}\n\n@media (max-width: 992px) {\n    .recomendadorV2Button {\n        margin: 0 auto;\n    }\n    .recomendadorV2Area {\n        flex-direction: column;\n        text-align: center;\n    }\n    .recomendadorV2Area2 {\n        padding: 0px 20px;\n    }\n}\n\n.recomendadorV2Area {\n    background: #eeeeee3d;\n    border-radius: 10px;\n    padding: 15px;\n    display: flex;\n    margin: 15px auto;\n    border: 1px solid #00000014;\n    max-width: 800px;\n}\n\n.recomendadorV2Area1 img {\n    width: 280px;\n    height: auto;\n    border-radius: 8px;\n}\n\n.linkrecomendadorv2 {\n    text-decoration: none !important;\n}\n\n.recomendadorV2Area2 .recomendadorV2Type {\n    text-transform: uppercase;\n    font-weight: 500;\n    font-size: 11px;\n    letter-spacing: 2px;\n    color: #666;\n    margin: 12px 0;\n    display: block;\n}\n\n.recomendadorV2Title h2 {\n    padding-top: 0px !important;\n    margin: 0px !important;\n    border-left: none !important;\n    padding-left: 0px !important;\n    line-height: 1.3;\n    color: #000 !important;\n    font-size: 24px;\n    margin-bottom: 12px !important;\n}\n\n.recomendadorV2Desc {\n    color: #333;\n    margin: 12px 0px !important;\n    font-size: 15px;\n    line-height: 1.5;\n}\n\n.recomendadorV2Button {\n    width: auto;\n    max-width: 200px;\n    margin: 0;\n    display: inline-flex;\n    align-items: center;\n    background: #1D3557;\n    border-radius: 8px;\n    color: #fff;\n    height: 36px;\n    justify-content: center;\n    text-align: center;\n    font-size: 14px;\n    padding: 0 20px;\n    transition: background-color 0.2s ease;\n}\n\n.recomendadorV2Button:hover {\n    background: #2a4d7a;\n}\n\n.recomendadorV2Button:after {\n    margin-top: -2px;\n    content: \"\u2192\";\n    padding: 0px 0px 0px 8px;\n}\n\n.recomendadorV2Alert {\n    text-align: left;\n    font-size: 11px;\n    margin-top: 8px;\n    color: #666;\n}\n\n.recomendadorFixedArea {\n    width: 100%;\n    display: flex;\n    justify-content: center;\n    align-items: center;\n}\n\n@media (min-width: 992px) {\n    #recomendadorFixed {\n        width: 32% !important;\n        left: 5%;\n    }\n    .recomendadorCloseFixed{\n        right: inherit !important;\n        left: 378px !important;\n    }\n}\n\n#recomendadorFixed {\n    width: 90%;\n    box-shadow: 0 10px 20px 0px #00000057;\n    display: none;\n    height: 90px;\n    background: #F6F6F6;\n    position: fixed;\n    flex-direction: row;\n    bottom: 10px;\n    z-index: 9999;\n    border-radius: 16px;\n    padding: 7px 10px;\n}\n\n.recomendadorLeftArea {\n    width: 160px;\n}\n\n.recomendadorRightArea h2 {\n    padding-top: 0px;\n    margin: 2px 0px 4px 0px !important;\n    font-weight: 400;\n    text-align: center;\n    padding-left: 0px !important;\n    color: #000 !important;\n    border-left: none !important;\n    line-height: 20px;\n    font-size: 12px !important;\n}\n\n.recomendadorImgFixed {\n    overflow: hidden;\n    padding: 8px 6px;\n    height: 100%;\n}\n\n.recomendadorImgFixed img {\n    height: 100% !important;\n    border-radius: 16px;\n}\n\n.recomendadorRightArea {\n    padding-top: 6px;\n    display: flex;\n    width: calc(100% - 130px);\n    justify-content: space-between;\n    align-items: center;\n    flex-direction: column;\n}\n\n.recomendadorButtonFixed {\n    margin: 0 auto;\n    background: #1D3557;\n    width: 80%;\n    text-align: center;\n    font-size: 10px;\n    color: #FFF;\n    padding: 2px 10px;\n    border-radius: 3px;\n}\n\n.recomendadorButtonFixed:after {\n    margin-top: -3px;\n    content: \"\u2192\";\n    padding: 0px 0px 0px 10px;\n}\n\n.recomendadorAlertFixed {\n    font-weight: 400;\n    text-align: center;\n    color: #484848;\n    font-size: 8px;\n}\n\n.recomendadorCloseFixed {\n    z-index: 99999;\n    display: none;\n    right: 0px;\n    left: inherit;\n    bottom: 99px;\n    position: fixed;\n    justify-content: center;\n    background: #F6F6F6;\n    width: 25px;\n    align-items: center;\n    height: 25px;\n    font-weight: 800;\n    border-radius: 50%;\n    border: 1px solid #EBEBEB;\n}\n\n.recomendadorV2Desc{\n    color: #000000;\n    margin: 20px 0px;\n}\n\n@media (max-width: 576px) {\n    .recomendadorV2Area {\n      padding: 10px;\n      max-width: 100%;\n    }\n  \n    .recomendadorV2Area1 img {\n      width: 100%;\n      border-radius: 6px;\n    }\n  \n    .recomendadorV2Area2 .recomendadorV2Type {\n      font-size: 9px;\n      letter-spacing: 1px;\n      margin: 8px 0;\n    }\n  \n    .recomendadorV2Title h2 {\n      font-size: 18px !important;\n      margin-bottom: 8px !important;\n      line-height: 1.2;\n    }\n  \n    .recomendadorV2Desc {\n      font-size: 14px;\n      margin: 8px 0 !important;\n      line-height: 1.4;\n    }\n  \n    .recomendadorV2Button {\n      font-size: 12px;\n      height: 30px;\n      padding: 0 12px;\n      max-width: 160px;\n    }\n  \n    .recomendadorV2Button:after {\n      padding-left: 6px;\n    }\n  }\n  <\/style>\n        <div class=\"lazyblock-recomendador-v2-2jDGz wp-block-lazyblock-recomendador-v2\">\n        <a class=\"linkrecomendadorv2\" href=\"https:\/\/tribunademinas.com.br\/colunas\/dinheiroecidadania\/cachorro-do-veio-da-havan-mora-em-mansao-de-r-140-milhoes\/?utm_source=lazy\">\n            <div class=\"recomendadorV2Area\">\n            <div class=\"recomendadorV2Area1\">\n                <div class=\"recomendadorV2Img\">\n                <img class=\"lazyloaded\" decoding=\"async\" src=\"https:\/\/tribunademinas.com.br\/colunas\/dinheiroecidadania\/wp-content\/uploads\/2025\/11\/Havan-750x375.jpg\" data-src=\"https:\/\/tribunademinas.com.br\/colunas\/dinheiroecidadania\/wp-content\/uploads\/2025\/11\/Havan-750x375.jpg\" alt=\"\">\n                <\/div>\n            <\/div>\n            <div class=\"recomendadorV2Area2\">\n                <div class=\"recomendadorV2Type\">\n                    <span>Curiosidade Pop<\/span>\n                <\/div>\n                <div class=\"recomendadorV2Title\">\n                <h2><span>Cachorro milion\u00e1rio \ud83d\udc36<\/span><\/h2>\n                <\/div>\n                <div class=\"recomendadorV2Desc\">\n                <span>Veja como vive o pet do V\u00e9io da Havan em mans\u00e3o de R$140 mi<\/span>\n                <\/div>\n                <div class=\"recomendadorV2Button\">Ler agora<\/div>\n                <div class=\"recomendadorV2Alert\"><\/div>\n            <\/div>\n            <\/div>\n        <\/a>\n        <div>\n            <div style=\"z-index:99999;\" id=\"buttonClose\" onclick=\"closeRecomendadorFixed()\">\n            <div class=\"recomendadorCloseFixed\">X<\/div>\n            <\/div>\n            <a href=\"https:\/\/tribunademinas.com.br\/colunas\/dinheiroecidadania\/cachorro-do-veio-da-havan-mora-em-mansao-de-r-140-milhoes\/?utm_source=lazy\">\n            <div class=\"recomendadorFixedArea\">\n                <div id=\"recomendadorFixed\">\n                <div class=\"recomendadorLeftArea\">\n                    <div class=\"recomendadorImgFixed\">\n                    <img class=\"lazyload\" decoding=\"async\" src=\"https:\/\/tribunademinas.com.br\/colunas\/dinheiroecidadania\/wp-content\/uploads\/2025\/11\/Havan-750x375.jpg\" alt=\"\">\n                    <\/div>\n                <\/div>\n                <div class=\"recomendadorRightArea\">\n                    <div class=\"recomendadorTitleFixed\">\n                    <h2><span>Cachorro milion\u00e1rio \ud83d\udc36<\/span><\/h2>\n                    <\/div>\n                    <div class=\"recomendadorButtonFixed\">Ler agora<\/div>\n                    <div class=\"recomendadorAlertFixed\"><\/div>\n                <\/div>\n                <\/div>\n            <\/div>\n            <\/a>\n        <\/div>\n        <\/div>\n\n\n\n<p>Entre os principais fatores que levaram \u00e0 mudan\u00e7a de rumo est\u00e3o a instabilidade no com\u00e9rcio internacional, especialmente com os Estados Unidos, onde a montadora concentra cerca de metade de suas vendas. <\/p>\n\n\n\n<p>A expectativa de tarifas mais altas sobre carros importados, resultado de pol\u00edticas comerciais da administra\u00e7\u00e3o Trump, pode impor um custo adicional de at\u00e9 2,5 bilh\u00f5es de d\u00f3lares \u00e0 empresa s\u00f3 em 2025. <\/p>\n\n\n\n<p>Para conter danos, a Subaru cogita expandir sua produ\u00e7\u00e3o local em solo americano.<\/p>\n\n\n\n<p>A retra\u00e7\u00e3o tamb\u00e9m est\u00e1 ligada ao desempenho recente da montadora. No \u00faltimo ano, a empresa viu suas vendas globais encolherem 4,1% e anunciou a paralisa\u00e7\u00e3o tempor\u00e1ria de sua f\u00e1brica de Yajima, no Jap\u00e3o, para readequa\u00e7\u00e3o. <\/p>\n\n\n\n<p>Tudo isso em um cen\u00e1rio em que concorrentes chineses como a <a href=\"https:\/\/tribunademinas.com.br\/colunas\/dinheiroecidadania\/afinal-o-byd-dolphin-mini-pode-sair-por-menos-de-r-100-mil-no-brasil\/\"><strong>BYD<\/strong><\/a> ganham espa\u00e7o rapidamente em mercados estrat\u00e9gicos, ampliando a press\u00e3o sobre marcas japonesas que ainda hesitam em abra\u00e7ar os el\u00e9tricos com for\u00e7a total.<\/p>\n\n\n\n<h3 class=\"wp-block-heading\">Outras montadoras japonesas tamb\u00e9m recuaram nos planos para el\u00e9tricos<\/h3>\n\n\n\n<p>A Subaru, no entanto, n\u00e3o est\u00e1 sozinha nessa reavalia\u00e7\u00e3o. <\/p>\n\n\n\n<p>Outras gigantes japonesas como Toyota, Honda e Nissan tamb\u00e9m v\u00eam adotando uma postura mais cautelosa diante da eletrifica\u00e7\u00e3o, priorizando solu\u00e7\u00f5es h\u00edbridas ou postergando lan\u00e7amentos de EVs. <\/p>\n\n\n\n<p>Apesar disso, a montadora ainda promete novos modelos el\u00e9tricos nos pr\u00f3ximos anos, como o SUV Trailseeker 2026, mantendo o discurso de que est\u00e1 apenas ajustando o ritmo, e n\u00e3o abandonando a corrida.<\/p>\n\n\n\n<p>Mas o sinal \u00e9 claro: o Jap\u00e3o, pioneiro em tecnologias limpas no passado, parece agora estar recuando no momento em que o mundo acelera.<\/p>\n\n\n\n<p><\/p>\n","protected":false},"excerpt":{"rendered":"<p>O mercado automotivo foi novamente pego de surpresa por uma mudan\u00e7a estrat\u00e9gica de peso. A Subaru, tradicional montadora japonesa, anunciou que vai desacelerar significativamente seus projetos voltados \u00e0 produ\u00e7\u00e3o de carros el\u00e9tricos. A decis\u00e3o contraria a tend\u00eancia global de eletrifica\u00e7\u00e3o da frota e sinaliza um recuo que j\u00e1 come\u00e7a a se tornar padr\u00e3o entre fabricantes [&hellip;]<\/p>\n","protected":false},"author":5,"featured_media":4115,"comment_status":"open","ping_status":"open","sticky":false,"template":"","format":"standard","meta":{"jnews-multi-image_gallery":[],"jnews_single_post":{"format":"standard"},"jnews_primary_category":[],"jnews_social_meta":[],"jnews_post_split":[],"footnotes":""},"categories":[159],"tags":[],"class_list":["post-4114","post","type-post","status-publish","format-standard","has-post-thumbnail","hentry","category-cidadania"],"yoast_head":"<!-- This site is optimized with the Yoast SEO plugin v25.6 - https:\/\/yoast.com\/wordpress\/plugins\/seo\/ -->\n<title>Montadora japonesa surpreende e desiste de carros el\u00e9tricos<\/title>\n<meta name=\"description\" content=\"Tradicional montadora japonesa anunciou que vai desacelerar significativamente seus projetos voltados \u00e0 produ\u00e7\u00e3o de carros el\u00e9tricos.\" \/>\n<meta name=\"robots\" content=\"index, follow, max-snippet:-1, max-image-preview:large, max-video-preview:-1\" \/>\n<link rel=\"canonical\" href=\"https:\/\/tribunademinas.audiencelabs.com.br\/montadora-japonesa-surpreende-e-desiste-de-carros-eletricos\/\" \/>\n<meta property=\"og:locale\" content=\"pt_BR\" \/>\n<meta property=\"og:type\" content=\"article\" \/>\n<meta property=\"og:title\" content=\"Montadora japonesa surpreende e desiste de carros el\u00e9tricos\" \/>\n<meta property=\"og:description\" content=\"Tradicional montadora japonesa anunciou que vai desacelerar significativamente seus projetos voltados \u00e0 produ\u00e7\u00e3o de carros el\u00e9tricos.\" \/>\n<meta property=\"og:url\" content=\"https:\/\/tribunademinas.audiencelabs.com.br\/montadora-japonesa-surpreende-e-desiste-de-carros-eletricos\/\" \/>\n<meta property=\"og:site_name\" content=\"Tribuna de Minas - Dinheiro e Cidadania\" \/>\n<meta property=\"article:publisher\" content=\"https:\/\/www.facebook.com\/tribunademinas\/\" \/>\n<meta property=\"article:published_time\" content=\"2025-11-17T11:45:00+00:00\" \/>\n<meta property=\"article:modified_time\" content=\"2025-11-17T15:10:20+00:00\" \/>\n<meta property=\"og:image\" content=\"https:\/\/tribunademinas.audiencelabs.com.br\/wp-content\/uploads\/2025\/11\/veiculos-eletricos.webp\" \/>\n\t<meta property=\"og:image:width\" content=\"1170\" \/>\n\t<meta property=\"og:image:height\" content=\"700\" \/>\n\t<meta property=\"og:image:type\" content=\"image\/webp\" \/>\n<meta name=\"author\" content=\"Jeferson Carvalho\" \/>\n<meta name=\"twitter:card\" content=\"summary_large_image\" \/>\n<meta name=\"twitter:creator\" content=\"@tribunademinas\" \/>\n<meta name=\"twitter:site\" content=\"@tribunademinas\" \/>\n<meta name=\"twitter:label1\" content=\"Escrito por\" \/>\n\t<meta name=\"twitter:data1\" content=\"Jeferson Carvalho\" \/>\n\t<meta name=\"twitter:label2\" content=\"Est. tempo de leitura\" \/>\n\t<meta name=\"twitter:data2\" content=\"3 minutos\" \/>\n<!-- \/ Yoast SEO plugin. -->","yoast_head_json":{"title":"Montadora japonesa surpreende e desiste de carros el\u00e9tricos","description":"Tradicional montadora japonesa anunciou que vai desacelerar significativamente seus projetos voltados \u00e0 produ\u00e7\u00e3o de carros el\u00e9tricos.","robots":{"index":"index","follow":"follow","max-snippet":"max-snippet:-1","max-image-preview":"max-image-preview:large","max-video-preview":"max-video-preview:-1"},"canonical":"https:\/\/tribunademinas.audiencelabs.com.br\/montadora-japonesa-surpreende-e-desiste-de-carros-eletricos\/","og_locale":"pt_BR","og_type":"article","og_title":"Montadora japonesa surpreende e desiste de carros el\u00e9tricos","og_description":"Tradicional montadora japonesa anunciou que vai desacelerar significativamente seus projetos voltados \u00e0 produ\u00e7\u00e3o de carros el\u00e9tricos.","og_url":"https:\/\/tribunademinas.audiencelabs.com.br\/montadora-japonesa-surpreende-e-desiste-de-carros-eletricos\/","og_site_name":"Tribuna de Minas - Dinheiro e Cidadania","article_publisher":"https:\/\/www.facebook.com\/tribunademinas\/","article_published_time":"2025-11-17T11:45:00+00:00","article_modified_time":"2025-11-17T15:10:20+00:00","og_image":[{"width":1170,"height":700,"url":"https:\/\/tribunademinas.audiencelabs.com.br\/wp-content\/uploads\/2025\/11\/veiculos-eletricos.webp","type":"image\/webp"}],"author":"Jeferson Carvalho","twitter_card":"summary_large_image","twitter_creator":"@tribunademinas","twitter_site":"@tribunademinas","twitter_misc":{"Escrito por":"Jeferson Carvalho","Est. tempo de leitura":"3 minutos"},"schema":{"@context":"https:\/\/schema.org","@graph":[{"@type":"Article","@id":"https:\/\/tribunademinas.audiencelabs.com.br\/montadora-japonesa-surpreende-e-desiste-de-carros-eletricos\/#article","isPartOf":{"@id":"https:\/\/tribunademinas.audiencelabs.com.br\/montadora-japonesa-surpreende-e-desiste-de-carros-eletricos\/"},"author":{"name":"Jeferson Carvalho","@id":"https:\/\/tribunademinas.audiencelabs.com.br\/#\/schema\/person\/db18fc40307804bacef94213aa68fd9d"},"headline":"Montadora japonesa surpreende e desiste de carros el\u00e9tricos","datePublished":"2025-11-17T11:45:00+00:00","dateModified":"2025-11-17T15:10:20+00:00","mainEntityOfPage":{"@id":"https:\/\/tribunademinas.audiencelabs.com.br\/montadora-japonesa-surpreende-e-desiste-de-carros-eletricos\/"},"wordCount":521,"commentCount":0,"publisher":{"@id":"https:\/\/tribunademinas.audiencelabs.com.br\/#organization"},"image":{"@id":"https:\/\/tribunademinas.audiencelabs.com.br\/montadora-japonesa-surpreende-e-desiste-de-carros-eletricos\/#primaryimage"},"thumbnailUrl":"https:\/\/tribunademinas.audiencelabs.com.br\/wp-content\/uploads\/2025\/11\/veiculos-eletricos.webp","articleSection":["Cidadania"],"inLanguage":"pt-BR","potentialAction":[{"@type":"CommentAction","name":"Comment","target":["https:\/\/tribunademinas.audiencelabs.com.br\/montadora-japonesa-surpreende-e-desiste-de-carros-eletricos\/#respond"]}]},{"@type":"WebPage","@id":"https:\/\/tribunademinas.audiencelabs.com.br\/montadora-japonesa-surpreende-e-desiste-de-carros-eletricos\/","url":"https:\/\/tribunademinas.audiencelabs.com.br\/montadora-japonesa-surpreende-e-desiste-de-carros-eletricos\/","name":"Montadora japonesa surpreende e desiste de carros el\u00e9tricos","isPartOf":{"@id":"https:\/\/tribunademinas.audiencelabs.com.br\/#website"},"primaryImageOfPage":{"@id":"https:\/\/tribunademinas.audiencelabs.com.br\/montadora-japonesa-surpreende-e-desiste-de-carros-eletricos\/#primaryimage"},"image":{"@id":"https:\/\/tribunademinas.audiencelabs.com.br\/montadora-japonesa-surpreende-e-desiste-de-carros-eletricos\/#primaryimage"},"thumbnailUrl":"https:\/\/tribunademinas.audiencelabs.com.br\/wp-content\/uploads\/2025\/11\/veiculos-eletricos.webp","datePublished":"2025-11-17T11:45:00+00:00","dateModified":"2025-11-17T15:10:20+00:00","description":"Tradicional montadora japonesa anunciou que vai desacelerar significativamente seus projetos voltados \u00e0 produ\u00e7\u00e3o de carros el\u00e9tricos.","breadcrumb":{"@id":"https:\/\/tribunademinas.audiencelabs.com.br\/montadora-japonesa-surpreende-e-desiste-de-carros-eletricos\/#breadcrumb"},"inLanguage":"pt-BR","potentialAction":[{"@type":"ReadAction","target":["https:\/\/tribunademinas.audiencelabs.com.br\/montadora-japonesa-surpreende-e-desiste-de-carros-eletricos\/"]}]},{"@type":"ImageObject","inLanguage":"pt-BR","@id":"https:\/\/tribunademinas.audiencelabs.com.br\/montadora-japonesa-surpreende-e-desiste-de-carros-eletricos\/#primaryimage","url":"https:\/\/tribunademinas.audiencelabs.com.br\/wp-content\/uploads\/2025\/11\/veiculos-eletricos.webp","contentUrl":"https:\/\/tribunademinas.audiencelabs.com.br\/wp-content\/uploads\/2025\/11\/veiculos-eletricos.webp","width":1170,"height":700,"caption":"Montadora japonesa surpreende e desiste de carros el\u00e9tricos - Imagem: Marcelo Camargo\/Ag\u00eancia Brasil"},{"@type":"BreadcrumbList","@id":"https:\/\/tribunademinas.audiencelabs.com.br\/montadora-japonesa-surpreende-e-desiste-de-carros-eletricos\/#breadcrumb","itemListElement":[{"@type":"ListItem","position":1,"name":"In\u00edcio","item":"https:\/\/tribunademinas.audiencelabs.com.br\/"},{"@type":"ListItem","position":2,"name":"Montadora japonesa surpreende e desiste de carros el\u00e9tricos"}]},{"@type":"WebSite","@id":"https:\/\/tribunademinas.audiencelabs.com.br\/#website","url":"https:\/\/tribunademinas.audiencelabs.com.br\/","name":"Tribuna de Minas - Dinheiro e Cidadania","description":"","publisher":{"@id":"https:\/\/tribunademinas.audiencelabs.com.br\/#organization"},"potentialAction":[{"@type":"SearchAction","target":{"@type":"EntryPoint","urlTemplate":"https:\/\/tribunademinas.audiencelabs.com.br\/?s={search_term_string}"},"query-input":{"@type":"PropertyValueSpecification","valueRequired":true,"valueName":"search_term_string"}}],"inLanguage":"pt-BR"},{"@type":"Organization","@id":"https:\/\/tribunademinas.audiencelabs.com.br\/#organization","name":"Tribuna de Minas - Dinheiro e Cidadania","url":"https:\/\/tribunademinas.audiencelabs.com.br\/","logo":{"@type":"ImageObject","inLanguage":"pt-BR","@id":"https:\/\/tribunademinas.audiencelabs.com.br\/#\/schema\/logo\/image\/","url":"https:\/\/tribunademinas.audiencelabs.com.br\/wp-content\/uploads\/2025\/08\/cropped-Tribuna_512x512-96x96-1.png","contentUrl":"https:\/\/tribunademinas.audiencelabs.com.br\/wp-content\/uploads\/2025\/08\/cropped-Tribuna_512x512-96x96-1.png","width":96,"height":96,"caption":"Tribuna de Minas - Dinheiro e Cidadania"},"image":{"@id":"https:\/\/tribunademinas.audiencelabs.com.br\/#\/schema\/logo\/image\/"},"sameAs":["https:\/\/www.facebook.com\/tribunademinas\/","https:\/\/x.com\/tribunademinas","https:\/\/www.instagram.com\/tribunademinas\/","https:\/\/www.youtube.com\/user\/TribunadeMinasJF"]},{"@type":"Person","@id":"https:\/\/tribunademinas.audiencelabs.com.br\/#\/schema\/person\/db18fc40307804bacef94213aa68fd9d","name":"Jeferson Carvalho","image":{"@type":"ImageObject","inLanguage":"pt-BR","@id":"https:\/\/tribunademinas.audiencelabs.com.br\/#\/schema\/person\/image\/","url":"https:\/\/secure.gravatar.com\/avatar\/cd7646e328d9670dad7dea8698522e522745eeffcff5b9d08be858e377ce326b?s=96&d=mm&r=g","contentUrl":"https:\/\/secure.gravatar.com\/avatar\/cd7646e328d9670dad7dea8698522e522745eeffcff5b9d08be858e377ce326b?s=96&d=mm&r=g","caption":"Jeferson Carvalho"},"description":"Jornalista apaixonado pela profiss\u00e3o!","url":"https:\/\/tribunademinas.audiencelabs.com.br\/author\/jeferson\/"}]}},"amp_enabled":true,"_links":{"self":[{"href":"https:\/\/tribunademinas.audiencelabs.com.br\/wp-json\/wp\/v2\/posts\/4114","targetHints":{"allow":["GET"]}}],"collection":[{"href":"https:\/\/tribunademinas.audiencelabs.com.br\/wp-json\/wp\/v2\/posts"}],"about":[{"href":"https:\/\/tribunademinas.audiencelabs.com.br\/wp-json\/wp\/v2\/types\/post"}],"author":[{"embeddable":true,"href":"https:\/\/tribunademinas.audiencelabs.com.br\/wp-json\/wp\/v2\/users\/5"}],"replies":[{"embeddable":true,"href":"https:\/\/tribunademinas.audiencelabs.com.br\/wp-json\/wp\/v2\/comments?post=4114"}],"version-history":[{"count":3,"href":"https:\/\/tribunademinas.audiencelabs.com.br\/wp-json\/wp\/v2\/posts\/4114\/revisions"}],"predecessor-version":[{"id":4137,"href":"https:\/\/tribunademinas.audiencelabs.com.br\/wp-json\/wp\/v2\/posts\/4114\/revisions\/4137"}],"wp:featuredmedia":[{"embeddable":true,"href":"https:\/\/tribunademinas.audiencelabs.com.br\/wp-json\/wp\/v2\/media\/4115"}],"wp:attachment":[{"href":"https:\/\/tribunademinas.audiencelabs.com.br\/wp-json\/wp\/v2\/media?parent=4114"}],"wp:term":[{"taxonomy":"category","embeddable":true,"href":"https:\/\/tribunademinas.audiencelabs.com.br\/wp-json\/wp\/v2\/categories?post=4114"},{"taxonomy":"post_tag","embeddable":true,"href":"https:\/\/tribunademinas.audiencelabs.com.br\/wp-json\/wp\/v2\/tags?post=4114"}],"curies":[{"name":"wp","href":"https:\/\/api.w.org\/{rel}","templated":true}]}}