{"id":411,"date":"2025-08-12T18:00:00","date_gmt":"2025-08-12T21:00:00","guid":{"rendered":"https:\/\/tribunademinas.audiencelabs.com.br\/?p=411"},"modified":"2025-08-11T16:36:16","modified_gmt":"2025-08-11T19:36:16","slug":"aumento-de-75-no-salario-minimo-para-todos-os-brasileiros","status":"publish","type":"post","link":"https:\/\/tribunademinas.audiencelabs.com.br\/aumento-de-75-no-salario-minimo-para-todos-os-brasileiros\/","title":{"rendered":"Aumento de 7,5% no sal\u00e1rio m\u00ednimo para todos os brasileiros"},"content":{"rendered":"\n<p>Para muitos especialistas, o valor atual do <strong>sal\u00e1rio m\u00ednimo nacional<\/strong> ainda est\u00e1 longe do ideal. No entanto, o montante de R$ 1.518 continua sendo bastante expressivo, levando em conta sua evolu\u00e7\u00e3o hist\u00f3rica.<\/p>\n\n\n\n<p>E vale destacar que, apesar de corresponder \u00e0 menor remunera\u00e7\u00e3o mensal permitida por lei para um trabalhador formal, o sal\u00e1rio m\u00ednimo recebeu um acr\u00e9scimo de R$ 106 em rela\u00e7\u00e3o ao valor anterior, que por sua vez corresponde a um aumento de 7,5% acima da infla\u00e7\u00e3o acumulada no per\u00edodo.<\/p>\n\n\n\n<p>O aumento entrou em vigor em janeiro, mas s\u00f3 passou a ser percebido em fevereiro, uma vez que os sal\u00e1rios s\u00e3o pagos no m\u00eas seguinte ao da presta\u00e7\u00e3o do servi\u00e7o. Contudo, atualmente, todos os trabalhadores que recebem o sal\u00e1rio m\u00ednimo j\u00e1 recebem o valor atualizado.<\/p>\n\n\n\n<p>Al\u00e9m disso, benefici\u00e1rios de programas de natureza previdenci\u00e1ria, assistencial e trabalhista do governo federal tamb\u00e9m sentiram a diferen\u00e7a, uma vez que o mesmo montante tamb\u00e9m \u00e9 direcionado a estas pessoas.<\/p>\n\n\n\n<p>Justamente por isso, o governo busca evitar reajustes elevados que comprometam as contas p\u00fablicas durante o ajuste fiscal, enquanto tenta preservar o poder de compra dos trabalhadores mantendo os valores pr\u00f3ximos da infla\u00e7\u00e3o.<\/p>\n\n\n\n<h2 class=\"wp-block-heading\">Reajuste do sal\u00e1rio m\u00ednimo de 2025 poderia ter sido maior?<\/h2>\n\n\n\n<p>Embora o reajuste de 7,5% seja consider\u00e1vel, ele poderia ter sido mais elevado. Por\u00e9m, a aprova\u00e7\u00e3o de um plano de conten\u00e7\u00e3o de gastos no final de 2024 acabou restringindo este aumento.<\/p>\n\n\n\n<p>Isso porque a f\u00f3rmula original para definir o valor do pagamento considerava a corre\u00e7\u00e3o pela infla\u00e7\u00e3o, medida pelo \u00cdndice Nacional de Pre\u00e7os ao Consumidor (INPC), e tamb\u00e9m a varia\u00e7\u00e3o do Produto Interno Bruto (PIB).<\/p>\n\n\n\n<p>J\u00e1 a nova regra adicionou um terceiro crit\u00e9rio ao c\u00e1lculo, estabelecendo um teto de 2,5% para o aumento das despesas. Assim, mesmo com um crescimento significativo do PIB, o reajuste n\u00e3o poder\u00e1 ultrapassar 2,5%.<\/p>\n\n\n\n<h2 class=\"wp-block-heading\">Novo sal\u00e1rio m\u00ednimo garantir\u00e1 aumento real do poder de compra<\/h2>\n\n\n\n<p>Mesmo com as restri\u00e7\u00f5es, o sal\u00e1rio m\u00ednimo anunciado para 2026 pode se consolidar como o maior ganho real registrado em meio s\u00e9culo para o piso nacional. Afinal, conforme divulgado pela ministra do Planejamento, Simone Tebet, o valor pode chegar a <strong>R$ 1.630<\/strong>.<\/p>\n\n\n\n<p>No momento, o PL que define o novo montante est\u00e1 passando por an\u00e1lises da Comiss\u00e3o Mista de Or\u00e7amento CMO e, em seguida, ser\u00e1 direcionada ao Congresso Nacional. E caso aprovado, o sal\u00e1rio representa um reajuste de 7,3% comparado ao valor atual.<\/p>\n","protected":false},"excerpt":{"rendered":"<p>Para muitos especialistas, o valor atual do sal\u00e1rio m\u00ednimo nacional ainda est\u00e1 longe do ideal. No entanto, o montante de R$ 1.518 continua sendo bastante expressivo, levando em conta sua evolu\u00e7\u00e3o hist\u00f3rica. E vale destacar que, apesar de corresponder \u00e0 menor remunera\u00e7\u00e3o mensal permitida por lei para um trabalhador formal, o sal\u00e1rio m\u00ednimo recebeu um [&hellip;]<\/p>\n","protected":false},"author":3,"featured_media":412,"comment_status":"open","ping_status":"open","sticky":false,"template":"","format":"standard","meta":{"jnews-multi-image_gallery":[],"jnews_single_post":{"format":"standard"},"jnews_primary_category":[],"jnews_social_meta":[],"jnews_post_split":[],"footnotes":""},"categories":[1],"tags":[],"class_list":["post-411","post","type-post","status-publish","format-standard","has-post-thumbnail","hentry","category-dinheiro"],"yoast_head":"<!-- This site is optimized with the Yoast SEO plugin v25.6 - https:\/\/yoast.com\/wordpress\/plugins\/seo\/ -->\n<title>Aumento de 7,5% no sal\u00e1rio m\u00ednimo para todos os brasileiros<\/title>\n<meta name=\"robots\" content=\"index, follow, max-snippet:-1, max-image-preview:large, max-video-preview:-1\" \/>\n<link rel=\"canonical\" href=\"https:\/\/tribunademinas.audiencelabs.com.br\/aumento-de-75-no-salario-minimo-para-todos-os-brasileiros\/\" \/>\n<meta property=\"og:locale\" content=\"pt_BR\" \/>\n<meta property=\"og:type\" content=\"article\" \/>\n<meta property=\"og:title\" content=\"Aumento de 7,5% no sal\u00e1rio m\u00ednimo para todos os brasileiros\" \/>\n<meta property=\"og:description\" content=\"Para muitos especialistas, o valor atual do sal\u00e1rio m\u00ednimo nacional ainda est\u00e1 longe do ideal. No entanto, o montante de R$ 1.518 continua sendo bastante expressivo, levando em conta sua evolu\u00e7\u00e3o hist\u00f3rica. E vale destacar que, apesar de corresponder \u00e0 menor remunera\u00e7\u00e3o mensal permitida por lei para um trabalhador formal, o sal\u00e1rio m\u00ednimo recebeu um [&hellip;]\" \/>\n<meta property=\"og:url\" content=\"https:\/\/tribunademinas.audiencelabs.com.br\/aumento-de-75-no-salario-minimo-para-todos-os-brasileiros\/\" \/>\n<meta property=\"og:site_name\" content=\"Tribuna de Minas - Dinheiro e Cidadania\" \/>\n<meta property=\"article:publisher\" content=\"https:\/\/www.facebook.com\/tribunademinas\/\" \/>\n<meta property=\"article:published_time\" content=\"2025-08-12T21:00:00+00:00\" \/>\n<meta property=\"og:image\" content=\"https:\/\/tribunademinas.audiencelabs.com.br\/wp-content\/uploads\/2025\/08\/aumento-salario-minimo-brasileiros.jpg\" \/>\n\t<meta property=\"og:image:width\" content=\"1423\" \/>\n\t<meta property=\"og:image:height\" content=\"800\" \/>\n\t<meta property=\"og:image:type\" content=\"image\/jpeg\" \/>\n<meta name=\"author\" content=\"Jo\u00e3o Carlos Gomes\" \/>\n<meta name=\"twitter:card\" content=\"summary_large_image\" \/>\n<meta name=\"twitter:creator\" content=\"@tribunademinas\" \/>\n<meta name=\"twitter:site\" content=\"@tribunademinas\" \/>\n<meta name=\"twitter:label1\" content=\"Escrito por\" \/>\n\t<meta name=\"twitter:data1\" content=\"Jo\u00e3o Carlos Gomes\" \/>\n\t<meta name=\"twitter:label2\" content=\"Est. tempo de leitura\" \/>\n\t<meta name=\"twitter:data2\" content=\"3 minutos\" \/>\n<!-- \/ Yoast SEO plugin. -->","yoast_head_json":{"title":"Aumento de 7,5% no sal\u00e1rio m\u00ednimo para todos os brasileiros","robots":{"index":"index","follow":"follow","max-snippet":"max-snippet:-1","max-image-preview":"max-image-preview:large","max-video-preview":"max-video-preview:-1"},"canonical":"https:\/\/tribunademinas.audiencelabs.com.br\/aumento-de-75-no-salario-minimo-para-todos-os-brasileiros\/","og_locale":"pt_BR","og_type":"article","og_title":"Aumento de 7,5% no sal\u00e1rio m\u00ednimo para todos os brasileiros","og_description":"Para muitos especialistas, o valor atual do sal\u00e1rio m\u00ednimo nacional ainda est\u00e1 longe do ideal. No entanto, o montante de R$ 1.518 continua sendo bastante expressivo, levando em conta sua evolu\u00e7\u00e3o hist\u00f3rica. E vale destacar que, apesar de corresponder \u00e0 menor remunera\u00e7\u00e3o mensal permitida por lei para um trabalhador formal, o sal\u00e1rio m\u00ednimo recebeu um [&hellip;]","og_url":"https:\/\/tribunademinas.audiencelabs.com.br\/aumento-de-75-no-salario-minimo-para-todos-os-brasileiros\/","og_site_name":"Tribuna de Minas - Dinheiro e Cidadania","article_publisher":"https:\/\/www.facebook.com\/tribunademinas\/","article_published_time":"2025-08-12T21:00:00+00:00","og_image":[{"width":1423,"height":800,"url":"https:\/\/tribunademinas.audiencelabs.com.br\/wp-content\/uploads\/2025\/08\/aumento-salario-minimo-brasileiros.jpg","type":"image\/jpeg"}],"author":"Jo\u00e3o Carlos Gomes","twitter_card":"summary_large_image","twitter_creator":"@tribunademinas","twitter_site":"@tribunademinas","twitter_misc":{"Escrito por":"Jo\u00e3o Carlos Gomes","Est. tempo de leitura":"3 minutos"},"schema":{"@context":"https:\/\/schema.org","@graph":[{"@type":"Article","@id":"https:\/\/tribunademinas.audiencelabs.com.br\/aumento-de-75-no-salario-minimo-para-todos-os-brasileiros\/#article","isPartOf":{"@id":"https:\/\/tribunademinas.audiencelabs.com.br\/aumento-de-75-no-salario-minimo-para-todos-os-brasileiros\/"},"author":{"name":"Jo\u00e3o Carlos Gomes","@id":"https:\/\/tribunademinas.audiencelabs.com.br\/#\/schema\/person\/37af466a64a722fadb8ef6841c52114f"},"headline":"Aumento de 7,5% no sal\u00e1rio m\u00ednimo para todos os brasileiros","datePublished":"2025-08-12T21:00:00+00:00","mainEntityOfPage":{"@id":"https:\/\/tribunademinas.audiencelabs.com.br\/aumento-de-75-no-salario-minimo-para-todos-os-brasileiros\/"},"wordCount":440,"commentCount":0,"publisher":{"@id":"https:\/\/tribunademinas.audiencelabs.com.br\/#organization"},"image":{"@id":"https:\/\/tribunademinas.audiencelabs.com.br\/aumento-de-75-no-salario-minimo-para-todos-os-brasileiros\/#primaryimage"},"thumbnailUrl":"https:\/\/tribunademinas.audiencelabs.com.br\/wp-content\/uploads\/2025\/08\/aumento-salario-minimo-brasileiros.jpg","articleSection":["Dinheiro"],"inLanguage":"pt-BR","potentialAction":[{"@type":"CommentAction","name":"Comment","target":["https:\/\/tribunademinas.audiencelabs.com.br\/aumento-de-75-no-salario-minimo-para-todos-os-brasileiros\/#respond"]}]},{"@type":"WebPage","@id":"https:\/\/tribunademinas.audiencelabs.com.br\/aumento-de-75-no-salario-minimo-para-todos-os-brasileiros\/","url":"https:\/\/tribunademinas.audiencelabs.com.br\/aumento-de-75-no-salario-minimo-para-todos-os-brasileiros\/","name":"Aumento de 7,5% no sal\u00e1rio m\u00ednimo para todos os brasileiros","isPartOf":{"@id":"https:\/\/tribunademinas.audiencelabs.com.br\/#website"},"primaryImageOfPage":{"@id":"https:\/\/tribunademinas.audiencelabs.com.br\/aumento-de-75-no-salario-minimo-para-todos-os-brasileiros\/#primaryimage"},"image":{"@id":"https:\/\/tribunademinas.audiencelabs.com.br\/aumento-de-75-no-salario-minimo-para-todos-os-brasileiros\/#primaryimage"},"thumbnailUrl":"https:\/\/tribunademinas.audiencelabs.com.br\/wp-content\/uploads\/2025\/08\/aumento-salario-minimo-brasileiros.jpg","datePublished":"2025-08-12T21:00:00+00:00","breadcrumb":{"@id":"https:\/\/tribunademinas.audiencelabs.com.br\/aumento-de-75-no-salario-minimo-para-todos-os-brasileiros\/#breadcrumb"},"inLanguage":"pt-BR","potentialAction":[{"@type":"ReadAction","target":["https:\/\/tribunademinas.audiencelabs.com.br\/aumento-de-75-no-salario-minimo-para-todos-os-brasileiros\/"]}]},{"@type":"ImageObject","inLanguage":"pt-BR","@id":"https:\/\/tribunademinas.audiencelabs.com.br\/aumento-de-75-no-salario-minimo-para-todos-os-brasileiros\/#primaryimage","url":"https:\/\/tribunademinas.audiencelabs.com.br\/wp-content\/uploads\/2025\/08\/aumento-salario-minimo-brasileiros.jpg","contentUrl":"https:\/\/tribunademinas.audiencelabs.com.br\/wp-content\/uploads\/2025\/08\/aumento-salario-minimo-brasileiros.jpg","width":1423,"height":800,"caption":"Foto: Marcello Casal Jr\/Ag\u00eancia Brasil"},{"@type":"BreadcrumbList","@id":"https:\/\/tribunademinas.audiencelabs.com.br\/aumento-de-75-no-salario-minimo-para-todos-os-brasileiros\/#breadcrumb","itemListElement":[{"@type":"ListItem","position":1,"name":"In\u00edcio","item":"https:\/\/tribunademinas.audiencelabs.com.br\/"},{"@type":"ListItem","position":2,"name":"Aumento de 7,5% no sal\u00e1rio m\u00ednimo para todos os brasileiros"}]},{"@type":"WebSite","@id":"https:\/\/tribunademinas.audiencelabs.com.br\/#website","url":"https:\/\/tribunademinas.audiencelabs.com.br\/","name":"Tribuna de Minas - Dinheiro e Cidadania","description":"","publisher":{"@id":"https:\/\/tribunademinas.audiencelabs.com.br\/#organization"},"potentialAction":[{"@type":"SearchAction","target":{"@type":"EntryPoint","urlTemplate":"https:\/\/tribunademinas.audiencelabs.com.br\/?s={search_term_string}"},"query-input":{"@type":"PropertyValueSpecification","valueRequired":true,"valueName":"search_term_string"}}],"inLanguage":"pt-BR"},{"@type":"Organization","@id":"https:\/\/tribunademinas.audiencelabs.com.br\/#organization","name":"Tribuna de Minas - Dinheiro e Cidadania","url":"https:\/\/tribunademinas.audiencelabs.com.br\/","logo":{"@type":"ImageObject","inLanguage":"pt-BR","@id":"https:\/\/tribunademinas.audiencelabs.com.br\/#\/schema\/logo\/image\/","url":"https:\/\/tribunademinas.audiencelabs.com.br\/wp-content\/uploads\/2025\/08\/cropped-Tribuna_512x512-96x96-1.png","contentUrl":"https:\/\/tribunademinas.audiencelabs.com.br\/wp-content\/uploads\/2025\/08\/cropped-Tribuna_512x512-96x96-1.png","width":96,"height":96,"caption":"Tribuna de Minas - Dinheiro e Cidadania"},"image":{"@id":"https:\/\/tribunademinas.audiencelabs.com.br\/#\/schema\/logo\/image\/"},"sameAs":["https:\/\/www.facebook.com\/tribunademinas\/","https:\/\/x.com\/tribunademinas","https:\/\/www.instagram.com\/tribunademinas\/","https:\/\/www.youtube.com\/user\/TribunadeMinasJF"]},{"@type":"Person","@id":"https:\/\/tribunademinas.audiencelabs.com.br\/#\/schema\/person\/37af466a64a722fadb8ef6841c52114f","name":"Jo\u00e3o Carlos Gomes","image":{"@type":"ImageObject","inLanguage":"pt-BR","@id":"https:\/\/tribunademinas.audiencelabs.com.br\/#\/schema\/person\/image\/","url":"https:\/\/secure.gravatar.com\/avatar\/4ce4672dbdd694b329cd6fdb51bee7d1409be1f0ff76a537e4c4a737b2c7d1a9?s=96&d=mm&r=g","contentUrl":"https:\/\/secure.gravatar.com\/avatar\/4ce4672dbdd694b329cd6fdb51bee7d1409be1f0ff76a537e4c4a737b2c7d1a9?s=96&d=mm&r=g","caption":"Jo\u00e3o Carlos Gomes"},"description":"Jornalista formado pelo Centro Universit\u00e1rio Carioca, apreciador da Bossa Nova ao Metal Extremo, criador de conte\u00fado e m\u00fasico independente nas horas vagas.","url":"https:\/\/tribunademinas.audiencelabs.com.br\/author\/joaoc-junior\/"}]}},"amp_enabled":true,"_links":{"self":[{"href":"https:\/\/tribunademinas.audiencelabs.com.br\/wp-json\/wp\/v2\/posts\/411","targetHints":{"allow":["GET"]}}],"collection":[{"href":"https:\/\/tribunademinas.audiencelabs.com.br\/wp-json\/wp\/v2\/posts"}],"about":[{"href":"https:\/\/tribunademinas.audiencelabs.com.br\/wp-json\/wp\/v2\/types\/post"}],"author":[{"embeddable":true,"href":"https:\/\/tribunademinas.audiencelabs.com.br\/wp-json\/wp\/v2\/users\/3"}],"replies":[{"embeddable":true,"href":"https:\/\/tribunademinas.audiencelabs.com.br\/wp-json\/wp\/v2\/comments?post=411"}],"version-history":[{"count":1,"href":"https:\/\/tribunademinas.audiencelabs.com.br\/wp-json\/wp\/v2\/posts\/411\/revisions"}],"predecessor-version":[{"id":413,"href":"https:\/\/tribunademinas.audiencelabs.com.br\/wp-json\/wp\/v2\/posts\/411\/revisions\/413"}],"wp:featuredmedia":[{"embeddable":true,"href":"https:\/\/tribunademinas.audiencelabs.com.br\/wp-json\/wp\/v2\/media\/412"}],"wp:attachment":[{"href":"https:\/\/tribunademinas.audiencelabs.com.br\/wp-json\/wp\/v2\/media?parent=411"}],"wp:term":[{"taxonomy":"category","embeddable":true,"href":"https:\/\/tribunademinas.audiencelabs.com.br\/wp-json\/wp\/v2\/categories?post=411"},{"taxonomy":"post_tag","embeddable":true,"href":"https:\/\/tribunademinas.audiencelabs.com.br\/wp-json\/wp\/v2\/tags?post=411"}],"curies":[{"name":"wp","href":"https:\/\/api.w.org\/{rel}","templated":true}]}}