{"id":4101,"date":"2025-11-14T17:32:40","date_gmt":"2025-11-14T20:32:40","guid":{"rendered":"https:\/\/tribunademinas.audiencelabs.com.br\/?p=4101"},"modified":"2025-11-14T17:32:45","modified_gmt":"2025-11-14T20:32:45","slug":"empresa-estatal-decide-demitir-10-mil-funcionarios-apos-crise-estourar","status":"publish","type":"post","link":"https:\/\/tribunademinas.audiencelabs.com.br\/empresa-estatal-decide-demitir-10-mil-funcionarios-apos-crise-estourar\/","title":{"rendered":"Empresa estatal decide demitir 10 mil funcion\u00e1rios ap\u00f3s crise estourar"},"content":{"rendered":"\n<p>A estatal Correios anunciou a inten\u00e7\u00e3o de desligar at\u00e9 10 mil funcion\u00e1rios por meio de um novo Programa de Demiss\u00e3o Volunt\u00e1ria (PDV). A medida surge como resposta direta \u00e0 crise financeira que se agravou nos \u00faltimos meses. <\/p>\n\n\n\n<p>Pressionada por preju\u00edzos crescentes, atrasos em entregas e concorr\u00eancia cada vez mais forte no setor de log\u00edstica e encomendas, a empresa v\u00ea no enxugamento da folha uma tentativa de evitar um colapso mais profundo.<\/p>\n\n\n\n<h2 class=\"wp-block-heading\">Empresa estatal decide demitir 10 mil funcion\u00e1rios ap\u00f3s crise estourar<\/h2>\n\n\n\n<p>Nos \u00faltimos anos, os Correios perderam espa\u00e7o para empresas privadas que operam com mais agilidade e estrutura tecnol\u00f3gica mais avan\u00e7ada. <\/p>\n\n\n\n<p>Al\u00e9m disso, mudan\u00e7as no comportamento do consumidor e o avan\u00e7o do com\u00e9rcio eletr\u00f4nico intensificaram a exig\u00eancia por prazos de entrega menores, algo que a estatal n\u00e3o tem conseguido atender com regularidade. <\/p>\n\n\n\n<p>Hoje, o \u00edndice de entregas realizadas no prazo gira em torno de 92%, abaixo do m\u00ednimo de 95% que a empresa considera necess\u00e1rio para manter contratos com grandes clientes.<\/p>\n\n\n\n<p>O plano de demiss\u00e3o volunt\u00e1ria ainda est\u00e1 sendo estruturado, mas a meta \u00e9 clara: convencer ao menos 10 mil empregados a deixarem seus cargos em troca de benef\u00edcios que tornem a sa\u00edda financeiramente vantajosa. <\/p>\n\n\n\n<p>O modelo deve seguir o padr\u00e3o de iniciativas anteriores, oferecendo compensa\u00e7\u00f5es financeiras e, possivelmente, facilidades relacionadas \u00e0 aposentadoria ou recoloca\u00e7\u00e3o no mercado. <\/p>\n\n\n\n<p>No \u00faltimo PDV, lan\u00e7ado h\u00e1 poucos anos, apenas uma pequena parte dos interessados formalizou a ades\u00e3o. Por isso, agora, a diretoria entende que ser\u00e1 necess\u00e1rio apresentar propostas mais atraentes para atingir o n\u00famero desejado.<\/p>\n\n\n\n<h3 class=\"wp-block-heading\">Estatal tamb\u00e9m busca um empr\u00e9stimo para se reestruturar<\/h3>\n\n\n\n<p>A raz\u00e3o por tr\u00e1s dessa reestrutura\u00e7\u00e3o n\u00e3o se limita \u00e0 necessidade de enxugar custos. A empresa estima que a redu\u00e7\u00e3o no quadro de funcion\u00e1rios pode representar uma economia de at\u00e9 R$ 2 bilh\u00f5es por ano, valor crucial para manter as opera\u00e7\u00f5es funcionando. O<\/p>\n\n\n\n<p> caixa da estatal sofre com um d\u00e9ficit mensal na casa dos R$ 750 milh\u00f5es, e o preju\u00edzo acumulado j\u00e1 ultrapassa os R$ 4 bilh\u00f5es apenas neste ano. <\/p>\n\n\n\n<p>Al\u00e9m disso, os Correios enfrentam dificuldades para honrar compromissos com fornecedores, o que agrava ainda mais os atrasos e a perda de receita.<\/p>\n\n\n\n<p>Para se manter de p\u00e9, a estatal tamb\u00e9m<a href=\"https:\/\/tribunademinas.com.br\/colunas\/dinheiroecidadania\/correios-pode-acabar-sendo-socorrido-por-emprestimo-do-governo\/\"><strong> busca um empr\u00e9stimo emergencial <\/strong><\/a>de R$ 10 bilh\u00f5es com aval do governo federal. A inten\u00e7\u00e3o \u00e9 usar os recursos para pagar d\u00edvidas, estabilizar as finan\u00e7as e dar f\u00f4lego ao plano de reestrutura\u00e7\u00e3o.<\/p>\n\n\n\n<p><\/p>\n","protected":false},"excerpt":{"rendered":"<p>A estatal Correios anunciou a inten\u00e7\u00e3o de desligar at\u00e9 10 mil funcion\u00e1rios por meio de um novo Programa de Demiss\u00e3o Volunt\u00e1ria (PDV). A medida surge como resposta direta \u00e0 crise financeira que se agravou nos \u00faltimos meses. Pressionada por preju\u00edzos crescentes, atrasos em entregas e concorr\u00eancia cada vez mais forte no setor de log\u00edstica e [&hellip;]<\/p>\n","protected":false},"author":5,"featured_media":4102,"comment_status":"open","ping_status":"open","sticky":false,"template":"","format":"standard","meta":{"jnews-multi-image_gallery":[],"jnews_single_post":{"format":"standard"},"jnews_primary_category":[],"jnews_social_meta":[],"jnews_post_split":[],"footnotes":""},"categories":[159],"tags":[],"class_list":["post-4101","post","type-post","status-publish","format-standard","has-post-thumbnail","hentry","category-cidadania"],"yoast_head":"<!-- This site is optimized with the Yoast SEO plugin v25.6 - https:\/\/yoast.com\/wordpress\/plugins\/seo\/ -->\n<title>Empresa estatal decide demitir 10 mil funcion\u00e1rios ap\u00f3s crise estourar<\/title>\n<meta name=\"description\" content=\"A estatal Correios anunciou a inten\u00e7\u00e3o de desligar at\u00e9 10 mil funcion\u00e1rios por meio de um novo Programa de Demiss\u00e3o Volunt\u00e1ria (PDV).\" \/>\n<meta name=\"robots\" content=\"index, follow, max-snippet:-1, max-image-preview:large, max-video-preview:-1\" \/>\n<link rel=\"canonical\" href=\"https:\/\/tribunademinas.audiencelabs.com.br\/empresa-estatal-decide-demitir-10-mil-funcionarios-apos-crise-estourar\/\" \/>\n<meta property=\"og:locale\" content=\"pt_BR\" \/>\n<meta property=\"og:type\" content=\"article\" \/>\n<meta property=\"og:title\" content=\"Empresa estatal decide demitir 10 mil funcion\u00e1rios ap\u00f3s crise estourar\" \/>\n<meta property=\"og:description\" content=\"A estatal Correios anunciou a inten\u00e7\u00e3o de desligar at\u00e9 10 mil funcion\u00e1rios por meio de um novo Programa de Demiss\u00e3o Volunt\u00e1ria (PDV).\" \/>\n<meta property=\"og:url\" content=\"https:\/\/tribunademinas.audiencelabs.com.br\/empresa-estatal-decide-demitir-10-mil-funcionarios-apos-crise-estourar\/\" \/>\n<meta property=\"og:site_name\" content=\"Tribuna de Minas - Dinheiro e Cidadania\" \/>\n<meta property=\"article:publisher\" content=\"https:\/\/www.facebook.com\/tribunademinas\/\" \/>\n<meta property=\"article:published_time\" content=\"2025-11-14T20:32:40+00:00\" \/>\n<meta property=\"article:modified_time\" content=\"2025-11-14T20:32:45+00:00\" \/>\n<meta property=\"og:image\" content=\"https:\/\/tribunademinas.audiencelabs.com.br\/wp-content\/uploads\/2025\/11\/estatal.webp\" \/>\n\t<meta property=\"og:image:width\" content=\"1170\" \/>\n\t<meta property=\"og:image:height\" content=\"700\" \/>\n\t<meta property=\"og:image:type\" content=\"image\/webp\" \/>\n<meta name=\"author\" content=\"Jeferson Carvalho\" \/>\n<meta name=\"twitter:card\" content=\"summary_large_image\" \/>\n<meta name=\"twitter:creator\" content=\"@tribunademinas\" \/>\n<meta name=\"twitter:site\" content=\"@tribunademinas\" \/>\n<meta name=\"twitter:label1\" content=\"Escrito por\" \/>\n\t<meta name=\"twitter:data1\" content=\"Jeferson Carvalho\" \/>\n\t<meta name=\"twitter:label2\" content=\"Est. tempo de leitura\" \/>\n\t<meta name=\"twitter:data2\" content=\"3 minutos\" \/>\n<!-- \/ Yoast SEO plugin. -->","yoast_head_json":{"title":"Empresa estatal decide demitir 10 mil funcion\u00e1rios ap\u00f3s crise estourar","description":"A estatal Correios anunciou a inten\u00e7\u00e3o de desligar at\u00e9 10 mil funcion\u00e1rios por meio de um novo Programa de Demiss\u00e3o Volunt\u00e1ria (PDV).","robots":{"index":"index","follow":"follow","max-snippet":"max-snippet:-1","max-image-preview":"max-image-preview:large","max-video-preview":"max-video-preview:-1"},"canonical":"https:\/\/tribunademinas.audiencelabs.com.br\/empresa-estatal-decide-demitir-10-mil-funcionarios-apos-crise-estourar\/","og_locale":"pt_BR","og_type":"article","og_title":"Empresa estatal decide demitir 10 mil funcion\u00e1rios ap\u00f3s crise estourar","og_description":"A estatal Correios anunciou a inten\u00e7\u00e3o de desligar at\u00e9 10 mil funcion\u00e1rios por meio de um novo Programa de Demiss\u00e3o Volunt\u00e1ria (PDV).","og_url":"https:\/\/tribunademinas.audiencelabs.com.br\/empresa-estatal-decide-demitir-10-mil-funcionarios-apos-crise-estourar\/","og_site_name":"Tribuna de Minas - Dinheiro e Cidadania","article_publisher":"https:\/\/www.facebook.com\/tribunademinas\/","article_published_time":"2025-11-14T20:32:40+00:00","article_modified_time":"2025-11-14T20:32:45+00:00","og_image":[{"width":1170,"height":700,"url":"https:\/\/tribunademinas.audiencelabs.com.br\/wp-content\/uploads\/2025\/11\/estatal.webp","type":"image\/webp"}],"author":"Jeferson Carvalho","twitter_card":"summary_large_image","twitter_creator":"@tribunademinas","twitter_site":"@tribunademinas","twitter_misc":{"Escrito por":"Jeferson Carvalho","Est. tempo de leitura":"3 minutos"},"schema":{"@context":"https:\/\/schema.org","@graph":[{"@type":"Article","@id":"https:\/\/tribunademinas.audiencelabs.com.br\/empresa-estatal-decide-demitir-10-mil-funcionarios-apos-crise-estourar\/#article","isPartOf":{"@id":"https:\/\/tribunademinas.audiencelabs.com.br\/empresa-estatal-decide-demitir-10-mil-funcionarios-apos-crise-estourar\/"},"author":{"name":"Jeferson Carvalho","@id":"https:\/\/tribunademinas.audiencelabs.com.br\/#\/schema\/person\/db18fc40307804bacef94213aa68fd9d"},"headline":"Empresa estatal decide demitir 10 mil funcion\u00e1rios ap\u00f3s crise estourar","datePublished":"2025-11-14T20:32:40+00:00","dateModified":"2025-11-14T20:32:45+00:00","mainEntityOfPage":{"@id":"https:\/\/tribunademinas.audiencelabs.com.br\/empresa-estatal-decide-demitir-10-mil-funcionarios-apos-crise-estourar\/"},"wordCount":444,"commentCount":0,"publisher":{"@id":"https:\/\/tribunademinas.audiencelabs.com.br\/#organization"},"image":{"@id":"https:\/\/tribunademinas.audiencelabs.com.br\/empresa-estatal-decide-demitir-10-mil-funcionarios-apos-crise-estourar\/#primaryimage"},"thumbnailUrl":"https:\/\/tribunademinas.audiencelabs.com.br\/wp-content\/uploads\/2025\/11\/estatal.webp","articleSection":["Cidadania"],"inLanguage":"pt-BR","potentialAction":[{"@type":"CommentAction","name":"Comment","target":["https:\/\/tribunademinas.audiencelabs.com.br\/empresa-estatal-decide-demitir-10-mil-funcionarios-apos-crise-estourar\/#respond"]}]},{"@type":"WebPage","@id":"https:\/\/tribunademinas.audiencelabs.com.br\/empresa-estatal-decide-demitir-10-mil-funcionarios-apos-crise-estourar\/","url":"https:\/\/tribunademinas.audiencelabs.com.br\/empresa-estatal-decide-demitir-10-mil-funcionarios-apos-crise-estourar\/","name":"Empresa estatal decide demitir 10 mil funcion\u00e1rios ap\u00f3s crise estourar","isPartOf":{"@id":"https:\/\/tribunademinas.audiencelabs.com.br\/#website"},"primaryImageOfPage":{"@id":"https:\/\/tribunademinas.audiencelabs.com.br\/empresa-estatal-decide-demitir-10-mil-funcionarios-apos-crise-estourar\/#primaryimage"},"image":{"@id":"https:\/\/tribunademinas.audiencelabs.com.br\/empresa-estatal-decide-demitir-10-mil-funcionarios-apos-crise-estourar\/#primaryimage"},"thumbnailUrl":"https:\/\/tribunademinas.audiencelabs.com.br\/wp-content\/uploads\/2025\/11\/estatal.webp","datePublished":"2025-11-14T20:32:40+00:00","dateModified":"2025-11-14T20:32:45+00:00","description":"A estatal Correios anunciou a inten\u00e7\u00e3o de desligar at\u00e9 10 mil funcion\u00e1rios por meio de um novo Programa de Demiss\u00e3o Volunt\u00e1ria (PDV).","breadcrumb":{"@id":"https:\/\/tribunademinas.audiencelabs.com.br\/empresa-estatal-decide-demitir-10-mil-funcionarios-apos-crise-estourar\/#breadcrumb"},"inLanguage":"pt-BR","potentialAction":[{"@type":"ReadAction","target":["https:\/\/tribunademinas.audiencelabs.com.br\/empresa-estatal-decide-demitir-10-mil-funcionarios-apos-crise-estourar\/"]}]},{"@type":"ImageObject","inLanguage":"pt-BR","@id":"https:\/\/tribunademinas.audiencelabs.com.br\/empresa-estatal-decide-demitir-10-mil-funcionarios-apos-crise-estourar\/#primaryimage","url":"https:\/\/tribunademinas.audiencelabs.com.br\/wp-content\/uploads\/2025\/11\/estatal.webp","contentUrl":"https:\/\/tribunademinas.audiencelabs.com.br\/wp-content\/uploads\/2025\/11\/estatal.webp","width":1170,"height":700,"caption":"Empresa estatal decide demitir 10 mil funcion\u00e1rios ap\u00f3s crise estourar - Imagem: Elza Fi\u00faza\/Ag\u00eancia Brasil"},{"@type":"BreadcrumbList","@id":"https:\/\/tribunademinas.audiencelabs.com.br\/empresa-estatal-decide-demitir-10-mil-funcionarios-apos-crise-estourar\/#breadcrumb","itemListElement":[{"@type":"ListItem","position":1,"name":"In\u00edcio","item":"https:\/\/tribunademinas.audiencelabs.com.br\/"},{"@type":"ListItem","position":2,"name":"Empresa estatal decide demitir 10 mil funcion\u00e1rios ap\u00f3s crise estourar"}]},{"@type":"WebSite","@id":"https:\/\/tribunademinas.audiencelabs.com.br\/#website","url":"https:\/\/tribunademinas.audiencelabs.com.br\/","name":"Tribuna de Minas - Dinheiro e Cidadania","description":"","publisher":{"@id":"https:\/\/tribunademinas.audiencelabs.com.br\/#organization"},"potentialAction":[{"@type":"SearchAction","target":{"@type":"EntryPoint","urlTemplate":"https:\/\/tribunademinas.audiencelabs.com.br\/?s={search_term_string}"},"query-input":{"@type":"PropertyValueSpecification","valueRequired":true,"valueName":"search_term_string"}}],"inLanguage":"pt-BR"},{"@type":"Organization","@id":"https:\/\/tribunademinas.audiencelabs.com.br\/#organization","name":"Tribuna de Minas - Dinheiro e Cidadania","url":"https:\/\/tribunademinas.audiencelabs.com.br\/","logo":{"@type":"ImageObject","inLanguage":"pt-BR","@id":"https:\/\/tribunademinas.audiencelabs.com.br\/#\/schema\/logo\/image\/","url":"https:\/\/tribunademinas.audiencelabs.com.br\/wp-content\/uploads\/2025\/08\/cropped-Tribuna_512x512-96x96-1.png","contentUrl":"https:\/\/tribunademinas.audiencelabs.com.br\/wp-content\/uploads\/2025\/08\/cropped-Tribuna_512x512-96x96-1.png","width":96,"height":96,"caption":"Tribuna de Minas - Dinheiro e Cidadania"},"image":{"@id":"https:\/\/tribunademinas.audiencelabs.com.br\/#\/schema\/logo\/image\/"},"sameAs":["https:\/\/www.facebook.com\/tribunademinas\/","https:\/\/x.com\/tribunademinas","https:\/\/www.instagram.com\/tribunademinas\/","https:\/\/www.youtube.com\/user\/TribunadeMinasJF"]},{"@type":"Person","@id":"https:\/\/tribunademinas.audiencelabs.com.br\/#\/schema\/person\/db18fc40307804bacef94213aa68fd9d","name":"Jeferson Carvalho","image":{"@type":"ImageObject","inLanguage":"pt-BR","@id":"https:\/\/tribunademinas.audiencelabs.com.br\/#\/schema\/person\/image\/","url":"https:\/\/secure.gravatar.com\/avatar\/cd7646e328d9670dad7dea8698522e522745eeffcff5b9d08be858e377ce326b?s=96&d=mm&r=g","contentUrl":"https:\/\/secure.gravatar.com\/avatar\/cd7646e328d9670dad7dea8698522e522745eeffcff5b9d08be858e377ce326b?s=96&d=mm&r=g","caption":"Jeferson Carvalho"},"description":"Jornalista apaixonado pela profiss\u00e3o!","url":"https:\/\/tribunademinas.audiencelabs.com.br\/author\/jeferson\/"}]}},"amp_enabled":true,"_links":{"self":[{"href":"https:\/\/tribunademinas.audiencelabs.com.br\/wp-json\/wp\/v2\/posts\/4101","targetHints":{"allow":["GET"]}}],"collection":[{"href":"https:\/\/tribunademinas.audiencelabs.com.br\/wp-json\/wp\/v2\/posts"}],"about":[{"href":"https:\/\/tribunademinas.audiencelabs.com.br\/wp-json\/wp\/v2\/types\/post"}],"author":[{"embeddable":true,"href":"https:\/\/tribunademinas.audiencelabs.com.br\/wp-json\/wp\/v2\/users\/5"}],"replies":[{"embeddable":true,"href":"https:\/\/tribunademinas.audiencelabs.com.br\/wp-json\/wp\/v2\/comments?post=4101"}],"version-history":[{"count":1,"href":"https:\/\/tribunademinas.audiencelabs.com.br\/wp-json\/wp\/v2\/posts\/4101\/revisions"}],"predecessor-version":[{"id":4106,"href":"https:\/\/tribunademinas.audiencelabs.com.br\/wp-json\/wp\/v2\/posts\/4101\/revisions\/4106"}],"wp:featuredmedia":[{"embeddable":true,"href":"https:\/\/tribunademinas.audiencelabs.com.br\/wp-json\/wp\/v2\/media\/4102"}],"wp:attachment":[{"href":"https:\/\/tribunademinas.audiencelabs.com.br\/wp-json\/wp\/v2\/media?parent=4101"}],"wp:term":[{"taxonomy":"category","embeddable":true,"href":"https:\/\/tribunademinas.audiencelabs.com.br\/wp-json\/wp\/v2\/categories?post=4101"},{"taxonomy":"post_tag","embeddable":true,"href":"https:\/\/tribunademinas.audiencelabs.com.br\/wp-json\/wp\/v2\/tags?post=4101"}],"curies":[{"name":"wp","href":"https:\/\/api.w.org\/{rel}","templated":true}]}}