{"id":4095,"date":"2025-11-14T17:06:59","date_gmt":"2025-11-14T20:06:59","guid":{"rendered":"https:\/\/tribunademinas.audiencelabs.com.br\/?p=4095"},"modified":"2025-11-14T17:07:04","modified_gmt":"2025-11-14T20:07:04","slug":"justica-determina-e-dona-dos-orelhoes-volta-da-falencia","status":"publish","type":"post","link":"https:\/\/tribunademinas.audiencelabs.com.br\/justica-determina-e-dona-dos-orelhoes-volta-da-falencia\/","title":{"rendered":"Justi\u00e7a determina e &#8220;dona&#8221; dos orelh\u00f5es volta da fal\u00eancia"},"content":{"rendered":"\n<p>Na \u00faltima segunda-feira, 10 de novembro, a Justi\u00e7a do Rio de Janeiro havia decretado a fal\u00eancia da Oi, empresa que, por d\u00e9cadas, marcou presen\u00e7a nas ruas do Brasil com seus famosos orelh\u00f5es. <\/p>\n\n\n\n<p>A decis\u00e3o surpreendeu o mercado e colocou em xeque a continuidade de diversos servi\u00e7os essenciais de telecomunica\u00e7\u00f5es prestados pela operadora. <\/p>\n\n\n\n<p>No entanto, em uma reviravolta jur\u00eddica, uma nova determina\u00e7\u00e3o do Tribunal de Justi\u00e7a do Estado do Rio de Janeiro suspendeu os efeitos da fal\u00eancia e reintegrou a companhia ao processo de recupera\u00e7\u00e3o judicial.<\/p>\n\n\n\n<h2 class=\"wp-block-heading\">Justi\u00e7a determina e &#8220;dona&#8221; dos orelh\u00f5es volta da fal\u00eancia<\/h2>\n\n\n\n<p>A <a href=\"https:\/\/tribunademinas.com.br\/colunas\/dinheiroecidadania\/clientes-da-oi-precisam-saber-de-comunicado-apos-falencia\/\"><strong>ordem<\/strong><\/a> de fal\u00eancia partiu da 7\u00aa Vara Empresarial, ap\u00f3s o administrador judicial apontar a incapacidade da empresa de cumprir o plano de reestrutura\u00e7\u00e3o aprovado anteriormente. <\/p>\n\n\n\n<p>O relat\u00f3rio indicava uma d\u00edvida crescente com fornecedores fora do escopo da recupera\u00e7\u00e3o judicial, que ultrapassava R$ 1,7 bilh\u00e3o, al\u00e9m de dificuldades na venda de ativos estrat\u00e9gicos. <\/p>\n\n\n\n<p>A ju\u00edza respons\u00e1vel considerou que, mesmo com a fal\u00eancia, os servi\u00e7os prestados pela empresa deveriam continuar de forma provis\u00f3ria, com o objetivo de garantir uma transi\u00e7\u00e3o segura para outras operadoras, preservar empregos e evitar preju\u00edzos \u00e0 popula\u00e7\u00e3o.<\/p>\n\n\n\n<p>A reviravolta veio poucos dias depois, quando a desembargadora M\u00f4nica Maria Costa, da 1\u00aa C\u00e2mara de Direito Privado do TJ-RJ, acatou um recurso apresentado pelo Ita\u00fa, um dos principais credores da Oi. <\/p>\n\n\n\n<p>Na decis\u00e3o, a magistrada argumentou que decretar fal\u00eancia neste momento poderia causar danos ainda maiores, tanto ao interesse p\u00fablico quanto \u00e0 pr\u00f3pria rede de credores. <\/p>\n\n\n\n<p>Para ela, a continuidade da recupera\u00e7\u00e3o judicial permitiria uma liquida\u00e7\u00e3o mais organizada dos ativos e abriria espa\u00e7o para a preserva\u00e7\u00e3o de parte da estrutura operacional da companhia. <\/p>\n\n\n\n<p>A desembargadora tamb\u00e9m restabeleceu os administradores judiciais que haviam sido afastados e solicitou a manifesta\u00e7\u00e3o de \u00f3rg\u00e3os p\u00fablicos como a Anatel e a Uni\u00e3o sobre poss\u00edveis medidas de prote\u00e7\u00e3o aos servi\u00e7os.<\/p>\n\n\n\n<h3 class=\"wp-block-heading\">Mas por que a Oi est\u00e1 nessa situa\u00e7\u00e3o e pode falir?<\/h3>\n\n\n\n<p>A crise da Oi, uma das maiores operadoras de telecomunica\u00e7\u00f5es do pa\u00eds, se arrasta h\u00e1 quase uma d\u00e9cada. <\/p>\n\n\n\n<p>Desde 2016, a empresa enfrenta sucessivos processos de reestrutura\u00e7\u00e3o, acumulando d\u00edvidas bilion\u00e1rias e sofrendo com a perda de receitas diante da concorr\u00eancia e da mudan\u00e7a de h\u00e1bitos de consumo. <\/p>\n\n\n\n<p>A venda de ativos tem sido insuficiente para conter o rombo financeiro. <\/p>\n\n\n\n<p>Embora ainda detenha contratos relevantes e opere em \u00e1reas onde outras empresas n\u00e3o atuam, a Oi luta contra o tempo para se manter de p\u00e9, agora, mais uma vez, sob o manto da recupera\u00e7\u00e3o judicial.<\/p>\n\n\n\n<p><\/p>\n","protected":false},"excerpt":{"rendered":"<p>Na \u00faltima segunda-feira, 10 de novembro, a Justi\u00e7a do Rio de Janeiro havia decretado a fal\u00eancia da Oi, empresa que, por d\u00e9cadas, marcou presen\u00e7a nas ruas do Brasil com seus famosos orelh\u00f5es. A decis\u00e3o surpreendeu o mercado e colocou em xeque a continuidade de diversos servi\u00e7os essenciais de telecomunica\u00e7\u00f5es prestados pela operadora. No entanto, em [&hellip;]<\/p>\n","protected":false},"author":5,"featured_media":4096,"comment_status":"open","ping_status":"open","sticky":false,"template":"","format":"standard","meta":{"jnews-multi-image_gallery":[],"jnews_single_post":{"format":"standard"},"jnews_primary_category":[],"jnews_social_meta":[],"jnews_post_split":[],"footnotes":""},"categories":[159],"tags":[],"class_list":["post-4095","post","type-post","status-publish","format-standard","has-post-thumbnail","hentry","category-cidadania"],"yoast_head":"<!-- This site is optimized with the Yoast SEO plugin v25.6 - https:\/\/yoast.com\/wordpress\/plugins\/seo\/ -->\n<title>Justi\u00e7a determina e &quot;dona&quot; dos orelh\u00f5es volta da fal\u00eancia<\/title>\n<meta name=\"description\" content=\"Na \u00faltima segunda-feira, 10 de novembro, a Justi\u00e7a do Rio de Janeiro havia decretado a fal\u00eancia da Oi, empresa dos orelh\u00f5es.\" \/>\n<meta name=\"robots\" content=\"index, follow, max-snippet:-1, max-image-preview:large, max-video-preview:-1\" \/>\n<link rel=\"canonical\" href=\"https:\/\/tribunademinas.audiencelabs.com.br\/justica-determina-e-dona-dos-orelhoes-volta-da-falencia\/\" \/>\n<meta property=\"og:locale\" content=\"pt_BR\" \/>\n<meta property=\"og:type\" content=\"article\" \/>\n<meta property=\"og:title\" content=\"Justi\u00e7a determina e &quot;dona&quot; dos orelh\u00f5es volta da fal\u00eancia\" \/>\n<meta property=\"og:description\" content=\"Na \u00faltima segunda-feira, 10 de novembro, a Justi\u00e7a do Rio de Janeiro havia decretado a fal\u00eancia da Oi, empresa dos orelh\u00f5es.\" \/>\n<meta property=\"og:url\" content=\"https:\/\/tribunademinas.audiencelabs.com.br\/justica-determina-e-dona-dos-orelhoes-volta-da-falencia\/\" \/>\n<meta property=\"og:site_name\" content=\"Tribuna de Minas - Dinheiro e Cidadania\" \/>\n<meta property=\"article:publisher\" content=\"https:\/\/www.facebook.com\/tribunademinas\/\" \/>\n<meta property=\"article:published_time\" content=\"2025-11-14T20:06:59+00:00\" \/>\n<meta property=\"article:modified_time\" content=\"2025-11-14T20:07:04+00:00\" \/>\n<meta property=\"og:image\" content=\"https:\/\/tribunademinas.audiencelabs.com.br\/wp-content\/uploads\/2025\/11\/falencia.jpeg\" \/>\n\t<meta property=\"og:image:width\" content=\"1920\" \/>\n\t<meta property=\"og:image:height\" content=\"1280\" \/>\n\t<meta property=\"og:image:type\" content=\"image\/jpeg\" \/>\n<meta name=\"author\" content=\"Jeferson Carvalho\" \/>\n<meta name=\"twitter:card\" content=\"summary_large_image\" \/>\n<meta name=\"twitter:creator\" content=\"@tribunademinas\" \/>\n<meta name=\"twitter:site\" content=\"@tribunademinas\" \/>\n<meta name=\"twitter:label1\" content=\"Escrito por\" \/>\n\t<meta name=\"twitter:data1\" content=\"Jeferson Carvalho\" \/>\n\t<meta name=\"twitter:label2\" content=\"Est. tempo de leitura\" \/>\n\t<meta name=\"twitter:data2\" content=\"3 minutos\" \/>\n<!-- \/ Yoast SEO plugin. -->","yoast_head_json":{"title":"Justi\u00e7a determina e \"dona\" dos orelh\u00f5es volta da fal\u00eancia","description":"Na \u00faltima segunda-feira, 10 de novembro, a Justi\u00e7a do Rio de Janeiro havia decretado a fal\u00eancia da Oi, empresa dos orelh\u00f5es.","robots":{"index":"index","follow":"follow","max-snippet":"max-snippet:-1","max-image-preview":"max-image-preview:large","max-video-preview":"max-video-preview:-1"},"canonical":"https:\/\/tribunademinas.audiencelabs.com.br\/justica-determina-e-dona-dos-orelhoes-volta-da-falencia\/","og_locale":"pt_BR","og_type":"article","og_title":"Justi\u00e7a determina e \"dona\" dos orelh\u00f5es volta da fal\u00eancia","og_description":"Na \u00faltima segunda-feira, 10 de novembro, a Justi\u00e7a do Rio de Janeiro havia decretado a fal\u00eancia da Oi, empresa dos orelh\u00f5es.","og_url":"https:\/\/tribunademinas.audiencelabs.com.br\/justica-determina-e-dona-dos-orelhoes-volta-da-falencia\/","og_site_name":"Tribuna de Minas - Dinheiro e Cidadania","article_publisher":"https:\/\/www.facebook.com\/tribunademinas\/","article_published_time":"2025-11-14T20:06:59+00:00","article_modified_time":"2025-11-14T20:07:04+00:00","og_image":[{"width":1920,"height":1280,"url":"https:\/\/tribunademinas.audiencelabs.com.br\/wp-content\/uploads\/2025\/11\/falencia.jpeg","type":"image\/jpeg"}],"author":"Jeferson Carvalho","twitter_card":"summary_large_image","twitter_creator":"@tribunademinas","twitter_site":"@tribunademinas","twitter_misc":{"Escrito por":"Jeferson Carvalho","Est. tempo de leitura":"3 minutos"},"schema":{"@context":"https:\/\/schema.org","@graph":[{"@type":"Article","@id":"https:\/\/tribunademinas.audiencelabs.com.br\/justica-determina-e-dona-dos-orelhoes-volta-da-falencia\/#article","isPartOf":{"@id":"https:\/\/tribunademinas.audiencelabs.com.br\/justica-determina-e-dona-dos-orelhoes-volta-da-falencia\/"},"author":{"name":"Jeferson Carvalho","@id":"https:\/\/tribunademinas.audiencelabs.com.br\/#\/schema\/person\/db18fc40307804bacef94213aa68fd9d"},"headline":"Justi\u00e7a determina e &#8220;dona&#8221; dos orelh\u00f5es volta da fal\u00eancia","datePublished":"2025-11-14T20:06:59+00:00","dateModified":"2025-11-14T20:07:04+00:00","mainEntityOfPage":{"@id":"https:\/\/tribunademinas.audiencelabs.com.br\/justica-determina-e-dona-dos-orelhoes-volta-da-falencia\/"},"wordCount":472,"commentCount":0,"publisher":{"@id":"https:\/\/tribunademinas.audiencelabs.com.br\/#organization"},"image":{"@id":"https:\/\/tribunademinas.audiencelabs.com.br\/justica-determina-e-dona-dos-orelhoes-volta-da-falencia\/#primaryimage"},"thumbnailUrl":"https:\/\/tribunademinas.audiencelabs.com.br\/wp-content\/uploads\/2025\/11\/falencia.jpeg","articleSection":["Cidadania"],"inLanguage":"pt-BR","potentialAction":[{"@type":"CommentAction","name":"Comment","target":["https:\/\/tribunademinas.audiencelabs.com.br\/justica-determina-e-dona-dos-orelhoes-volta-da-falencia\/#respond"]}]},{"@type":"WebPage","@id":"https:\/\/tribunademinas.audiencelabs.com.br\/justica-determina-e-dona-dos-orelhoes-volta-da-falencia\/","url":"https:\/\/tribunademinas.audiencelabs.com.br\/justica-determina-e-dona-dos-orelhoes-volta-da-falencia\/","name":"Justi\u00e7a determina e \"dona\" dos orelh\u00f5es volta da fal\u00eancia","isPartOf":{"@id":"https:\/\/tribunademinas.audiencelabs.com.br\/#website"},"primaryImageOfPage":{"@id":"https:\/\/tribunademinas.audiencelabs.com.br\/justica-determina-e-dona-dos-orelhoes-volta-da-falencia\/#primaryimage"},"image":{"@id":"https:\/\/tribunademinas.audiencelabs.com.br\/justica-determina-e-dona-dos-orelhoes-volta-da-falencia\/#primaryimage"},"thumbnailUrl":"https:\/\/tribunademinas.audiencelabs.com.br\/wp-content\/uploads\/2025\/11\/falencia.jpeg","datePublished":"2025-11-14T20:06:59+00:00","dateModified":"2025-11-14T20:07:04+00:00","description":"Na \u00faltima segunda-feira, 10 de novembro, a Justi\u00e7a do Rio de Janeiro havia decretado a fal\u00eancia da Oi, empresa dos orelh\u00f5es.","breadcrumb":{"@id":"https:\/\/tribunademinas.audiencelabs.com.br\/justica-determina-e-dona-dos-orelhoes-volta-da-falencia\/#breadcrumb"},"inLanguage":"pt-BR","potentialAction":[{"@type":"ReadAction","target":["https:\/\/tribunademinas.audiencelabs.com.br\/justica-determina-e-dona-dos-orelhoes-volta-da-falencia\/"]}]},{"@type":"ImageObject","inLanguage":"pt-BR","@id":"https:\/\/tribunademinas.audiencelabs.com.br\/justica-determina-e-dona-dos-orelhoes-volta-da-falencia\/#primaryimage","url":"https:\/\/tribunademinas.audiencelabs.com.br\/wp-content\/uploads\/2025\/11\/falencia.jpeg","contentUrl":"https:\/\/tribunademinas.audiencelabs.com.br\/wp-content\/uploads\/2025\/11\/falencia.jpeg","width":1920,"height":1280,"caption":"Justi\u00e7a determina e \"dona\" dos orelh\u00f5es volta da fal\u00eancia - Imagem: Ag\u00eancia Brasil"},{"@type":"BreadcrumbList","@id":"https:\/\/tribunademinas.audiencelabs.com.br\/justica-determina-e-dona-dos-orelhoes-volta-da-falencia\/#breadcrumb","itemListElement":[{"@type":"ListItem","position":1,"name":"In\u00edcio","item":"https:\/\/tribunademinas.audiencelabs.com.br\/"},{"@type":"ListItem","position":2,"name":"Justi\u00e7a determina e &#8220;dona&#8221; dos orelh\u00f5es volta da fal\u00eancia"}]},{"@type":"WebSite","@id":"https:\/\/tribunademinas.audiencelabs.com.br\/#website","url":"https:\/\/tribunademinas.audiencelabs.com.br\/","name":"Tribuna de Minas - Dinheiro e Cidadania","description":"","publisher":{"@id":"https:\/\/tribunademinas.audiencelabs.com.br\/#organization"},"potentialAction":[{"@type":"SearchAction","target":{"@type":"EntryPoint","urlTemplate":"https:\/\/tribunademinas.audiencelabs.com.br\/?s={search_term_string}"},"query-input":{"@type":"PropertyValueSpecification","valueRequired":true,"valueName":"search_term_string"}}],"inLanguage":"pt-BR"},{"@type":"Organization","@id":"https:\/\/tribunademinas.audiencelabs.com.br\/#organization","name":"Tribuna de Minas - Dinheiro e Cidadania","url":"https:\/\/tribunademinas.audiencelabs.com.br\/","logo":{"@type":"ImageObject","inLanguage":"pt-BR","@id":"https:\/\/tribunademinas.audiencelabs.com.br\/#\/schema\/logo\/image\/","url":"https:\/\/tribunademinas.audiencelabs.com.br\/wp-content\/uploads\/2025\/08\/cropped-Tribuna_512x512-96x96-1.png","contentUrl":"https:\/\/tribunademinas.audiencelabs.com.br\/wp-content\/uploads\/2025\/08\/cropped-Tribuna_512x512-96x96-1.png","width":96,"height":96,"caption":"Tribuna de Minas - Dinheiro e Cidadania"},"image":{"@id":"https:\/\/tribunademinas.audiencelabs.com.br\/#\/schema\/logo\/image\/"},"sameAs":["https:\/\/www.facebook.com\/tribunademinas\/","https:\/\/x.com\/tribunademinas","https:\/\/www.instagram.com\/tribunademinas\/","https:\/\/www.youtube.com\/user\/TribunadeMinasJF"]},{"@type":"Person","@id":"https:\/\/tribunademinas.audiencelabs.com.br\/#\/schema\/person\/db18fc40307804bacef94213aa68fd9d","name":"Jeferson Carvalho","image":{"@type":"ImageObject","inLanguage":"pt-BR","@id":"https:\/\/tribunademinas.audiencelabs.com.br\/#\/schema\/person\/image\/","url":"https:\/\/secure.gravatar.com\/avatar\/cd7646e328d9670dad7dea8698522e522745eeffcff5b9d08be858e377ce326b?s=96&d=mm&r=g","contentUrl":"https:\/\/secure.gravatar.com\/avatar\/cd7646e328d9670dad7dea8698522e522745eeffcff5b9d08be858e377ce326b?s=96&d=mm&r=g","caption":"Jeferson Carvalho"},"description":"Jornalista apaixonado pela profiss\u00e3o!","url":"https:\/\/tribunademinas.audiencelabs.com.br\/author\/jeferson\/"}]}},"amp_enabled":true,"_links":{"self":[{"href":"https:\/\/tribunademinas.audiencelabs.com.br\/wp-json\/wp\/v2\/posts\/4095","targetHints":{"allow":["GET"]}}],"collection":[{"href":"https:\/\/tribunademinas.audiencelabs.com.br\/wp-json\/wp\/v2\/posts"}],"about":[{"href":"https:\/\/tribunademinas.audiencelabs.com.br\/wp-json\/wp\/v2\/types\/post"}],"author":[{"embeddable":true,"href":"https:\/\/tribunademinas.audiencelabs.com.br\/wp-json\/wp\/v2\/users\/5"}],"replies":[{"embeddable":true,"href":"https:\/\/tribunademinas.audiencelabs.com.br\/wp-json\/wp\/v2\/comments?post=4095"}],"version-history":[{"count":1,"href":"https:\/\/tribunademinas.audiencelabs.com.br\/wp-json\/wp\/v2\/posts\/4095\/revisions"}],"predecessor-version":[{"id":4100,"href":"https:\/\/tribunademinas.audiencelabs.com.br\/wp-json\/wp\/v2\/posts\/4095\/revisions\/4100"}],"wp:featuredmedia":[{"embeddable":true,"href":"https:\/\/tribunademinas.audiencelabs.com.br\/wp-json\/wp\/v2\/media\/4096"}],"wp:attachment":[{"href":"https:\/\/tribunademinas.audiencelabs.com.br\/wp-json\/wp\/v2\/media?parent=4095"}],"wp:term":[{"taxonomy":"category","embeddable":true,"href":"https:\/\/tribunademinas.audiencelabs.com.br\/wp-json\/wp\/v2\/categories?post=4095"},{"taxonomy":"post_tag","embeddable":true,"href":"https:\/\/tribunademinas.audiencelabs.com.br\/wp-json\/wp\/v2\/tags?post=4095"}],"curies":[{"name":"wp","href":"https:\/\/api.w.org\/{rel}","templated":true}]}}