{"id":405,"date":"2025-08-12T14:00:00","date_gmt":"2025-08-12T17:00:00","guid":{"rendered":"https:\/\/tribunademinas.audiencelabs.com.br\/?p=405"},"modified":"2025-08-11T13:56:32","modified_gmt":"2025-08-11T16:56:32","slug":"pessoas-com-deficiencia-podem-ter-isencao-de-imposto-de-renda","status":"publish","type":"post","link":"https:\/\/tribunademinas.audiencelabs.com.br\/pessoas-com-deficiencia-podem-ter-isencao-de-imposto-de-renda\/","title":{"rendered":"Pessoas com defici\u00eancia podem ter isen\u00e7\u00e3o de Imposto de Renda"},"content":{"rendered":"\n<p>A Comiss\u00e3o de Defesa dos Direitos das Pessoas com Defici\u00eancia da C\u00e2mara dos Deputados aprovou recentemente um projeto de lei que prev\u00ea <strong>isen\u00e7\u00e3o do Imposto de Renda<\/strong> para pessoas com defici\u00eancia e seus respons\u00e1veis legais.<\/p>\n\n\n\n<p>Vale lembrar que, originalmente, a proposta do deputado Luciano Amaral (PSD-AL) limitava a isen\u00e7\u00e3o apenas para pessoas com autismo, Transtorno do D\u00e9ficit de Aten\u00e7\u00e3o com Hiperatividade (TDAH) e transtornos hipercin\u00e9ticos.<\/p>\n\n\n\n<p>No entanto, o <strong>PL 2.377\/2025<\/strong>, do deputado Duarte Jr. (PSB-MA), prop\u00f5e ampliar o grupo beneficiado pela isen\u00e7\u00e3o, incluindo pessoas com doen\u00e7as graves como c\u00e2ncer e Parkinson.<\/p>\n\n\n\n<p>O texto prop\u00f5e incluir o benef\u00edcio na Lei 7.713\/1988 e, segundo Duarte Jr., amplia o rol de forma sensata e adequada, reconhecendo que essas condi\u00e7\u00f5es provocam impactos importantes na rotina dos indiv\u00edduos e demandam suporte cont\u00ednuo.<\/p>\n\n\n\n<blockquote class=\"wp-block-quote is-layout-flow wp-block-quote-is-layout-flow\">\n<p>&#8220;Inclu\u00edmos condi\u00e7\u00f5es que, apesar de n\u00e3o estarem na lista t\u00e9cnica de &#8216;doen\u00e7as graves&#8217;, impactam profundamente o dia a dia e exigem acompanhamento continuado&#8221;, afirmou o relator.<\/p>\n<\/blockquote>\n\n\n\n<h2 class=\"wp-block-heading\">Quando a isen\u00e7\u00e3o de IR para pessoas com defici\u00eancia entra em vigor?<\/h2>\n\n\n\n<p>Embora o PL tenha sido aprovado pela Comiss\u00e3o, ainda restam algumas etapas antes que a isen\u00e7\u00e3o ampliada do IR para pessoas com defici\u00eancia entre em vigor. Atualmente, o projeto passar\u00e1 por mais duas an\u00e1lises.<\/p>\n\n\n\n<p>Elas ser\u00e3o realizadas em car\u00e1ter conclusivo pelas comiss\u00f5es de Finan\u00e7as e Tributa\u00e7\u00e3o e de Constitui\u00e7\u00e3o e Justi\u00e7a e de Cidadania (CCJ). Logo, se n\u00e3o houver recurso de 52 deputados, ele seguir\u00e1 para o Senado ou para san\u00e7\u00e3o presidencial.<\/p>\n\n\n\n<p>No entanto, se houver recurso de parlamentares ou rejei\u00e7\u00e3o por alguma comiss\u00e3o, o PL ser\u00e1 encaminhado para discuss\u00e3o e vota\u00e7\u00e3o no plen\u00e1rio da C\u00e2mara, e s\u00f3 depois seguir\u00e1 para as pr\u00f3ximas etapas.<\/p>\n\n\n\n<p>Desta forma, para que o projeto entre em vigor como lei federal e j\u00e1 seja v\u00e1lido para as pr\u00f3ximas declara\u00e7\u00f5es de IR, ele precisa ser aprovado sem entraves nas etapas seguintes, assegurando sua r\u00e1pida implementa\u00e7\u00e3o.<\/p>\n","protected":false},"excerpt":{"rendered":"<p>A Comiss\u00e3o de Defesa dos Direitos das Pessoas com Defici\u00eancia da C\u00e2mara dos Deputados aprovou recentemente um projeto de lei que prev\u00ea isen\u00e7\u00e3o do Imposto de Renda para pessoas com defici\u00eancia e seus respons\u00e1veis legais. Vale lembrar que, originalmente, a proposta do deputado Luciano Amaral (PSD-AL) limitava a isen\u00e7\u00e3o apenas para pessoas com autismo, Transtorno [&hellip;]<\/p>\n","protected":false},"author":3,"featured_media":406,"comment_status":"open","ping_status":"open","sticky":false,"template":"","format":"standard","meta":{"jnews-multi-image_gallery":[],"jnews_single_post":{"format":"standard"},"jnews_primary_category":[],"jnews_social_meta":[],"jnews_post_split":[],"footnotes":""},"categories":[1],"tags":[],"class_list":["post-405","post","type-post","status-publish","format-standard","has-post-thumbnail","hentry","category-dinheiro"],"yoast_head":"<!-- This site is optimized with the Yoast SEO plugin v25.6 - https:\/\/yoast.com\/wordpress\/plugins\/seo\/ -->\n<title>Pessoas com defici\u00eancia podem ter isen\u00e7\u00e3o de Imposto de Renda<\/title>\n<meta name=\"robots\" content=\"index, follow, max-snippet:-1, max-image-preview:large, max-video-preview:-1\" \/>\n<link rel=\"canonical\" href=\"https:\/\/tribunademinas.audiencelabs.com.br\/pessoas-com-deficiencia-podem-ter-isencao-de-imposto-de-renda\/\" \/>\n<meta property=\"og:locale\" content=\"pt_BR\" \/>\n<meta property=\"og:type\" content=\"article\" \/>\n<meta property=\"og:title\" content=\"Pessoas com defici\u00eancia podem ter isen\u00e7\u00e3o de Imposto de Renda\" \/>\n<meta property=\"og:description\" content=\"A Comiss\u00e3o de Defesa dos Direitos das Pessoas com Defici\u00eancia da C\u00e2mara dos Deputados aprovou recentemente um projeto de lei que prev\u00ea isen\u00e7\u00e3o do Imposto de Renda para pessoas com defici\u00eancia e seus respons\u00e1veis legais. Vale lembrar que, originalmente, a proposta do deputado Luciano Amaral (PSD-AL) limitava a isen\u00e7\u00e3o apenas para pessoas com autismo, Transtorno [&hellip;]\" \/>\n<meta property=\"og:url\" content=\"https:\/\/tribunademinas.audiencelabs.com.br\/pessoas-com-deficiencia-podem-ter-isencao-de-imposto-de-renda\/\" \/>\n<meta property=\"og:site_name\" content=\"Tribuna de Minas - Dinheiro e Cidadania\" \/>\n<meta property=\"article:publisher\" content=\"https:\/\/www.facebook.com\/tribunademinas\/\" \/>\n<meta property=\"article:published_time\" content=\"2025-08-12T17:00:00+00:00\" \/>\n<meta property=\"og:image\" content=\"https:\/\/tribunademinas.audiencelabs.com.br\/wp-content\/uploads\/2025\/08\/pessoas-com-deficiencia-isencao-imposto-de-renda.jpg\" \/>\n\t<meta property=\"og:image:width\" content=\"1500\" \/>\n\t<meta property=\"og:image:height\" content=\"844\" \/>\n\t<meta property=\"og:image:type\" content=\"image\/jpeg\" \/>\n<meta name=\"author\" content=\"Jo\u00e3o Carlos Gomes\" \/>\n<meta name=\"twitter:card\" content=\"summary_large_image\" \/>\n<meta name=\"twitter:creator\" content=\"@tribunademinas\" \/>\n<meta name=\"twitter:site\" content=\"@tribunademinas\" \/>\n<meta name=\"twitter:label1\" content=\"Escrito por\" \/>\n\t<meta name=\"twitter:data1\" content=\"Jo\u00e3o Carlos Gomes\" \/>\n\t<meta name=\"twitter:label2\" content=\"Est. tempo de leitura\" \/>\n\t<meta name=\"twitter:data2\" content=\"2 minutos\" \/>\n<!-- \/ Yoast SEO plugin. -->","yoast_head_json":{"title":"Pessoas com defici\u00eancia podem ter isen\u00e7\u00e3o de Imposto de Renda","robots":{"index":"index","follow":"follow","max-snippet":"max-snippet:-1","max-image-preview":"max-image-preview:large","max-video-preview":"max-video-preview:-1"},"canonical":"https:\/\/tribunademinas.audiencelabs.com.br\/pessoas-com-deficiencia-podem-ter-isencao-de-imposto-de-renda\/","og_locale":"pt_BR","og_type":"article","og_title":"Pessoas com defici\u00eancia podem ter isen\u00e7\u00e3o de Imposto de Renda","og_description":"A Comiss\u00e3o de Defesa dos Direitos das Pessoas com Defici\u00eancia da C\u00e2mara dos Deputados aprovou recentemente um projeto de lei que prev\u00ea isen\u00e7\u00e3o do Imposto de Renda para pessoas com defici\u00eancia e seus respons\u00e1veis legais. Vale lembrar que, originalmente, a proposta do deputado Luciano Amaral (PSD-AL) limitava a isen\u00e7\u00e3o apenas para pessoas com autismo, Transtorno [&hellip;]","og_url":"https:\/\/tribunademinas.audiencelabs.com.br\/pessoas-com-deficiencia-podem-ter-isencao-de-imposto-de-renda\/","og_site_name":"Tribuna de Minas - Dinheiro e Cidadania","article_publisher":"https:\/\/www.facebook.com\/tribunademinas\/","article_published_time":"2025-08-12T17:00:00+00:00","og_image":[{"width":1500,"height":844,"url":"https:\/\/tribunademinas.audiencelabs.com.br\/wp-content\/uploads\/2025\/08\/pessoas-com-deficiencia-isencao-imposto-de-renda.jpg","type":"image\/jpeg"}],"author":"Jo\u00e3o Carlos Gomes","twitter_card":"summary_large_image","twitter_creator":"@tribunademinas","twitter_site":"@tribunademinas","twitter_misc":{"Escrito por":"Jo\u00e3o Carlos Gomes","Est. tempo de leitura":"2 minutos"},"schema":{"@context":"https:\/\/schema.org","@graph":[{"@type":"Article","@id":"https:\/\/tribunademinas.audiencelabs.com.br\/pessoas-com-deficiencia-podem-ter-isencao-de-imposto-de-renda\/#article","isPartOf":{"@id":"https:\/\/tribunademinas.audiencelabs.com.br\/pessoas-com-deficiencia-podem-ter-isencao-de-imposto-de-renda\/"},"author":{"name":"Jo\u00e3o Carlos Gomes","@id":"https:\/\/tribunademinas.audiencelabs.com.br\/#\/schema\/person\/37af466a64a722fadb8ef6841c52114f"},"headline":"Pessoas com defici\u00eancia podem ter isen\u00e7\u00e3o de Imposto de Renda","datePublished":"2025-08-12T17:00:00+00:00","mainEntityOfPage":{"@id":"https:\/\/tribunademinas.audiencelabs.com.br\/pessoas-com-deficiencia-podem-ter-isencao-de-imposto-de-renda\/"},"wordCount":364,"commentCount":0,"publisher":{"@id":"https:\/\/tribunademinas.audiencelabs.com.br\/#organization"},"image":{"@id":"https:\/\/tribunademinas.audiencelabs.com.br\/pessoas-com-deficiencia-podem-ter-isencao-de-imposto-de-renda\/#primaryimage"},"thumbnailUrl":"https:\/\/tribunademinas.audiencelabs.com.br\/wp-content\/uploads\/2025\/08\/pessoas-com-deficiencia-isencao-imposto-de-renda.jpg","articleSection":["Dinheiro"],"inLanguage":"pt-BR","potentialAction":[{"@type":"CommentAction","name":"Comment","target":["https:\/\/tribunademinas.audiencelabs.com.br\/pessoas-com-deficiencia-podem-ter-isencao-de-imposto-de-renda\/#respond"]}]},{"@type":"WebPage","@id":"https:\/\/tribunademinas.audiencelabs.com.br\/pessoas-com-deficiencia-podem-ter-isencao-de-imposto-de-renda\/","url":"https:\/\/tribunademinas.audiencelabs.com.br\/pessoas-com-deficiencia-podem-ter-isencao-de-imposto-de-renda\/","name":"Pessoas com defici\u00eancia podem ter isen\u00e7\u00e3o de Imposto de Renda","isPartOf":{"@id":"https:\/\/tribunademinas.audiencelabs.com.br\/#website"},"primaryImageOfPage":{"@id":"https:\/\/tribunademinas.audiencelabs.com.br\/pessoas-com-deficiencia-podem-ter-isencao-de-imposto-de-renda\/#primaryimage"},"image":{"@id":"https:\/\/tribunademinas.audiencelabs.com.br\/pessoas-com-deficiencia-podem-ter-isencao-de-imposto-de-renda\/#primaryimage"},"thumbnailUrl":"https:\/\/tribunademinas.audiencelabs.com.br\/wp-content\/uploads\/2025\/08\/pessoas-com-deficiencia-isencao-imposto-de-renda.jpg","datePublished":"2025-08-12T17:00:00+00:00","breadcrumb":{"@id":"https:\/\/tribunademinas.audiencelabs.com.br\/pessoas-com-deficiencia-podem-ter-isencao-de-imposto-de-renda\/#breadcrumb"},"inLanguage":"pt-BR","potentialAction":[{"@type":"ReadAction","target":["https:\/\/tribunademinas.audiencelabs.com.br\/pessoas-com-deficiencia-podem-ter-isencao-de-imposto-de-renda\/"]}]},{"@type":"ImageObject","inLanguage":"pt-BR","@id":"https:\/\/tribunademinas.audiencelabs.com.br\/pessoas-com-deficiencia-podem-ter-isencao-de-imposto-de-renda\/#primaryimage","url":"https:\/\/tribunademinas.audiencelabs.com.br\/wp-content\/uploads\/2025\/08\/pessoas-com-deficiencia-isencao-imposto-de-renda.jpg","contentUrl":"https:\/\/tribunademinas.audiencelabs.com.br\/wp-content\/uploads\/2025\/08\/pessoas-com-deficiencia-isencao-imposto-de-renda.jpg","width":1500,"height":844,"caption":"Foto: gpointstudio\/Freepik"},{"@type":"BreadcrumbList","@id":"https:\/\/tribunademinas.audiencelabs.com.br\/pessoas-com-deficiencia-podem-ter-isencao-de-imposto-de-renda\/#breadcrumb","itemListElement":[{"@type":"ListItem","position":1,"name":"In\u00edcio","item":"https:\/\/tribunademinas.audiencelabs.com.br\/"},{"@type":"ListItem","position":2,"name":"Pessoas com defici\u00eancia podem ter isen\u00e7\u00e3o de Imposto de Renda"}]},{"@type":"WebSite","@id":"https:\/\/tribunademinas.audiencelabs.com.br\/#website","url":"https:\/\/tribunademinas.audiencelabs.com.br\/","name":"Tribuna de Minas - Dinheiro e Cidadania","description":"","publisher":{"@id":"https:\/\/tribunademinas.audiencelabs.com.br\/#organization"},"potentialAction":[{"@type":"SearchAction","target":{"@type":"EntryPoint","urlTemplate":"https:\/\/tribunademinas.audiencelabs.com.br\/?s={search_term_string}"},"query-input":{"@type":"PropertyValueSpecification","valueRequired":true,"valueName":"search_term_string"}}],"inLanguage":"pt-BR"},{"@type":"Organization","@id":"https:\/\/tribunademinas.audiencelabs.com.br\/#organization","name":"Tribuna de Minas - Dinheiro e Cidadania","url":"https:\/\/tribunademinas.audiencelabs.com.br\/","logo":{"@type":"ImageObject","inLanguage":"pt-BR","@id":"https:\/\/tribunademinas.audiencelabs.com.br\/#\/schema\/logo\/image\/","url":"https:\/\/tribunademinas.audiencelabs.com.br\/wp-content\/uploads\/2025\/08\/cropped-Tribuna_512x512-96x96-1.png","contentUrl":"https:\/\/tribunademinas.audiencelabs.com.br\/wp-content\/uploads\/2025\/08\/cropped-Tribuna_512x512-96x96-1.png","width":96,"height":96,"caption":"Tribuna de Minas - Dinheiro e Cidadania"},"image":{"@id":"https:\/\/tribunademinas.audiencelabs.com.br\/#\/schema\/logo\/image\/"},"sameAs":["https:\/\/www.facebook.com\/tribunademinas\/","https:\/\/x.com\/tribunademinas","https:\/\/www.instagram.com\/tribunademinas\/","https:\/\/www.youtube.com\/user\/TribunadeMinasJF"]},{"@type":"Person","@id":"https:\/\/tribunademinas.audiencelabs.com.br\/#\/schema\/person\/37af466a64a722fadb8ef6841c52114f","name":"Jo\u00e3o Carlos Gomes","image":{"@type":"ImageObject","inLanguage":"pt-BR","@id":"https:\/\/tribunademinas.audiencelabs.com.br\/#\/schema\/person\/image\/","url":"https:\/\/secure.gravatar.com\/avatar\/4ce4672dbdd694b329cd6fdb51bee7d1409be1f0ff76a537e4c4a737b2c7d1a9?s=96&d=mm&r=g","contentUrl":"https:\/\/secure.gravatar.com\/avatar\/4ce4672dbdd694b329cd6fdb51bee7d1409be1f0ff76a537e4c4a737b2c7d1a9?s=96&d=mm&r=g","caption":"Jo\u00e3o Carlos Gomes"},"description":"Jornalista formado pelo Centro Universit\u00e1rio Carioca, apreciador da Bossa Nova ao Metal Extremo, criador de conte\u00fado e m\u00fasico independente nas horas vagas.","url":"https:\/\/tribunademinas.audiencelabs.com.br\/author\/joaoc-junior\/"}]}},"amp_enabled":true,"_links":{"self":[{"href":"https:\/\/tribunademinas.audiencelabs.com.br\/wp-json\/wp\/v2\/posts\/405","targetHints":{"allow":["GET"]}}],"collection":[{"href":"https:\/\/tribunademinas.audiencelabs.com.br\/wp-json\/wp\/v2\/posts"}],"about":[{"href":"https:\/\/tribunademinas.audiencelabs.com.br\/wp-json\/wp\/v2\/types\/post"}],"author":[{"embeddable":true,"href":"https:\/\/tribunademinas.audiencelabs.com.br\/wp-json\/wp\/v2\/users\/3"}],"replies":[{"embeddable":true,"href":"https:\/\/tribunademinas.audiencelabs.com.br\/wp-json\/wp\/v2\/comments?post=405"}],"version-history":[{"count":1,"href":"https:\/\/tribunademinas.audiencelabs.com.br\/wp-json\/wp\/v2\/posts\/405\/revisions"}],"predecessor-version":[{"id":407,"href":"https:\/\/tribunademinas.audiencelabs.com.br\/wp-json\/wp\/v2\/posts\/405\/revisions\/407"}],"wp:featuredmedia":[{"embeddable":true,"href":"https:\/\/tribunademinas.audiencelabs.com.br\/wp-json\/wp\/v2\/media\/406"}],"wp:attachment":[{"href":"https:\/\/tribunademinas.audiencelabs.com.br\/wp-json\/wp\/v2\/media?parent=405"}],"wp:term":[{"taxonomy":"category","embeddable":true,"href":"https:\/\/tribunademinas.audiencelabs.com.br\/wp-json\/wp\/v2\/categories?post=405"},{"taxonomy":"post_tag","embeddable":true,"href":"https:\/\/tribunademinas.audiencelabs.com.br\/wp-json\/wp\/v2\/tags?post=405"}],"curies":[{"name":"wp","href":"https:\/\/api.w.org\/{rel}","templated":true}]}}