{"id":4033,"date":"2025-11-14T09:45:00","date_gmt":"2025-11-14T12:45:00","guid":{"rendered":"https:\/\/tribunademinas.audiencelabs.com.br\/?p=4033"},"modified":"2025-11-13T19:45:13","modified_gmt":"2025-11-13T22:45:13","slug":"quem-mora-nessa-regiao-vai-ter-a-menor-tarifa-de-agua-do-brasil","status":"publish","type":"post","link":"https:\/\/tribunademinas.audiencelabs.com.br\/quem-mora-nessa-regiao-vai-ter-a-menor-tarifa-de-agua-do-brasil\/","title":{"rendered":"Quem mora nessa regi\u00e3o vai ter a menor tarifa de \u00e1gua do Brasil"},"content":{"rendered":"\n<p>Um levantamento recente da consultoria internacional <em>Global Water Intelligence<\/em> (GWI) colocou S\u00e3o Paulo em um lugar incomum no cen\u00e1rio nacional de saneamento: foi a \u00fanica cidade brasileira a registrar queda na tarifa residencial de \u00e1gua em 2024. <\/p>\n\n\n\n<p>De acordo com o estudo, enquanto os principais centros urbanos do pa\u00eds enfrentaram aumentos m\u00e9dios de 6,8%, a capital paulista seguiu na contram\u00e3o, com redu\u00e7\u00e3o de 0,6% no valor cobrado por metro c\u00fabico. <\/p>\n\n\n\n<p>A queda posicionou as tarifas da Sabesp entre as mais baixas do pa\u00eds, um movimento destacado como reflexo direto do novo modelo de gest\u00e3o implantado ap\u00f3s a privatiza\u00e7\u00e3o da empresa.<\/p>\n\n\n\n<p>A aparente boa not\u00edcia, no entanto, convive com um cen\u00e1rio bem mais controverso. Em janeiro de 2025, surgiram den\u00fancias de moradores da Grande S\u00e3o Paulo relatando aumentos dr\u00e1sticos nas contas de \u00e1gua, alguns saltando de valores pr\u00f3ximos a R$ 70 para mais de R$ 500 mensais. <\/p>\n\n\n\n<p>Os casos motivaram um pedido de Comiss\u00e3o Parlamentar de Inqu\u00e9rito (CPI) na C\u00e2mara Municipal da capital. <\/p>\n\n\n\n<p>Embora o pedido tenha sido rejeitado pelos vereadores, os relatos continuam a circular e geram questionamentos sobre a real extens\u00e3o dos benef\u00edcios prometidos com a desestatiza\u00e7\u00e3o da Sabesp.<\/p>\n\n\n\n<h2 class=\"wp-block-heading\">Quem mora nessa regi\u00e3o vai ter a menor tarifa de \u00e1gua do Brasil<\/h2>\n\n\n\n<p>Do lado oficial, o <a href=\"https:\/\/semil.sp.gov.br\/2025\/09\/sao-paulo-e-destaque-internacional-como-unica-cidade-brasileira-a-reduzir-tarifas-de-agua-apos-desestatizacao-da-sabesp\/\"><strong>governo do Estado de S\u00e3o Paulo<\/strong><\/a> enxerga a redu\u00e7\u00e3o tarif\u00e1ria como prova concreta de que a privatiza\u00e7\u00e3o funcionou. <\/p>\n\n\n\n<p>O governador Tarc\u00edsio de Freitas destacou, em entrevistas, que a diminui\u00e7\u00e3o nas tarifas n\u00e3o foi acidental, mas resultado direto da nova l\u00f3gica de opera\u00e7\u00e3o da companhia. <\/p>\n\n\n\n<p>Segundo ele, parte dos lucros obtidos com a venda das a\u00e7\u00f5es foi investida na cria\u00e7\u00e3o do Fundo de Universaliza\u00e7\u00e3o do Saneamento de S\u00e3o Paulo (FAUSP), que atua como um colch\u00e3o financeiro para conter press\u00f5es por aumentos tarif\u00e1rios.<\/p>\n\n\n\n<p>Outro ponto citado pela gest\u00e3o estadual \u00e9 a mudan\u00e7a nos crit\u00e9rios de reajuste. Antes vinculadas a proje\u00e7\u00f5es de obras futuras, as tarifas agora s\u00f3 podem subir com base em investimentos j\u00e1 realizados. <\/p>\n\n\n\n<p>Isso, segundo o governo, garante mais transpar\u00eancia e justi\u00e7a no repasse de custos ao consumidor. <\/p>\n\n\n\n<p>Al\u00e9m disso, foi implementado o programa Tarifa Social Paulista, que ampliou o acesso a descontos para fam\u00edlias de baixa renda, atingindo cerca de cinco milh\u00f5es de pessoas.<\/p>\n\n\n\n<h3 class=\"wp-block-heading\">Redu\u00e7\u00e3o de funcion\u00e1rios pode comprometer atendimento aos clientes, diz sindicato<\/h3>\n\n\n\n<p>Ao mesmo tempo, a empresa <a href=\"https:\/\/agenciabrasil.ebc.com.br\/economia\/noticia\/2025-07\/apos-privatizacao-sabesp-registra-mais-receita-demissoes-e-vazamentos\"><strong>enfrenta cr\u00edticas<\/strong><\/a> por mudan\u00e7as estruturais que acompanharam o novo modelo de gest\u00e3o. As condi\u00e7\u00f5es de trabalho dentro da empresa mudaram significativamente desde a mudan\u00e7a de controle.<\/p>\n\n\n\n<p>Desde que o controle majorit\u00e1rio da Sabesp passou \u00e0 iniciativa privada, houve uma redu\u00e7\u00e3o de cerca de 10% no quadro de funcion\u00e1rios, resultado de um plano de demiss\u00e3o volunt\u00e1ria e de desligamentos diretos. <\/p>\n\n\n\n<p>O sindicato dos trabalhadores denuncia que o ambiente ficou mais inst\u00e1vel, com profissionais sendo pressionados a aderir ao plano de demiss\u00e3o e aumento nas terceiriza\u00e7\u00f5es, o que pode comprometer a qualidade do atendimento, pois os cortes geraram sobrecarga nas equipes e aumentaram os riscos operacionais.<\/p>\n\n\n\n<p>Paralelamente, foram identificados vazamentos de esgoto em \u00e1reas sens\u00edveis, como nas proximidades da Rodovia Castelo Branco e na Represa do Guarapiranga, importante fonte de abastecimento da regi\u00e3o metropolitana.<\/p>\n\n\n\n<p>A entidade tamb\u00e9m alerta para riscos na universaliza\u00e7\u00e3o do saneamento, temendo que comunidades perif\u00e9ricas acabem preteridas em prol de regi\u00f5es com maior retorno financeiro.<\/p>\n\n\n\n<h3 class=\"wp-block-heading\">Tarifa de \u00e1gua mais baixa em 2024 contrasta com problemas que surgiram em 2025<\/h3>\n\n\n\n<p>Enquanto isso, o lado financeiro da empresa parece florescer. O lucro l\u00edquido disparou, e a pol\u00edtica de distribui\u00e7\u00e3o de dividendos foi revista para favorecer ainda mais os acionistas. <\/p>\n\n\n\n<p>A Sabesp projeta que, a partir de 2030, 100% de seus lucros poder\u00e3o ser distribu\u00eddos entre os investidores, bem acima dos 25% praticados antes da venda do controle estatal. <\/p>\n\n\n\n<p>Entre o fim de 2024 e o primeiro trimestre de 2025, o fluxo de caixa da empresa cresceu quase 65%.<\/p>\n\n\n\n<p>A situa\u00e7\u00e3o da Sabesp \u00e9, portanto, um retrato de contrastes. Se por um lado, S\u00e3o Paulo ostenta uma das tarifas mais baixas do Brasil, por outro, crescem as d\u00favidas sobre a sustentabilidade social, ambiental e trabalhista do modelo adotado. <\/p>\n\n\n\n<p>A promessa de \u00e1gua mais barata virou realidade para alguns, mas permanece um desafio de credibilidade frente aos problemas que se acumulam nos bastidores da empresa privatizada.<\/p>\n\n\n\n<p><\/p>\n","protected":false},"excerpt":{"rendered":"<p>Um levantamento recente da consultoria internacional Global Water Intelligence (GWI) colocou S\u00e3o Paulo em um lugar incomum no cen\u00e1rio nacional de saneamento: foi a \u00fanica cidade brasileira a registrar queda na tarifa residencial de \u00e1gua em 2024. De acordo com o estudo, enquanto os principais centros urbanos do pa\u00eds enfrentaram aumentos m\u00e9dios de 6,8%, a [&hellip;]<\/p>\n","protected":false},"author":5,"featured_media":4034,"comment_status":"open","ping_status":"open","sticky":false,"template":"","format":"standard","meta":{"jnews-multi-image_gallery":[],"jnews_single_post":{"format":"standard"},"jnews_primary_category":[],"jnews_social_meta":[],"jnews_post_split":[],"footnotes":""},"categories":[1],"tags":[],"class_list":["post-4033","post","type-post","status-publish","format-standard","has-post-thumbnail","hentry","category-dinheiro"],"yoast_head":"<!-- This site is optimized with the Yoast SEO plugin v25.6 - https:\/\/yoast.com\/wordpress\/plugins\/seo\/ -->\n<title>Quem mora nessa regi\u00e3o vai ter a menor tarifa de \u00e1gua do Brasil<\/title>\n<meta name=\"description\" content=\"Levantamento colocou cidade como a \u00fanica a registrar queda na tarifa de \u00e1gua em 2024. Mas privatiza\u00e7\u00e3o da empresa gerou problemas em 2025.\" \/>\n<meta name=\"robots\" content=\"index, follow, max-snippet:-1, max-image-preview:large, max-video-preview:-1\" \/>\n<link rel=\"canonical\" href=\"https:\/\/tribunademinas.audiencelabs.com.br\/quem-mora-nessa-regiao-vai-ter-a-menor-tarifa-de-agua-do-brasil\/\" \/>\n<meta property=\"og:locale\" content=\"pt_BR\" \/>\n<meta property=\"og:type\" content=\"article\" \/>\n<meta property=\"og:title\" content=\"Quem mora nessa regi\u00e3o vai ter a menor tarifa de \u00e1gua do Brasil\" \/>\n<meta property=\"og:description\" content=\"Levantamento colocou cidade como a \u00fanica a registrar queda na tarifa de \u00e1gua em 2024. Mas privatiza\u00e7\u00e3o da empresa gerou problemas em 2025.\" \/>\n<meta property=\"og:url\" content=\"https:\/\/tribunademinas.audiencelabs.com.br\/quem-mora-nessa-regiao-vai-ter-a-menor-tarifa-de-agua-do-brasil\/\" \/>\n<meta property=\"og:site_name\" content=\"Tribuna de Minas - Dinheiro e Cidadania\" \/>\n<meta property=\"article:publisher\" content=\"https:\/\/www.facebook.com\/tribunademinas\/\" \/>\n<meta property=\"article:published_time\" content=\"2025-11-14T12:45:00+00:00\" \/>\n<meta property=\"og:image\" content=\"https:\/\/tribunademinas.audiencelabs.com.br\/wp-content\/uploads\/2025\/11\/agua.webp\" \/>\n\t<meta property=\"og:image:width\" content=\"1170\" \/>\n\t<meta property=\"og:image:height\" content=\"700\" \/>\n\t<meta property=\"og:image:type\" content=\"image\/webp\" \/>\n<meta name=\"author\" content=\"Jeferson Carvalho\" \/>\n<meta name=\"twitter:card\" content=\"summary_large_image\" \/>\n<meta name=\"twitter:creator\" content=\"@tribunademinas\" \/>\n<meta name=\"twitter:site\" content=\"@tribunademinas\" \/>\n<meta name=\"twitter:label1\" content=\"Escrito por\" \/>\n\t<meta name=\"twitter:data1\" content=\"Jeferson Carvalho\" \/>\n\t<meta name=\"twitter:label2\" content=\"Est. tempo de leitura\" \/>\n\t<meta name=\"twitter:data2\" content=\"5 minutos\" \/>\n<!-- \/ Yoast SEO plugin. -->","yoast_head_json":{"title":"Quem mora nessa regi\u00e3o vai ter a menor tarifa de \u00e1gua do Brasil","description":"Levantamento colocou cidade como a \u00fanica a registrar queda na tarifa de \u00e1gua em 2024. Mas privatiza\u00e7\u00e3o da empresa gerou problemas em 2025.","robots":{"index":"index","follow":"follow","max-snippet":"max-snippet:-1","max-image-preview":"max-image-preview:large","max-video-preview":"max-video-preview:-1"},"canonical":"https:\/\/tribunademinas.audiencelabs.com.br\/quem-mora-nessa-regiao-vai-ter-a-menor-tarifa-de-agua-do-brasil\/","og_locale":"pt_BR","og_type":"article","og_title":"Quem mora nessa regi\u00e3o vai ter a menor tarifa de \u00e1gua do Brasil","og_description":"Levantamento colocou cidade como a \u00fanica a registrar queda na tarifa de \u00e1gua em 2024. Mas privatiza\u00e7\u00e3o da empresa gerou problemas em 2025.","og_url":"https:\/\/tribunademinas.audiencelabs.com.br\/quem-mora-nessa-regiao-vai-ter-a-menor-tarifa-de-agua-do-brasil\/","og_site_name":"Tribuna de Minas - Dinheiro e Cidadania","article_publisher":"https:\/\/www.facebook.com\/tribunademinas\/","article_published_time":"2025-11-14T12:45:00+00:00","og_image":[{"width":1170,"height":700,"url":"https:\/\/tribunademinas.audiencelabs.com.br\/wp-content\/uploads\/2025\/11\/agua.webp","type":"image\/webp"}],"author":"Jeferson Carvalho","twitter_card":"summary_large_image","twitter_creator":"@tribunademinas","twitter_site":"@tribunademinas","twitter_misc":{"Escrito por":"Jeferson Carvalho","Est. tempo de leitura":"5 minutos"},"schema":{"@context":"https:\/\/schema.org","@graph":[{"@type":"Article","@id":"https:\/\/tribunademinas.audiencelabs.com.br\/quem-mora-nessa-regiao-vai-ter-a-menor-tarifa-de-agua-do-brasil\/#article","isPartOf":{"@id":"https:\/\/tribunademinas.audiencelabs.com.br\/quem-mora-nessa-regiao-vai-ter-a-menor-tarifa-de-agua-do-brasil\/"},"author":{"name":"Jeferson Carvalho","@id":"https:\/\/tribunademinas.audiencelabs.com.br\/#\/schema\/person\/db18fc40307804bacef94213aa68fd9d"},"headline":"Quem mora nessa regi\u00e3o vai ter a menor tarifa de \u00e1gua do Brasil","datePublished":"2025-11-14T12:45:00+00:00","mainEntityOfPage":{"@id":"https:\/\/tribunademinas.audiencelabs.com.br\/quem-mora-nessa-regiao-vai-ter-a-menor-tarifa-de-agua-do-brasil\/"},"wordCount":764,"commentCount":0,"publisher":{"@id":"https:\/\/tribunademinas.audiencelabs.com.br\/#organization"},"image":{"@id":"https:\/\/tribunademinas.audiencelabs.com.br\/quem-mora-nessa-regiao-vai-ter-a-menor-tarifa-de-agua-do-brasil\/#primaryimage"},"thumbnailUrl":"https:\/\/tribunademinas.audiencelabs.com.br\/wp-content\/uploads\/2025\/11\/agua.webp","articleSection":["Dinheiro"],"inLanguage":"pt-BR","potentialAction":[{"@type":"CommentAction","name":"Comment","target":["https:\/\/tribunademinas.audiencelabs.com.br\/quem-mora-nessa-regiao-vai-ter-a-menor-tarifa-de-agua-do-brasil\/#respond"]}]},{"@type":"WebPage","@id":"https:\/\/tribunademinas.audiencelabs.com.br\/quem-mora-nessa-regiao-vai-ter-a-menor-tarifa-de-agua-do-brasil\/","url":"https:\/\/tribunademinas.audiencelabs.com.br\/quem-mora-nessa-regiao-vai-ter-a-menor-tarifa-de-agua-do-brasil\/","name":"Quem mora nessa regi\u00e3o vai ter a menor tarifa de \u00e1gua do Brasil","isPartOf":{"@id":"https:\/\/tribunademinas.audiencelabs.com.br\/#website"},"primaryImageOfPage":{"@id":"https:\/\/tribunademinas.audiencelabs.com.br\/quem-mora-nessa-regiao-vai-ter-a-menor-tarifa-de-agua-do-brasil\/#primaryimage"},"image":{"@id":"https:\/\/tribunademinas.audiencelabs.com.br\/quem-mora-nessa-regiao-vai-ter-a-menor-tarifa-de-agua-do-brasil\/#primaryimage"},"thumbnailUrl":"https:\/\/tribunademinas.audiencelabs.com.br\/wp-content\/uploads\/2025\/11\/agua.webp","datePublished":"2025-11-14T12:45:00+00:00","description":"Levantamento colocou cidade como a \u00fanica a registrar queda na tarifa de \u00e1gua em 2024. Mas privatiza\u00e7\u00e3o da empresa gerou problemas em 2025.","breadcrumb":{"@id":"https:\/\/tribunademinas.audiencelabs.com.br\/quem-mora-nessa-regiao-vai-ter-a-menor-tarifa-de-agua-do-brasil\/#breadcrumb"},"inLanguage":"pt-BR","potentialAction":[{"@type":"ReadAction","target":["https:\/\/tribunademinas.audiencelabs.com.br\/quem-mora-nessa-regiao-vai-ter-a-menor-tarifa-de-agua-do-brasil\/"]}]},{"@type":"ImageObject","inLanguage":"pt-BR","@id":"https:\/\/tribunademinas.audiencelabs.com.br\/quem-mora-nessa-regiao-vai-ter-a-menor-tarifa-de-agua-do-brasil\/#primaryimage","url":"https:\/\/tribunademinas.audiencelabs.com.br\/wp-content\/uploads\/2025\/11\/agua.webp","contentUrl":"https:\/\/tribunademinas.audiencelabs.com.br\/wp-content\/uploads\/2025\/11\/agua.webp","width":1170,"height":700,"caption":"Quem mora nessa regi\u00e3o vai ter a menor tarifa de \u00e1gua do Brasil - Imagem: Ag\u00eancia Brasil\/EBC"},{"@type":"BreadcrumbList","@id":"https:\/\/tribunademinas.audiencelabs.com.br\/quem-mora-nessa-regiao-vai-ter-a-menor-tarifa-de-agua-do-brasil\/#breadcrumb","itemListElement":[{"@type":"ListItem","position":1,"name":"In\u00edcio","item":"https:\/\/tribunademinas.audiencelabs.com.br\/"},{"@type":"ListItem","position":2,"name":"Quem mora nessa regi\u00e3o vai ter a menor tarifa de \u00e1gua do Brasil"}]},{"@type":"WebSite","@id":"https:\/\/tribunademinas.audiencelabs.com.br\/#website","url":"https:\/\/tribunademinas.audiencelabs.com.br\/","name":"Tribuna de Minas - Dinheiro e Cidadania","description":"","publisher":{"@id":"https:\/\/tribunademinas.audiencelabs.com.br\/#organization"},"potentialAction":[{"@type":"SearchAction","target":{"@type":"EntryPoint","urlTemplate":"https:\/\/tribunademinas.audiencelabs.com.br\/?s={search_term_string}"},"query-input":{"@type":"PropertyValueSpecification","valueRequired":true,"valueName":"search_term_string"}}],"inLanguage":"pt-BR"},{"@type":"Organization","@id":"https:\/\/tribunademinas.audiencelabs.com.br\/#organization","name":"Tribuna de Minas - Dinheiro e Cidadania","url":"https:\/\/tribunademinas.audiencelabs.com.br\/","logo":{"@type":"ImageObject","inLanguage":"pt-BR","@id":"https:\/\/tribunademinas.audiencelabs.com.br\/#\/schema\/logo\/image\/","url":"https:\/\/tribunademinas.audiencelabs.com.br\/wp-content\/uploads\/2025\/08\/cropped-Tribuna_512x512-96x96-1.png","contentUrl":"https:\/\/tribunademinas.audiencelabs.com.br\/wp-content\/uploads\/2025\/08\/cropped-Tribuna_512x512-96x96-1.png","width":96,"height":96,"caption":"Tribuna de Minas - Dinheiro e Cidadania"},"image":{"@id":"https:\/\/tribunademinas.audiencelabs.com.br\/#\/schema\/logo\/image\/"},"sameAs":["https:\/\/www.facebook.com\/tribunademinas\/","https:\/\/x.com\/tribunademinas","https:\/\/www.instagram.com\/tribunademinas\/","https:\/\/www.youtube.com\/user\/TribunadeMinasJF"]},{"@type":"Person","@id":"https:\/\/tribunademinas.audiencelabs.com.br\/#\/schema\/person\/db18fc40307804bacef94213aa68fd9d","name":"Jeferson Carvalho","image":{"@type":"ImageObject","inLanguage":"pt-BR","@id":"https:\/\/tribunademinas.audiencelabs.com.br\/#\/schema\/person\/image\/","url":"https:\/\/secure.gravatar.com\/avatar\/cd7646e328d9670dad7dea8698522e522745eeffcff5b9d08be858e377ce326b?s=96&d=mm&r=g","contentUrl":"https:\/\/secure.gravatar.com\/avatar\/cd7646e328d9670dad7dea8698522e522745eeffcff5b9d08be858e377ce326b?s=96&d=mm&r=g","caption":"Jeferson Carvalho"},"description":"Jornalista apaixonado pela profiss\u00e3o!","url":"https:\/\/tribunademinas.audiencelabs.com.br\/author\/jeferson\/"}]}},"amp_enabled":true,"_links":{"self":[{"href":"https:\/\/tribunademinas.audiencelabs.com.br\/wp-json\/wp\/v2\/posts\/4033","targetHints":{"allow":["GET"]}}],"collection":[{"href":"https:\/\/tribunademinas.audiencelabs.com.br\/wp-json\/wp\/v2\/posts"}],"about":[{"href":"https:\/\/tribunademinas.audiencelabs.com.br\/wp-json\/wp\/v2\/types\/post"}],"author":[{"embeddable":true,"href":"https:\/\/tribunademinas.audiencelabs.com.br\/wp-json\/wp\/v2\/users\/5"}],"replies":[{"embeddable":true,"href":"https:\/\/tribunademinas.audiencelabs.com.br\/wp-json\/wp\/v2\/comments?post=4033"}],"version-history":[{"count":1,"href":"https:\/\/tribunademinas.audiencelabs.com.br\/wp-json\/wp\/v2\/posts\/4033\/revisions"}],"predecessor-version":[{"id":4036,"href":"https:\/\/tribunademinas.audiencelabs.com.br\/wp-json\/wp\/v2\/posts\/4033\/revisions\/4036"}],"wp:featuredmedia":[{"embeddable":true,"href":"https:\/\/tribunademinas.audiencelabs.com.br\/wp-json\/wp\/v2\/media\/4034"}],"wp:attachment":[{"href":"https:\/\/tribunademinas.audiencelabs.com.br\/wp-json\/wp\/v2\/media?parent=4033"}],"wp:term":[{"taxonomy":"category","embeddable":true,"href":"https:\/\/tribunademinas.audiencelabs.com.br\/wp-json\/wp\/v2\/categories?post=4033"},{"taxonomy":"post_tag","embeddable":true,"href":"https:\/\/tribunademinas.audiencelabs.com.br\/wp-json\/wp\/v2\/tags?post=4033"}],"curies":[{"name":"wp","href":"https:\/\/api.w.org\/{rel}","templated":true}]}}